{"id":2707,"date":"2016-12-20T16:34:52","date_gmt":"2016-12-20T19:34:52","guid":{"rendered":"http:\/\/clusterciarnews.com.ar\/prensa\/?p=2707"},"modified":"2016-12-20T16:56:21","modified_gmt":"2016-12-20T19:56:21","slug":"segmento-educacion-cierre-2016-la-hora-de-los-emprendedores","status":"publish","type":"post","link":"http:\/\/ccnews.com.ar\/prensa\/segmento-educacion-cierre-2016-la-hora-de-los-emprendedores\/","title":{"rendered":"Segmento Educaci\u00f3n &#8211; Cierre 2016 (La hora de los emprendedores)"},"content":{"rendered":"<p>El Ingeniero Francisco H. Rimmele, estuvo en el \u00faltimo programa del 2016 de \u201cLa\u00a0hora de los emprendedores\u201d conducido por Daniel Darrieux, haciendo un cierre\u00a0de lo que fue el segmento de educaci\u00f3n que durante todo el a\u00f1o auspici\u00f3 e\u00a0inspir\u00f3 la Fundaci\u00f3n Potenciar, como parte integrante del CLUSTERciar.<\/p>\n<p>El director y fundador analiz\u00f3 el camino recorrido en los casi 25 a\u00f1os que las\u00a0organizaciones que lo componen llevan en el mercado en mayor y menor\u00a0medida, explicando la importancia del concepto de \u201cCluster\u201d como una mirada\u00a0integral, siempre orientado a la formaci\u00f3n y desarrollo de las personas.<\/p>\n<audio class=\"wp-audio-shortcode\" id=\"audio-2707-1\" preload=\"none\" style=\"width: 100%;\" controls=\"controls\"><source type=\"audio\/mpeg\" src=\"http:\/\/clusterciarnews.com.ar\/prensa\/wp-content\/uploads\/2016\/12\/fRANCIS.m4a?_=1\" \/><a href=\"http:\/\/clusterciarnews.com.ar\/prensa\/wp-content\/uploads\/2016\/12\/fRANCIS.m4a\">http:\/\/clusterciarnews.com.ar\/prensa\/wp-content\/uploads\/2016\/12\/fRANCIS.m4a<\/a><\/audio>\n<p>&nbsp;<\/p>\n<p>Fuente:\u00a0La hora de los emprendedores<\/p>\n<!-- AddThis Advanced Settings generic via filter on the_content -->","protected":false},"excerpt":{"rendered":"<p>El Ingeniero Francisco H. Rimmele, estuvo en el \u00faltimo programa del 2016 de \u201cLa\u00a0hora de los emprendedores\u201d conducido por Daniel<!-- AddThis Advanced Settings generic via filter on get_the_excerpt --><\/p>\n","protected":false},"author":2,"featured_media":2747,"comment_status":"closed","ping_status":"closed","sticky":false,"template":"","format":"standard","meta":{"colormag_page_container_layout":"default_layout","colormag_page_sidebar_layout":"default_layout","jetpack_post_was_ever_published":false,"_jetpack_newsletter_access":"","_jetpack_dont_email_post_to_subs":false,"_jetpack_newsletter_tier_id":0,"_jetpack_memberships_contains_paywalled_content":false,"_jetpack_memberships_contains_paid_content":false,"footnotes":"","jetpack_publicize_message":"","jetpack_publicize_feature_enabled":true,"jetpack_social_post_already_shared":true,"jetpack_social_options":{"image_generator_settings":{"template":"highway","default_image_id":0,"font":"","enabled":false},"version":2}},"categories":[19],"tags":[17],"class_list":["post-2707","post","type-post","status-publish","format-standard","has-post-thumbnail","hentry","category-educacion-sociedad","tag-otros-medios"],"jetpack_publicize_connections":[],"jetpack_featured_media_url":"https:\/\/i0.wp.com\/ccnews.com.ar\/prensa\/wp-content\/uploads\/2016\/12\/plantilla-4.jpg?fit=605%2C172","jetpack_shortlink":"https:\/\/wp.me\/p7L1gj-HF","jetpack-related-posts":[{"id":14668,"url":"http:\/\/ccnews.com.ar\/prensa\/emprendimientos-con-impacto-social-un-camino-de-ida\/","url_meta":{"origin":2707,"position":0},"title":"Emprendimientos con impacto social, un camino de ida","author":"admin","date":"26 febrero, 2020","format":false,"excerpt":"Las organizaciones colaboran con emprendedores sociales a trav\u00e9s de capacitaciones, financiaci\u00f3n, mentoreo y compras inclusivas. El paradigma de la sustentabilidad requiere de la colaboraci\u00f3n de todos los actores de la sociedad. Las empresas, adem\u00e1s de tener sus programas intra y extramuros, desarrollan alianzas con emprendedores sociales para ayudarlos a escalar,\u2026","rel":"","context":"En \u00abEducaci\u00f3n\/Sociedad\u00bb","block_context":{"text":"Educaci\u00f3n\/Sociedad","link":"http:\/\/ccnews.com.ar\/prensa\/category\/educacion-sociedad\/"},"img":{"alt_text":"","src":"https:\/\/i0.wp.com\/ccnews.com.ar\/prensa\/wp-content\/uploads\/2020\/02\/0037423948.jpg?fit=690%2C460&resize=350%2C200","width":350,"height":200,"srcset":"https:\/\/i0.wp.com\/ccnews.com.ar\/prensa\/wp-content\/uploads\/2020\/02\/0037423948.jpg?fit=690%2C460&resize=350%2C200 1x, https:\/\/i0.wp.com\/ccnews.com.ar\/prensa\/wp-content\/uploads\/2020\/02\/0037423948.jpg?fit=690%2C460&resize=525%2C300 1,5x"},"classes":[]},{"id":372,"url":"http:\/\/ccnews.com.ar\/prensa\/las-empresas-buscan-jovenes-profesionales-y-emprendedores\/","url_meta":{"origin":2707,"position":1},"title":"Las empresas buscan j\u00f3venes profesionales y emprendedores","author":"CLUSTERciar","date":"4 abril, 2016","format":false,"excerpt":"RECLUTAMIENTO:\u00a0Empresas y consultoras tienen abiertas convocatorias para sumar j\u00f3venes graduados de perfiles comerciales. Los graduados j\u00f3venes de carreras como Ingenier\u00eda, Administraci\u00f3n, Contador, Marketing, Comercializaci\u00f3n o Log\u00edstica, con vocaci\u00f3n corporativa, tienen un abanico de opciones para comenzar sus carreras. Entre ellas se destacan los programas de J\u00f3venes Profesionales (JP): una v\u00eda\u2026","rel":"","context":"En \u00abEducaci\u00f3n\/Sociedad\u00bb","block_context":{"text":"Educaci\u00f3n\/Sociedad","link":"http:\/\/ccnews.com.ar\/prensa\/category\/educacion-sociedad\/"},"img":{"alt_text":"tecnicaturas","src":"https:\/\/i0.wp.com\/clusterciar.com.ar\/wp\/wp-content\/uploads\/2016\/03\/tecnicaturas-300x100.jpg?resize=350%2C200","width":350,"height":200},"classes":[]},{"id":467,"url":"http:\/\/ccnews.com.ar\/prensa\/emprendedores-cipolena-da-claves-para-pegar-el-salto\/","url_meta":{"origin":2707,"position":2},"title":"Emprendedores: Cipole\u00f1a da claves para &#8220;pegar el salto&#8221;","author":"CLUSTERciar","date":"17 abril, 2016","format":false,"excerpt":"La organizaci\u00f3n Endeavor trabaja con el segmento de empresas \"scale up\", aquellas que est\u00e1n en condiciones de incrementar la escala del negocio. Con oficinas en la Patagonia, busca ahora echar ra\u00edces entre las firmas de la regi\u00f3n. Hay un momento crucial en el desarrollo de un proyecto, un punto de\u2026","rel":"","context":"En \u00abManagement\u00bb","block_context":{"text":"Management","link":"http:\/\/ccnews.com.ar\/prensa\/category\/management\/"},"img":{"alt_text":"","src":"","width":0,"height":0},"classes":[]},{"id":413,"url":"http:\/\/ccnews.com.ar\/prensa\/el-apoyo-a-los-emprendedores-favorece-la-movilidad-social\/","url_meta":{"origin":2707,"position":3},"title":"El apoyo a los emprendedores favorece la movilidad social","author":"CLUSTERciar","date":"12 abril, 2016","format":false,"excerpt":"Congreso global de emprendimientos 2016Medell\u00edn fue la sede del encuentro mundial del que participaron peque\u00f1os empresarios innovadores de m\u00e1s de 150 pa\u00edses. Los idiomas, las texturas y los colores se mezclaban en el centro de convenciones Plaza Mayor de Medell\u00edn, el espacio que alberg\u00f3 durante tres d\u00edas al Congreso Global\u2026","rel":"","context":"En \u00abEducaci\u00f3n\/Sociedad\u00bb","block_context":{"text":"Educaci\u00f3n\/Sociedad","link":"http:\/\/ccnews.com.ar\/prensa\/category\/educacion-sociedad\/"},"img":{"alt_text":"","src":"","width":0,"height":0},"classes":[]},{"id":8801,"url":"http:\/\/ccnews.com.ar\/prensa\/crece-el-rol-del-inversor-angel-entre-los-ejecutivos-argentinos\/","url_meta":{"origin":2707,"position":4},"title":"Crece el rol del inversor \u00e1ngel entre los ejecutivos argentinos","author":"CLUSTERciar","date":"7 septiembre, 2018","format":false,"excerpt":"El perfil predominante es un hombre, de 45 a\u00f1os promedio, nivel de educaci\u00f3n de maestr\u00eda, formado en negocios o Ingenier\u00eda, con rol ejecutivo. ntre 2013 y 2016, seg\u00fan datos de la Asociaci\u00f3n Argentina de Capital Privado, Emprendedor y Semilla (Arcap), se registraron 284 inversiones en proyectos en etapa inicial, por\u2026","rel":"","context":"En \u00abManagement\u00bb","block_context":{"text":"Management","link":"http:\/\/ccnews.com.ar\/prensa\/category\/management\/"},"img":{"alt_text":"","src":"https:\/\/i0.wp.com\/ccnews.com.ar\/prensa\/wp-content\/uploads\/2018\/09\/463529_landscape.jpg?fit=640%2C360&resize=350%2C200","width":350,"height":200,"srcset":"https:\/\/i0.wp.com\/ccnews.com.ar\/prensa\/wp-content\/uploads\/2018\/09\/463529_landscape.jpg?fit=640%2C360&resize=350%2C200 1x, https:\/\/i0.wp.com\/ccnews.com.ar\/prensa\/wp-content\/uploads\/2018\/09\/463529_landscape.jpg?fit=640%2C360&resize=525%2C300 1,5x"},"classes":[]},{"id":1731,"url":"http:\/\/ccnews.com.ar\/prensa\/las-10-motivadoras-frases-de-michael-dell-para-incentivar-a-emprendedores\/","url_meta":{"origin":2707,"position":5},"title":"Las 10 motivadoras frases de Michael Dell para incentivar a emprendedores","author":"CLUSTERciar","date":"2 octubre, 2016","format":false,"excerpt":"El fundador de la multinacional que lleva su apellido nunca termin\u00f3 sus estudios universitarios y empez\u00f3 su carrera vendiendo kits para computadoras Michael Dell, fundador de Dell Computer Corporation, es un particular ejemplo para todos los emprendedores. El creador de una de las empresas que revolucion\u00f3 el mundo de las\u2026","rel":"","context":"En \u00abManagement\u00bb","block_context":{"text":"Management","link":"http:\/\/ccnews.com.ar\/prensa\/category\/management\/"},"img":{"alt_text":"","src":"","width":0,"height":0},"classes":[]}],"jetpack_sharing_enabled":true,"_links":{"self":[{"href":"http:\/\/ccnews.com.ar\/prensa\/wp-json\/wp\/v2\/posts\/2707","targetHints":{"allow":["GET"]}}],"collection":[{"href":"http:\/\/ccnews.com.ar\/prensa\/wp-json\/wp\/v2\/posts"}],"about":[{"href":"http:\/\/ccnews.com.ar\/prensa\/wp-json\/wp\/v2\/types\/post"}],"author":[{"embeddable":true,"href":"http:\/\/ccnews.com.ar\/prensa\/wp-json\/wp\/v2\/users\/2"}],"replies":[{"embeddable":true,"href":"http:\/\/ccnews.com.ar\/prensa\/wp-json\/wp\/v2\/comments?post=2707"}],"version-history":[{"count":4,"href":"http:\/\/ccnews.com.ar\/prensa\/wp-json\/wp\/v2\/posts\/2707\/revisions"}],"predecessor-version":[{"id":2749,"href":"http:\/\/ccnews.com.ar\/prensa\/wp-json\/wp\/v2\/posts\/2707\/revisions\/2749"}],"wp:featuredmedia":[{"embeddable":true,"href":"http:\/\/ccnews.com.ar\/prensa\/wp-json\/wp\/v2\/media\/2747"}],"wp:attachment":[{"href":"http:\/\/ccnews.com.ar\/prensa\/wp-json\/wp\/v2\/media?parent=2707"}],"wp:term":[{"taxonomy":"category","embeddable":true,"href":"http:\/\/ccnews.com.ar\/prensa\/wp-json\/wp\/v2\/categories?post=2707"},{"taxonomy":"post_tag","embeddable":true,"href":"http:\/\/ccnews.com.ar\/prensa\/wp-json\/wp\/v2\/tags?post=2707"}],"curies":[{"name":"wp","href":"https:\/\/api.w.org\/{rel}","templated":true}]}}