{"id":2733,"date":"2016-12-20T16:07:40","date_gmt":"2016-12-20T19:07:40","guid":{"rendered":"http:\/\/clusterciarnews.com.ar\/prensa\/?p=2733"},"modified":"2016-12-20T16:07:40","modified_gmt":"2016-12-20T19:07:40","slug":"perspectivas-del-sector-petroleo-y-gas","status":"publish","type":"post","link":"http:\/\/ccnews.com.ar\/prensa\/perspectivas-del-sector-petroleo-y-gas\/","title":{"rendered":"Perspectivas del sector Petr\u00f3leo y Gas"},"content":{"rendered":"<p><strong>Dardo Castro<\/strong> (Gerente de BLOK OIL FIELD SERV), <strong>Diego Manfio<\/strong> (Vicepresidente Ejecutivo de Ing. SIMA) y <strong>Gast\u00f3n Mourelle<\/strong> (Gerente de Operaciones de <strong>TRACE GROUP SA<\/strong>, empresa integrante del\u00a0<strong>CLUSTERciar<\/strong>) nos cuentan junto a Daniel Darrieux sobre las\u00a0Perspectivas del sector Petr\u00f3leo y Gas en el Programa Impacto Econ\u00f3mico.<\/p>\n<p>&nbsp;<\/p>\n<p><iframe loading=\"lazy\" src=\"https:\/\/www.youtube.com\/embed\/m8Fanf9N3rs\" width=\"560\" height=\"315\" frameborder=\"0\" allowfullscreen=\"allowfullscreen\"><\/iframe><\/p>\n<p><iframe loading=\"lazy\" src=\"https:\/\/www.youtube.com\/embed\/JHeYE8SbTGE\" width=\"560\" height=\"315\" frameborder=\"0\" allowfullscreen=\"allowfullscreen\"><\/iframe><\/p>\n<p>&nbsp;<\/p>\n<p>Fuente: Impacto Econ\u00f3mico<\/p>\n<!-- AddThis Advanced Settings generic via filter on the_content -->","protected":false},"excerpt":{"rendered":"<p>Dardo Castro (Gerente de BLOK OIL FIELD SERV), Diego Manfio (Vicepresidente Ejecutivo de Ing. SIMA) y Gast\u00f3n Mourelle (Gerente de<!-- AddThis Advanced Settings generic via filter on get_the_excerpt --><\/p>\n","protected":false},"author":2,"featured_media":2735,"comment_status":"closed","ping_status":"closed","sticky":false,"template":"","format":"standard","meta":{"colormag_page_container_layout":"default_layout","colormag_page_sidebar_layout":"default_layout","jetpack_post_was_ever_published":false,"_jetpack_newsletter_access":"","_jetpack_dont_email_post_to_subs":false,"_jetpack_newsletter_tier_id":0,"_jetpack_memberships_contains_paywalled_content":false,"_jetpack_memberships_contains_paid_content":false,"footnotes":"","jetpack_publicize_message":"","jetpack_publicize_feature_enabled":true,"jetpack_social_post_already_shared":true,"jetpack_social_options":{"image_generator_settings":{"template":"highway","default_image_id":0,"font":"","enabled":false},"version":2}},"categories":[3],"tags":[17],"class_list":["post-2733","post","type-post","status-publish","format-standard","has-post-thumbnail","hentry","category-sustentabilidad","tag-otros-medios"],"jetpack_publicize_connections":[],"jetpack_featured_media_url":"https:\/\/i0.wp.com\/ccnews.com.ar\/prensa\/wp-content\/uploads\/2016\/12\/plantilla-3.jpg?fit=605%2C172","jetpack_shortlink":"https:\/\/wp.me\/p7L1gj-I5","jetpack-related-posts":[{"id":4121,"url":"http:\/\/ccnews.com.ar\/prensa\/america-latina-posee-ventajas-competitivas-para-satisfacer-la-creciente-demanda-energetica-mundial\/","url_meta":{"origin":2733,"position":0},"title":"Am\u00e9rica Latina posee ventajas competitivas para satisfacer la creciente demanda energ\u00e9tica mundial","author":"CLUSTERciar","date":"19 mayo, 2017","format":false,"excerpt":"Con un precio internacional del petr\u00f3leo bordeando los US$ 50 por barril, la industria de petr\u00f3leo y gas de Am\u00e9rica Latina y el Caribe responde a una nueva realidad energ\u00e9tica. Am\u00e9rica Latina posee ventajas competitivas para satisfacer la creciente demanda energ\u00e9tica mundial Tras un periodo de ajuste, ahora el sector\u2026","rel":"","context":"En \u00abEnerg\u00eda y Producci\u00f3n\u00bb","block_context":{"text":"Energ\u00eda y Producci\u00f3n","link":"http:\/\/ccnews.com.ar\/prensa\/category\/energia-y-produccion\/"},"img":{"alt_text":"","src":"https:\/\/i0.wp.com\/ccnews.com.ar\/prensa\/wp-content\/uploads\/2017\/05\/Panel-de-Presidentes-y-CEOs-de-la-Regi%C3%B3n-e1493317798910.jpg?fit=540%2C360&resize=350%2C200","width":350,"height":200,"srcset":"https:\/\/i0.wp.com\/ccnews.com.ar\/prensa\/wp-content\/uploads\/2017\/05\/Panel-de-Presidentes-y-CEOs-de-la-Regi%C3%B3n-e1493317798910.jpg?fit=540%2C360&resize=350%2C200 1x, https:\/\/i0.wp.com\/ccnews.com.ar\/prensa\/wp-content\/uploads\/2017\/05\/Panel-de-Presidentes-y-CEOs-de-la-Regi%C3%B3n-e1493317798910.jpg?fit=540%2C360&resize=525%2C300 1,5x"},"classes":[]},{"id":6081,"url":"http:\/\/ccnews.com.ar\/prensa\/los-profesionales-y-tecnicos-que-la-industria-del-petroleo-precisa-hoy\/","url_meta":{"origin":2733,"position":1},"title":"Los profesionales y t\u00e9cnicos que la industria del petr\u00f3leo precisa hoy","author":"CLUSTERciar","date":"18 noviembre, 2017","format":false,"excerpt":"Alertan que faltan escuelas t\u00e9cnicas orientadas a la producci\u00f3n de petr\u00f3leo y gas no convencional que tiene reservas para 200 a\u00f1os. \u00a0Una r\u00e1pida inserci\u00f3n laboral suele ser uno de los objetivos principales que persiguen los estudiantes cuando deciden su futuro, al terminar el secundario. Es por eso que para captarlos,\u2026","rel":"","context":"En \u00abEducaci\u00f3n\/Sociedad\u00bb","block_context":{"text":"Educaci\u00f3n\/Sociedad","link":"http:\/\/ccnews.com.ar\/prensa\/category\/educacion-sociedad\/"},"img":{"alt_text":"","src":"https:\/\/i0.wp.com\/ccnews.com.ar\/prensa\/wp-content\/uploads\/2017\/11\/image_content_9045790_20171109092154.jpg?fit=660%2C370&resize=350%2C200","width":350,"height":200,"srcset":"https:\/\/i0.wp.com\/ccnews.com.ar\/prensa\/wp-content\/uploads\/2017\/11\/image_content_9045790_20171109092154.jpg?fit=660%2C370&resize=350%2C200 1x, https:\/\/i0.wp.com\/ccnews.com.ar\/prensa\/wp-content\/uploads\/2017\/11\/image_content_9045790_20171109092154.jpg?fit=660%2C370&resize=525%2C300 1,5x"},"classes":[]},{"id":4857,"url":"http:\/\/ccnews.com.ar\/prensa\/ypfb-inicia-reingenieria-para-adecuarse-al-contexto-internacional\/","url_meta":{"origin":2733,"position":2},"title":"YPFB inicia reingenier\u00eda para adecuarse al contexto internacional","author":"CLUSTERciar","date":"11 agosto, 2017","format":false,"excerpt":"El presidente ejecutivo de Yacimientos Petrol\u00edferos Fiscales Bolivianos (YPFB), Oscar Barriga Arteaga, anunci\u00f3 \u00a0que iniciar\u00e1 una\u00a0reingenier\u00eda de la empresa estatal para adecuarse al contexto internacional del sector de hidrocarburos, tras el impacto registrado en los ingresos econ\u00f3micos del pa\u00eds por la ca\u00edda del precio del petr\u00f3leo. \u201cA partir del 2015\u2026","rel":"","context":"En \u00abSustentabilidad\u00bb","block_context":{"text":"Sustentabilidad","link":"http:\/\/ccnews.com.ar\/prensa\/category\/sustentabilidad\/"},"img":{"alt_text":"","src":"https:\/\/i0.wp.com\/ccnews.com.ar\/prensa\/wp-content\/uploads\/2017\/07\/1500397329_792129_1500397489_noticia_normal_recorte1-6.jpg?fit=650%2C447&resize=350%2C200","width":350,"height":200,"srcset":"https:\/\/i0.wp.com\/ccnews.com.ar\/prensa\/wp-content\/uploads\/2017\/07\/1500397329_792129_1500397489_noticia_normal_recorte1-6.jpg?fit=650%2C447&resize=350%2C200 1x, https:\/\/i0.wp.com\/ccnews.com.ar\/prensa\/wp-content\/uploads\/2017\/07\/1500397329_792129_1500397489_noticia_normal_recorte1-6.jpg?fit=650%2C447&resize=525%2C300 1,5x"},"classes":[]},{"id":2465,"url":"http:\/\/ccnews.com.ar\/prensa\/la-refineria-de-huincul-procesa-un-43-del-petroleo-de-vaca-muerta\/","url_meta":{"origin":2733,"position":3},"title":"La refiner\u00eda de Huincul procesa un 43% del petr\u00f3leo de Vaca Muerta","author":"CLUSTERciar","date":"23 noviembre, 2016","format":false,"excerpt":"A 40 a\u00f1os de su creaci\u00f3n, hace escuela a nivel nacional para determinar c\u00f3mo se comporta el crudo del futuro para elaborar combustibles. La refiner\u00eda de YPF en Plaza Hincul duplic\u00f3 el procesamiento de shale oil en dos a\u00f1os: del total de petr\u00f3leo que se procesa en la planta, el\u2026","rel":"","context":"En \u00abSustentabilidad\u00bb","block_context":{"text":"Sustentabilidad","link":"http:\/\/ccnews.com.ar\/prensa\/category\/sustentabilidad\/"},"img":{"alt_text":"","src":"https:\/\/i0.wp.com\/ccnews.com.ar\/prensa\/wp-content\/uploads\/2016\/11\/image_content_7817946_20161121223643.jpg?fit=660%2C370&resize=350%2C200","width":350,"height":200,"srcset":"https:\/\/i0.wp.com\/ccnews.com.ar\/prensa\/wp-content\/uploads\/2016\/11\/image_content_7817946_20161121223643.jpg?fit=660%2C370&resize=350%2C200 1x, https:\/\/i0.wp.com\/ccnews.com.ar\/prensa\/wp-content\/uploads\/2016\/11\/image_content_7817946_20161121223643.jpg?fit=660%2C370&resize=525%2C300 1,5x"},"classes":[]},{"id":349,"url":"http:\/\/ccnews.com.ar\/prensa\/las-transacciones-en-el-sector-del-petroleo-y-gas-aumentaran-este-ano-tras-caer-un-33-en-2015\/","url_meta":{"origin":2733,"position":4},"title":"Las transacciones en el sector del petr\u00f3leo y gas aumentar\u00e1n este a\u00f1o, tras caer un 33% en 2015","author":"CLUSTERciar","date":"21 marzo, 2016","format":false,"excerpt":"Las transacciones en el sector del petr\u00f3leo y del gas registrar\u00e1n un incremento este a\u00f1o, despu\u00e9s de haber sufrido un descenso en t\u00e9rminos de volumen del 33% durante 2015, seg\u00fan se aprecia en el informe 'Global oil'and gas transactions review 2015', elaborado por EY. Al abordar las previsiones del sector\u2026","rel":"","context":"En \u00abEnerg\u00eda y Producci\u00f3n\u00bb","block_context":{"text":"Energ\u00eda y Producci\u00f3n","link":"http:\/\/ccnews.com.ar\/prensa\/category\/energia-y-produccion\/"},"img":{"alt_text":"trace","src":"https:\/\/i0.wp.com\/clusterciar.com.ar\/wp\/wp-content\/uploads\/2016\/04\/trace-300x85.jpg?resize=350%2C200","width":350,"height":200},"classes":[]},{"id":7409,"url":"http:\/\/ccnews.com.ar\/prensa\/shell-anuncio-inversiones-por-us-1-500-millones-en-vaca-muerta\/","url_meta":{"origin":2733,"position":5},"title":"Shell anunci\u00f3 inversiones por u$s 1.500 millones en vaca muerta","author":"admin","date":"9 abril, 2018","format":false,"excerpt":"La petrolera adelant\u00f3 que comenzar\u00e1n a trabajar en modo industrial en el bloque Sierras Blancas-Cruz de Lorena a partir del tercer trimestre. Plantean multiplicar por diez la producci\u00f3n de petr\u00f3leo no convencional que extraen de Vaca Muerta. La petrolera Shell resolvi\u00f3 que a partir del tercer trimestre del 2018 comenzar\u00e1\u2026","rel":"","context":"En \u00abEnerg\u00eda y Producci\u00f3n\u00bb","block_context":{"text":"Energ\u00eda y Producci\u00f3n","link":"http:\/\/ccnews.com.ar\/prensa\/category\/energia-y-produccion\/"},"img":{"alt_text":"","src":"https:\/\/i0.wp.com\/ccnews.com.ar\/prensa\/wp-content\/uploads\/2018\/04\/20180401131301.jpg?fit=957%2C391&resize=350%2C200","width":350,"height":200,"srcset":"https:\/\/i0.wp.com\/ccnews.com.ar\/prensa\/wp-content\/uploads\/2018\/04\/20180401131301.jpg?fit=957%2C391&resize=350%2C200 1x, https:\/\/i0.wp.com\/ccnews.com.ar\/prensa\/wp-content\/uploads\/2018\/04\/20180401131301.jpg?fit=957%2C391&resize=525%2C300 1,5x, https:\/\/i0.wp.com\/ccnews.com.ar\/prensa\/wp-content\/uploads\/2018\/04\/20180401131301.jpg?fit=957%2C391&resize=700%2C400 2x"},"classes":[]}],"jetpack_sharing_enabled":true,"_links":{"self":[{"href":"http:\/\/ccnews.com.ar\/prensa\/wp-json\/wp\/v2\/posts\/2733","targetHints":{"allow":["GET"]}}],"collection":[{"href":"http:\/\/ccnews.com.ar\/prensa\/wp-json\/wp\/v2\/posts"}],"about":[{"href":"http:\/\/ccnews.com.ar\/prensa\/wp-json\/wp\/v2\/types\/post"}],"author":[{"embeddable":true,"href":"http:\/\/ccnews.com.ar\/prensa\/wp-json\/wp\/v2\/users\/2"}],"replies":[{"embeddable":true,"href":"http:\/\/ccnews.com.ar\/prensa\/wp-json\/wp\/v2\/comments?post=2733"}],"version-history":[{"count":1,"href":"http:\/\/ccnews.com.ar\/prensa\/wp-json\/wp\/v2\/posts\/2733\/revisions"}],"predecessor-version":[{"id":2737,"href":"http:\/\/ccnews.com.ar\/prensa\/wp-json\/wp\/v2\/posts\/2733\/revisions\/2737"}],"wp:featuredmedia":[{"embeddable":true,"href":"http:\/\/ccnews.com.ar\/prensa\/wp-json\/wp\/v2\/media\/2735"}],"wp:attachment":[{"href":"http:\/\/ccnews.com.ar\/prensa\/wp-json\/wp\/v2\/media?parent=2733"}],"wp:term":[{"taxonomy":"category","embeddable":true,"href":"http:\/\/ccnews.com.ar\/prensa\/wp-json\/wp\/v2\/categories?post=2733"},{"taxonomy":"post_tag","embeddable":true,"href":"http:\/\/ccnews.com.ar\/prensa\/wp-json\/wp\/v2\/tags?post=2733"}],"curies":[{"name":"wp","href":"https:\/\/api.w.org\/{rel}","templated":true}]}}