{"id":2809,"date":"2017-01-05T08:00:43","date_gmt":"2017-01-05T11:00:43","guid":{"rendered":"http:\/\/clusterciarnews.com.ar\/prensa\/?p=2809"},"modified":"2017-01-05T10:41:55","modified_gmt":"2017-01-05T13:41:55","slug":"5-consejos-para-emprender-e-innovar-en-el-entorno-social","status":"publish","type":"post","link":"http:\/\/ccnews.com.ar\/prensa\/5-consejos-para-emprender-e-innovar-en-el-entorno-social\/","title":{"rendered":"5 consejos para emprender e innovar en el entorno social"},"content":{"rendered":"<p><strong>El fundador de &#8216;startups&#8217; como Ideafoster y eyeOS, Pau Garc\u00eda-Mil\u00e0, ha participado en el I Encuentro JES (J\u00f3venes Emprendedores Sociales) impulsado por la Universidad Europea donde se ha organizado un workshop donde los asistentes -entre ellos, los ganadores de las ocho ediciones de los Premios JES- han compartido sus experiencias, ideas y consejos en materia de innovaci\u00f3n social.<\/strong><\/p>\n<div>\n<p>El joven empresario <strong>Pau Garc\u00eda-Mil\u00e0<\/strong> \u2013fundador de &#8216;startups&#8217; como <a href=\"http:\/\/ideafoster.com\/\" target=\"_blank\">Ideafoster<\/a>\u00a0y <a href=\"https:\/\/eyeos.com\/\" target=\"_blank\">eyeOS<\/a>; autor de varios libros sobre innovaci\u00f3n, ideas y comunicaci\u00f3n; y nombrado Innovador del a\u00f1o por <a href=\"https:\/\/www.technologyreview.com\/lists\/innovators-under-35\/2016\/\" target=\"_blank\">MIT Technology Review TR35<\/a>\u00a0en 2011\u2013 ha participado en el <strong>I Encuentro de J\u00f3venes Emprendedores Sociales\u00a0(JES)<\/strong>, celebrado en el Campus de Alcobendas de la <a href=\"http:\/\/madrid.universidadeuropea.es\/\" target=\"_blank\">Universidad Europea<\/a>. Por primera vez, la instituci\u00f3n ha reunido a <strong>los ganadores de las ocho ediciones de sus Premios J\u00f3venes Emprendedores Sociales (JES)<\/strong> para compartir experiencias y fomentar la construcci\u00f3n de una comunidad de innovadores sociales en torno a estos galardones.<\/p>\n<p>Durante el evento, Garc\u00eda-Mil\u00e0 ha desarrollado <strong>un workshop con los j\u00f3venes emprendedores sociales<\/strong> bajo el t\u00edtulo \u201cDel fracaso al \u00e9xito: c\u00f3mo aplicar innovaci\u00f3n r\u00e1pida en entornos sociales\u201d, durante el cual ha compartido con los asistentes algunos <strong>consejos<\/strong> para emprender basados en su experiencia:<\/p>\n<ol>\n<li><strong>Aceptar el fracaso.<\/strong> El fracaso es inherente al d\u00eda a d\u00eda del emprendedor y constituye, por tanto, una experiencia de aprendizaje fundamental. <strong>No hay que temerlo<\/strong>, al contrario, es preciso estar preparados para \u00e9ste, lo que supone un proceso constructivo que se logra tras intentar sacar adelante muchos proyectos que no siempre llegan a buen puerto.<\/li>\n<li><strong>Olvidar la soberbia<\/strong>. Para desarrollar proyectos con \u00e9xito la clave es <strong>eliminar la soberbia o el exceso de ambici\u00f3n y estar abierto a aprender del entorno<\/strong>. Los emprendedores han de ser esponjas capaces de reconocer sus carencias para poder subsanarlas absorbiendo todos los conocimientos necesarios de la experiencia de los han logrado el \u00e9xito antes que ellos.<\/li>\n<li><strong>Ser perseverantes.<\/strong> La perseverancia lo es todo en el ADN del emprendedor para resistir en los momentos duros. Una idea brillante <strong>no servir\u00e1 de nada si no se trabaja duro, con constancia y haciendo frente a las adversidades<\/strong>. El \u00e9xito nunca llega sin esfuerzo y, menos a\u00fan, se mantiene.<\/li>\n<li><strong>Tener una actitud refractaria a las cr\u00edticas.<\/strong> Adem\u00e1s de a las adversidades, el emprendedor tiene que ser capaz de ser <strong>refractario a las cr\u00edticas<\/strong>, que suelen ser muchas \u2013m\u00e1s si cabe en el caso de los proyectos sociales\u2013 en pa\u00edses que carecen de una<strong> cultura de emprendimiento arraigada<\/strong>, como es el caso de Espa\u00f1a.<\/li>\n<li><strong>Innovar, innovar e innovar.<\/strong> La innovaci\u00f3n se ha asociado demasiadas veces a empresas con \u00e1nimo de lucro. En este punto, se ha defendido<strong> la necesidad de innovar desde todos los \u00e1mbitos, incluido, por supuesto, el social<\/strong>.<\/li>\n<\/ol>\n<p>El I Encuentro JES ha contado tambi\u00e9n con la presencia de las <strong>exdirectoras de los Premios JES, Laura G\u00f3mez y Caroline J\u00e9r\u00f4me<\/strong>, que han aportado una<strong> visi\u00f3n retrospectiva de los galardones<\/strong>; as\u00ed como de su <strong>director actual, Andr\u00e9s Pina<\/strong>; y del <strong>director de Comunicaci\u00f3n y Relaciones Institucionales de la Universidad Europea, Jos\u00e9 Mar\u00eda Palomares<\/strong>.<\/p>\n<p>Fuente:\u00a0compromiso rse<\/p>\n<\/div>\n<!-- AddThis Advanced Settings generic via filter on the_content -->","protected":false},"excerpt":{"rendered":"<p>El fundador de &#8216;startups&#8217; como Ideafoster y eyeOS, Pau Garc\u00eda-Mil\u00e0, ha participado en el I Encuentro JES (J\u00f3venes Emprendedores Sociales)<!-- AddThis Advanced Settings generic via filter on get_the_excerpt --><\/p>\n","protected":false},"author":2,"featured_media":2811,"comment_status":"closed","ping_status":"closed","sticky":false,"template":"","format":"standard","meta":{"colormag_page_container_layout":"default_layout","colormag_page_sidebar_layout":"default_layout","jetpack_post_was_ever_published":false,"_jetpack_newsletter_access":"","_jetpack_dont_email_post_to_subs":false,"_jetpack_newsletter_tier_id":0,"_jetpack_memberships_contains_paywalled_content":false,"_jetpack_memberships_contains_paid_content":false,"footnotes":"","jetpack_publicize_message":"","jetpack_publicize_feature_enabled":true,"jetpack_social_post_already_shared":true,"jetpack_social_options":{"image_generator_settings":{"template":"highway","default_image_id":0,"font":"","enabled":false},"version":2}},"categories":[7],"tags":[17],"class_list":["post-2809","post","type-post","status-publish","format-standard","has-post-thumbnail","hentry","category-management","tag-otros-medios"],"jetpack_publicize_connections":[],"jetpack_featured_media_url":"https:\/\/i0.wp.com\/ccnews.com.ar\/prensa\/wp-content\/uploads\/2016\/12\/pauemprendedor_c.jpg?fit=220%2C220","jetpack_shortlink":"https:\/\/wp.me\/p7L1gj-Jj","jetpack-related-posts":[{"id":413,"url":"http:\/\/ccnews.com.ar\/prensa\/el-apoyo-a-los-emprendedores-favorece-la-movilidad-social\/","url_meta":{"origin":2809,"position":0},"title":"El apoyo a los emprendedores favorece la movilidad social","author":"CLUSTERciar","date":"12 abril, 2016","format":false,"excerpt":"Congreso global de emprendimientos 2016Medell\u00edn fue la sede del encuentro mundial del que participaron peque\u00f1os empresarios innovadores de m\u00e1s de 150 pa\u00edses. Los idiomas, las texturas y los colores se mezclaban en el centro de convenciones Plaza Mayor de Medell\u00edn, el espacio que alberg\u00f3 durante tres d\u00edas al Congreso Global\u2026","rel":"","context":"En \u00abEducaci\u00f3n\/Sociedad\u00bb","block_context":{"text":"Educaci\u00f3n\/Sociedad","link":"http:\/\/ccnews.com.ar\/prensa\/category\/educacion-sociedad\/"},"img":{"alt_text":"","src":"","width":0,"height":0},"classes":[]},{"id":11429,"url":"http:\/\/ccnews.com.ar\/prensa\/los-consejos-para-emprendedores-argentinos-de-marvin-liao-socio-de-la-aceleradora-500-startups-de-silicon-valley\/","url_meta":{"origin":2809,"position":1},"title":"Los consejos para emprendedores argentinos de Marvin Liao, socio de la aceleradora 500 Startups de Silicon Valley","author":"admin","date":"20 mayo, 2019","format":false,"excerpt":"Como uno de los expositores de Experiencia Endeavor, alent\u00f3 a \"pensar en grande\" para construir empresas globales. Marvin Liao lleva m\u00e1s de cinco a\u00f1os invirtiendo en empresas en etapa de desarrollo y con un alto potencial de crecimiento como socio de 500 Startups, uno de los principales fondos de inversi\u00f3n\u2026","rel":"","context":"En \u00abManagement\u00bb","block_context":{"text":"Management","link":"http:\/\/ccnews.com.ar\/prensa\/category\/management\/"},"img":{"alt_text":"","src":"https:\/\/i0.wp.com\/ccnews.com.ar\/prensa\/wp-content\/uploads\/2019\/05\/Experiencia-Endeavor-Marvin-Liao-3.jpg?fit=1200%2C674&resize=350%2C200","width":350,"height":200,"srcset":"https:\/\/i0.wp.com\/ccnews.com.ar\/prensa\/wp-content\/uploads\/2019\/05\/Experiencia-Endeavor-Marvin-Liao-3.jpg?fit=1200%2C674&resize=350%2C200 1x, https:\/\/i0.wp.com\/ccnews.com.ar\/prensa\/wp-content\/uploads\/2019\/05\/Experiencia-Endeavor-Marvin-Liao-3.jpg?fit=1200%2C674&resize=525%2C300 1,5x, https:\/\/i0.wp.com\/ccnews.com.ar\/prensa\/wp-content\/uploads\/2019\/05\/Experiencia-Endeavor-Marvin-Liao-3.jpg?fit=1200%2C674&resize=700%2C400 2x, https:\/\/i0.wp.com\/ccnews.com.ar\/prensa\/wp-content\/uploads\/2019\/05\/Experiencia-Endeavor-Marvin-Liao-3.jpg?fit=1200%2C674&resize=1050%2C600 3x"},"classes":[]},{"id":14668,"url":"http:\/\/ccnews.com.ar\/prensa\/emprendimientos-con-impacto-social-un-camino-de-ida\/","url_meta":{"origin":2809,"position":2},"title":"Emprendimientos con impacto social, un camino de ida","author":"admin","date":"26 febrero, 2020","format":false,"excerpt":"Las organizaciones colaboran con emprendedores sociales a trav\u00e9s de capacitaciones, financiaci\u00f3n, mentoreo y compras inclusivas. El paradigma de la sustentabilidad requiere de la colaboraci\u00f3n de todos los actores de la sociedad. Las empresas, adem\u00e1s de tener sus programas intra y extramuros, desarrollan alianzas con emprendedores sociales para ayudarlos a escalar,\u2026","rel":"","context":"En \u00abEducaci\u00f3n\/Sociedad\u00bb","block_context":{"text":"Educaci\u00f3n\/Sociedad","link":"http:\/\/ccnews.com.ar\/prensa\/category\/educacion-sociedad\/"},"img":{"alt_text":"","src":"https:\/\/i0.wp.com\/ccnews.com.ar\/prensa\/wp-content\/uploads\/2020\/02\/0037423948.jpg?fit=690%2C460&resize=350%2C200","width":350,"height":200,"srcset":"https:\/\/i0.wp.com\/ccnews.com.ar\/prensa\/wp-content\/uploads\/2020\/02\/0037423948.jpg?fit=690%2C460&resize=350%2C200 1x, https:\/\/i0.wp.com\/ccnews.com.ar\/prensa\/wp-content\/uploads\/2020\/02\/0037423948.jpg?fit=690%2C460&resize=525%2C300 1,5x"},"classes":[]},{"id":13203,"url":"http:\/\/ccnews.com.ar\/prensa\/la-universidad-del-futuro-aulas-con-mas-de-50-pantallas-y-robots-en-clases\/","url_meta":{"origin":2809,"position":3},"title":"La universidad del futuro: aulas con m\u00e1s de 50 pantallas y robots en clases","author":"admin","date":"9 octubre, 2019","format":false,"excerpt":"La tecnolog\u00eda est\u00e1 redefiniendo las reglas de juego. Y las universidades buscan la forma de ser m\u00e1s flexibles, \u00e1giles y permeables al cambio. MADRID.- La tecnolog\u00eda est\u00e1 redefiniendo las reglas de juego. Y las universidades buscan la forma de ser m\u00e1s flexibles, \u00e1giles y permeables al cambio. Buscan la forma\u2026","rel":"","context":"En \u00abEducaci\u00f3n\/Sociedad\u00bb","block_context":{"text":"Educaci\u00f3n\/Sociedad","link":"http:\/\/ccnews.com.ar\/prensa\/category\/educacion-sociedad\/"},"img":{"alt_text":"","src":"https:\/\/i0.wp.com\/ccnews.com.ar\/prensa\/wp-content\/uploads\/2019\/10\/3111945w1033.jpg?fit=1033%2C688&resize=350%2C200","width":350,"height":200,"srcset":"https:\/\/i0.wp.com\/ccnews.com.ar\/prensa\/wp-content\/uploads\/2019\/10\/3111945w1033.jpg?fit=1033%2C688&resize=350%2C200 1x, https:\/\/i0.wp.com\/ccnews.com.ar\/prensa\/wp-content\/uploads\/2019\/10\/3111945w1033.jpg?fit=1033%2C688&resize=525%2C300 1,5x, https:\/\/i0.wp.com\/ccnews.com.ar\/prensa\/wp-content\/uploads\/2019\/10\/3111945w1033.jpg?fit=1033%2C688&resize=700%2C400 2x"},"classes":[]},{"id":239,"url":"http:\/\/ccnews.com.ar\/prensa\/transformando-ideas-en-negocios\/","url_meta":{"origin":2809,"position":4},"title":"Transformando ideas en Negocios","author":"CLUSTERciar","date":"19 agosto, 2015","format":false,"excerpt":"En el marco del ciclo de charlas \u201cTransformando\u00a0ideas en negocios\u201d, organizado por la Universidad\u00a0Nacional del Comahue, el d\u00eda 19 de agosto se realiz\u00f3\u00a0en el un encuentro entre Emprendedores,\u00a0Empresarios, Alumnos y p\u00fablico en general con el\u00a0objetivo de acercar a los asistentes experiencias de\u00a0Empresarios que lograron convertir una idea en una\u00a0empresa exitosa.\u2026","rel":"","context":"En \u00abManagement\u00bb","block_context":{"text":"Management","link":"http:\/\/ccnews.com.ar\/prensa\/category\/management\/"},"img":{"alt_text":"","src":"","width":0,"height":0},"classes":[]},{"id":2707,"url":"http:\/\/ccnews.com.ar\/prensa\/segmento-educacion-cierre-2016-la-hora-de-los-emprendedores\/","url_meta":{"origin":2809,"position":5},"title":"Segmento Educaci\u00f3n &#8211; Cierre 2016 (La hora de los emprendedores)","author":"CLUSTERciar","date":"20 diciembre, 2016","format":false,"excerpt":"El Ingeniero Francisco H. Rimmele, estuvo en el \u00faltimo programa del 2016 de \u201cLa\u00a0hora de los emprendedores\u201d conducido por Daniel Darrieux, haciendo un cierre\u00a0de lo que fue el segmento de educaci\u00f3n que durante todo el a\u00f1o auspici\u00f3 e\u00a0inspir\u00f3 la Fundaci\u00f3n Potenciar, como parte integrante del CLUSTERciar. El director y fundador\u2026","rel":"","context":"En \u00abEducaci\u00f3n\/Sociedad\u00bb","block_context":{"text":"Educaci\u00f3n\/Sociedad","link":"http:\/\/ccnews.com.ar\/prensa\/category\/educacion-sociedad\/"},"img":{"alt_text":"","src":"","width":0,"height":0},"classes":[]}],"jetpack_sharing_enabled":true,"_links":{"self":[{"href":"http:\/\/ccnews.com.ar\/prensa\/wp-json\/wp\/v2\/posts\/2809","targetHints":{"allow":["GET"]}}],"collection":[{"href":"http:\/\/ccnews.com.ar\/prensa\/wp-json\/wp\/v2\/posts"}],"about":[{"href":"http:\/\/ccnews.com.ar\/prensa\/wp-json\/wp\/v2\/types\/post"}],"author":[{"embeddable":true,"href":"http:\/\/ccnews.com.ar\/prensa\/wp-json\/wp\/v2\/users\/2"}],"replies":[{"embeddable":true,"href":"http:\/\/ccnews.com.ar\/prensa\/wp-json\/wp\/v2\/comments?post=2809"}],"version-history":[{"count":2,"href":"http:\/\/ccnews.com.ar\/prensa\/wp-json\/wp\/v2\/posts\/2809\/revisions"}],"predecessor-version":[{"id":2815,"href":"http:\/\/ccnews.com.ar\/prensa\/wp-json\/wp\/v2\/posts\/2809\/revisions\/2815"}],"wp:featuredmedia":[{"embeddable":true,"href":"http:\/\/ccnews.com.ar\/prensa\/wp-json\/wp\/v2\/media\/2811"}],"wp:attachment":[{"href":"http:\/\/ccnews.com.ar\/prensa\/wp-json\/wp\/v2\/media?parent=2809"}],"wp:term":[{"taxonomy":"category","embeddable":true,"href":"http:\/\/ccnews.com.ar\/prensa\/wp-json\/wp\/v2\/categories?post=2809"},{"taxonomy":"post_tag","embeddable":true,"href":"http:\/\/ccnews.com.ar\/prensa\/wp-json\/wp\/v2\/tags?post=2809"}],"curies":[{"name":"wp","href":"https:\/\/api.w.org\/{rel}","templated":true}]}}