{"id":2933,"date":"2017-01-03T08:47:47","date_gmt":"2017-01-03T11:47:47","guid":{"rendered":"http:\/\/clusterciarnews.com.ar\/prensa\/?p=2933"},"modified":"2017-01-03T08:47:47","modified_gmt":"2017-01-03T11:47:47","slug":"queremos-que-el-resto-de-las-operadoras-inviertan-en-este-negocio","status":"publish","type":"post","link":"http:\/\/ccnews.com.ar\/prensa\/queremos-que-el-resto-de-las-operadoras-inviertan-en-este-negocio\/","title":{"rendered":"\u201cQueremos que el resto de las operadoras inviertan en este negocio\u201d"},"content":{"rendered":"<p><strong>Seg\u00fan Marcos Sabelli, gerente ejecutivo del \u00e1rea Qu\u00edmica de YPF<\/strong><\/p>\n<p>Est\u00e1n dadas las condiciones para que el sector registre un proceso de expansi\u00f3n que no vive desde hace 15 a\u00f1os. As\u00ed lo anticipa el referente qu\u00edmico de YPF, Marcos Sabelli, quien se ilusiona con la entrada de m\u00e1s jugadores al negocio del shale para multiplicar la provisi\u00f3n de materias primas energ\u00e9ticas competitivas a la industria nacional.<\/p>\n<p>El consumo de energ\u00eda de la Argentina es muy particular. Seg\u00fan Marcos Sabelli, gerente ejecutivo del \u00e1rea Qu\u00edmica de YPF, a diferencia de las grandes potencias \u2013que tienen divididas en cuatro cuartos sus matrices energ\u00e9ticas\u2013 la nacional depende en un 50% del gas. \u201cNuestros yacimientos convencionales son maduros y est\u00e1n declinando, pero tambi\u00e9n tenemos recursos no convencionales. Contamos, como es sabido, con el segundo reservorio mundial de shale gas y el cuarto de shale oil\u201d, destac\u00f3 el directivo durante su disertaci\u00f3n en la 36\u2070 Reuni\u00f3n Anual Latinoamericana de Petroqu\u00edmica.<\/p>\n<p>Seg\u00fan sus palabras, en los \u00faltimos cuatro a\u00f1os YPF lleva invertidos m\u00e1s de u$s 5.500 millones \u2013en conjunto con sus socios\u2013 para concretar m\u00e1s de 500 pozos de producci\u00f3n no convencional. \u201cEstamos produciendo unos 50.000 barriles equivalentes por d\u00eda, es decir, alrededor de un 10% de la explotaci\u00f3n total del pa\u00eds. Si al shale sumamos el tight gas, la producci\u00f3n crece a un 20% o un 25%\u201d, detall\u00f3 durante el encuentro organizado por la Asociaci\u00f3n de Petroqu\u00edmica y Qu\u00edmica Latinoamericana (APLA).<\/p>\n<p>La operadora, apunt\u00f3, est\u00e1 a cargo de entre un 45% y un 50% de los hidrocarburos que se producen a nivel local. \u201cAsimismo, contamos con m\u00e1s de un 85% del desarrollo no convencional\u201d, resalt\u00f3.<\/p>\n<p>No obstante, acot\u00f3, YPF necesita que otros jugadores ingresen al segmento. \u201cQueremos que el resto de las operadoras tambi\u00e9n inviertan en este negocio, ya sea en asociaci\u00f3n con nuestra firma o por su cuenta\u201d, sostuvo.<\/p>\n<p>En esa direcci\u00f3n, puso como ejemplo los avances obtenidos en el trabajo mancomunado con el gigante qu\u00edmico Dow. \u201cHace apenas cuatro a\u00f1os, nos reunimos con las autoridades de esa compa\u00f1\u00eda, que ten\u00eda problemas de materias primas en la Argentina. Les dijimos que hab\u00eda dos formas de afrontar ese reto: quejarse o convertirse en parte de la soluci\u00f3n. El apoyo recibido fue incre\u00edble, y as\u00ed desarrollamos el primer piloto de shale gas en el pa\u00eds\u201d, enfatiz\u00f3. (&#8230;)<\/p>\n<p>&nbsp;<\/p>\n<p>Fuente:\u00a0Petrolnews<\/p>\n<!-- AddThis Advanced Settings generic via filter on the_content -->","protected":false},"excerpt":{"rendered":"<p>Seg\u00fan Marcos Sabelli, gerente ejecutivo del \u00e1rea Qu\u00edmica de YPF Est\u00e1n dadas las condiciones para que el sector registre un<!-- AddThis Advanced Settings generic via filter on get_the_excerpt --><\/p>\n","protected":false},"author":2,"featured_media":2935,"comment_status":"closed","ping_status":"closed","sticky":false,"template":"","format":"standard","meta":{"colormag_page_container_layout":"default_layout","colormag_page_sidebar_layout":"default_layout","jetpack_post_was_ever_published":false,"_jetpack_newsletter_access":"","_jetpack_dont_email_post_to_subs":false,"_jetpack_newsletter_tier_id":0,"_jetpack_memberships_contains_paywalled_content":false,"_jetpack_memberships_contains_paid_content":false,"footnotes":"","jetpack_publicize_message":"","jetpack_publicize_feature_enabled":true,"jetpack_social_post_already_shared":true,"jetpack_social_options":{"image_generator_settings":{"template":"highway","default_image_id":0,"font":"","enabled":false},"version":2}},"categories":[7],"tags":[17],"class_list":["post-2933","post","type-post","status-publish","format-standard","has-post-thumbnail","hentry","category-management","tag-otros-medios"],"jetpack_publicize_connections":[],"jetpack_featured_media_url":"https:\/\/i0.wp.com\/ccnews.com.ar\/prensa\/wp-content\/uploads\/2017\/01\/queremo291216.jpg?fit=250%2C250","jetpack_shortlink":"https:\/\/wp.me\/p7L1gj-Lj","jetpack-related-posts":[{"id":2523,"url":"http:\/\/ccnews.com.ar\/prensa\/es-el-momento-para-venir-a-la-argentina-en-busca-de-oportunidades-en-el-area-petroquimica\/","url_meta":{"origin":2933,"position":0},"title":"\u201cEs el momento para venir a la Argentina en busca de oportunidades en el \u00e1rea petroqu\u00edmica\u201d","author":"CLUSTERciar","date":"25 noviembre, 2016","format":false,"excerpt":"Entrevista con Marcos Sabelli, gerente ejecutivo de Qu\u00edmica de YPF En la antesala de la 36\u00b0 Reuni\u00f3n Anual de APLA, el ejecutivo analiz\u00f3 los desaf\u00edos que enfrenta la industria petroqu\u00edmica regional. En ese sentido, repas\u00f3 la agenda del congreso que se realizar\u00e1 en el Sheraton Buenos Aires y traz\u00f3 los\u2026","rel":"","context":"En \u00abEnerg\u00eda y Producci\u00f3n\u00bb","block_context":{"text":"Energ\u00eda y Producci\u00f3n","link":"http:\/\/ccnews.com.ar\/prensa\/category\/energia-y-produccion\/"},"img":{"alt_text":"","src":"https:\/\/i0.wp.com\/ccnews.com.ar\/prensa\/wp-content\/uploads\/2016\/11\/sabelli.jpg?fit=540%2C400&resize=350%2C200","width":350,"height":200,"srcset":"https:\/\/i0.wp.com\/ccnews.com.ar\/prensa\/wp-content\/uploads\/2016\/11\/sabelli.jpg?fit=540%2C400&resize=350%2C200 1x, https:\/\/i0.wp.com\/ccnews.com.ar\/prensa\/wp-content\/uploads\/2016\/11\/sabelli.jpg?fit=540%2C400&resize=525%2C300 1,5x"},"classes":[]},{"id":5247,"url":"http:\/\/ccnews.com.ar\/prensa\/exclusivo-ypf-crea-un-comite-ejecutivo-de-seis-miembros-que-manejara-la-compania\/","url_meta":{"origin":2933,"position":1},"title":"YPF crea un comit\u00e9 ejecutivo de seis miembros que manejar\u00e1 la compa\u00f1\u00eda","author":"CLUSTERciar","date":"28 agosto, 2017","format":false,"excerpt":"Una serie de cambios profundos comenzaron hoy en YPF, la mayor empresa del pa\u00eds. Su CEO,\u00a0Ricardo Darr\u00e9,\u00a0present\u00f3 esta ma\u00f1ana su renuncia,\u00a0que fue aceptada por Miguel Guti\u00e9rrez, presidente de la empresa, confirmaron fuentes incuestionables a EconoJournal. En paralelo, YPF\u00a0cre\u00f3 un comit\u00e9 ejecutivo de seis miembros que manejar\u00e1 de ahora en m\u00e1s\u2026","rel":"","context":"En \u00abManagement\u00bb","block_context":{"text":"Management","link":"http:\/\/ccnews.com.ar\/prensa\/category\/management\/"},"img":{"alt_text":"","src":"https:\/\/i0.wp.com\/ccnews.com.ar\/prensa\/wp-content\/uploads\/2017\/08\/ccn-13.jpg?fit=600%2C339&resize=350%2C200","width":350,"height":200,"srcset":"https:\/\/i0.wp.com\/ccnews.com.ar\/prensa\/wp-content\/uploads\/2017\/08\/ccn-13.jpg?fit=600%2C339&resize=350%2C200 1x, https:\/\/i0.wp.com\/ccnews.com.ar\/prensa\/wp-content\/uploads\/2017\/08\/ccn-13.jpg?fit=600%2C339&resize=525%2C300 1,5x"},"classes":[]},{"id":1087,"url":"http:\/\/ccnews.com.ar\/prensa\/para-el-nuevo-ceo-ypf-debe-vender-algunos-activos\/","url_meta":{"origin":2933,"position":2},"title":"Para el nuevo CEO, YPF debe vender algunos activos","author":"CLUSTERciar","date":"13 agosto, 2016","format":false,"excerpt":"Darr\u00e9 dijo que no se puede ser bueno en todo y que hay que concentrarse en el negocio principal. En su primera presentaci\u00f3n ante los analistas, el nuevo CEO de YPF, Ricardo Darr\u00e9\u00a0dio precisiones sobre qu\u00e9 planea para el futuro de la principal compa\u00f1\u00eda petrolera del pa\u00eds. El ejecutivo, un\u2026","rel":"","context":"En \u00abSustentabilidad\u00bb","block_context":{"text":"Sustentabilidad","link":"http:\/\/ccnews.com.ar\/prensa\/category\/sustentabilidad\/"},"img":{"alt_text":"Ricardo Darr\u00e9, ex Total, es el nuevo CEO de YPF  Foto: Prensa YPF","src":"https:\/\/i0.wp.com\/images.clarin.com\/ieco\/economia\/Ricardo-Total-CEO-YPF-Prensa_CLAIMA20160805_0231_28.jpg?resize=350%2C200","width":350,"height":200,"srcset":"https:\/\/i0.wp.com\/images.clarin.com\/ieco\/economia\/Ricardo-Total-CEO-YPF-Prensa_CLAIMA20160805_0231_28.jpg?resize=350%2C200 1x, https:\/\/i0.wp.com\/images.clarin.com\/ieco\/economia\/Ricardo-Total-CEO-YPF-Prensa_CLAIMA20160805_0231_28.jpg?resize=525%2C300 1,5x"},"classes":[]},{"id":5187,"url":"http:\/\/ccnews.com.ar\/prensa\/vaca-muerta-ypf-firmo-un-acuerdo-de-exploracion-conjunta-con-la-empresa-noruega-statoil\/","url_meta":{"origin":2933,"position":3},"title":"Vaca Muerta: YPF firm\u00f3 un acuerdo de exploraci\u00f3n conjunta con la empresa noruega Statoil","author":"CLUSTERciar","date":"6 septiembre, 2017","format":false,"excerpt":"El gigante petrolero ingresar\u00e1 al bloque Bajo del Toro como socia, con una participaci\u00f3n del 50%; mientras que la compa\u00f1\u00eda argentina mantendr\u00e1 el 50% restante La\u00a0empresa\u00a0YPF\u00a0anunci\u00f3 hoy que firm\u00f3 un acuerdo con la compa\u00f1\u00eda noruega Statoil en la ciudad suiza de Ginebra para la exploraci\u00f3n conjunta en el bloque Bajo\u2026","rel":"","context":"En \u00abEnerg\u00eda y Producci\u00f3n\u00bb","block_context":{"text":"Energ\u00eda y Producci\u00f3n","link":"http:\/\/ccnews.com.ar\/prensa\/category\/energia-y-produccion\/"},"img":{"alt_text":"","src":"https:\/\/i0.wp.com\/ccnews.com.ar\/prensa\/wp-content\/uploads\/2017\/08\/ccn-4.jpg?fit=1200%2C675&resize=350%2C200","width":350,"height":200,"srcset":"https:\/\/i0.wp.com\/ccnews.com.ar\/prensa\/wp-content\/uploads\/2017\/08\/ccn-4.jpg?fit=1200%2C675&resize=350%2C200 1x, https:\/\/i0.wp.com\/ccnews.com.ar\/prensa\/wp-content\/uploads\/2017\/08\/ccn-4.jpg?fit=1200%2C675&resize=525%2C300 1,5x, https:\/\/i0.wp.com\/ccnews.com.ar\/prensa\/wp-content\/uploads\/2017\/08\/ccn-4.jpg?fit=1200%2C675&resize=700%2C400 2x, https:\/\/i0.wp.com\/ccnews.com.ar\/prensa\/wp-content\/uploads\/2017\/08\/ccn-4.jpg?fit=1200%2C675&resize=1050%2C600 3x"},"classes":[]},{"id":606,"url":"http:\/\/ccnews.com.ar\/prensa\/exclusivo-uno-de-estos-tres-ejecutivos-sera-el-proximo-ceo-de-ypf\/","url_meta":{"origin":2933,"position":4},"title":"Uno de estos tres ejecutivos ser\u00e1 el pr\u00f3ximo CEO de YPF","author":"CLUSTERciar","date":"31 mayo, 2016","format":false,"excerpt":"La b\u00fasqueda internacional para seleccionar al nuevo CEO de YPF est\u00e1 entrando en su recta final. La consultora Egon Zehnder, a cargo del proceso, configur\u00f3 una lista final de tres candidatos para ocupar el cargo. El corte cuenta, l\u00f3gicamente, con el respaldo del presidente de la mayor petrolera de la\u2026","rel":"","context":"En \u00abManagement\u00bb","block_context":{"text":"Management","link":"http:\/\/ccnews.com.ar\/prensa\/category\/management\/"},"img":{"alt_text":"Ricardo Darr\u00e9 cuenta con una extensa carrera internacional en la francesa Total","src":"http:\/\/i2.wp.com\/elinversoronline.com\/cntnt\/uploads\/2016\/05\/Ricardo-Darr%C3%A9-1.jpg?resize=350%2C200","width":350,"height":200},"classes":[]},{"id":8159,"url":"http:\/\/ccnews.com.ar\/prensa\/en-octubre-chevron-comenzara-con-su-desarrollo-no-convencional-en-el-trapial\/","url_meta":{"origin":2933,"position":5},"title":"En octubre chevron comenzar\u00e1 con su desarrollo no convencional en El Trapial","author":"admin","date":"23 junio, 2018","format":false,"excerpt":"Lo anunci\u00f3 el gobernador Omar Guti\u00e9rrez, tras recibir en Casa de Gobierno al presidente de Chevron para \u00c1frica y Am\u00e9rica Latina, Clay Neff, junto a directivos de la compa\u00f1\u00eda. Se reactiva la zona que ya tiene yacimientos maduros en Rinc\u00f3n de los Sauces. Tras la reuni\u00f3n que el gobernador Omar\u2026","rel":"","context":"En \u00abEnerg\u00eda y Producci\u00f3n\u00bb","block_context":{"text":"Energ\u00eda y Producci\u00f3n","link":"http:\/\/ccnews.com.ar\/prensa\/category\/energia-y-produccion\/"},"img":{"alt_text":"","src":"https:\/\/i0.wp.com\/ccnews.com.ar\/prensa\/wp-content\/uploads\/2018\/06\/20180619205901.jpg?fit=1000%2C633&resize=350%2C200","width":350,"height":200,"srcset":"https:\/\/i0.wp.com\/ccnews.com.ar\/prensa\/wp-content\/uploads\/2018\/06\/20180619205901.jpg?fit=1000%2C633&resize=350%2C200 1x, https:\/\/i0.wp.com\/ccnews.com.ar\/prensa\/wp-content\/uploads\/2018\/06\/20180619205901.jpg?fit=1000%2C633&resize=525%2C300 1,5x, https:\/\/i0.wp.com\/ccnews.com.ar\/prensa\/wp-content\/uploads\/2018\/06\/20180619205901.jpg?fit=1000%2C633&resize=700%2C400 2x"},"classes":[]}],"jetpack_sharing_enabled":true,"_links":{"self":[{"href":"http:\/\/ccnews.com.ar\/prensa\/wp-json\/wp\/v2\/posts\/2933","targetHints":{"allow":["GET"]}}],"collection":[{"href":"http:\/\/ccnews.com.ar\/prensa\/wp-json\/wp\/v2\/posts"}],"about":[{"href":"http:\/\/ccnews.com.ar\/prensa\/wp-json\/wp\/v2\/types\/post"}],"author":[{"embeddable":true,"href":"http:\/\/ccnews.com.ar\/prensa\/wp-json\/wp\/v2\/users\/2"}],"replies":[{"embeddable":true,"href":"http:\/\/ccnews.com.ar\/prensa\/wp-json\/wp\/v2\/comments?post=2933"}],"version-history":[{"count":1,"href":"http:\/\/ccnews.com.ar\/prensa\/wp-json\/wp\/v2\/posts\/2933\/revisions"}],"predecessor-version":[{"id":2937,"href":"http:\/\/ccnews.com.ar\/prensa\/wp-json\/wp\/v2\/posts\/2933\/revisions\/2937"}],"wp:featuredmedia":[{"embeddable":true,"href":"http:\/\/ccnews.com.ar\/prensa\/wp-json\/wp\/v2\/media\/2935"}],"wp:attachment":[{"href":"http:\/\/ccnews.com.ar\/prensa\/wp-json\/wp\/v2\/media?parent=2933"}],"wp:term":[{"taxonomy":"category","embeddable":true,"href":"http:\/\/ccnews.com.ar\/prensa\/wp-json\/wp\/v2\/categories?post=2933"},{"taxonomy":"post_tag","embeddable":true,"href":"http:\/\/ccnews.com.ar\/prensa\/wp-json\/wp\/v2\/tags?post=2933"}],"curies":[{"name":"wp","href":"https:\/\/api.w.org\/{rel}","templated":true}]}}