{"id":2959,"date":"2017-01-26T08:00:21","date_gmt":"2017-01-26T11:00:21","guid":{"rendered":"http:\/\/clusterciarnews.com.ar\/prensa\/?p=2959"},"modified":"2017-01-06T08:31:46","modified_gmt":"2017-01-06T11:31:46","slug":"el-50-de-las-multinacionales-implementan-politicas-de-rse","status":"publish","type":"post","link":"http:\/\/ccnews.com.ar\/prensa\/el-50-de-las-multinacionales-implementan-politicas-de-rse\/","title":{"rendered":"El 50% de las multinacionales implementan pol\u00edticas de RSE"},"content":{"rendered":"<p>De acuerdo a cifras de Michael Page, compa\u00f1\u00eda experta en reclutamiento, actualmente en Chile el 50% de las<strong>empresas multinacionales <\/strong>implementa pr\u00e1cticas de RSE. La creciente<strong> competitividad <\/strong>influye en que se encuentre en este tipo de pol\u00edticas un valor agregado para el negocio. Por lo mismo, los especialistas de PageGroup estiman que la cantidad de <strong>industrias socialmente responsables <\/strong>en el pa\u00eds podr\u00eda aumentar hasta un 70%.<\/p>\n<blockquote><p>Los expertos prev\u00e9n que la cantidad de industrias que implementan pol\u00edticas de RSE podr\u00eda aumentar hasta un 70%. Las mineras, retail, banca, celulosa y telecomunicaciones son las compa\u00f1\u00edas m\u00e1s socialmente responsable en nuestro pa\u00eds, esto\u00a0debido a la creciente competitividad junto con una generaci\u00f3n millennials que est\u00e1 m\u00e1s conectada y sensibilizada, \u00a0ha influido en que hoy las grandes empresas encuentren en estas pr\u00e1cticas \u00a0un agregado de valor para potenciar sus negocios.<\/p><\/blockquote>\n<p>\u201cEsto es m\u00e1s prioritario y factible ejecutar en empresas con dotaciones por sobre los 150 colaboradores. En las Pymes sigue siendo un desaf\u00edo y en general cuesta encontrar departamentos de RSE\u201d, explic\u00f3 Juan Ignacio Silva, gerente de Recursos Humanos para Argentina, Per\u00fa, Colombia y Chile de PageGroup.<\/p>\n<p>La <strong>generaci\u00f3n millennials<\/strong>, la cual est\u00e1 m\u00e1s conectada y sensibilizada con la responsabilidad social, es otro de los factores que puede profundizar en nuevas formas de realizaci\u00f3n organizacional. \u201cLa RSE no solamente se compone del cuidado del <strong>medio ambiente<\/strong>, sino que tambi\u00e9n abarca la participaci\u00f3n activa de las comunidades, el cuidado de los Derechos Humanos, las <strong>pr\u00e1cticas laborales<\/strong>, de operaci\u00f3n y los asuntos de los consumidores. Se trata de buscar un equilibrio entre las labores de la compa\u00f1\u00eda y los efectos que \u00e9sta tiene en su entorno y colaboradores\u201d, agrega Juan Ignacio Silva.<\/p>\n<p>El gerente de la compa\u00f1\u00eda especialista en reclutamiento advierte que la <strong>adopci\u00f3n de estas pr\u00e1cticas<\/strong> pueden ser sencillas y sin la necesidad de tener una<strong> gran inversi\u00f3n econ\u00f3mica<\/strong>, por ejemplo, dar una charla gratuita en una universidad para determinado segmento. Pero tambi\u00e9n existen acciones m\u00e1s complejas, como construir casas, pintar, realizar<strong> talleres <\/strong>y colaborar con sumas econ\u00f3micas a fundaciones u ONG\u2019s. \u201cS\u00f3lo un 5% del presupuesto que vaya apuntado a la RSE, puede ser un valor motivacional para el encargado de Recursos Humanos\u201d, agreg\u00f3 Silva.<\/p>\n<p>Los<strong> beneficios<\/strong> para las compa\u00f1\u00edas que adoptan estas <strong>estrategias corporativas<\/strong>, pueden ser tanto internos como externos. \u201cDesde el punto de vista de la Marca Empleadora, se genera un compromiso, orgullo y sentido de pertenencia en los colaboradores a la organizaci\u00f3n, pero su <strong>impacto <\/strong>es dif\u00edcil de medir. Desde lo econ\u00f3mico, se pueden beneficiar tanto en lo legal como en lo tributario, como por ejemplo cuando se hacen donaciones a organizaciones\u201d, explica el gerente de Recurso Humanos.<\/p>\n<p>En general las pol\u00edticas de RSE no tienen car\u00e1cter obligatorio de participaci\u00f3n. Son acciones que pretenden buscar las motivaciones intr\u00ednsecas de los colaboradores para que puedan aportar desde su espacio. As\u00ed tambi\u00e9n lo expresa tanto la ISO 26000 como las directrices de la OCDE, \u00a0<strong>organizaciones internacionales<\/strong> que orientan a pa\u00edses y compa\u00f1\u00edas en la implementaci\u00f3n de la RSE. En Chile las mineras, retail, banca, celulosa y telecomunicaciones son las industrias que m\u00e1s pol\u00edticas de RSE implementan.<\/p>\n<!-- AddThis Advanced Settings generic via filter on the_content -->","protected":false},"excerpt":{"rendered":"<p>De acuerdo a cifras de Michael Page, compa\u00f1\u00eda experta en reclutamiento, actualmente en Chile el 50% de lasempresas multinacionales implementa<!-- AddThis Advanced Settings generic via filter on get_the_excerpt --><\/p>\n","protected":false},"author":2,"featured_media":2961,"comment_status":"closed","ping_status":"closed","sticky":false,"template":"","format":"standard","meta":{"colormag_page_container_layout":"default_layout","colormag_page_sidebar_layout":"default_layout","jetpack_post_was_ever_published":false,"_jetpack_newsletter_access":"","_jetpack_dont_email_post_to_subs":false,"_jetpack_newsletter_tier_id":0,"_jetpack_memberships_contains_paywalled_content":false,"_jetpack_memberships_contains_paid_content":false,"footnotes":"","jetpack_publicize_message":"","jetpack_publicize_feature_enabled":true,"jetpack_social_post_already_shared":true,"jetpack_social_options":{"image_generator_settings":{"template":"highway","default_image_id":0,"font":"","enabled":false},"version":2}},"categories":[7],"tags":[17],"class_list":["post-2959","post","type-post","status-publish","format-standard","has-post-thumbnail","hentry","category-management","tag-otros-medios"],"jetpack_publicize_connections":[],"jetpack_featured_media_url":"https:\/\/i0.wp.com\/ccnews.com.ar\/prensa\/wp-content\/uploads\/2017\/01\/Sostenibilidad_0.png?fit=660%2C303","jetpack_shortlink":"https:\/\/wp.me\/p7L1gj-LJ","jetpack-related-posts":[{"id":2363,"url":"http:\/\/ccnews.com.ar\/prensa\/la-rse-en-las-agendas-empresariales-esta-avanzando\/","url_meta":{"origin":2959,"position":0},"title":"\u201cLa RSE en las agendas empresariales est\u00e1 avanzando\u201d","author":"CLUSTERciar","date":"24 noviembre, 2016","format":false,"excerpt":"Fernando Passarelli, Coordinador de Valor, RSE + Competitividad, comparte algunas de las iniciativas que realizan a trav\u00e9s de este interesante programa de RSE de la AMIA. El programa Valor, RSE + Competitividad es llevado adelante desde 2009 por Asociaci\u00f3n Mutual Israelita Argentina (AMIA) y patrocinado por el Banco Interamericano de\u2026","rel":"","context":"En \u00abManagement\u00bb","block_context":{"text":"Management","link":"http:\/\/ccnews.com.ar\/prensa\/category\/management\/"},"img":{"alt_text":"noticia-fernandoestebanpassarelli","src":"https:\/\/i0.wp.com\/www.prs.com.ar\/wp-content\/uploads\/2016\/11\/noticia-FernandoEstebanPassarelli-300x336.jpg?resize=350%2C200","width":350,"height":200},"classes":[]},{"id":2987,"url":"http:\/\/ccnews.com.ar\/prensa\/cinco-tendencias-y-un-deseo-para-la-responsabilidad-social-en-2017\/","url_meta":{"origin":2959,"position":1},"title":"Cinco tendencias y un deseo para la responsabilidad social en 2017","author":"CLUSTERciar","date":"21 enero, 2017","format":false,"excerpt":"Con gran acierto el Foro Econ\u00f3mico Mundial (WEF) ha elegido la tem\u00e1tica para su encuentro anual en Davos que tiene lugar este inicio de enero de 2017. El tema se podr\u00eda traducir como \"un liderazgo responsable y capaz de responder\" (\u201cResponsive and Responsible Leadership\"), elevando el tono de la necesidad\u2026","rel":"","context":"En \u00abManagement\u00bb","block_context":{"text":"Management","link":"http:\/\/ccnews.com.ar\/prensa\/category\/management\/"},"img":{"alt_text":"","src":"https:\/\/i0.wp.com\/ccnews.com.ar\/prensa\/wp-content\/uploads\/2017\/01\/tendencias2017_rse.jpg?fit=650%2C433&resize=350%2C200","width":350,"height":200,"srcset":"https:\/\/i0.wp.com\/ccnews.com.ar\/prensa\/wp-content\/uploads\/2017\/01\/tendencias2017_rse.jpg?fit=650%2C433&resize=350%2C200 1x, https:\/\/i0.wp.com\/ccnews.com.ar\/prensa\/wp-content\/uploads\/2017\/01\/tendencias2017_rse.jpg?fit=650%2C433&resize=525%2C300 1,5x"},"classes":[]},{"id":13245,"url":"http:\/\/ccnews.com.ar\/prensa\/como-la-responsabilidad-social-empresarial-puede-impulsar-tu-empresa\/","url_meta":{"origin":2959,"position":2},"title":"C\u00f3mo la Responsabilidad Social Empresarial puede impulsar tu empresa","author":"admin","date":"14 octubre, 2019","format":false,"excerpt":"Las pol\u00edticas de RSC y RSE estar\u00e1n marcadas por la sostenibilidad y la transparencia durante 2019. La responsabilidad social empresarial (RSE), tambi\u00e9n llamada responsabilidad social corporativa (RSC) o inversi\u00f3n socialmente corporativa, se define como la contribuci\u00f3n activa y voluntaria al mejoramiento social, econ\u00f3mico y ambiental por parte de las empresas,\u2026","rel":"","context":"En \u00abEducaci\u00f3n\/Sociedad\u00bb","block_context":{"text":"Educaci\u00f3n\/Sociedad","link":"http:\/\/ccnews.com.ar\/prensa\/category\/educacion-sociedad\/"},"img":{"alt_text":"","src":"https:\/\/i0.wp.com\/ccnews.com.ar\/prensa\/wp-content\/uploads\/2019\/10\/investimento-social.png?fit=900%2C600&resize=350%2C200","width":350,"height":200,"srcset":"https:\/\/i0.wp.com\/ccnews.com.ar\/prensa\/wp-content\/uploads\/2019\/10\/investimento-social.png?fit=900%2C600&resize=350%2C200 1x, https:\/\/i0.wp.com\/ccnews.com.ar\/prensa\/wp-content\/uploads\/2019\/10\/investimento-social.png?fit=900%2C600&resize=525%2C300 1,5x, https:\/\/i0.wp.com\/ccnews.com.ar\/prensa\/wp-content\/uploads\/2019\/10\/investimento-social.png?fit=900%2C600&resize=700%2C400 2x"},"classes":[]},{"id":563,"url":"http:\/\/ccnews.com.ar\/prensa\/la-etica-empresarial-y-la-sostenibilidad-son-el-camino-y-el-ejemplo-de-que-las-empresas-pueden-ser-rentables\/","url_meta":{"origin":2959,"position":3},"title":"La \u00e9tica empresarial y la sostenibilidad son el camino y el ejemplo de que las empresas pueden ser rentables","author":"CLUSTERciar","date":"9 mayo, 2016","format":false,"excerpt":"\u00bfPor qu\u00e9 y c\u00f3mo han incorporado la RSE en el desarrollo estrat\u00e9gico de la organizaci\u00f3n? Desde hace ya muchos a\u00f1os comprendimos que la \u00e9tica empresarial y la sostenibilidad son un camino y ejemplo que muestra que las empresas pueden ser rentables y al mismo tiempo no solo cumplir con la\u2026","rel":"","context":"En \u00abManagement\u00bb","block_context":{"text":"Management","link":"http:\/\/ccnews.com.ar\/prensa\/category\/management\/"},"img":{"alt_text":"","src":"","width":0,"height":0},"classes":[]},{"id":3947,"url":"http:\/\/ccnews.com.ar\/prensa\/las-redes-sociales-y-la-rse\/","url_meta":{"origin":2959,"position":4},"title":"Las redes sociales y la RSE","author":"CLUSTERciar","date":"15 mayo, 2017","format":false,"excerpt":"Las empresas sustentables deben tener en cuenta ciertos aspectos a la hora de comunicar sus planes y acciones de RSE en los medios digitales. En la nota, Claudia Armesto, especialista en RSE, aporta su visi\u00f3n y algunos tips a tener en cuenta. La responsabilidad social empresaria (RSE) est\u00e1 enfocada en\u2026","rel":"","context":"En \u00abManagement\u00bb","block_context":{"text":"Management","link":"http:\/\/ccnews.com.ar\/prensa\/category\/management\/"},"img":{"alt_text":"","src":"https:\/\/i0.wp.com\/ccnews.com.ar\/prensa\/wp-content\/uploads\/2017\/04\/Claudia-Armesto.jpg?fit=592%2C333&resize=350%2C200","width":350,"height":200,"srcset":"https:\/\/i0.wp.com\/ccnews.com.ar\/prensa\/wp-content\/uploads\/2017\/04\/Claudia-Armesto.jpg?fit=592%2C333&resize=350%2C200 1x, https:\/\/i0.wp.com\/ccnews.com.ar\/prensa\/wp-content\/uploads\/2017\/04\/Claudia-Armesto.jpg?fit=592%2C333&resize=525%2C300 1,5x"},"classes":[]},{"id":3389,"url":"http:\/\/ccnews.com.ar\/prensa\/la-rse-es-una-cuestion-de-transformacion-cultural\/","url_meta":{"origin":2959,"position":5},"title":"\u201cLa RSE es una cuesti\u00f3n de transformaci\u00f3n cultural\u201d","author":"CLUSTERciar","date":"7 marzo, 2017","format":false,"excerpt":"Entrevistamos a Mario Roset, Director Ejecutivo de la ONG Wingu, quien nos ofreci\u00f3 su mirada acerca del estado de la RSE en el pa\u00eds. Para Mario Roset, la RSE en Argentina est\u00e1 a\u00fan en su per\u00edodo de afloraci\u00f3n. Sin embargo, considera que la transformaci\u00f3n cultural ya comenz\u00f3. 1. \u00bfCu\u00e1l es\u2026","rel":"","context":"En \u00abManagement\u00bb","block_context":{"text":"Management","link":"http:\/\/ccnews.com.ar\/prensa\/category\/management\/"},"img":{"alt_text":"","src":"https:\/\/i0.wp.com\/ccnews.com.ar\/prensa\/wp-content\/uploads\/2017\/03\/noticia-Wingu-MarioRosetOR-300x336.jpg?fit=300%2C336&resize=350%2C200","width":350,"height":200},"classes":[]}],"jetpack_sharing_enabled":true,"_links":{"self":[{"href":"http:\/\/ccnews.com.ar\/prensa\/wp-json\/wp\/v2\/posts\/2959","targetHints":{"allow":["GET"]}}],"collection":[{"href":"http:\/\/ccnews.com.ar\/prensa\/wp-json\/wp\/v2\/posts"}],"about":[{"href":"http:\/\/ccnews.com.ar\/prensa\/wp-json\/wp\/v2\/types\/post"}],"author":[{"embeddable":true,"href":"http:\/\/ccnews.com.ar\/prensa\/wp-json\/wp\/v2\/users\/2"}],"replies":[{"embeddable":true,"href":"http:\/\/ccnews.com.ar\/prensa\/wp-json\/wp\/v2\/comments?post=2959"}],"version-history":[{"count":1,"href":"http:\/\/ccnews.com.ar\/prensa\/wp-json\/wp\/v2\/posts\/2959\/revisions"}],"predecessor-version":[{"id":2963,"href":"http:\/\/ccnews.com.ar\/prensa\/wp-json\/wp\/v2\/posts\/2959\/revisions\/2963"}],"wp:featuredmedia":[{"embeddable":true,"href":"http:\/\/ccnews.com.ar\/prensa\/wp-json\/wp\/v2\/media\/2961"}],"wp:attachment":[{"href":"http:\/\/ccnews.com.ar\/prensa\/wp-json\/wp\/v2\/media?parent=2959"}],"wp:term":[{"taxonomy":"category","embeddable":true,"href":"http:\/\/ccnews.com.ar\/prensa\/wp-json\/wp\/v2\/categories?post=2959"},{"taxonomy":"post_tag","embeddable":true,"href":"http:\/\/ccnews.com.ar\/prensa\/wp-json\/wp\/v2\/tags?post=2959"}],"curies":[{"name":"wp","href":"https:\/\/api.w.org\/{rel}","templated":true}]}}