{"id":2965,"date":"2017-01-27T08:00:06","date_gmt":"2017-01-27T11:00:06","guid":{"rendered":"http:\/\/clusterciarnews.com.ar\/prensa\/?p=2965"},"modified":"2017-01-06T08:34:09","modified_gmt":"2017-01-06T11:34:09","slug":"el-cambio-de-ypf-para-optimizar-sus-operaciones-y-relanzar-la-inversion-en-gas","status":"publish","type":"post","link":"http:\/\/ccnews.com.ar\/prensa\/el-cambio-de-ypf-para-optimizar-sus-operaciones-y-relanzar-la-inversion-en-gas\/","title":{"rendered":"El cambio de YPF para optimizar sus operaciones y relanzar la inversi\u00f3n en gas"},"content":{"rendered":"<p>La petrolera reestatizada bajar\u00e1 equipos en la cuenca Neuquina. Lo hace como resultado de la ca\u00edda del precio interno del petr\u00f3leo, pero con el objetivo de ganar eficiencia en sus operaciones para concentrarse en la producci\u00f3n de gas convencional y tambi\u00e9n de tight y shale gas. La negociaci\u00f3n con el gremio petrolero.<\/p>\n<p>YPF defini\u00f3 a fines de noviembre no reactivar 33 equipos torre (perforaci\u00f3n, pulling y workover) que manten\u00eda en stand by en la cuenca Neuquina desde febrero en el marco de un Procedimiento Preventivo de Crisis (PPC) firmado con los sindicatos petroleros y las c\u00e1maras que agrupan a las empresas productoras y de servicios (Ceph y Ceope). En la pr\u00e1ctica, eso implicar\u00e1 que cerca de 1.700 trabajadores contratos por compa\u00f1\u00edas de servicios \u2013entre las que figura H&amp;P, San Antonio, DLS, Nabors y Quintana, entre otros\u2013 pierdan su puesto en los pr\u00f3ximos d\u00edas.<br \/>\nCon un petr\u00f3leo en torno a los u$s 50 a nivel internacional y sin certezas claras en torno a cu\u00e1l ser\u00e1 la pol\u00edtica petrolera que aplicar\u00e1 el Gobierno durante 2017, la petrolera estatizada decidi\u00f3 avanzar en la adecuaci\u00f3n de sus niveles de actividad en la cuenca para garantizar la sustentabilidad de su actividad. En n\u00fameros, el mantenimiento de 33 equipos en stand by \u2013es decir, en reserva, sin utilizaci\u00f3n efectiva\u2013 le cost\u00f3 a la empresa cerca de u$s 100 millones durante todo 2016. No hay margen para seguir adelante con una erogaci\u00f3n de esa envergadura durante el a\u00f1o que viene.<br \/>\nEl objetivo de YPF es ganar eficiencia en sus operaciones para concentrarse en la producci\u00f3n de gas convencional y en especial de tight gas, el gas proveniente de arenas compactas que ya representa un 20% de la producci\u00f3n total del fluido de la compa\u00f1\u00eda.<br \/>\nLa petrolera reestatizada defini\u00f3 tambi\u00e9n la salida de Sergio Affronti, quien hasta diciembre estuvo a cargo de la poderosa Vicepresidencia de Servicios Compartidos, que manej\u00f3 el v\u00ednculo con las empresas de servicios petroleros.<\/p>\n<blockquote class=\"td_quote_box td_box_center\">\n<h5><strong>Con un petr\u00f3leo en torno a los u$s 50 a nivel internacional y sin certezas claras en torno a cu\u00e1l ser\u00e1 la pol\u00edtica petrolera que aplicar\u00e1 el Gobierno durante 2017, la petrolera estatizada decidi\u00f3 avanzar en la adecuaci\u00f3n de sus niveles de actividad en la cuenca para garantizar la sustentabilidad de su actividad.<\/strong><\/h5>\n<p>&nbsp;<\/p><\/blockquote>\n<p><strong>Negociaci\u00f3n<\/strong><\/p>\n<p><a class=\"td-modal-image\" href=\"https:\/\/i0.wp.com\/revistapetroquimica.com\/wp-content\/uploads\/2016\/12\/Guillermo-Pereyra-N.jpg\"><img data-recalc-dims=\"1\" loading=\"lazy\" decoding=\"async\" class=\"size-medium wp-image-36847 alignright td-animation-stack-type0-2\" src=\"https:\/\/i0.wp.com\/revistapetroquimica.com\/wp-content\/uploads\/2016\/12\/Guillermo-Pereyra-N-300x246.jpg?resize=300%2C246\" sizes=\"auto, (max-width: 300px) 100vw, 300px\" srcset=\"http:\/\/revistapetroquimica.com\/wp-content\/uploads\/2016\/12\/Guillermo-Pereyra-N-300x246.jpg 300w, http:\/\/revistapetroquimica.com\/wp-content\/uploads\/2016\/12\/Guillermo-Pereyra-N.jpg 350w\" alt=\"\" width=\"300\" height=\"246\" \/><\/a>Frente a ese escenario, el l\u00edder del Sindicato de Petr\u00f3leo y Gas Privados de la cuenca Neuquina, Guillermo Pereyra, declar\u00f3 a la prensa neuquina que el gremio presentar\u00e1 un plan de medidas de fuerza para resistir la medida de la petrolera, el mayor jugador de la industria. \u201cNo vamos a permitir despidos. \u201cEs una responsabilidad del Estado porque esto no est\u00e1 ocurriendo en otras grandes empresas como Pan American Energy (PAE) o la francesa Total\u201d, acus\u00f3 en di\u00e1logo con la radio LU5.<br \/>\nEl sindicalista qued\u00f3 inmerso en un delicado escenario de m\u00faltiples variables de compleja resoluci\u00f3n. Por un lado, sabe que YPF est\u00e1 obligada a recortar Capex porque no puede continuar con el ritmo de inversi\u00f3n de a\u00f1os anteriores como resultado de la ca\u00edda del precio interno del petr\u00f3leo y del elevado nivel de endeudamiento de la empresa. Eso implicar\u00e1, en los hechos, una baja de la actividad de la mayor petrolera de la cuenca y, por consiguiente, en una reducci\u00f3n del personal contratado. En ese punto, la meta de Pereyra es encontrar instrumentos para morigerar el impacto social de la medida.<br \/>\nEn esa clave, el gremialista \u2013que a su vez es senador nacional por Neuqu\u00e9n por el MPN y preside la Comisi\u00f3n de Energ\u00eda de la c\u00e1mara alta\u2013 le solicit\u00f3 al presidente Mauricio Macri un subsidio para 1.000 trabajadores por $ 20.000 mensuales. Seg\u00fan confiaron a <strong><em>Revista Petroqu\u00edmica, Petr\u00f3leo, Gas, Qu\u00edmica &amp; Energ\u00eda<\/em><\/strong> fuentes vinculadas a esa negociaci\u00f3n, el Ejecutivo acceder\u00eda a ese pedido. En los hechos, Pereyra pretende lograr un paliativo para que dos tercios de los trabajadores que se estima ser\u00e1n despedidos tengan un subsidio durante 2017, de cara a ganar tiempo hasta 2018, que es cuando realmente se aspira a que se reactive la actividad en Neuqu\u00e9n. Al mismo tiempo, aspira a que YPF vuelva sobre sus pasos y reincorpore a cerca de 500 trabajadores que planea cesantear.<\/p>\n<blockquote class=\"td_quote_box td_box_center\">\n<h5><strong>Pereyra est\u00e1 terminando de definir los detalles de la adenda al Convenio Colectivo de Trabajo que se aplicar\u00e1 para el desarrollo de yacimientos no convencionales en Neuqu\u00e9n.<\/strong><\/h5>\n<p>&nbsp;<\/p><\/blockquote>\n<p><strong>Convenio colectivo<\/strong><\/p>\n<p>Por otro lado, Pereyra est\u00e1 terminando de definir los detalles de la adenda al Convenio Colectivo de Trabajo que se aplicar\u00e1 para el desarrollo de yacimientos no convencionales en Neuqu\u00e9n. El propio Macri est\u00e1 al frente de ese acuerdo, que considera vital para traccionar inversiones en Vaca Muerta. De hecho, el presidente quiere anunciar la firma del nuevo convenio laboral el 13 de diciembre durante el tradicional almuerzo por el D\u00eda del Petr\u00f3leo. El Gobierno aprovechar\u00e1 ese evento para presentar tambi\u00e9n un acuerdo federal apuntalado por provincias petroleras, que incluir\u00e1 anuncios relacionados a un nuevo programa de est\u00edmulo para el desarrollo de gas y certezas en torno al precio dom\u00e9stico del precio del crudo.<br \/>\nEn ese aspecto, Pereyra considera que la decisi\u00f3n de YPF de anunciar la baja definitiva de 33 equipos de negociaci\u00f3n le da margen interno con sus propias bases y tambi\u00e9n con el Gobierno para exigir una mejora en las condiciones en que se firmar\u00e1 la adenda al convenio laboral para proyectos no convencionales.<br \/>\n\u201cPereyra sabe perfectamente que no tiene sentido firmar un nuevo convenio colectivo si a la semana YPF va a anunciar una baja de la actividad. Es l\u00f3gico, estar\u00eda dilapidando capital pol\u00edtico. Prefiere, en cambio, que YPF y el resto de las petroleras realicen el ajuste ahora para luego tener margen de firmar un acuerdo que permitir\u00e1 a mediano plazo una mejora de la actividad\u201d, explic\u00f3 un empresario petrolero que lo conoce bien.<br \/>\nHabr\u00e1 que ver si el Gobierno se mueve con la suficiente prestancia para contener el conflicto antes del 13 de diciembre. \u00a9<\/p>\n<p>&nbsp;<\/p>\n<p>Fuente: Revista Petroquimica<\/p>\n<!-- AddThis Advanced Settings generic via filter on the_content -->","protected":false},"excerpt":{"rendered":"<p>La petrolera reestatizada bajar\u00e1 equipos en la cuenca Neuquina. Lo hace como resultado de la ca\u00edda del precio interno del<!-- AddThis Advanced Settings generic via filter on get_the_excerpt --><\/p>\n","protected":false},"author":2,"featured_media":2967,"comment_status":"closed","ping_status":"closed","sticky":false,"template":"","format":"standard","meta":{"colormag_page_container_layout":"default_layout","colormag_page_sidebar_layout":"default_layout","jetpack_post_was_ever_published":false,"_jetpack_newsletter_access":"","_jetpack_dont_email_post_to_subs":false,"_jetpack_newsletter_tier_id":0,"_jetpack_memberships_contains_paywalled_content":false,"_jetpack_memberships_contains_paid_content":false,"footnotes":"","jetpack_publicize_message":"","jetpack_publicize_feature_enabled":true,"jetpack_social_post_already_shared":true,"jetpack_social_options":{"image_generator_settings":{"template":"highway","default_image_id":0,"font":"","enabled":false},"version":2}},"categories":[11],"tags":[17],"class_list":["post-2965","post","type-post","status-publish","format-standard","has-post-thumbnail","hentry","category-energia-y-produccion","tag-otros-medios"],"jetpack_publicize_connections":[],"jetpack_featured_media_url":"https:\/\/i0.wp.com\/ccnews.com.ar\/prensa\/wp-content\/uploads\/2017\/01\/El-cambio-de-YPF-para-optimizar-D.jpg?fit=540%2C400","jetpack_shortlink":"https:\/\/wp.me\/p7L1gj-LP","jetpack-related-posts":[{"id":1771,"url":"http:\/\/ccnews.com.ar\/prensa\/ypf-apuesta-por-el-tight-que-ya-representa-el-20-de-su-produccion-de-gas\/","url_meta":{"origin":2965,"position":0},"title":"YPF apuesta por el tight, que ya representa el 20% de su producci\u00f3n de gas","author":"CLUSTERciar","date":"28 septiembre, 2016","format":false,"excerpt":"La petrolera bajo control estatal est\u00e1 incrementando la producci\u00f3n de tight gas en tres proyectos en Lajas (Loma La Lata), Rinc\u00f3n del Mangrullo y Estaci\u00f3n Fern\u00e1ndez Oro, todos en la cuenca Neuquina. Con la compra de R\u00edo Neuqu\u00e9n, un \u00e1rea que explotar\u00e1 junto con Pampa Energ\u00eda y Petrobras, prev\u00e9 elevar\u2026","rel":"","context":"En \u00abSustentabilidad\u00bb","block_context":{"text":"Sustentabilidad","link":"http:\/\/ccnews.com.ar\/prensa\/category\/sustentabilidad\/"},"img":{"alt_text":"","src":"","width":0,"height":0},"classes":[]},{"id":8521,"url":"http:\/\/ccnews.com.ar\/prensa\/vaca-muerta-es-lider-en-cantidad-de-equipos-2\/","url_meta":{"origin":2965,"position":1},"title":"Vaca Muerta es l\u00edder en cantidad de equipos","author":"CLUSTERciar","date":"7 agosto, 2018","format":false,"excerpt":"La formaci\u00f3n no convencional alcanz\u00f3 el mayor n\u00famero de los \u00faltimos dos a\u00f1os y concentra casi la mitad de las torres de perforaci\u00f3n en actividad en el pa\u00eds. Proyectan incorporar un tercio m\u00e1s para el primer trimestre del 2019. Hablar de Vaca Muerta se ha convertido en los \u00faltimos a\u00f1os\u2026","rel":"","context":"En \u00abEnerg\u00eda y Producci\u00f3n\u00bb","block_context":{"text":"Energ\u00eda y Producci\u00f3n","link":"http:\/\/ccnews.com.ar\/prensa\/category\/energia-y-produccion\/"},"img":{"alt_text":"","src":"https:\/\/i0.wp.com\/ccnews.com.ar\/prensa\/wp-content\/uploads\/2018\/07\/image_content_9910397_20180719033554.jpg?fit=660%2C370&resize=350%2C200","width":350,"height":200,"srcset":"https:\/\/i0.wp.com\/ccnews.com.ar\/prensa\/wp-content\/uploads\/2018\/07\/image_content_9910397_20180719033554.jpg?fit=660%2C370&resize=350%2C200 1x, https:\/\/i0.wp.com\/ccnews.com.ar\/prensa\/wp-content\/uploads\/2018\/07\/image_content_9910397_20180719033554.jpg?fit=660%2C370&resize=525%2C300 1,5x"},"classes":[]},{"id":8443,"url":"http:\/\/ccnews.com.ar\/prensa\/vaca-muerta-es-lider-en-cantidad-de-equipos\/","url_meta":{"origin":2965,"position":2},"title":"Vaca Muerta es l\u00edder en cantidad de equipos","author":"CLUSTERciar","date":"20 julio, 2018","format":false,"excerpt":"La formaci\u00f3n no convencional alcanz\u00f3 el mayor n\u00famero de los \u00faltimos dos a\u00f1os y concentra casi la mitad de las torres de perforaci\u00f3n en actividad en el pa\u00eds. Proyectan incorporar un tercio m\u00e1s para el primer trimestre del 2019. Hablar de Vaca Muerta se ha convertido en los \u00faltimos a\u00f1os\u2026","rel":"","context":"En \u00abEnerg\u00eda y Producci\u00f3n\u00bb","block_context":{"text":"Energ\u00eda y Producci\u00f3n","link":"http:\/\/ccnews.com.ar\/prensa\/category\/energia-y-produccion\/"},"img":{"alt_text":"","src":"https:\/\/i0.wp.com\/ccnews.com.ar\/prensa\/wp-content\/uploads\/2018\/07\/perforaciones190718.jpg?fit=250%2C250&resize=350%2C200","width":350,"height":200},"classes":[]},{"id":9441,"url":"http:\/\/ccnews.com.ar\/prensa\/autorizan-a-ypf-a-exportar-gas-de-vaca-muerta-a-chile\/","url_meta":{"origin":2965,"position":3},"title":"Autorizan a YPF a exportar gas de Vaca Muerta a Chile","author":"CLUSTERciar","date":"20 noviembre, 2018","format":false,"excerpt":"La empresa estatal podr\u00e1 exportar gas por un volumen m\u00e1ximo de 1.500.000 metros c\u00fabicos por d\u00eda de gas natural de 9.300 kilocalor\u00edas hasta las 06 del 1 de mayo de 2019, de las \u00e1reas El Port\u00f3n y\/o Loma La Lata-Sierra Barrosa, en la cuenca neuquina. El Gobierno Nacional autoriz\u00f3 este\u2026","rel":"","context":"En \u00abEnerg\u00eda y Producci\u00f3n\u00bb","block_context":{"text":"Energ\u00eda y Producci\u00f3n","link":"http:\/\/ccnews.com.ar\/prensa\/category\/energia-y-produccion\/"},"img":{"alt_text":"","src":"https:\/\/i0.wp.com\/ccnews.com.ar\/prensa\/wp-content\/uploads\/2018\/11\/20181114101201.jpg?fit=694%2C515&resize=350%2C200","width":350,"height":200,"srcset":"https:\/\/i0.wp.com\/ccnews.com.ar\/prensa\/wp-content\/uploads\/2018\/11\/20181114101201.jpg?fit=694%2C515&resize=350%2C200 1x, https:\/\/i0.wp.com\/ccnews.com.ar\/prensa\/wp-content\/uploads\/2018\/11\/20181114101201.jpg?fit=694%2C515&resize=525%2C300 1,5x"},"classes":[]},{"id":6923,"url":"http:\/\/ccnews.com.ar\/prensa\/un-modelo-de-alta-velocidad-en-vaca-muerta\/","url_meta":{"origin":2965,"position":4},"title":"Un modelo de alta velocidad en Vaca Muerta","author":"admin","date":"20 febrero, 2018","format":false,"excerpt":"Tecpetrol est\u00e1 a punto de conectar 11 pozos con los que espera triplicar su producci\u00f3n de shale gas en menos de 18 meses. \u00a0 La corta historia de los no convencionales argentinos, un texto exclusivo de la Cuenca Neuquina, ya acumula varios modelos de desarrollo. Primero fue YPF con una\u2026","rel":"","context":"En \u00abSustentabilidad\u00bb","block_context":{"text":"Sustentabilidad","link":"http:\/\/ccnews.com.ar\/prensa\/category\/sustentabilidad\/"},"img":{"alt_text":"","src":"https:\/\/i0.wp.com\/ccnews.com.ar\/prensa\/wp-content\/uploads\/2018\/02\/image_content_9313387_20180131213301.jpg?fit=660%2C370&resize=350%2C200","width":350,"height":200,"srcset":"https:\/\/i0.wp.com\/ccnews.com.ar\/prensa\/wp-content\/uploads\/2018\/02\/image_content_9313387_20180131213301.jpg?fit=660%2C370&resize=350%2C200 1x, https:\/\/i0.wp.com\/ccnews.com.ar\/prensa\/wp-content\/uploads\/2018\/02\/image_content_9313387_20180131213301.jpg?fit=660%2C370&resize=525%2C300 1,5x"},"classes":[]},{"id":4827,"url":"http:\/\/ccnews.com.ar\/prensa\/neuquen-se-debera-desarrollar-mas-infraestructura-para-transportar-gas\/","url_meta":{"origin":2965,"position":5},"title":"NEUQU\u00c9N: SE DEBER\u00c1 DESARROLLAR M\u00c1S INFRAESTRUCTURA PARA TRANSPORTAR GAS","author":"CLUSTERciar","date":"28 julio, 2017","format":false,"excerpt":"Por ahora, no habr\u00eda problemas para transportarlo hasta el 2020. De concretarse todas las inversiones, ser\u00e1 necesario invertir para evitar un cuello de botella que complique el traslado de metros c\u00fabicos de gas. La extracci\u00f3n de gas en la cuenca neuquina, que creci\u00f3 de manera sostenida en el 2017 y\u2026","rel":"","context":"En \u00abEnerg\u00eda y Producci\u00f3n\u00bb","block_context":{"text":"Energ\u00eda y Producci\u00f3n","link":"http:\/\/ccnews.com.ar\/prensa\/category\/energia-y-produccion\/"},"img":{"alt_text":"","src":"https:\/\/i0.wp.com\/ccnews.com.ar\/prensa\/wp-content\/uploads\/2017\/07\/1500397329_792129_1500397489_noticia_normal_recorte1-3.jpg?fit=1000%2C750&resize=350%2C200","width":350,"height":200,"srcset":"https:\/\/i0.wp.com\/ccnews.com.ar\/prensa\/wp-content\/uploads\/2017\/07\/1500397329_792129_1500397489_noticia_normal_recorte1-3.jpg?fit=1000%2C750&resize=350%2C200 1x, https:\/\/i0.wp.com\/ccnews.com.ar\/prensa\/wp-content\/uploads\/2017\/07\/1500397329_792129_1500397489_noticia_normal_recorte1-3.jpg?fit=1000%2C750&resize=525%2C300 1,5x, https:\/\/i0.wp.com\/ccnews.com.ar\/prensa\/wp-content\/uploads\/2017\/07\/1500397329_792129_1500397489_noticia_normal_recorte1-3.jpg?fit=1000%2C750&resize=700%2C400 2x"},"classes":[]}],"jetpack_sharing_enabled":true,"_links":{"self":[{"href":"http:\/\/ccnews.com.ar\/prensa\/wp-json\/wp\/v2\/posts\/2965","targetHints":{"allow":["GET"]}}],"collection":[{"href":"http:\/\/ccnews.com.ar\/prensa\/wp-json\/wp\/v2\/posts"}],"about":[{"href":"http:\/\/ccnews.com.ar\/prensa\/wp-json\/wp\/v2\/types\/post"}],"author":[{"embeddable":true,"href":"http:\/\/ccnews.com.ar\/prensa\/wp-json\/wp\/v2\/users\/2"}],"replies":[{"embeddable":true,"href":"http:\/\/ccnews.com.ar\/prensa\/wp-json\/wp\/v2\/comments?post=2965"}],"version-history":[{"count":1,"href":"http:\/\/ccnews.com.ar\/prensa\/wp-json\/wp\/v2\/posts\/2965\/revisions"}],"predecessor-version":[{"id":2969,"href":"http:\/\/ccnews.com.ar\/prensa\/wp-json\/wp\/v2\/posts\/2965\/revisions\/2969"}],"wp:featuredmedia":[{"embeddable":true,"href":"http:\/\/ccnews.com.ar\/prensa\/wp-json\/wp\/v2\/media\/2967"}],"wp:attachment":[{"href":"http:\/\/ccnews.com.ar\/prensa\/wp-json\/wp\/v2\/media?parent=2965"}],"wp:term":[{"taxonomy":"category","embeddable":true,"href":"http:\/\/ccnews.com.ar\/prensa\/wp-json\/wp\/v2\/categories?post=2965"},{"taxonomy":"post_tag","embeddable":true,"href":"http:\/\/ccnews.com.ar\/prensa\/wp-json\/wp\/v2\/tags?post=2965"}],"curies":[{"name":"wp","href":"https:\/\/api.w.org\/{rel}","templated":true}]}}