{"id":2975,"date":"2017-01-14T08:00:45","date_gmt":"2017-01-14T11:00:45","guid":{"rendered":"http:\/\/clusterciarnews.com.ar\/prensa\/?p=2975"},"modified":"2017-01-13T11:38:17","modified_gmt":"2017-01-13T14:38:17","slug":"por-que-jeff-bezos-desafio-los-limites","status":"publish","type":"post","link":"http:\/\/ccnews.com.ar\/prensa\/por-que-jeff-bezos-desafio-los-limites\/","title":{"rendered":"Por qu\u00e9 Jeff Bezos desafi\u00f3 los l\u00edmites"},"content":{"rendered":"<p class=\"bajada\">El creador de Amazon encuentra en la innovaci\u00f3n permanente un norte para su empresa<\/p>\n<p><iframe loading=\"lazy\" src=\"http:\/\/www.lanacion.com.ar\/herramientas\/modal-video\/-multimedio_id=92103\" width=\"100%\" height=\"650\">Fuente: La Naci\u00f3n&nbsp;<\/p>\n<p><\/iframe><\/p>\n<!-- AddThis Advanced Settings generic via filter on the_content -->","protected":false},"excerpt":{"rendered":"<p>El creador de Amazon encuentra en la innovaci\u00f3n permanente un norte para su empresa Fuente: La Naci\u00f3n&nbsp;<!-- AddThis Advanced Settings generic via filter on get_the_excerpt --><\/p>\n","protected":false},"author":2,"featured_media":2977,"comment_status":"closed","ping_status":"closed","sticky":false,"template":"","format":"standard","meta":{"colormag_page_container_layout":"default_layout","colormag_page_sidebar_layout":"default_layout","jetpack_post_was_ever_published":false,"_jetpack_newsletter_access":"","_jetpack_dont_email_post_to_subs":false,"_jetpack_newsletter_tier_id":0,"_jetpack_memberships_contains_paywalled_content":false,"_jetpack_memberships_contains_paid_content":false,"footnotes":"","jetpack_publicize_message":"","jetpack_publicize_feature_enabled":true,"jetpack_social_post_already_shared":true,"jetpack_social_options":{"image_generator_settings":{"template":"highway","default_image_id":0,"font":"","enabled":false},"version":2}},"categories":[7],"tags":[17],"class_list":["post-2975","post","type-post","status-publish","format-standard","has-post-thumbnail","hentry","category-management","tag-otros-medios"],"jetpack_publicize_connections":[],"jetpack_featured_media_url":"https:\/\/i0.wp.com\/ccnews.com.ar\/prensa\/wp-content\/uploads\/2017\/01\/Untitled-1.jpg?fit=800%2C452","jetpack_shortlink":"https:\/\/wp.me\/p7L1gj-LZ","jetpack-related-posts":[],"jetpack_sharing_enabled":true,"_links":{"self":[{"href":"http:\/\/ccnews.com.ar\/prensa\/wp-json\/wp\/v2\/posts\/2975","targetHints":{"allow":["GET"]}}],"collection":[{"href":"http:\/\/ccnews.com.ar\/prensa\/wp-json\/wp\/v2\/posts"}],"about":[{"href":"http:\/\/ccnews.com.ar\/prensa\/wp-json\/wp\/v2\/types\/post"}],"author":[{"embeddable":true,"href":"http:\/\/ccnews.com.ar\/prensa\/wp-json\/wp\/v2\/users\/2"}],"replies":[{"embeddable":true,"href":"http:\/\/ccnews.com.ar\/prensa\/wp-json\/wp\/v2\/comments?post=2975"}],"version-history":[{"count":2,"href":"http:\/\/ccnews.com.ar\/prensa\/wp-json\/wp\/v2\/posts\/2975\/revisions"}],"predecessor-version":[{"id":3143,"href":"http:\/\/ccnews.com.ar\/prensa\/wp-json\/wp\/v2\/posts\/2975\/revisions\/3143"}],"wp:featuredmedia":[{"embeddable":true,"href":"http:\/\/ccnews.com.ar\/prensa\/wp-json\/wp\/v2\/media\/2977"}],"wp:attachment":[{"href":"http:\/\/ccnews.com.ar\/prensa\/wp-json\/wp\/v2\/media?parent=2975"}],"wp:term":[{"taxonomy":"category","embeddable":true,"href":"http:\/\/ccnews.com.ar\/prensa\/wp-json\/wp\/v2\/categories?post=2975"},{"taxonomy":"post_tag","embeddable":true,"href":"http:\/\/ccnews.com.ar\/prensa\/wp-json\/wp\/v2\/tags?post=2975"}],"curies":[{"name":"wp","href":"https:\/\/api.w.org\/{rel}","templated":true}]}}