{"id":2987,"date":"2017-01-21T08:00:01","date_gmt":"2017-01-21T11:00:01","guid":{"rendered":"http:\/\/clusterciarnews.com.ar\/prensa\/?p=2987"},"modified":"2017-01-12T16:15:41","modified_gmt":"2017-01-12T19:15:41","slug":"cinco-tendencias-y-un-deseo-para-la-responsabilidad-social-en-2017","status":"publish","type":"post","link":"http:\/\/ccnews.com.ar\/prensa\/cinco-tendencias-y-un-deseo-para-la-responsabilidad-social-en-2017\/","title":{"rendered":"Cinco tendencias y un deseo para la responsabilidad social en 2017"},"content":{"rendered":"<div class=\"introtext\">Con gran acierto el Foro Econ\u00f3mico Mundial (WEF) ha elegido la tem\u00e1tica para su encuentro anual en Davos que tiene lugar este inicio de enero de 2017. El tema se podr\u00eda traducir como &#8220;un liderazgo responsable y capaz de responder&#8221; (\u201cResponsive and Responsible Leadership&#8221;), elevando el tono de la necesidad de una gesti\u00f3n \u00e9tica y socialmente responsable como elemento clave tanto para el sector p\u00fablico como privado en el contexto actual. Del tema de fondo se desprenden 5 aspectos fundamentales para el 2017 que me permito trasladar desde el \u00e1ngulo de la RSE\/sostenibilidad<\/div>\n<div class=\"introtext\"><\/div>\n<div class=\"introtext\"><\/div>\n<div class=\"intro-image item-image\"><\/div>\n<div class=\"intro-image item-image\">\n<ol>\n<li>Construyendo la gobernanza para la sostenibilidad. Una vez comprendido que necesitamos una agenda mundial para resolver los aspectos globales fundamentales, en 2017 veremos un alineamiento m\u00e1s profundo de pol\u00edticas p\u00fablicas y privadas con los aspectos de sostenibilidad. Los ODS\u00a0comenzar\u00e1n m\u00e1s claramente a formar parte de la agenda estructural de algunos <a href=\"http:\/\/reds-sdsn.es\/wp-content\/uploads\/2016\/12\/SDG-Index-ES-Executive-Summary.pdf\">pa\u00edses<\/a> y <a href=\"http:\/\/ec.europa.eu\/eurostat\/documents\/3217494\/7745644\/KS-02-16-996-EN-N.pdf\/eae6b7f9-d06c-4c83-b16f-c72b0779ad03\">regiones<\/a>. En este sentido veremos este alineamiento desde la Comisi\u00f3n Europea, donde se espera un avance en su <a href=\"http:\/\/eur-lex.europa.eu\/legal-content\/ES\/TXT\/PDF\/?uri=CELEX:52011DC0681&amp;from=ES\">Estrategia de RSE<\/a>, a pa\u00edses alentados por las pr\u00e1cticas responsables exigidas por la OCDE como por ejemplo Per\u00fa, Colombia o <a href=\"http:\/\/www.foretica.org\/prensa\/actualidad-internacional-rse\/\">Costa Rica<\/a> e incluso ESPA\u00d1A donde esperamos que una vez formado gobierno se deber\u00eda impulsar decididamente la <a href=\"http:\/\/www.empleo.gob.es\/es\/sec_trabajo\/EERSE_WEB.pdf\">Estrategia Nacional de RSE<\/a>. Tambi\u00e9n en las empresas continuar\u00e1 las tendencia creciente de <a href=\"http:\/\/www.foretica.org\/tematicas\/objetivos-desarrollo-sostenible-ods\/\">incluir los ODS en su estrategia<\/a>. Para el buen gobierno es necesaria la transparencia en los objetivos\u00a0propuestos, as\u00ed como la rendici\u00f3n de cuentas. Estos aspectos seguir\u00e1n incidiendo en el sector privado tal como sucedi\u00f3 el a\u00f1o pasado. La entrada en vigor de las exigencias de la <a href=\"http:\/\/eur-lex.europa.eu\/legal-content\/ES\/TXT\/PDF\/?uri=CELEX:32014L0095&amp;from=ES\">Directiva de divulgaci\u00f3n de informaci\u00f3n no financiera<\/a>, el incremento de empresas cotizadas respondiendo de forma positiva a las <a href=\"http:\/\/www.foretica.org\/prensa\/las-empresas-miembro-del-cluster-de-transparencia-analizan-tendencias-clave-para-2017\/\">recomendaciones de la CNMV<\/a>, la normativa contra la elusi\u00f3n fiscal o el reforzamiento de los c\u00f3digos de conducta y las \u00e1reas de cumplimiento formar\u00e1n parte de la <a href=\"http:\/\/www.foretica.org\/programas\/cluster-transparencia\/\">agenda empresarial<\/a>. Por supuesto no todo ser\u00e1n buenas noticias. Asistiremos probablemente en 2017 a nuevos casos de empresas incapaces de adaptarse a un entorno de transparencia y buen gobierno que volver\u00e1n a protagonizar casos con implicaciones negativas para todos sus grupos de inter\u00e9s (empleados, accionistas, administraci\u00f3n, proveedores, medio ambiente etc.). Casos que nos deben reafirmar a\u00fan m\u00e1s en la necesidad de un liderazgo y una gesti\u00f3n responsables. Habr\u00e1 incertidumbre tambi\u00e9n sobre c\u00f3mo ser\u00e1 la llegada a partir del 20 de enero de Donald Trump a la presidencia de EEUU. \u00bfQu\u00e9 pasar\u00e1 por ejemplo con el reciente <a href=\"http:\/\/ow.ly\/oIkP307C2QB\">plan nacional para la conducta responsable de los negocios<\/a>?<\/li>\n<li>Futuro del empleo y empleos con futuro. La cuarta revoluci\u00f3n industrial ha empezado y se disparan muchos dilemas. La necesidad, por ejemplo, de crear empleo frente a la velocidad de la robotizaci\u00f3n en muchos sectores necesita una aproximaci\u00f3n responsable. La colaboraci\u00f3n de empresas, administraci\u00f3n y sociedad civil resulta fundamental tanto para incrementar el <a href=\"http:\/\/www.foretica.org\/programas\/enterprise-2020\/\">empleo joven<\/a> como para dotar de empleabilidad a los profesionales que necesiten adaptarse. Los datos de reducci\u00f3n del desempleo son alentadores y esperamos que se reduzcan m\u00e1s este a\u00f1o. Pero tienen que convivir con la adaptaci\u00f3n tambi\u00e9n a medidas de promoci\u00f3n de la igualdad, gesti\u00f3n de la diversidad, la conciliaci\u00f3n y, en definitiva, la calidad del empleo si queremos mejores empresas y organizaciones. Necesitaremos potenciar las habilidades y vocaciones <a href=\"http:\/\/www.foretica.org\/programas\/deploy-your-talents\/\">STEM<\/a>, as\u00ed como potenciar la <a href=\"http:\/\/www.foretica.org\/programas\/csr-academy\/\">formaci\u00f3n<\/a> de expertos de RSE que no pueden quedar fuera de la evoluci\u00f3n de las tendencias actuales o de incrementar su voz en nuevas industrias como la ciberseguridad, entre otras.<\/li>\n<li>\u00bfEn busca del Crecimiento? En 2017 crecer no ser\u00e1 f\u00e1cil. Dejando para otro art\u00edculo la discusi\u00f3n sobre cu\u00e1l es la mejor manera de crecer, a qu\u00e9 ritmo o siguiendo qu\u00e9 m\u00e9tricas, lo cierto es que 2017 seguir\u00e1 consolidando un mensaje vinculado a la Sostenibilidad como elemento fundamental para la <a href=\"http:\/\/www.foretica.org\/wp-content\/uploads\/2016\/01\/informe_rse_marca_espana.pdf\">competitividad<\/a> en el siglo XXI. As\u00ed lo van percibiendo cada vez m\u00e1s inversores tanto a nivel <a href=\"http:\/\/www.eurosif.org\/wp-content\/uploads\/2016\/11\/SRI-study-2016-HR.pdf\">global<\/a> como en <a href=\"http:\/\/www.spainsif.es\/sites\/default\/files\/upload\/publicaciones\/estudio-spainsif-2016-web%20%2813%29_optimize.pdf\">Espa\u00f1a<\/a>. \u00bfQuiz\u00e1 la zanahoria pueda ser una <a href=\"x-webdoc:\/\/00D81104-6A6A-462A-ABE4-279D9DDE6B7F\/bit.ly\/2j1q6kj\">estrategia m\u00e1s influyente<\/a> que el palo este a\u00f1o?<\/li>\n<li>Un cambio de clima. Una vez ratificado el Acuerdo de Par\u00eds lleg\u00f3 el momento de los posicionamientos y de la acci\u00f3n. Veremos m\u00e1s compromisos respecto a pa\u00edses en la pr\u00f3xima Cumbre del Clima en Bonn (de nuevo a la espera de los avances en EEUU) o la Ley de Cambio Clim\u00e1tico en Espa\u00f1a. Las <a href=\"http:\/\/www.foretica.org\/programas\/cluster-cambio-climatico\/\">empresas l\u00edderes<\/a> acelerar\u00e1n sus estrategias y compromisos y seguir\u00e1n los avances en cuanto al incremento de la <a href=\"https:\/\/b8f65cb373b1b7b15feb-c70d8ead6ced550b4d987d7c03fcdd1d.ssl.cf3.rackcdn.com\/cms\/reports\/documents\/000\/001\/233\/original\/CEE-edition-climate-change-report-2016.PDF?1478599986\">transparencia<\/a> o al establecimiento de <a href=\"http:\/\/www.foretica.org\/wp-content\/uploads\/2016\/11\/carbon_pricing_foretica1.pdf\">precios internos del carbono<\/a>. La velocidad de estas medidas y la involucraci\u00f3n de una segunda oleada de empresas y de los ciudadanos a trav\u00e9s de sus decisiones de consumo seguir\u00e1 aumentando, pero necesitar\u00e1 de mayores est\u00edmulos.<\/li>\n<li>No dejar a nadie atr\u00e1s.\u00a0Espa\u00f1a se plantea este a\u00f1o presentar su <a href=\"x-webdoc:\/\/00D81104-6A6A-462A-ABE4-279D9DDE6B7F\/ow.ly\/SR2P307DYTb\">candidatura al Consejo de Derechos Humanos<\/a>, una excelente oportunidad para aprobar por fin la estrategia nacional de Empresa y DDHH. Desde la perspectiva empresarial, la gesti\u00f3n y medici\u00f3n del impacto social incrementar\u00e1 su importancia. Elementos de gesti\u00f3n responsable en la <a href=\"http:\/\/www.foretica.org\/tematicas\/sge-21\/\">cadena de proveedores<\/a>, desarrollo del <a href=\"http:\/\/www.foretica.org\/programas\/give-gain-day\/\">voluntariado corporativo<\/a> y m\u00e1s <a href=\"http:\/\/www.foretica.org\/unete-a-foretica\/nuestros-socios\/#tercer-sector\">colaboraci\u00f3n con ONG<\/a> ser\u00e1n asuntos relevantes.<\/li>\n<\/ol>\n<p>&nbsp;<\/p>\n<p>Fuente:\u00a0diario responsable<\/p>\n<\/div>\n<!-- AddThis Advanced Settings generic via filter on the_content -->","protected":false},"excerpt":{"rendered":"<p>Con gran acierto el Foro Econ\u00f3mico Mundial (WEF) ha elegido la tem\u00e1tica para su encuentro anual en Davos que tiene<!-- AddThis Advanced Settings generic via filter on get_the_excerpt --><\/p>\n","protected":false},"author":2,"featured_media":2989,"comment_status":"closed","ping_status":"closed","sticky":false,"template":"","format":"standard","meta":{"colormag_page_container_layout":"default_layout","colormag_page_sidebar_layout":"default_layout","jetpack_post_was_ever_published":false,"_jetpack_newsletter_access":"","_jetpack_dont_email_post_to_subs":false,"_jetpack_newsletter_tier_id":0,"_jetpack_memberships_contains_paywalled_content":false,"_jetpack_memberships_contains_paid_content":false,"footnotes":"","jetpack_publicize_message":"","jetpack_publicize_feature_enabled":true,"jetpack_social_post_already_shared":true,"jetpack_social_options":{"image_generator_settings":{"template":"highway","default_image_id":0,"font":"","enabled":false},"version":2}},"categories":[7],"tags":[17],"class_list":["post-2987","post","type-post","status-publish","format-standard","has-post-thumbnail","hentry","category-management","tag-otros-medios"],"jetpack_publicize_connections":[],"jetpack_featured_media_url":"https:\/\/i0.wp.com\/ccnews.com.ar\/prensa\/wp-content\/uploads\/2017\/01\/tendencias2017_rse.jpg?fit=650%2C433","jetpack_shortlink":"https:\/\/wp.me\/p7L1gj-Mb","jetpack-related-posts":[{"id":563,"url":"http:\/\/ccnews.com.ar\/prensa\/la-etica-empresarial-y-la-sostenibilidad-son-el-camino-y-el-ejemplo-de-que-las-empresas-pueden-ser-rentables\/","url_meta":{"origin":2987,"position":0},"title":"La \u00e9tica empresarial y la sostenibilidad son el camino y el ejemplo de que las empresas pueden ser rentables","author":"CLUSTERciar","date":"9 mayo, 2016","format":false,"excerpt":"\u00bfPor qu\u00e9 y c\u00f3mo han incorporado la RSE en el desarrollo estrat\u00e9gico de la organizaci\u00f3n? Desde hace ya muchos a\u00f1os comprendimos que la \u00e9tica empresarial y la sostenibilidad son un camino y ejemplo que muestra que las empresas pueden ser rentables y al mismo tiempo no solo cumplir con la\u2026","rel":"","context":"En \u00abManagement\u00bb","block_context":{"text":"Management","link":"http:\/\/ccnews.com.ar\/prensa\/category\/management\/"},"img":{"alt_text":"","src":"","width":0,"height":0},"classes":[]},{"id":2517,"url":"http:\/\/ccnews.com.ar\/prensa\/brambles-actualiza-sus-objetivos-de-sostenibilidad-para-el-2020\/","url_meta":{"origin":2987,"position":1},"title":"Brambles actualiza sus objetivos de sostenibilidad para el 2020","author":"CLUSTERciar","date":"15 diciembre, 2016","format":false,"excerpt":"Brambles, la compa\u00f1\u00eda internacional de log\u00edstica para la cadena de suministro que opera en m\u00e1s de 60 pa\u00edses, principalmente a trav\u00e9s de las marcas CHEP e IFCO, ha publicado su Estudio sobre sostenibilidad para el ejercicio fiscal de 2016 (EF16). El Estudio incluye una actualizaci\u00f3n sobre los Objetivos de sostenibilidad\u2026","rel":"","context":"En \u00abManagement\u00bb","block_context":{"text":"Management","link":"http:\/\/ccnews.com.ar\/prensa\/category\/management\/"},"img":{"alt_text":"","src":"","width":0,"height":0},"classes":[]},{"id":16650,"url":"http:\/\/ccnews.com.ar\/prensa\/consumo-responsable-y-beneficios-del-consumo-local\/","url_meta":{"origin":2987,"position":2},"title":"CONSUMO RESPONSABLE Y BENEFICIOS DEL CONSUMO LOCAL","author":"admin","date":"10 junio, 2021","format":false,"excerpt":"El consumo responsable ayuda a recompensar modelos productivos justos y responsables.","rel":"","context":"En \u00abSustentabilidad\u00bb","block_context":{"text":"Sustentabilidad","link":"http:\/\/ccnews.com.ar\/prensa\/category\/sustentabilidad\/"},"img":{"alt_text":"","src":"","width":0,"height":0},"classes":[]},{"id":15676,"url":"http:\/\/ccnews.com.ar\/prensa\/la-crisis-del-covid-19-potencia-la-relevancia-del-area-de-sustentabilidad-corporativa\/","url_meta":{"origin":2987,"position":3},"title":"La crisis del Covid-19 potencia la relevancia del \u00e1rea de sustentabilidad corporativa","author":"Editor","date":"19 junio, 2020","format":false,"excerpt":"GlobeScan y BSR encuestaron a 102 ejecutivos s\u00e9nior de sostenibilidad de algunas de las compa\u00f1\u00edas m\u00e1s grandes del planeta. En su reciente informe, intentan comprender la respuesta a corto plazo y la visi\u00f3n a largo plazo.","rel":"","context":"En \u00abCovid-19\u00bb","block_context":{"text":"Covid-19","link":"http:\/\/ccnews.com.ar\/prensa\/category\/covid-19\/"},"img":{"alt_text":"","src":"https:\/\/i0.wp.com\/ccnews.com.ar\/prensa\/wp-content\/uploads\/2020\/06\/sust.png?fit=512%2C341&resize=350%2C200","width":350,"height":200},"classes":[]},{"id":16614,"url":"http:\/\/ccnews.com.ar\/prensa\/se-intensifica-el-interes-en-el-consumo-consciente\/","url_meta":{"origin":2987,"position":4},"title":"Se intensifica el inter\u00e9s en el &#8220;consumo consciente&#8221;","author":"admin","date":"29 abril, 2021","format":false,"excerpt":"La pandemia est\u00e1 haciendo que los consumidores piensen m\u00e1s en el impacto que sus decisiones de compra tienen en el medio ambiente y en la sociedad en general","rel":"","context":"En \u00abCovid-19\u00bb","block_context":{"text":"Covid-19","link":"http:\/\/ccnews.com.ar\/prensa\/category\/covid-19\/"},"img":{"alt_text":"","src":"https:\/\/i0.wp.com\/ccnews.com.ar\/prensa\/wp-content\/uploads\/2021\/04\/svitlana-VFmDiQtkxlw-unsplash.jpg?fit=1200%2C800&resize=350%2C200","width":350,"height":200,"srcset":"https:\/\/i0.wp.com\/ccnews.com.ar\/prensa\/wp-content\/uploads\/2021\/04\/svitlana-VFmDiQtkxlw-unsplash.jpg?fit=1200%2C800&resize=350%2C200 1x, https:\/\/i0.wp.com\/ccnews.com.ar\/prensa\/wp-content\/uploads\/2021\/04\/svitlana-VFmDiQtkxlw-unsplash.jpg?fit=1200%2C800&resize=525%2C300 1,5x, https:\/\/i0.wp.com\/ccnews.com.ar\/prensa\/wp-content\/uploads\/2021\/04\/svitlana-VFmDiQtkxlw-unsplash.jpg?fit=1200%2C800&resize=700%2C400 2x, https:\/\/i0.wp.com\/ccnews.com.ar\/prensa\/wp-content\/uploads\/2021\/04\/svitlana-VFmDiQtkxlw-unsplash.jpg?fit=1200%2C800&resize=1050%2C600 3x"},"classes":[]},{"id":13245,"url":"http:\/\/ccnews.com.ar\/prensa\/como-la-responsabilidad-social-empresarial-puede-impulsar-tu-empresa\/","url_meta":{"origin":2987,"position":5},"title":"C\u00f3mo la Responsabilidad Social Empresarial puede impulsar tu empresa","author":"admin","date":"14 octubre, 2019","format":false,"excerpt":"Las pol\u00edticas de RSC y RSE estar\u00e1n marcadas por la sostenibilidad y la transparencia durante 2019. La responsabilidad social empresarial (RSE), tambi\u00e9n llamada responsabilidad social corporativa (RSC) o inversi\u00f3n socialmente corporativa, se define como la contribuci\u00f3n activa y voluntaria al mejoramiento social, econ\u00f3mico y ambiental por parte de las empresas,\u2026","rel":"","context":"En \u00abEducaci\u00f3n\/Sociedad\u00bb","block_context":{"text":"Educaci\u00f3n\/Sociedad","link":"http:\/\/ccnews.com.ar\/prensa\/category\/educacion-sociedad\/"},"img":{"alt_text":"","src":"https:\/\/i0.wp.com\/ccnews.com.ar\/prensa\/wp-content\/uploads\/2019\/10\/investimento-social.png?fit=900%2C600&resize=350%2C200","width":350,"height":200,"srcset":"https:\/\/i0.wp.com\/ccnews.com.ar\/prensa\/wp-content\/uploads\/2019\/10\/investimento-social.png?fit=900%2C600&resize=350%2C200 1x, https:\/\/i0.wp.com\/ccnews.com.ar\/prensa\/wp-content\/uploads\/2019\/10\/investimento-social.png?fit=900%2C600&resize=525%2C300 1,5x, https:\/\/i0.wp.com\/ccnews.com.ar\/prensa\/wp-content\/uploads\/2019\/10\/investimento-social.png?fit=900%2C600&resize=700%2C400 2x"},"classes":[]}],"jetpack_sharing_enabled":true,"_links":{"self":[{"href":"http:\/\/ccnews.com.ar\/prensa\/wp-json\/wp\/v2\/posts\/2987","targetHints":{"allow":["GET"]}}],"collection":[{"href":"http:\/\/ccnews.com.ar\/prensa\/wp-json\/wp\/v2\/posts"}],"about":[{"href":"http:\/\/ccnews.com.ar\/prensa\/wp-json\/wp\/v2\/types\/post"}],"author":[{"embeddable":true,"href":"http:\/\/ccnews.com.ar\/prensa\/wp-json\/wp\/v2\/users\/2"}],"replies":[{"embeddable":true,"href":"http:\/\/ccnews.com.ar\/prensa\/wp-json\/wp\/v2\/comments?post=2987"}],"version-history":[{"count":2,"href":"http:\/\/ccnews.com.ar\/prensa\/wp-json\/wp\/v2\/posts\/2987\/revisions"}],"predecessor-version":[{"id":3103,"href":"http:\/\/ccnews.com.ar\/prensa\/wp-json\/wp\/v2\/posts\/2987\/revisions\/3103"}],"wp:featuredmedia":[{"embeddable":true,"href":"http:\/\/ccnews.com.ar\/prensa\/wp-json\/wp\/v2\/media\/2989"}],"wp:attachment":[{"href":"http:\/\/ccnews.com.ar\/prensa\/wp-json\/wp\/v2\/media?parent=2987"}],"wp:term":[{"taxonomy":"category","embeddable":true,"href":"http:\/\/ccnews.com.ar\/prensa\/wp-json\/wp\/v2\/categories?post=2987"},{"taxonomy":"post_tag","embeddable":true,"href":"http:\/\/ccnews.com.ar\/prensa\/wp-json\/wp\/v2\/tags?post=2987"}],"curies":[{"name":"wp","href":"https:\/\/api.w.org\/{rel}","templated":true}]}}