{"id":2993,"date":"2017-01-22T08:00:17","date_gmt":"2017-01-22T11:00:17","guid":{"rendered":"http:\/\/clusterciarnews.com.ar\/prensa\/?p=2993"},"modified":"2017-01-13T10:45:35","modified_gmt":"2017-01-13T13:45:35","slug":"drones-ambulancia-para-llevar-medicinas-a-sitios-remotos","status":"publish","type":"post","link":"http:\/\/ccnews.com.ar\/prensa\/drones-ambulancia-para-llevar-medicinas-a-sitios-remotos\/","title":{"rendered":"Drones ambulancia para llevar medicinas a sitios remotos"},"content":{"rendered":"<p>Los drones son veh\u00edculos a\u00e9reos que no llevan tripulaci\u00f3n y pueden tener infinidad de aplicaciones, desde filmar desde las alturas hasta otras terribles como la guerra. Pero en Australia le han dado un uso que podr\u00eda representar un antes y despu\u00e9s para comunidades enteras: la posibilidad de llevar medicinas y suministros m\u00e9dicos a zonas muy alejadas, de manera urgente y mucho m\u00e1s econ\u00f3mica, segura y veloz, a comparaci\u00f3n de otros medios como los helic\u00f3pteros.<\/p>\n<div id=\"div-gpt-ad-1470768416981-0\" data-google-query-id=\"CNri-qv_tNECFRMPkQodiXUBfg\">\u00a0El proyecto, que cuenta con el apoyo del gobierno, fue nombrado como <b>&#8220;Angel Drone&#8221; <\/b>para diferenciarse, precisamente, de otros usos que podr\u00edan otorg\u00e1rsele a los drones:\u00a0<i>&#8220;Elegimos ese nombre porque creemos que a pesar de que los aviones no tripulados se han utilizado para industrias como la miner\u00eda o la guerra, ya es hora de que se utilice la tecnolog\u00eda para la mejora de la humanidad y el bien com\u00fan&#8221;<\/i>, dijo Carlos Teo, director el proyecto.<\/div>\n<div class=\" article-block-white-space \">\n<div class=\"article-media-block\">\n<div class=\"article-image no-fixed-height\">\n<p><img data-recalc-dims=\"1\" decoding=\"async\" class=\"\" title=\"\" src=\"https:\/\/i0.wp.com\/cdna.labioguia.com\/images\/articles\/585d334ddd445_crop.jpg?w=800\" alt=\"dron medicinas\" data-original=\"http:\/\/cdna.labioguia.com\/images\/articles\/585d334ddd445_crop.jpg\" \/><\/p>\n<div class=\"seedtag-gohan seedtag-adunit\"><\/div>\n<\/div>\n<\/div>\n<p>El proyecto, que fue llevado adelante por el Consorcio Australiano RPAS,\u00a0incluye tambi\u00e9n el traslado de \u00f3rganos, sangre e incluso muestras de biopsia en casos de urgencia.<\/p>\n<p>A partir de unos ensayos y pruebas que van a realizar en las zonas rurales de Nueva Gales del Sur, esperan poder lograr las\u00a0aprobaciones regulatorias necesarias para aprovechar todo el potencial de los drones a nivel m\u00e9dico.<\/p>\n<p>Australia, en este sentido, se encuentra a la vanguardia:\u00a0<i>&#8220;Fuimos los primeros en regular los aviones no tripulados en 2002 y estamos liderando el mundo cuando se trata de regulaci\u00f3n y seguridad&#8221;,\u00a0<\/i>explica el director del proyecto.<\/p>\n<\/div>\n<div class=\"\"><\/div>\n<div class=\" article-block-white-space \">\n<div class=\"article-media-block\">\n<div class=\"article-image no-fixed-height\">\n<p><img data-recalc-dims=\"1\" decoding=\"async\" class=\"\" title=\"\" src=\"https:\/\/i0.wp.com\/cdna.labioguia.com\/images\/articles\/585d350859dee_crop.jpg?w=800\" alt=\"dron que lleva medicinas\" data-original=\"http:\/\/cdna.labioguia.com\/images\/articles\/585d350859dee_crop.jpg\" \/><\/p>\n<div class=\"seedtag-gohan seedtag-adunit\"><\/div>\n<\/div>\n<\/div>\n<p>Del proyecto participan la Universidad de Sydney y\u00a0expertos en reglamentaci\u00f3n de los drones UAS International, entre otros actores relevantes.<\/p>\n<p>Sin duda esto marca un antecedente que podr\u00eda significar otro uso para una tecnolog\u00eda que, de aplicarse en el campo de la salud, podr\u00eda salvar vidas y asistir a poblaciones vulnerables de manera r\u00e1pida, adonde los suministros m\u00e9dicos no llegan o resultan muy dif\u00edciles de conseguir.<\/p>\n<p>Fuente:\u00a0Bioguia<\/p>\n<\/div>\n<!-- AddThis Advanced Settings generic via filter on the_content -->","protected":false},"excerpt":{"rendered":"<p>Los drones son veh\u00edculos a\u00e9reos que no llevan tripulaci\u00f3n y pueden tener infinidad de aplicaciones, desde filmar desde las alturas<!-- AddThis Advanced Settings generic via filter on get_the_excerpt --><\/p>\n","protected":false},"author":2,"featured_media":2995,"comment_status":"closed","ping_status":"closed","sticky":false,"template":"","format":"standard","meta":{"colormag_page_container_layout":"default_layout","colormag_page_sidebar_layout":"default_layout","jetpack_post_was_ever_published":false,"_jetpack_newsletter_access":"","_jetpack_dont_email_post_to_subs":false,"_jetpack_newsletter_tier_id":0,"_jetpack_memberships_contains_paywalled_content":false,"_jetpack_memberships_contains_paid_content":false,"footnotes":"","jetpack_publicize_message":"","jetpack_publicize_feature_enabled":true,"jetpack_social_post_already_shared":true,"jetpack_social_options":{"image_generator_settings":{"template":"highway","default_image_id":0,"font":"","enabled":false},"version":2}},"categories":[3],"tags":[17],"class_list":["post-2993","post","type-post","status-publish","format-standard","has-post-thumbnail","hentry","category-sustentabilidad","tag-otros-medios"],"jetpack_publicize_connections":[],"jetpack_featured_media_url":"https:\/\/i0.wp.com\/ccnews.com.ar\/prensa\/wp-content\/uploads\/2017\/01\/585d350826894_crop.jpg?fit=755%2C518","jetpack_shortlink":"https:\/\/wp.me\/p7L1gj-Mh","jetpack-related-posts":[{"id":77,"url":"http:\/\/ccnews.com.ar\/prensa\/asi-usan-los-drones-las-empresas-espanolas\/","url_meta":{"origin":2993,"position":0},"title":"As\u00ed usan los drones las empresas espa\u00f1olas","author":"CLUSTERciar","date":"3 marzo, 2016","format":false,"excerpt":"Constructoras, energ\u00e9ticas, petroleras... Cada vez son m\u00e1s los sectores que apuestan por incorporar estas aeronaves a su actividad. Los drones han aterrizado en Espa\u00f1a para quedarse. La popularizaci\u00f3n de estas aeronaves y el creciente desarrollo de soluciones en el \u00e1mbito civil y profesional est\u00e1n empujando a las empresas a incorporarlos\u2026","rel":"","context":"En \u00abEnerg\u00eda y Producci\u00f3n\u00bb","block_context":{"text":"Energ\u00eda y Producci\u00f3n","link":"http:\/\/ccnews.com.ar\/prensa\/category\/energia-y-produccion\/"},"img":{"alt_text":"","src":"","width":0,"height":0},"classes":[]},{"id":4455,"url":"http:\/\/ccnews.com.ar\/prensa\/drones-para-inspeccion-industrial-deteccion-de-emisiones-fugitivas\/","url_meta":{"origin":2993,"position":1},"title":"Drones para inspecci\u00f3n industrial: detecci\u00f3n de emisiones fugitivas","author":"CLUSTERciar","date":"23 junio, 2017","format":false,"excerpt":"Hoy en d\u00eda los\u00a0drones\u00a0poseen una capacidad de carga destacable para diferentes tipos de sensores y, gracias a ello, es posible realizar\u00a0m\u00faltiples trabajos con alto valor a\u00f1adido a los servicios.\u00a0Su\u00a0grado de desarrollo permite llevar a cabo\u00a0Servicios Ambientales con Drones\u00a0y utilizarlos para cubrir las necesidades de las industrias, tanto en lo referente\u2026","rel":"","context":"En \u00abEnerg\u00eda y Producci\u00f3n\u00bb","block_context":{"text":"Energ\u00eda y Producci\u00f3n","link":"http:\/\/ccnews.com.ar\/prensa\/category\/energia-y-produccion\/"},"img":{"alt_text":"","src":"https:\/\/i0.wp.com\/ccnews.com.ar\/prensa\/wp-content\/uploads\/2017\/06\/inspeccion-industrial-con-drones.jpg?fit=1180%2C647&resize=350%2C200","width":350,"height":200,"srcset":"https:\/\/i0.wp.com\/ccnews.com.ar\/prensa\/wp-content\/uploads\/2017\/06\/inspeccion-industrial-con-drones.jpg?fit=1180%2C647&resize=350%2C200 1x, https:\/\/i0.wp.com\/ccnews.com.ar\/prensa\/wp-content\/uploads\/2017\/06\/inspeccion-industrial-con-drones.jpg?fit=1180%2C647&resize=525%2C300 1,5x, https:\/\/i0.wp.com\/ccnews.com.ar\/prensa\/wp-content\/uploads\/2017\/06\/inspeccion-industrial-con-drones.jpg?fit=1180%2C647&resize=700%2C400 2x, https:\/\/i0.wp.com\/ccnews.com.ar\/prensa\/wp-content\/uploads\/2017\/06\/inspeccion-industrial-con-drones.jpg?fit=1180%2C647&resize=1050%2C600 3x"},"classes":[]},{"id":7173,"url":"http:\/\/ccnews.com.ar\/prensa\/avanza-la-obra-del-acueducto-para-vaca-muerta\/","url_meta":{"origin":2993,"position":2},"title":"Avanza la obra del acueducto para Vaca Muerta","author":"admin","date":"15 marzo, 2018","format":false,"excerpt":"Mediante un mapeo con drones, avanza el trazado de los ductos que reducir\u00e1n el costo de agua para los yacimientos. La empresa Ingenier\u00eda Sima present\u00f3 a mediados del 2017 un proyecto para construir una tuber\u00eda de 68 kil\u00f3metros desde el R\u00edo Neuqu\u00e9n hasta Bardas Negras (cerca de A\u00f1elo) pasando por\u2026","rel":"","context":"En \u00abEnerg\u00eda y Producci\u00f3n\u00bb","block_context":{"text":"Energ\u00eda y Producci\u00f3n","link":"http:\/\/ccnews.com.ar\/prensa\/category\/energia-y-produccion\/"},"img":{"alt_text":"","src":"https:\/\/i0.wp.com\/ccnews.com.ar\/prensa\/wp-content\/uploads\/2018\/03\/0002822444.jpg?fit=770%2C433&resize=350%2C200","width":350,"height":200,"srcset":"https:\/\/i0.wp.com\/ccnews.com.ar\/prensa\/wp-content\/uploads\/2018\/03\/0002822444.jpg?fit=770%2C433&resize=350%2C200 1x, https:\/\/i0.wp.com\/ccnews.com.ar\/prensa\/wp-content\/uploads\/2018\/03\/0002822444.jpg?fit=770%2C433&resize=525%2C300 1,5x, https:\/\/i0.wp.com\/ccnews.com.ar\/prensa\/wp-content\/uploads\/2018\/03\/0002822444.jpg?fit=770%2C433&resize=700%2C400 2x"},"classes":[]},{"id":1725,"url":"http:\/\/ccnews.com.ar\/prensa\/desarrollan-un-drone-con-brazos-que-puede-cargar-objetos-de-hasta-10-kilos\/","url_meta":{"origin":2993,"position":3},"title":"Desarrollan un drone con brazos que puede cargar objetos de hasta 10 kilos","author":"CLUSTERciar","date":"1 octubre, 2016","format":false,"excerpt":"El modelo PD6B-AW-ARM de la compa\u00f1\u00eda japonesa Prodrone tiene una autonom\u00eda de 30 minutos de vuelo y puede alcanzar una velocidad de 60 kil\u00f3metros por hora Adem\u00e1s de ser unos veh\u00edculos a\u00e9reos vers\u00e1tiles, los drones cuentan con potentes c\u00e1maras y algunos fabricantes y desarrolladores ya experimentan diversos modelos para realizar\u2026","rel":"","context":"En \u00abTransformaci\u00f3n digital\u00bb","block_context":{"text":"Transformaci\u00f3n digital","link":"http:\/\/ccnews.com.ar\/prensa\/category\/transformacion-digital\/"},"img":{"alt_text":"","src":"","width":0,"height":0},"classes":[]},{"id":2739,"url":"http:\/\/ccnews.com.ar\/prensa\/amazon-finalmente-comenzo-a-hacer-entregas-con-drones\/","url_meta":{"origin":2993,"position":4},"title":"Amazon finalmente comenz\u00f3 a hacer entregas con Drones","author":"CLUSTERciar","date":"20 diciembre, 2016","format":false,"excerpt":"FUE EN INGLATERRA Y EL DELIVERY DEMOR\u00d3 13 MINUTOS. La compa\u00f1\u00eda creada por Jeff Bezos realiz\u00f3 su primera entrega a trav\u00e9s de drones. Fue en Inglaterra y el tiempo transcurrido entre que sali\u00f3 de su base y lleg\u00f3 al domicilio del feliz cliente fue de 13 minutos. Funciona as\u00ed: el\u2026","rel":"","context":"En \u00abTransformaci\u00f3n digital\u00bb","block_context":{"text":"Transformaci\u00f3n digital","link":"http:\/\/ccnews.com.ar\/prensa\/category\/transformacion-digital\/"},"img":{"alt_text":"","src":"https:\/\/i0.wp.com\/ccnews.com.ar\/prensa\/wp-content\/uploads\/2016\/12\/prime-air_01.jpg_1484051676.jpg?fit=875%2C471&resize=350%2C200","width":350,"height":200,"srcset":"https:\/\/i0.wp.com\/ccnews.com.ar\/prensa\/wp-content\/uploads\/2016\/12\/prime-air_01.jpg_1484051676.jpg?fit=875%2C471&resize=350%2C200 1x, https:\/\/i0.wp.com\/ccnews.com.ar\/prensa\/wp-content\/uploads\/2016\/12\/prime-air_01.jpg_1484051676.jpg?fit=875%2C471&resize=525%2C300 1,5x, https:\/\/i0.wp.com\/ccnews.com.ar\/prensa\/wp-content\/uploads\/2016\/12\/prime-air_01.jpg_1484051676.jpg?fit=875%2C471&resize=700%2C400 2x"},"classes":[]},{"id":13011,"url":"http:\/\/ccnews.com.ar\/prensa\/drones-y-gendarmeria-custodiaran-los-yacimientos-de-vaca-muerta\/","url_meta":{"origin":2993,"position":5},"title":"Drones y Gendarmer\u00eda custodiar\u00e1n los yacimientos de Vaca Muerta","author":"admin","date":"18 septiembre, 2019","format":false,"excerpt":"La seguridad del yacimiento de gas y petr\u00f3leo no convencional de Vaca Muerta estar\u00e1 desde ahora a cargo de Gendarmer\u00eda Nacional. As\u00ed se confirm\u00f3 este martes tras la publicaci\u00f3n de la resoluci\u00f3n 768\/19 en el Bolet\u00edn Oficial, que extiende la jurisdicci\u00f3n de ese cuerpo \u201ca las \u00e1reas que el Director\u2026","rel":"","context":"En \u00abSustentabilidad\u00bb","block_context":{"text":"Sustentabilidad","link":"http:\/\/ccnews.com.ar\/prensa\/category\/sustentabilidad\/"},"img":{"alt_text":"","src":"https:\/\/i0.wp.com\/ccnews.com.ar\/prensa\/wp-content\/uploads\/2019\/09\/vaca_muerta2_1.jpg_1956802537-750x417.jpg?fit=750%2C417&resize=350%2C200","width":350,"height":200,"srcset":"https:\/\/i0.wp.com\/ccnews.com.ar\/prensa\/wp-content\/uploads\/2019\/09\/vaca_muerta2_1.jpg_1956802537-750x417.jpg?fit=750%2C417&resize=350%2C200 1x, https:\/\/i0.wp.com\/ccnews.com.ar\/prensa\/wp-content\/uploads\/2019\/09\/vaca_muerta2_1.jpg_1956802537-750x417.jpg?fit=750%2C417&resize=525%2C300 1,5x, https:\/\/i0.wp.com\/ccnews.com.ar\/prensa\/wp-content\/uploads\/2019\/09\/vaca_muerta2_1.jpg_1956802537-750x417.jpg?fit=750%2C417&resize=700%2C400 2x"},"classes":[]}],"jetpack_sharing_enabled":true,"_links":{"self":[{"href":"http:\/\/ccnews.com.ar\/prensa\/wp-json\/wp\/v2\/posts\/2993","targetHints":{"allow":["GET"]}}],"collection":[{"href":"http:\/\/ccnews.com.ar\/prensa\/wp-json\/wp\/v2\/posts"}],"about":[{"href":"http:\/\/ccnews.com.ar\/prensa\/wp-json\/wp\/v2\/types\/post"}],"author":[{"embeddable":true,"href":"http:\/\/ccnews.com.ar\/prensa\/wp-json\/wp\/v2\/users\/2"}],"replies":[{"embeddable":true,"href":"http:\/\/ccnews.com.ar\/prensa\/wp-json\/wp\/v2\/comments?post=2993"}],"version-history":[{"count":3,"href":"http:\/\/ccnews.com.ar\/prensa\/wp-json\/wp\/v2\/posts\/2993\/revisions"}],"predecessor-version":[{"id":3133,"href":"http:\/\/ccnews.com.ar\/prensa\/wp-json\/wp\/v2\/posts\/2993\/revisions\/3133"}],"wp:featuredmedia":[{"embeddable":true,"href":"http:\/\/ccnews.com.ar\/prensa\/wp-json\/wp\/v2\/media\/2995"}],"wp:attachment":[{"href":"http:\/\/ccnews.com.ar\/prensa\/wp-json\/wp\/v2\/media?parent=2993"}],"wp:term":[{"taxonomy":"category","embeddable":true,"href":"http:\/\/ccnews.com.ar\/prensa\/wp-json\/wp\/v2\/categories?post=2993"},{"taxonomy":"post_tag","embeddable":true,"href":"http:\/\/ccnews.com.ar\/prensa\/wp-json\/wp\/v2\/tags?post=2993"}],"curies":[{"name":"wp","href":"https:\/\/api.w.org\/{rel}","templated":true}]}}