{"id":3027,"date":"2017-01-16T08:00:10","date_gmt":"2017-01-16T11:00:10","guid":{"rendered":"http:\/\/clusterciarnews.com.ar\/prensa\/?p=3027"},"modified":"2017-01-16T08:34:06","modified_gmt":"2017-01-16T11:34:06","slug":"las-claves-para-planificar-el-ano-laboral-en-2017","status":"publish","type":"post","link":"http:\/\/ccnews.com.ar\/prensa\/las-claves-para-planificar-el-ano-laboral-en-2017\/","title":{"rendered":"Las claves para planificar el a\u00f1o laboral en 2017"},"content":{"rendered":"<p>Para 2017, a nivel laboral, quisiera&#8230;&#8221; Es un buen momento para completar los puntos suspensivos. El primer bimestre del a\u00f1o es, seguramente, la \u00e9poca en que m\u00e1s personas se proponen algo en esta parte del mundo. Ayudan el &#8220;efecto a\u00f1o nuevo&#8221; -seg\u00fan el cual el a\u00f1o reci\u00e9n estrenado trae consigo nuevas oportunidades-, la cadencia lenta del calor y la posibilidad de descanso que dan las vacaciones.<\/p>\n<p>Los puntos suspensivos de quienes trabajan en relaci\u00f3n de dependencia suelen completarse con deseos tales como: cambiar de \u00e1rea, obtener un aumento de sueldo, lograr un ascenso, cambiar de trabajo o empezar un emprendimiento. Ahora bien, al intentar que los deseos se concreten, por lo general no alcanza con cruzar los dedos esperando que la vida, el universo o la fe resuelvan a favor. Bienvenida sea, entonces, la planificaci\u00f3n.<\/p>\n<aside class=\"banner caja2\" data-adpos=\"caja2\">\n<div id=\"eplAdDivcaja2\">\u00a0<img data-recalc-dims=\"1\" decoding=\"async\" class=\"alignleft\" src=\"https:\/\/i0.wp.com\/speakersbulat.com\/system\/speaker_images\/images\/000\/000\/136\/standard\/3-Mercedes_Korin_frente.JPG?w=800\" alt=\"Resultado de imagen para Mercedes Korin\" \/><\/div>\n<\/aside>\n<p>As\u00ed como planificamos para nuestro trabajo (un proyecto comercial de la empresa en que estamos, por ejemplo), podemos planificar para nosotros mismos: evaluar la viabilidad de los objetivos, identificar estrategias, ejecutar acciones y registrar resultados. Aqu\u00ed van algunas preguntas que pueden ayudar para la propia planificaci\u00f3n:<\/p>\n<p class=\"icon-bullet-grande\"><b>Afinaci\u00f3n de objetivos.<\/b> \u00bfQu\u00e9 busco? \u00bfEn qu\u00e9 medida depende de m\u00ed? \u00bfCu\u00e1les pueden ser las consecuencias de lo que busco (tanto positivas como negativas)? Todo cambio conlleva riesgos: la libertad de armarse por cuenta propia viene sin aguinaldo ni vacaciones pagas. Un ascenso generalmente viene con estr\u00e9s.<\/p>\n<p class=\"icon-bullet-grande\"><b>Identificaci\u00f3n de estrategias.<\/b> \u00bfCon qu\u00e9 cuento y c\u00f3mo voy a ponerlo en juego? \u00bfQu\u00e9 necesito y c\u00f3mo voy a obtenerlo? Esto puede contemplar desde aceitar contactos hasta tener una actitud adecuada (pasar, por ejemplo, de una postura quejosa a una postura positiva).<\/p>\n<p class=\"icon-bullet-grande\"><b>Desarrollo del plan de acci\u00f3n. <\/b>\u00bfQu\u00e9 acciones tengo que encarar para implementar las estrategias en la pr\u00e1ctica? Ac\u00e1 vale pensar cuestiones tales como: vincularme con alguien en particular, armar un proyecto y presentarlo o terminar el posgrado pendiente.<\/p>\n<p class=\"icon-bullet-grande\"><b>Registro de logros del proceso. <\/b>\u00bfPara qu\u00e9 est\u00e1 sirviendo el plan de acci\u00f3n? Puede llevar a una evaluaci\u00f3n tal como: &#8220;Trabaj\u00e9 diez contactos de calidad (por su incidencia, porque reconocen lo que tengo para ofrecer o porque me ense\u00f1an) y, de ellos, dos me recomendaron para un trabajo nuevo&#8221;.<\/p>\n<p class=\"icon-bullet-grande\"><b>A<\/b><b>n\u00e1lisis de resultados.<\/b> \u00bfLogr\u00e9 mi objetivo? Llega la hora de ver si se alcanz\u00f3 lo que se deseaba, como lograr un aumento de sueldo o cambiar de trabajo. Si no lo logr\u00e9, \u00bfa qu\u00e9 se debi\u00f3? \u00bfQu\u00e9 puedo modificar para volver a intentarlo (a la lectura que hice del contexto y mis posibilidades, a las estrategias, a las acciones)? \u00bfLogr\u00e9 otros objetivos que ni siquiera tuve en cuenta a la hora de planificar y que me resultaron una mejor opci\u00f3n? Por ejemplo, mientras me postulaba a un puesto para cambiar de trabajo, el jefe de mi jefe se enter\u00f3 y me propuso un ascenso que adem\u00e1s implica una experiencia en el exterior que va a ser importante en mi formaci\u00f3n&#8221;.<\/p>\n<aside class=\"banner caja3\" data-adpos=\"caja3\">\n<div id=\"eplAdDivcaja3\"><\/div>\n<\/aside>\n<p><b>La autora es asesora en desarrollo profesional y cre\u00f3 el enfoque Modo Delta<\/b><\/p>\n<!-- AddThis Advanced Settings generic via filter on the_content -->","protected":false},"excerpt":{"rendered":"<p>Para 2017, a nivel laboral, quisiera&#8230;&#8221; Es un buen momento para completar los puntos suspensivos. El primer bimestre del a\u00f1o<!-- AddThis Advanced Settings generic via filter on get_the_excerpt --><\/p>\n","protected":false},"author":2,"featured_media":3029,"comment_status":"closed","ping_status":"closed","sticky":false,"template":"","format":"standard","meta":{"colormag_page_container_layout":"default_layout","colormag_page_sidebar_layout":"default_layout","jetpack_post_was_ever_published":false,"_jetpack_newsletter_access":"","_jetpack_dont_email_post_to_subs":false,"_jetpack_newsletter_tier_id":0,"_jetpack_memberships_contains_paywalled_content":false,"_jetpack_memberships_contains_paid_content":false,"footnotes":"","jetpack_publicize_message":"","jetpack_publicize_feature_enabled":true,"jetpack_social_post_already_shared":true,"jetpack_social_options":{"image_generator_settings":{"template":"highway","default_image_id":0,"font":"","enabled":false},"version":2}},"categories":[7],"tags":[17],"class_list":["post-3027","post","type-post","status-publish","format-standard","has-post-thumbnail","hentry","category-management","tag-otros-medios"],"jetpack_publicize_connections":[],"jetpack_featured_media_url":"https:\/\/i0.wp.com\/ccnews.com.ar\/prensa\/wp-content\/uploads\/2017\/01\/2256469w180.jpg?fit=180%2C217","jetpack_shortlink":"https:\/\/wp.me\/p7L1gj-MP","jetpack-related-posts":[{"id":6431,"url":"http:\/\/ccnews.com.ar\/prensa\/actualizan-el-perfil-laboral-para-vaca-muerta\/","url_meta":{"origin":3027,"position":0},"title":"Actualizan el perfil laboral para Vaca Muerta","author":"CLUSTERciar","date":"26 diciembre, 2017","format":false,"excerpt":"El Consejo Multisectorial Regional\u00a0analiza las capacitaciones requeridas\u00a0por los no convencionales. Qu\u00e9 perfil de empleados necesitan los hidrocarburos no convencionales y c\u00f3mo capacitar a los j\u00f3venes para los requisitos de la industria, fueron los ejes centrales de la reuni\u00f3n del Consejo Multisectorial Regional Vaca Muerta que sesion\u00f3 en esta ciudad la\u2026","rel":"","context":"En \u00abManagement\u00bb","block_context":{"text":"Management","link":"http:\/\/ccnews.com.ar\/prensa\/category\/management\/"},"img":{"alt_text":"","src":"https:\/\/i0.wp.com\/ccnews.com.ar\/prensa\/wp-content\/uploads\/2017\/12\/image_content_9163086_20171213224641.jpg?fit=660%2C370&resize=350%2C200","width":350,"height":200,"srcset":"https:\/\/i0.wp.com\/ccnews.com.ar\/prensa\/wp-content\/uploads\/2017\/12\/image_content_9163086_20171213224641.jpg?fit=660%2C370&resize=350%2C200 1x, https:\/\/i0.wp.com\/ccnews.com.ar\/prensa\/wp-content\/uploads\/2017\/12\/image_content_9163086_20171213224641.jpg?fit=660%2C370&resize=525%2C300 1,5x"},"classes":[]},{"id":13488,"url":"http:\/\/ccnews.com.ar\/prensa\/menos-horas-mas-productividad-es-posible-reducir-la-jornada-laboral-en-argentina\/","url_meta":{"origin":3027,"position":1},"title":"Menos horas, m\u00e1s productividad: \u00bfes posible reducir la jornada laboral en Argentina?","author":"admin","date":"6 noviembre, 2019","format":false,"excerpt":"Mientras Chile debate una jornada laboral menos extensa y hasta el presidente Sebasti\u00e1n Pi\u00f1era propone un esquema de cuatro d\u00edas a la semana, la filial japonesa de Microsoft experiment\u00f3 una semana laboral de cuatro d\u00edas en un pa\u00eds conocido por el exceso de trabajo. Los resultados fueron bastante convincentes: la\u2026","rel":"","context":"En \u00abManagement\u00bb","block_context":{"text":"Management","link":"http:\/\/ccnews.com.ar\/prensa\/category\/management\/"},"img":{"alt_text":"","src":"https:\/\/i0.wp.com\/ccnews.com.ar\/prensa\/wp-content\/uploads\/2019\/11\/5703-1.jpg?fit=1200%2C675&resize=350%2C200","width":350,"height":200,"srcset":"https:\/\/i0.wp.com\/ccnews.com.ar\/prensa\/wp-content\/uploads\/2019\/11\/5703-1.jpg?fit=1200%2C675&resize=350%2C200 1x, https:\/\/i0.wp.com\/ccnews.com.ar\/prensa\/wp-content\/uploads\/2019\/11\/5703-1.jpg?fit=1200%2C675&resize=525%2C300 1,5x, https:\/\/i0.wp.com\/ccnews.com.ar\/prensa\/wp-content\/uploads\/2019\/11\/5703-1.jpg?fit=1200%2C675&resize=700%2C400 2x, https:\/\/i0.wp.com\/ccnews.com.ar\/prensa\/wp-content\/uploads\/2019\/11\/5703-1.jpg?fit=1200%2C675&resize=1050%2C600 3x"},"classes":[]},{"id":9011,"url":"http:\/\/ccnews.com.ar\/prensa\/los-estudios-tecnicos-con-mas-salida-laboral-en-el-pais\/","url_meta":{"origin":3027,"position":2},"title":"Los estudios t\u00e9cnicos con m\u00e1s salida laboral en el pa\u00eds","author":"CLUSTERciar","date":"9 octubre, 2018","format":false,"excerpt":"El nuevo entorno digital en el que vivimos promete cambiar las reglas del juego tanto en el \u00e1mbito educativo como en el laboral. Por causa del desarrollo y constante avance de las Tecnolog\u00edas de la Informaci\u00f3n y la Comunicaci\u00f3n se crean nuevas carreras por las que los estudiantes pueden optar\u2026","rel":"","context":"En \u00abEducaci\u00f3n\/Sociedad\u00bb","block_context":{"text":"Educaci\u00f3n\/Sociedad","link":"http:\/\/ccnews.com.ar\/prensa\/category\/educacion-sociedad\/"},"img":{"alt_text":"","src":"https:\/\/i0.wp.com\/ccnews.com.ar\/prensa\/wp-content\/uploads\/2018\/10\/ccn-8.jpg?fit=660%2C370&resize=350%2C200","width":350,"height":200,"srcset":"https:\/\/i0.wp.com\/ccnews.com.ar\/prensa\/wp-content\/uploads\/2018\/10\/ccn-8.jpg?fit=660%2C370&resize=350%2C200 1x, https:\/\/i0.wp.com\/ccnews.com.ar\/prensa\/wp-content\/uploads\/2018\/10\/ccn-8.jpg?fit=660%2C370&resize=525%2C300 1,5x"},"classes":[]},{"id":1081,"url":"http:\/\/ccnews.com.ar\/prensa\/comprometerse-con-el-trabajo-una-actitud-que-crece\/","url_meta":{"origin":3027,"position":3},"title":"Comprometerse con el trabajo, una actitud que crece","author":"CLUSTERciar","date":"12 agosto, 2016","format":false,"excerpt":"Al rededor del mundo, el compromiso de los empleados, indicador cr\u00edtico de negocio, se est\u00e1 incrementando, seg\u00fan el Estudio Global de Compromiso Aon Hewitt 2016, que representa los puntos de vista de m\u00e1s de 9 millones de empleados en m\u00e1s de 1000 empresas en 164 pa\u00edses. A pesar de la\u2026","rel":"","context":"En \u00abManagement\u00bb","block_context":{"text":"Management","link":"http:\/\/ccnews.com.ar\/prensa\/category\/management\/"},"img":{"alt_text":"","src":"","width":0,"height":0},"classes":[]},{"id":4145,"url":"http:\/\/ccnews.com.ar\/prensa\/estas-son-las-5-mejores-campanas-del-mundo\/","url_meta":{"origin":3027,"position":4},"title":"Estas son las 5 mejores campa\u00f1as del mundo","author":"CLUSTERciar","date":"25 mayo, 2017","format":false,"excerpt":"El gasto de publicidad digital en el mundo este a\u00f1o, contempla 229.25 mil millones de d\u00f3lares, de acuerdo con datos de eMarketer. El gasto de publicidad digital en el mundo este a\u00f1o, contempla 229.25 mil millones de d\u00f3lares, de acuerdo con datos de eMarketer. La publicidad es una industria que\u2026","rel":"","context":"En \u00abManagement\u00bb","block_context":{"text":"Management","link":"http:\/\/ccnews.com.ar\/prensa\/category\/management\/"},"img":{"alt_text":"","src":"https:\/\/i0.wp.com\/cdn23.merca20.com\/wp-content\/uploads\/2017\/04\/campanas_mejores-01.jpg?resize=350%2C200&ssl=1","width":350,"height":200,"srcset":"https:\/\/i0.wp.com\/cdn23.merca20.com\/wp-content\/uploads\/2017\/04\/campanas_mejores-01.jpg?resize=350%2C200&ssl=1 1x, https:\/\/i0.wp.com\/cdn23.merca20.com\/wp-content\/uploads\/2017\/04\/campanas_mejores-01.jpg?resize=525%2C300&ssl=1 1,5x, https:\/\/i0.wp.com\/cdn23.merca20.com\/wp-content\/uploads\/2017\/04\/campanas_mejores-01.jpg?resize=700%2C400&ssl=1 2x"},"classes":[]},{"id":3473,"url":"http:\/\/ccnews.com.ar\/prensa\/las-5-debilidades-psicologicas-que-te-impiden-crecer\/","url_meta":{"origin":3027,"position":5},"title":"LAS 5 DEBILIDADES PSICOL\u00d3GICAS QUE TE IMPIDEN CRECER","author":"CLUSTERciar","date":"25 marzo, 2017","format":false,"excerpt":"En DattaMagazine investigamos y analizamos qu\u00e9 defectos de la personalidad frenan y postergan los triunfos. Si tuvieras tiempo de sentarte un rato a solas y pensar en qu\u00e9 preciso momento de tu vida te arrebataron las fuerzas y las ganas de perseguir tus metas. Si supieras cu\u00e1ndo fue que te\u2026","rel":"","context":"En \u00abEducaci\u00f3n\/Sociedad\u00bb","block_context":{"text":"Educaci\u00f3n\/Sociedad","link":"http:\/\/ccnews.com.ar\/prensa\/category\/educacion-sociedad\/"},"img":{"alt_text":"","src":"","width":0,"height":0},"classes":[]}],"jetpack_sharing_enabled":true,"_links":{"self":[{"href":"http:\/\/ccnews.com.ar\/prensa\/wp-json\/wp\/v2\/posts\/3027","targetHints":{"allow":["GET"]}}],"collection":[{"href":"http:\/\/ccnews.com.ar\/prensa\/wp-json\/wp\/v2\/posts"}],"about":[{"href":"http:\/\/ccnews.com.ar\/prensa\/wp-json\/wp\/v2\/types\/post"}],"author":[{"embeddable":true,"href":"http:\/\/ccnews.com.ar\/prensa\/wp-json\/wp\/v2\/users\/2"}],"replies":[{"embeddable":true,"href":"http:\/\/ccnews.com.ar\/prensa\/wp-json\/wp\/v2\/comments?post=3027"}],"version-history":[{"count":2,"href":"http:\/\/ccnews.com.ar\/prensa\/wp-json\/wp\/v2\/posts\/3027\/revisions"}],"predecessor-version":[{"id":3109,"href":"http:\/\/ccnews.com.ar\/prensa\/wp-json\/wp\/v2\/posts\/3027\/revisions\/3109"}],"wp:featuredmedia":[{"embeddable":true,"href":"http:\/\/ccnews.com.ar\/prensa\/wp-json\/wp\/v2\/media\/3029"}],"wp:attachment":[{"href":"http:\/\/ccnews.com.ar\/prensa\/wp-json\/wp\/v2\/media?parent=3027"}],"wp:term":[{"taxonomy":"category","embeddable":true,"href":"http:\/\/ccnews.com.ar\/prensa\/wp-json\/wp\/v2\/categories?post=3027"},{"taxonomy":"post_tag","embeddable":true,"href":"http:\/\/ccnews.com.ar\/prensa\/wp-json\/wp\/v2\/tags?post=3027"}],"curies":[{"name":"wp","href":"https:\/\/api.w.org\/{rel}","templated":true}]}}