{"id":3061,"date":"2017-02-08T08:00:03","date_gmt":"2017-02-08T11:00:03","guid":{"rendered":"http:\/\/clusterciarnews.com.ar\/prensa\/?p=3061"},"modified":"2017-01-09T09:54:00","modified_gmt":"2017-01-09T12:54:00","slug":"48-empleados-de-minera-alumbrera-completaron-la-tecnicatura-universitaria-en-mina-en-el-yacimiento","status":"publish","type":"post","link":"http:\/\/ccnews.com.ar\/prensa\/48-empleados-de-minera-alumbrera-completaron-la-tecnicatura-universitaria-en-mina-en-el-yacimiento\/","title":{"rendered":"48 empleados de Minera Alumbrera completaron la Tecnicatura Universitaria en Mina en el yacimiento"},"content":{"rendered":"<p>En el d\u00eda de la fecha, 48 empleados de Minera Alumbrera celebraron la colaci\u00f3n de grado de la Tecnicatura Universitaria en Mina. Mediante un convenio entre la empresa y la Universidad Nacional de Catamarca, los trabajadores cursaron la carrera a 2.600 metros de altura durante tres a\u00f1os.<\/p>\n<p>Todos los alumnos recibidos son oriundos de la regi\u00f3n NOA. Entre los 17 catamarque\u00f1os, 13 pertenecen a Andalgal\u00e1, Bel\u00e9n y Santa Mar\u00eda, mientras que 4 son de la capital.<\/p>\n<p>Otros 14 estudiantes finalizar\u00e1n la tecnicatura durante 2016 luego de rendir los ex\u00e1menes pendientes para obtener su t\u00edtulo.<\/p>\n<p>La formaci\u00f3n de profesionales locales est\u00e1 contemplada entre los objetivos estrat\u00e9gicos de desarrollo de largo plazo de Minera Alumbrera, a trav\u00e9s de programas de capacitaci\u00f3n. Entre las metas vinculadas al Plan de Cierre de mina, como consecuencia de la finalizaci\u00f3n de la vida \u00fatil del proyecto, la mejora de la empleabilidad de los recursos humanos es una prioridad.<\/p>\n<p>\u201cFelicitamos a los egresados por el esfuerzo realizado a lo largo de estos a\u00f1os. Nos enorgullece poder brindar nuevas oportunidades de capacitaci\u00f3n a los trabajadores que no han tenido el tiempo o los recursos necesarios para dar un salto de calidad, mejorar su empleabilidad y estar m\u00e1s preparados para el futuro\u201d, concluy\u00f3 Luis Torres, gerente de Recursos Humanos de Minera Alumbrera.<\/p>\n<p>Luego del \u00e9xito del Programa de Culminaci\u00f3n del Secundario, en el que 108 empleados obtuvieron el t\u00edtulo del ciclo secundario, en 2012 se iniciaron dos carreras terciarias. Concebidas en el marco del Plan de Cierre de Mina, la selecci\u00f3n estuvo a cargo de los propios trabajadores, quienes valoraron la oportunidad de preparase para su salida laboral.<\/p>\n<p>La otra carrera elegida fue la Tecnicatura Superior en Gastronom\u00eda, que se dict\u00f3 mediante un convenio con el Ministerio de Educaci\u00f3n de Tucum\u00e1n. En abril de 2016 se recibieron 54 empleados, quienes cursaron en las mismas condiciones.<\/p>\n<p>Para el dictado de ambas tecnicaturas Minera Alumbrera invirti\u00f3 $1,5 mill\u00f3n.<\/p>\n<p>Las carreras se cursan en la mina y se llevan a cabo fuera del horario de trabajo en un ambiente pensado y equipado para estudiar. Durante cinco d\u00edas a la semana los trabajadores dedicaron dos horas al estudio luego de la finalizaci\u00f3n de la jornada laboral. Para ello se remodel\u00f3 el campamento temporario a fin de acondicionar un edificio exclusivo para que funcione el \u201cCentro de Formaci\u00f3n y Capacitaci\u00f3n de Minera Alumbrera\u201d. El lugar cuenta con dos aulas para el dictado de las carreras con todas las comodidades y la tecnolog\u00eda necesarias. Adem\u00e1s, se equip\u00f3 otra sala como aula-cocina, con todos los insumos, equipos y utensilios para las clases pr\u00e1cticas de gastronom\u00eda.<\/p>\n<p>Fuente: El inversor<\/p>\n<!-- AddThis Advanced Settings generic via filter on the_content -->","protected":false},"excerpt":{"rendered":"<p>En el d\u00eda de la fecha, 48 empleados de Minera Alumbrera celebraron la colaci\u00f3n de grado de la Tecnicatura Universitaria<!-- AddThis Advanced Settings generic via filter on get_the_excerpt --><\/p>\n","protected":false},"author":2,"featured_media":3063,"comment_status":"closed","ping_status":"closed","sticky":false,"template":"","format":"standard","meta":{"colormag_page_container_layout":"default_layout","colormag_page_sidebar_layout":"default_layout","jetpack_post_was_ever_published":false,"_jetpack_newsletter_access":"","_jetpack_dont_email_post_to_subs":false,"_jetpack_newsletter_tier_id":0,"_jetpack_memberships_contains_paywalled_content":false,"_jetpack_memberships_contains_paid_content":false,"footnotes":"","jetpack_publicize_message":"","jetpack_publicize_feature_enabled":true,"jetpack_social_post_already_shared":true,"jetpack_social_options":{"image_generator_settings":{"template":"highway","default_image_id":0,"font":"","enabled":false},"version":2}},"categories":[19],"tags":[17],"class_list":["post-3061","post","type-post","status-publish","format-standard","has-post-thumbnail","hentry","category-educacion-sociedad","tag-otros-medios"],"jetpack_publicize_connections":[],"jetpack_featured_media_url":"https:\/\/i0.wp.com\/ccnews.com.ar\/prensa\/wp-content\/uploads\/2017\/01\/alumbrera1-660x330.jpg?fit=660%2C330","jetpack_shortlink":"https:\/\/wp.me\/p7L1gj-Nn","jetpack-related-posts":[{"id":3863,"url":"http:\/\/ccnews.com.ar\/prensa\/mineria-subterranea-y-medio-ambiente-dos-claves-del-nuevo-dueno-de-veladero\/","url_meta":{"origin":3061,"position":0},"title":"Miner\u00eda subterr\u00e1nea y medio ambiente, dos claves del nuevo due\u00f1o de Veladero","author":"CLUSTERciar","date":"24 abril, 2017","format":false,"excerpt":"La compa\u00f1\u00eda estatal china adquiri\u00f3 el 50% de la mina por 960 millones de d\u00f3lares. El nuevo socio incorporar\u00eda un grupo de ingenieros especializados en miner\u00eda bajo tierra para desarrollar Lama y generar\u00eda grupos de expertos en cuidado ambiental. Como hab\u00eda anticipado Cuyo Minero, el acuerdo por el cual la\u2026","rel":"","context":"En \u00abEnerg\u00eda y Producci\u00f3n\u00bb","block_context":{"text":"Energ\u00eda y Producci\u00f3n","link":"http:\/\/ccnews.com.ar\/prensa\/category\/energia-y-produccion\/"},"img":{"alt_text":"Resultado de imagen para Miner\u00eda subterr\u00e1nea y medio ambiente, dos claves del nuevo due\u00f1o de Veladero","src":"https:\/\/i0.wp.com\/outletminero.org\/content\/images\/2017\/04\/Gobierno-argentino-denunciar--a-minera-Barrick-Gold-tras-derrame-de-cianuro.jpg?resize=350%2C200","width":350,"height":200},"classes":[]},{"id":12444,"url":"http:\/\/ccnews.com.ar\/prensa\/por-vaca-muerta-analizan-ampliar-la-oferta-de-escuelas-tecnicas\/","url_meta":{"origin":3061,"position":1},"title":"Por Vaca Muerta analizan ampliar la oferta de escuelas t\u00e9cnicas","author":"admin","date":"8 agosto, 2019","format":false,"excerpt":"Buscan sumar la Tecnicatura en Petr\u00f3leo a m\u00e1s colegios de educaci\u00f3n media. Destacan el incremento en la matr\u00edcula y sobre todo de mujeres. El impulso que registraron los desarrollos no convencionales de Vaca Muerta en poco m\u00e1s de dos a\u00f1os, junto con las proyecciones oficiales y de las operadoras, anticipan\u2026","rel":"","context":"En \u00abEducaci\u00f3n\/Sociedad\u00bb","block_context":{"text":"Educaci\u00f3n\/Sociedad","link":"http:\/\/ccnews.com.ar\/prensa\/category\/educacion-sociedad\/"},"img":{"alt_text":"","src":"https:\/\/i0.wp.com\/ccnews.com.ar\/prensa\/wp-content\/uploads\/2019\/08\/2d703e5521c3478fac83f25eb9c792f2.jpeg?fit=1080%2C683&resize=350%2C200","width":350,"height":200,"srcset":"https:\/\/i0.wp.com\/ccnews.com.ar\/prensa\/wp-content\/uploads\/2019\/08\/2d703e5521c3478fac83f25eb9c792f2.jpeg?fit=1080%2C683&resize=350%2C200 1x, https:\/\/i0.wp.com\/ccnews.com.ar\/prensa\/wp-content\/uploads\/2019\/08\/2d703e5521c3478fac83f25eb9c792f2.jpeg?fit=1080%2C683&resize=525%2C300 1,5x, https:\/\/i0.wp.com\/ccnews.com.ar\/prensa\/wp-content\/uploads\/2019\/08\/2d703e5521c3478fac83f25eb9c792f2.jpeg?fit=1080%2C683&resize=700%2C400 2x, https:\/\/i0.wp.com\/ccnews.com.ar\/prensa\/wp-content\/uploads\/2019\/08\/2d703e5521c3478fac83f25eb9c792f2.jpeg?fit=1080%2C683&resize=1050%2C600 3x"},"classes":[]},{"id":4073,"url":"http:\/\/ccnews.com.ar\/prensa\/tandil-tecno\/","url_meta":{"origin":3061,"position":2},"title":"Tandil tecno","author":"CLUSTERciar","date":"16 mayo, 2017","format":false,"excerpt":"La ciudad serrana se posiciona como uno de los polos de desarrollo m\u00e1s importantes dentro de la industria del software. Logros y aspiraciones de la \u00bfSilicon Valley argentina? \u00a0En un art\u00edculo publicado en junio de 2003, el diario espa\u00f1ol El Pa\u00eds bautiz\u00f3 a Tandil \u2013una ciudad a trescientos setenta kil\u00f3metros\u2026","rel":"","context":"En \u00abTransformaci\u00f3n digital\u00bb","block_context":{"text":"Transformaci\u00f3n digital","link":"http:\/\/ccnews.com.ar\/prensa\/category\/transformacion-digital\/"},"img":{"alt_text":"","src":"https:\/\/i0.wp.com\/ccnews.com.ar\/prensa\/wp-content\/uploads\/2017\/05\/nueva_1493309431_367722.jpg?fit=700%2C430&resize=350%2C200","width":350,"height":200,"srcset":"https:\/\/i0.wp.com\/ccnews.com.ar\/prensa\/wp-content\/uploads\/2017\/05\/nueva_1493309431_367722.jpg?fit=700%2C430&resize=350%2C200 1x, https:\/\/i0.wp.com\/ccnews.com.ar\/prensa\/wp-content\/uploads\/2017\/05\/nueva_1493309431_367722.jpg?fit=700%2C430&resize=525%2C300 1,5x, https:\/\/i0.wp.com\/ccnews.com.ar\/prensa\/wp-content\/uploads\/2017\/05\/nueva_1493309431_367722.jpg?fit=700%2C430&resize=700%2C400 2x"},"classes":[]},{"id":8247,"url":"http:\/\/ccnews.com.ar\/prensa\/potenciar-educacion-superior-ofrece-tres-nuevas-carreras-con-oportunidades-laborales\/","url_meta":{"origin":3061,"position":3},"title":"Potenciar Educaci\u00f3n Superior  ofrece tres nuevas carreras  con oportunidades laborales","author":"admin","date":"27 junio, 2018","format":false,"excerpt":"Se trata de las Tecnicaturas Superiores en Energ\u00eda Renovable, en Operaci\u00f3n de Yacimientos No Convencionales y en Seguridad, Higiene y Medio Ambiente. La instituci\u00f3n tambi\u00e9n brinda acceso al mercado laboral, gracias a su v\u00ednculo con empresas del sector. El alcance de la propuesta es doble. Por un lado, m\u00e1s estudiantes\u2026","rel":"","context":"En \u00abEducaci\u00f3n\/Sociedad\u00bb","block_context":{"text":"Educaci\u00f3n\/Sociedad","link":"http:\/\/ccnews.com.ar\/prensa\/category\/educacion-sociedad\/"},"img":{"alt_text":"","src":"https:\/\/i0.wp.com\/ccnews.com.ar\/prensa\/wp-content\/uploads\/2018\/06\/ccn-49.jpg?fit=803%2C404&resize=350%2C200","width":350,"height":200,"srcset":"https:\/\/i0.wp.com\/ccnews.com.ar\/prensa\/wp-content\/uploads\/2018\/06\/ccn-49.jpg?fit=803%2C404&resize=350%2C200 1x, https:\/\/i0.wp.com\/ccnews.com.ar\/prensa\/wp-content\/uploads\/2018\/06\/ccn-49.jpg?fit=803%2C404&resize=525%2C300 1,5x, https:\/\/i0.wp.com\/ccnews.com.ar\/prensa\/wp-content\/uploads\/2018\/06\/ccn-49.jpg?fit=803%2C404&resize=700%2C400 2x"},"classes":[]},{"id":8019,"url":"http:\/\/ccnews.com.ar\/prensa\/rusia-2018-como-se-preparan-las-empresas-para-ver-los-partidos-y-evitar-ausentismos-durante-el-mundial\/","url_meta":{"origin":3061,"position":4},"title":"Rusia 2018: c\u00f3mo se preparan las empresas para ver los partidos y evitar ausentismos durante el Mundial","author":"admin","date":"9 junio, 2018","format":false,"excerpt":"Ser\u00e1 un momento para generar identidad y sentido de pertenencia entre los empleados, as\u00ed como instancias compartidas entre distintas \u00e1reas y jerarqu\u00edas Desde hace meses en las oficinas de los equipos de\u00a0Recursos Humanos en distintas empresas est\u00e1n preparando\u00a0actividades\u00a0para aprovechar los\u00a0momentos clave del\u00a0Mundial\u00a0de la FIFA 2018 como espacio de distenci\u00f3n y\u2026","rel":"","context":"En \u00abManagement\u00bb","block_context":{"text":"Management","link":"http:\/\/ccnews.com.ar\/prensa\/category\/management\/"},"img":{"alt_text":"","src":"https:\/\/i0.wp.com\/ccnews.com.ar\/prensa\/wp-content\/uploads\/2018\/06\/rusia_2018.jpg_1913337537.jpg?fit=875%2C490&resize=350%2C200","width":350,"height":200,"srcset":"https:\/\/i0.wp.com\/ccnews.com.ar\/prensa\/wp-content\/uploads\/2018\/06\/rusia_2018.jpg_1913337537.jpg?fit=875%2C490&resize=350%2C200 1x, https:\/\/i0.wp.com\/ccnews.com.ar\/prensa\/wp-content\/uploads\/2018\/06\/rusia_2018.jpg_1913337537.jpg?fit=875%2C490&resize=525%2C300 1,5x, https:\/\/i0.wp.com\/ccnews.com.ar\/prensa\/wp-content\/uploads\/2018\/06\/rusia_2018.jpg_1913337537.jpg?fit=875%2C490&resize=700%2C400 2x"},"classes":[]},{"id":9461,"url":"http:\/\/ccnews.com.ar\/prensa\/de-la-mano-de-la-demanda-laboral-cambian-las-carreras-mas-buscadas\/","url_meta":{"origin":3061,"position":5},"title":"De la mano de la demanda laboral, cambian las carreras m\u00e1s buscadas","author":"CLUSTERciar","date":"28 noviembre, 2018","format":false,"excerpt":"En la Universidad Nacional de Comahue se conjugan las disciplinas cl\u00e1sicas con las m\u00e1s modernas en el ranking de los nuevos inscriptos. Las ingenier\u00edas, Inform\u00e1tica y Matem\u00e1tica ganan terreno. Medicina, Psicolog\u00eda y Contador P\u00fablico lideran los registros de preingresantes. Si bien la tendencia en Argentina marca que los estudiantes universitarios\u2026","rel":"","context":"En \u00abEducaci\u00f3n\/Sociedad\u00bb","block_context":{"text":"Educaci\u00f3n\/Sociedad","link":"http:\/\/ccnews.com.ar\/prensa\/category\/educacion-sociedad\/"},"img":{"alt_text":"","src":"https:\/\/i0.wp.com\/ccnews.com.ar\/prensa\/wp-content\/uploads\/2018\/11\/image_content_10316028_20181118204259.jpg?fit=660%2C370&resize=350%2C200","width":350,"height":200,"srcset":"https:\/\/i0.wp.com\/ccnews.com.ar\/prensa\/wp-content\/uploads\/2018\/11\/image_content_10316028_20181118204259.jpg?fit=660%2C370&resize=350%2C200 1x, https:\/\/i0.wp.com\/ccnews.com.ar\/prensa\/wp-content\/uploads\/2018\/11\/image_content_10316028_20181118204259.jpg?fit=660%2C370&resize=525%2C300 1,5x"},"classes":[]}],"jetpack_sharing_enabled":true,"_links":{"self":[{"href":"http:\/\/ccnews.com.ar\/prensa\/wp-json\/wp\/v2\/posts\/3061","targetHints":{"allow":["GET"]}}],"collection":[{"href":"http:\/\/ccnews.com.ar\/prensa\/wp-json\/wp\/v2\/posts"}],"about":[{"href":"http:\/\/ccnews.com.ar\/prensa\/wp-json\/wp\/v2\/types\/post"}],"author":[{"embeddable":true,"href":"http:\/\/ccnews.com.ar\/prensa\/wp-json\/wp\/v2\/users\/2"}],"replies":[{"embeddable":true,"href":"http:\/\/ccnews.com.ar\/prensa\/wp-json\/wp\/v2\/comments?post=3061"}],"version-history":[{"count":1,"href":"http:\/\/ccnews.com.ar\/prensa\/wp-json\/wp\/v2\/posts\/3061\/revisions"}],"predecessor-version":[{"id":3065,"href":"http:\/\/ccnews.com.ar\/prensa\/wp-json\/wp\/v2\/posts\/3061\/revisions\/3065"}],"wp:featuredmedia":[{"embeddable":true,"href":"http:\/\/ccnews.com.ar\/prensa\/wp-json\/wp\/v2\/media\/3063"}],"wp:attachment":[{"href":"http:\/\/ccnews.com.ar\/prensa\/wp-json\/wp\/v2\/media?parent=3061"}],"wp:term":[{"taxonomy":"category","embeddable":true,"href":"http:\/\/ccnews.com.ar\/prensa\/wp-json\/wp\/v2\/categories?post=3061"},{"taxonomy":"post_tag","embeddable":true,"href":"http:\/\/ccnews.com.ar\/prensa\/wp-json\/wp\/v2\/tags?post=3061"}],"curies":[{"name":"wp","href":"https:\/\/api.w.org\/{rel}","templated":true}]}}