{"id":3111,"date":"2017-02-01T08:00:56","date_gmt":"2017-02-01T11:00:56","guid":{"rendered":"http:\/\/clusterciarnews.com.ar\/prensa\/?p=3111"},"modified":"2017-01-13T10:43:25","modified_gmt":"2017-01-13T13:43:25","slug":"potenciar-educacion-superior-nueva-sede-en-cipolletti","status":"publish","type":"post","link":"http:\/\/ccnews.com.ar\/prensa\/potenciar-educacion-superior-nueva-sede-en-cipolletti\/","title":{"rendered":"Potenciar Educaci\u00f3n Superior &#8211; Nueva sede en Cipolletti"},"content":{"rendered":"<p><b>FUNDACI\u00d3N<\/b><strong>\u00a0POTENCIAR DESEMBARCA EN CIPOLLETTI con su logro Socio-Educativo<\/strong><\/p>\n<p>Porque queremos crecer y superarnos, porque nos gustan los desaf\u00edos, porque estamos convencidos que con educaci\u00f3n construimos una sociedad mejor, hemos decidido embarcarnos en un nuevo proyecto: Potenciar Educaci\u00f3n Superior, tendr\u00e1 sede en Cipolletti, en una ubicaci\u00f3n estrat\u00e9gica, como es la esquina de Toschi y Arrayanes, sumando a la zona nuevas oportunidades educativas.<\/p>\n<p>Brindaremos all\u00ed, adem\u00e1s de las Tecnicaturas Superiores que ya nos caracterizan, nuevos servicios, todos alineados con el acompa\u00f1amiento educativo en el fortalecimiento de las competencias b\u00e1sicas.<\/p>\n<p><img data-recalc-dims=\"1\" loading=\"lazy\" decoding=\"async\" data-attachment-id=\"3119\" data-permalink=\"http:\/\/ccnews.com.ar\/prensa\/potenciar-educacion-superior-nueva-sede-en-cipolletti\/attachment\/3\/\" data-orig-file=\"https:\/\/i0.wp.com\/ccnews.com.ar\/prensa\/wp-content\/uploads\/2017\/01\/3.jpg?fit=534%2C264\" data-orig-size=\"534,264\" data-comments-opened=\"0\" data-image-meta=\"{&quot;aperture&quot;:&quot;0&quot;,&quot;credit&quot;:&quot;&quot;,&quot;camera&quot;:&quot;&quot;,&quot;caption&quot;:&quot;&quot;,&quot;created_timestamp&quot;:&quot;0&quot;,&quot;copyright&quot;:&quot;&quot;,&quot;focal_length&quot;:&quot;0&quot;,&quot;iso&quot;:&quot;0&quot;,&quot;shutter_speed&quot;:&quot;0&quot;,&quot;title&quot;:&quot;&quot;,&quot;orientation&quot;:&quot;0&quot;}\" data-image-title=\"3\" data-image-description=\"\" data-image-caption=\"\" data-large-file=\"https:\/\/i0.wp.com\/ccnews.com.ar\/prensa\/wp-content\/uploads\/2017\/01\/3.jpg?fit=534%2C264\" class=\"aligncenter size-full wp-image-3119\" src=\"https:\/\/i0.wp.com\/clusterciarnews.com.ar\/prensa\/wp-content\/uploads\/2017\/01\/3.jpg?resize=534%2C264\" alt=\"3\" width=\"534\" height=\"264\" srcset=\"https:\/\/i0.wp.com\/ccnews.com.ar\/prensa\/wp-content\/uploads\/2017\/01\/3.jpg?w=534 534w, https:\/\/i0.wp.com\/ccnews.com.ar\/prensa\/wp-content\/uploads\/2017\/01\/3.jpg?resize=300%2C148 300w\" sizes=\"auto, (max-width: 534px) 100vw, 534px\" \/><\/p>\n<p>Tendremos un Centro de Ayuda Escolar, en el que estudiantes de nivel primario, secundario, terciario y universitario encontrar\u00e1n la ayuda necesaria para superar las dificultades metodol\u00f3gicas y conceptuales. Tambi\u00e9n podr\u00e1n buscar la preparaci\u00f3n necesaria para el ingreso al secundario y a la universidad. No solo los asistiremos en sus necesidades sino que sumamos Procesos de T\u00e9cnicas de Estudio, para que incorporen metodolog\u00edas de aprendizaje.<\/p>\n<p><img data-recalc-dims=\"1\" loading=\"lazy\" decoding=\"async\" data-attachment-id=\"3117\" data-permalink=\"http:\/\/ccnews.com.ar\/prensa\/potenciar-educacion-superior-nueva-sede-en-cipolletti\/2-2\/\" data-orig-file=\"https:\/\/i0.wp.com\/ccnews.com.ar\/prensa\/wp-content\/uploads\/2017\/01\/2-1.jpg?fit=646%2C262\" data-orig-size=\"646,262\" data-comments-opened=\"0\" data-image-meta=\"{&quot;aperture&quot;:&quot;0&quot;,&quot;credit&quot;:&quot;&quot;,&quot;camera&quot;:&quot;&quot;,&quot;caption&quot;:&quot;&quot;,&quot;created_timestamp&quot;:&quot;0&quot;,&quot;copyright&quot;:&quot;&quot;,&quot;focal_length&quot;:&quot;0&quot;,&quot;iso&quot;:&quot;0&quot;,&quot;shutter_speed&quot;:&quot;0&quot;,&quot;title&quot;:&quot;&quot;,&quot;orientation&quot;:&quot;0&quot;}\" data-image-title=\"2\" data-image-description=\"\" data-image-caption=\"\" data-large-file=\"https:\/\/i0.wp.com\/ccnews.com.ar\/prensa\/wp-content\/uploads\/2017\/01\/2-1.jpg?fit=646%2C262\" class=\"aligncenter size-full wp-image-3117\" src=\"https:\/\/i0.wp.com\/clusterciarnews.com.ar\/prensa\/wp-content\/uploads\/2017\/01\/2-1.jpg?resize=646%2C262\" alt=\"2\" width=\"646\" height=\"262\" srcset=\"https:\/\/i0.wp.com\/ccnews.com.ar\/prensa\/wp-content\/uploads\/2017\/01\/2-1.jpg?w=646 646w, https:\/\/i0.wp.com\/ccnews.com.ar\/prensa\/wp-content\/uploads\/2017\/01\/2-1.jpg?resize=300%2C122 300w\" sizes=\"auto, (max-width: 646px) 100vw, 646px\" \/><\/p>\n<p>Habr\u00e1 tambi\u00e9n Talleres de Orientaci\u00f3n Vocacional\/Ocupacional grupales o individuales, que te permitir\u00e1n elegir desde tu formaci\u00f3n en el secundario, o la carrera m\u00e1s adecuada para vos al finalizar el mismo y a conseguir un trabajo. Tambi\u00e9n si vas a buscar trabajo, tenemos un gabinete que podr\u00e1 orientarte en la adecuada confecci\u00f3n del CV y la preparaci\u00f3n para la entrevista laboral.<\/p>\n<p><img data-recalc-dims=\"1\" loading=\"lazy\" decoding=\"async\" data-attachment-id=\"3121\" data-permalink=\"http:\/\/ccnews.com.ar\/prensa\/potenciar-educacion-superior-nueva-sede-en-cipolletti\/a-2\/\" data-orig-file=\"https:\/\/i0.wp.com\/ccnews.com.ar\/prensa\/wp-content\/uploads\/2017\/01\/A.jpg?fit=386%2C474\" data-orig-size=\"386,474\" data-comments-opened=\"0\" data-image-meta=\"{&quot;aperture&quot;:&quot;0&quot;,&quot;credit&quot;:&quot;&quot;,&quot;camera&quot;:&quot;&quot;,&quot;caption&quot;:&quot;&quot;,&quot;created_timestamp&quot;:&quot;0&quot;,&quot;copyright&quot;:&quot;&quot;,&quot;focal_length&quot;:&quot;0&quot;,&quot;iso&quot;:&quot;0&quot;,&quot;shutter_speed&quot;:&quot;0&quot;,&quot;title&quot;:&quot;&quot;,&quot;orientation&quot;:&quot;0&quot;}\" data-image-title=\"A\" data-image-description=\"\" data-image-caption=\"\" data-large-file=\"https:\/\/i0.wp.com\/ccnews.com.ar\/prensa\/wp-content\/uploads\/2017\/01\/A.jpg?fit=386%2C474\" class=\"size-full wp-image-3121 alignleft\" src=\"https:\/\/i0.wp.com\/clusterciarnews.com.ar\/prensa\/wp-content\/uploads\/2017\/01\/A.jpg?resize=386%2C474\" alt=\"A\" width=\"386\" height=\"474\" srcset=\"https:\/\/i0.wp.com\/ccnews.com.ar\/prensa\/wp-content\/uploads\/2017\/01\/A.jpg?w=386 386w, https:\/\/i0.wp.com\/ccnews.com.ar\/prensa\/wp-content\/uploads\/2017\/01\/A.jpg?resize=244%2C300 244w\" sizes=\"auto, (max-width: 386px) 100vw, 386px\" \/><\/p>\n<p>\u201cElegir una carrera puede ser una tarea dif\u00edcil o, al menos, una tarea que requiere compromiso y cierto trabajo. Por un lado, compromiso con uno mismo, es decir, pensar en lo que queremos hacer, en las actividades que nos gustan, y por otro, el trabajo de conocer e informarse sobre las actividades que podemos realizar\u201d.<\/p>\n<p>\u201cElegir una carrera compromete lo m\u00e1s \u00edntimo de cada persona: lo que quiere hacer, las cosas que m\u00e1s le gustan, sus pasiones y habilidades. Pero esto debe conjugarse con un aspecto exterior respecto de uno: el mundo en que vivimos, las profesiones y los trabajos que existen y las posibilidades que se nos ofrecen. Estos dos aspectos, el personal, lo que quiero, y el mundo, lo que se ofrece, se van a unir en una decisi\u00f3n crucial de nuestra vida. Por lo tanto es necesario que nos tomemos el trabajo de explorar nuestros gustos, nuestras habilidades, nuestras ganas, lo cual implica ponerse a pensar en uno mismo, y tambi\u00e9n el trabajo de informarnos, conocer las carreras, las actividades, los oficios que existen.&#8221; (Lic. Lidia Ferrari- C\u00f3mo elegir una carrera?)<\/p>\n<p>&nbsp;<\/p>\n<p>Fuente: Revista Iniciar<\/p>\n<!-- AddThis Advanced Settings generic via filter on the_content -->","protected":false},"excerpt":{"rendered":"<p>FUNDACI\u00d3N\u00a0POTENCIAR DESEMBARCA EN CIPOLLETTI con su logro Socio-Educativo Porque queremos crecer y superarnos, porque nos gustan los desaf\u00edos, porque estamos<!-- AddThis Advanced Settings generic via filter on get_the_excerpt --><\/p>\n","protected":false},"author":2,"featured_media":3131,"comment_status":"closed","ping_status":"closed","sticky":false,"template":"","format":"standard","meta":{"colormag_page_container_layout":"default_layout","colormag_page_sidebar_layout":"default_layout","jetpack_post_was_ever_published":false,"_jetpack_newsletter_access":"","_jetpack_dont_email_post_to_subs":false,"_jetpack_newsletter_tier_id":0,"_jetpack_memberships_contains_paywalled_content":false,"_jetpack_memberships_contains_paid_content":false,"footnotes":"","jetpack_publicize_message":"","jetpack_publicize_feature_enabled":true,"jetpack_social_post_already_shared":true,"jetpack_social_options":{"image_generator_settings":{"template":"highway","default_image_id":0,"font":"","enabled":false},"version":2}},"categories":[19],"tags":[13],"class_list":["post-3111","post","type-post","status-publish","format-standard","has-post-thumbnail","hentry","category-educacion-sociedad","tag-ccnews"],"jetpack_publicize_connections":[],"jetpack_featured_media_url":"https:\/\/i0.wp.com\/ccnews.com.ar\/prensa\/wp-content\/uploads\/2017\/02\/plantilla.jpg?fit=605%2C172","jetpack_shortlink":"https:\/\/wp.me\/p7L1gj-Ob","jetpack-related-posts":[{"id":3501,"url":"http:\/\/ccnews.com.ar\/prensa\/un-nuevo-desafio-se-suma-a-la-fundacion-potenciar-la-educacion-en-el-alto-valle\/","url_meta":{"origin":3111,"position":0},"title":"Un nuevo desaf\u00edo se suma a la Fundaci\u00f3n: \u201cPotenciar la educaci\u00f3n en el Alto Valle\u201d","author":"CLUSTERciar","date":"6 marzo, 2017","format":false,"excerpt":"Andrea Segovia, Secretaria del Consejo de Administraci\u00f3n de Fundaci\u00f3n Potenciar, nos cuenta los desaf\u00edos para este 2017. El 22 de febrero Fundaci\u00f3n Potenciar realiz\u00f3 el brindis inaugural de su nueva Base Operativa en la ciudad de Cipolletti, este es el punta pie inicial de un gran desembarco educativo en esta\u2026","rel":"","context":"En \u00abEducaci\u00f3n\/Sociedad\u00bb","block_context":{"text":"Educaci\u00f3n\/Sociedad","link":"http:\/\/ccnews.com.ar\/prensa\/category\/educacion-sociedad\/"},"img":{"alt_text":"IMG_3556","src":"https:\/\/i0.wp.com\/clusterciarnews.com.ar\/prensa\/wp-content\/uploads\/2017\/03\/IMG_3556-300x200.jpg?resize=350%2C200","width":350,"height":200},"classes":[]},{"id":10077,"url":"http:\/\/ccnews.com.ar\/prensa\/una-escuela-de-educacion-integral-se-abre-en-el-club-cipolletti\/","url_meta":{"origin":3111,"position":1},"title":"Una escuela de educaci\u00f3n integral se abre en el Club Cipolletti","author":"CLUSTERciar","date":"24 enero, 2019","format":false,"excerpt":"Se trata del Instituto Potenciar Albinegro, una instituci\u00f3n educativa creada por Fundaci\u00f3n Potenciar y el Club Cipolletti, donde los alumnos se formar\u00e1n a trav\u00e9s de valores humanos, deportes, tecnolog\u00eda, innovaci\u00f3n e idioma. Las clases comienzan en marzo, y ya est\u00e1n abiertas las inscripciones. El Alto Valle del R\u00edo Negro celebra\u2026","rel":"","context":"En \u00abEducaci\u00f3n\/Sociedad\u00bb","block_context":{"text":"Educaci\u00f3n\/Sociedad","link":"http:\/\/ccnews.com.ar\/prensa\/category\/educacion-sociedad\/"},"img":{"alt_text":"","src":"https:\/\/i0.wp.com\/ccnews.com.ar\/prensa\/wp-content\/uploads\/2019\/01\/nota.jpg?fit=803%2C404&resize=350%2C200","width":350,"height":200,"srcset":"https:\/\/i0.wp.com\/ccnews.com.ar\/prensa\/wp-content\/uploads\/2019\/01\/nota.jpg?fit=803%2C404&resize=350%2C200 1x, https:\/\/i0.wp.com\/ccnews.com.ar\/prensa\/wp-content\/uploads\/2019\/01\/nota.jpg?fit=803%2C404&resize=525%2C300 1,5x, https:\/\/i0.wp.com\/ccnews.com.ar\/prensa\/wp-content\/uploads\/2019\/01\/nota.jpg?fit=803%2C404&resize=700%2C400 2x"},"classes":[]},{"id":8247,"url":"http:\/\/ccnews.com.ar\/prensa\/potenciar-educacion-superior-ofrece-tres-nuevas-carreras-con-oportunidades-laborales\/","url_meta":{"origin":3111,"position":2},"title":"Potenciar Educaci\u00f3n Superior  ofrece tres nuevas carreras  con oportunidades laborales","author":"admin","date":"27 junio, 2018","format":false,"excerpt":"Se trata de las Tecnicaturas Superiores en Energ\u00eda Renovable, en Operaci\u00f3n de Yacimientos No Convencionales y en Seguridad, Higiene y Medio Ambiente. La instituci\u00f3n tambi\u00e9n brinda acceso al mercado laboral, gracias a su v\u00ednculo con empresas del sector. El alcance de la propuesta es doble. Por un lado, m\u00e1s estudiantes\u2026","rel":"","context":"En \u00abEducaci\u00f3n\/Sociedad\u00bb","block_context":{"text":"Educaci\u00f3n\/Sociedad","link":"http:\/\/ccnews.com.ar\/prensa\/category\/educacion-sociedad\/"},"img":{"alt_text":"","src":"https:\/\/i0.wp.com\/ccnews.com.ar\/prensa\/wp-content\/uploads\/2018\/06\/ccn-49.jpg?fit=803%2C404&resize=350%2C200","width":350,"height":200,"srcset":"https:\/\/i0.wp.com\/ccnews.com.ar\/prensa\/wp-content\/uploads\/2018\/06\/ccn-49.jpg?fit=803%2C404&resize=350%2C200 1x, https:\/\/i0.wp.com\/ccnews.com.ar\/prensa\/wp-content\/uploads\/2018\/06\/ccn-49.jpg?fit=803%2C404&resize=525%2C300 1,5x, https:\/\/i0.wp.com\/ccnews.com.ar\/prensa\/wp-content\/uploads\/2018\/06\/ccn-49.jpg?fit=803%2C404&resize=700%2C400 2x"},"classes":[]},{"id":6649,"url":"http:\/\/ccnews.com.ar\/prensa\/para-celebrar-sus-25-anos-clusterciar-inauguro-un-campus-en-cipolletti\/","url_meta":{"origin":3111,"position":3},"title":"Para celebrar sus 25 a\u00f1os, CLUSTERciar inaugur\u00f3 un campus  en Cipolletti","author":"CLUSTERciar","date":"10 enero, 2018","format":false,"excerpt":"En diciembre de 2017, culminando el a\u00f1o de su 25 aniversario, CLUSTERciar inaugur\u00f3 su Campus Educativo Recreativo con oficinas en la ciudad de Cipolletti. A ra\u00edz de este hito, CLUSTERciar News dialog\u00f3 con el Ing. Francis Rimmele, Director General del cl\u00faster y Presidente de Fundaci\u00f3n Potenciar. \u00bfCon qu\u00e9 prop\u00f3sito construyeron\u2026","rel":"","context":"En \u00abManagement\u00bb","block_context":{"text":"Management","link":"http:\/\/ccnews.com.ar\/prensa\/category\/management\/"},"img":{"alt_text":"","src":"https:\/\/i0.wp.com\/clusterciarnews.com.ar\/prensa\/wp-content\/uploads\/2018\/01\/26168293_560406864301889_3995949790915129745_n.jpg?resize=350%2C200","width":350,"height":200},"classes":[]},{"id":8055,"url":"http:\/\/ccnews.com.ar\/prensa\/las-ventajas-de-empezar-una-carrera-en-agosto\/","url_meta":{"origin":3111,"position":4},"title":"Las ventajas de empezar  una carrera en agosto","author":"CLUSTERciar","date":"14 junio, 2018","format":false,"excerpt":"Cada d\u00eda m\u00e1s instituciones brindan la posibilidad de comenzar a cursar en la segunda mitad del a\u00f1o. Potenciar Educaci\u00f3n Superior, adem\u00e1s, permite recuperar el primer cuatrimestre y as\u00ed completar Tecnicaturas Superiores en solo dos a\u00f1os y medio. Ya sea para aprovechar lo que resta del a\u00f1o o para adelantarse al\u2026","rel":"","context":"En \u00abEducaci\u00f3n\/Sociedad\u00bb","block_context":{"text":"Educaci\u00f3n\/Sociedad","link":"http:\/\/ccnews.com.ar\/prensa\/category\/educacion-sociedad\/"},"img":{"alt_text":"","src":"https:\/\/i0.wp.com\/ccnews.com.ar\/prensa\/wp-content\/uploads\/2018\/06\/web.jpg?fit=803%2C226&resize=350%2C200","width":350,"height":200,"srcset":"https:\/\/i0.wp.com\/ccnews.com.ar\/prensa\/wp-content\/uploads\/2018\/06\/web.jpg?fit=803%2C226&resize=350%2C200 1x, https:\/\/i0.wp.com\/ccnews.com.ar\/prensa\/wp-content\/uploads\/2018\/06\/web.jpg?fit=803%2C226&resize=525%2C300 1,5x, https:\/\/i0.wp.com\/ccnews.com.ar\/prensa\/wp-content\/uploads\/2018\/06\/web.jpg?fit=803%2C226&resize=700%2C400 2x"},"classes":[]},{"id":6735,"url":"http:\/\/ccnews.com.ar\/prensa\/top-5-las-notas-mas-leidas-de-clusterciar-news-en-2017\/","url_meta":{"origin":3111,"position":5},"title":"Top 5: las notas m\u00e1s le\u00eddas de CLUSTERciar News en 2017","author":"CLUSTERciar","date":"24 enero, 2018","format":false,"excerpt":"Cada comienzo de a\u00f1o es una oportunidad para iniciar nuevos proyectos y tener presentes las metas cumplidas durante el per\u00edodo anterior. Por ese motivo, CLUSTERciar News agradece el acompa\u00f1amiento de sus lectores y comparte un recuento de las notas m\u00e1s le\u00eddas durante 2017 en los rubros de ingenier\u00eda, educaci\u00f3n, management,\u2026","rel":"","context":"En \u00abManagement\u00bb","block_context":{"text":"Management","link":"http:\/\/ccnews.com.ar\/prensa\/category\/management\/"},"img":{"alt_text":"","src":"","width":0,"height":0},"classes":[]}],"jetpack_sharing_enabled":true,"_links":{"self":[{"href":"http:\/\/ccnews.com.ar\/prensa\/wp-json\/wp\/v2\/posts\/3111","targetHints":{"allow":["GET"]}}],"collection":[{"href":"http:\/\/ccnews.com.ar\/prensa\/wp-json\/wp\/v2\/posts"}],"about":[{"href":"http:\/\/ccnews.com.ar\/prensa\/wp-json\/wp\/v2\/types\/post"}],"author":[{"embeddable":true,"href":"http:\/\/ccnews.com.ar\/prensa\/wp-json\/wp\/v2\/users\/2"}],"replies":[{"embeddable":true,"href":"http:\/\/ccnews.com.ar\/prensa\/wp-json\/wp\/v2\/comments?post=3111"}],"version-history":[{"count":4,"href":"http:\/\/ccnews.com.ar\/prensa\/wp-json\/wp\/v2\/posts\/3111\/revisions"}],"predecessor-version":[{"id":3129,"href":"http:\/\/ccnews.com.ar\/prensa\/wp-json\/wp\/v2\/posts\/3111\/revisions\/3129"}],"wp:featuredmedia":[{"embeddable":true,"href":"http:\/\/ccnews.com.ar\/prensa\/wp-json\/wp\/v2\/media\/3131"}],"wp:attachment":[{"href":"http:\/\/ccnews.com.ar\/prensa\/wp-json\/wp\/v2\/media?parent=3111"}],"wp:term":[{"taxonomy":"category","embeddable":true,"href":"http:\/\/ccnews.com.ar\/prensa\/wp-json\/wp\/v2\/categories?post=3111"},{"taxonomy":"post_tag","embeddable":true,"href":"http:\/\/ccnews.com.ar\/prensa\/wp-json\/wp\/v2\/tags?post=3111"}],"curies":[{"name":"wp","href":"https:\/\/api.w.org\/{rel}","templated":true}]}}