{"id":3153,"date":"2017-02-14T08:00:36","date_gmt":"2017-02-14T11:00:36","guid":{"rendered":"http:\/\/clusterciarnews.com.ar\/prensa\/?p=3153"},"modified":"2017-02-14T08:18:44","modified_gmt":"2017-02-14T11:18:44","slug":"se-pueden-aplicar-los-metodos-de-la-singularity-university-en-la-educacion-no-formal-argentina","status":"publish","type":"post","link":"http:\/\/ccnews.com.ar\/prensa\/se-pueden-aplicar-los-metodos-de-la-singularity-university-en-la-educacion-no-formal-argentina\/","title":{"rendered":"\u00bfSE PUEDEN APLICAR LOS M\u00c9TODOS DE LA SINGULARITY UNIVERSITY EN LA EDUCACI\u00d3N NO FORMAL ARGENTINA?"},"content":{"rendered":"<p>LUEGO DE SU PASO POR SINGULARITY UNIVERSITY, EL EMPRENDEDOR GABRIEL WEINSTEIN, DIRECTOR DE INNOVACI\u00d3N DE OLIVIA, TRABAJA EN LA ARGENTINA PARA GENERAR CAMBIOS EN LOS PROCESOS DE GRANDES EMPRESAS Y EN LA EDUCACI\u00d3N NO FORMAL.<\/p>\n<div class=\"image-container \">\u00a0Esa ma\u00f1ana, Gabriel camin\u00f3 hasta la parada del colectivo como hac\u00eda desde hac\u00eda dos a\u00f1os de lunes a s\u00e1bado. Viaj\u00f3 los 30 minutos que lo separaban de la universidad donde estudiaba ingenier\u00eda en Sistemas y se baj\u00f3 en la parada habitual. Al llegar a la puerta se qued\u00f3 parado contemplando una pregunta que marc\u00f3 su camino. \u201c\u00bfPor qu\u00e9 vengo seis veces por semana a este lugar si ni siquiera me gusta lo que estoy estudiando?\u201d Dio media vuelta, se tom\u00f3 el colectivo hacia su casa y se fue a dormir la siesta. Nunca m\u00e1s volvi\u00f3.<\/div>\n<div class=\"article-container\">\n<p>Al mismo tiempo trabajaba en una empresa de software, donde sent\u00eda un sin sentido parecido. No compart\u00eda la manera en la que se hac\u00edan las cosas, ni hab\u00eda espacio para cambiarlas, por lo que, al poco tiempo de dejar la facultad, tambi\u00e9n renunci\u00f3 a su trabajo. \u201cPuede sonar catastr\u00f3fico, pero fue un gran momento en mi vida, ya que era la primera vez que me sent\u00eda libre de tomar mi propias grandes decisiones\u201d, cuenta.<\/p>\n<p>En pocos meses eligi\u00f3 una nueva facultad, ahora s\u00ed con ganas, y fund\u00f3 su primera empresa de software, Virtualmind, con la que todav\u00eda est\u00e1 involucrado. \u201cFue una de las experiencias m\u00e1s ricas que he tenido, fue la etapa de mi vida en la que m\u00e1s paredes me choqu\u00e9 y, por ende, la etapa en la que m\u00e1s maprend\u00ed\u201d, asegura. Pero con el tiempo y el crecimiento, esos retos se fueron convirtiendo en el d\u00eda a d\u00eda y los desaf\u00edos fueron cada vez mayores. Hoy, a sus 33 a\u00f1os, Gabriel Weinstein tiene su necesidad de preguntar \u201cpor qu\u00e9\u201d m\u00e1s viva que a los 20. Es director del \u00e1rea de Innovaci\u00f3n de la consultora estrat\u00e9gica Olivia y est\u00e1 al frente de Infinito por Descubrir, un proyecto del Ministerio de Educaci\u00f3n de la Naci\u00f3n que impulsa la innovaci\u00f3n educativa en todo el pa\u00eds, entre otros tantos roles que tienen un ADN impregnado de innovaci\u00f3n. Cre\u00f3, tambi\u00e9n, una empresa de eventos y una de videojuegos. Hasta que un d\u00eda vio en Twitter una publicaci\u00f3n del empresario Santiago Bilinkis que contaba sobre lo que se hac\u00eda en Singularity University (SU), hizo click en la p\u00e1gina y, sin saberlo a\u00fan, se meti\u00f3 en la aventura m\u00e1s incre\u00edble de su vida.<\/p>\n<h2>Desaf\u00edo exponencial<\/h2>\n<p>Singularity University es una instituci\u00f3n ubicada en una sede de la NASA en Silicon Valley, California, cuya misi\u00f3n es educar e inspirar a l\u00edderes a utilizar tecnolog\u00edas exponenciales para hacer frente a los m\u00e1s grandes desaf\u00edos de la humanidad. Unas 6.000 personas de todo el mundo aplicaron al mismo curso que Gabriel en el a\u00f1o 2014; s\u00f3lo podr\u00edan ingresar 80 de ellos. \u201cTodav\u00eda recuerdo aquella \u00faltima entrevista cuando me dijeron: \u201cGabriel, arm\u00e1 las valijas, el pr\u00f3ximo verano lo pas\u00e1s con nosotros\u201d, cuenta. El programa al que asisti\u00f3, Global Solutions Program, se divide en dos etapas. En la primera te exponen 10 horas por d\u00eda a tecnolog\u00edas exponenciales y a lo que ellos denominan los grandes desaf\u00edos globales, retos a los cuales, en mayor o menor medida, todos los pa\u00edses deben enfrentarse: la falta de agua potable, la ineficiencia de nuestros sistemas educativos o la pobreza. \u201cUna vez que el orador se iba, nadie quer\u00eda irse a dormir. Nos qued\u00e1bamos hasta las 2 de la ma\u00f1ana charlando. Ni de pol\u00edtica ni de f\u00fatbol, sino de c\u00f3mo \u00edbamos a hacer para cambiar el mundo\u201d, recuerda sobre esos tres meses de \u201cincubaci\u00f3n\u201d.<\/p>\n<p>Su experiencia como fundador de varias empresas le hab\u00eda dado una certeza: el equipo con el que se trabaja es lo m\u00e1s importante y SU no fue la excepci\u00f3n. Su equipo, conformado por seis miembros provenientes de cinco pa\u00edses, comenz\u00f3 a trabajar de inmediato utilizando metodolog\u00edas de resoluci\u00f3n de problemas como Design Thinking que les permitieron enfocar sobre el problema real y luego sobre soluciones innovadoras.<\/p>\n<p>As\u00ed idearon una soluci\u00f3n sin precedentes para atacar algunas de las enfermedades que m\u00e1s afectan a nuestro planeta. Alrededor del mundo, cada a\u00f1o son 2 millones las personas afectadas con HIV y 500 millones las que tiene alguna enfermedad de transmisi\u00f3n sexual. \u201cTomando algunos \u2018insights\u2019 clave que nos orientaron hacia una posible soluci\u00f3n, trabajamos duro y descubrimos que en la sangre menstrual es posible detectar un 60 por ciento de lo que habitualmente encontramos en la sangre de las venas.\u201d Lo que los llev\u00f3 a crear el proyecto ganador del primer Startup Weekend y de todo el programa: una toallita femenina con un sensor de micro fluidos ubicado en la tercera capa que detecta enfermedades. Aunque tanto Gabriel como algunos compa\u00f1eros intentaron llevarlo a una siguiente etapa, el proyecto est\u00e1 en stand by por el momento. Hay claves innovadoras en su paso por esta escuela de exponenciales. \u201cMi paso por SU fue incre\u00edble. Encontr\u00e9 much\u00edsimas personas que intentan cambiar el estado de las cosas y, adem\u00e1s, pude lograr crear un proyecto en una disciplina que desconoc\u00eda y haber confirmado que las habilidades blandas pesan tanto o m\u00e1s que cualquier conocimiento t\u00e9cnico\u201d, describe hoy como actual embajador de SU en el pa\u00eds.<\/p>\n<p>&nbsp;<\/p>\n<h2>En busca de una nueva educaci\u00f3n<\/h2>\n<p>Luego de este sacud\u00f3n de ideas, se transform\u00f3 en un gran vocero del emprendedorismo joven y de importancia del desarrollo de proyectos de base tecnol\u00f3gica para la transformaci\u00f3n social en nuestro pa\u00eds. Hoy, como un pulpo innovador tiene en cada uno de sus brazos m\u00faltiples proyectos en paralelo: como embajador de SU, director de innovaci\u00f3n de una consultora (Olivia, firma de consultor\u00eda estrat\u00e9gica con oficinas en la Argentina y Chile) y al mismo tiempo fue convocado por el ministro de Educaci\u00f3n, Esteban Bullrich, para pensar propuestas innovadoras para el sistema educativo argentino. As\u00ed naci\u00f3 \u201cInfinito por Descubrir\u201d, un espacio de educaci\u00f3n no formal, creado a partir de las mejores iniciativas educativas a escala mundial, que busca complementar nuestras escuelas con una experiencia de aprendizaje distinta, a trav\u00e9s de proyectos que mezclan la rob\u00f3tica, m\u00fasica y biotecnolog\u00eda con magia, pasi\u00f3n y amigos, fomentando la utilizaci\u00f3n de tecnolog\u00edas y el desarrollo de habilidades blandas como liderazgo, colaboraci\u00f3n y pensamiento cr\u00edtico. \u201cInfinito por Descubrir\u201d es una Iniciativa de Educ.ar, que depende del Ministerio de Educaci\u00f3n y Deportes de la Naci\u00f3n, y apunta a chicos y chicas de 6 a 18 a\u00f1os. El proyecto comienza con la apertura de centros de innovaci\u00f3n educativa en todo el pa\u00eds.<\/p>\n<p>\u201cLos talleres, actividades, laboratorios y expertos de los centros est\u00e1n siempre listos para crear un entorno de aprendizaje ideal en donde la curiosidad sea la protagonista, poniendo al alcance de la comunidad herramientas que les permitir\u00e1n a nuestros chicos experimentar y comenzar a explorar sus inquietudes\u201d, describe. Pensando en los empleos de hoy y en los trabajos del futuro, armaron un sistema de din\u00e1micas que se ha convertido en el coraz\u00f3n de \u201cInfinito por Descubrir\u201d, el cual permite potenciar las habilidades de los chicos aprendiendo lo que desean, sin importar edad, conocimientos, ideas o el momento en que asisten al centro. Para lograr esto, el aprendizaje adaptativo se basar\u00e1 en proyectos que provengan de problemas reales de la comunidad que se encuentran en los alrededores de los centros urbanos, buscando que los propios chicos, de edades y realidades diversas, puedan colaborar para idear y desarrollar sus propias soluciones, apelando a la innovaci\u00f3n.<\/p>\n<p>Muchos de los proyectos que elige para trabajar tienen un prop\u00f3sito muy arraigado a lo social y eso no es casual. \u201cNing\u00fan proyecto me llena si no tiene un prop\u00f3sito que va m\u00e1s all\u00e1 de divertirme y hacer plata. No puedo concebir que la suerte que te toc\u00f3 al nacer marque tan fuertemente tu destino. Todo lo que pueda hacer para cambiar eso, lo har\u00e9\u201d, confiesa. Pero tambi\u00e9n est\u00e1 empecinado en llevar los valores de la innovaci\u00f3n a las compa\u00f1\u00edas m\u00e1s tradicionales donde hay gran resistencia al cambio de procesos. \u201cA las grandes empresas, es a las que m\u00e1s les cuesta innovar, tal vez por su tama\u00f1o y burocracia, pero principalmente por su historia, porque hacen las cosas sin entender por qu\u00e9 las hacen de ese modo\u201d, dice. La mayor\u00eda de las empresas intenta hacerlo, pero no sabe c\u00f3mo, entonces crean concursos, hackatones y mesas de innovaci\u00f3n, pero terminan siendo esfuerzos aislados que no logran sostener en el tiempo, con lo cual cree que hay dos cosas muy importantes: tener una matriz balanceada de innovaci\u00f3n y un plan alineado a la estrategia de la empresa para as\u00ed tener una cultura que permita que la innovaci\u00f3n fluya.<\/p>\n<p>Gabriel lee mucho todos los d\u00edas, m\u00e1s papers que libros, y busca material de disciplinas que le son muy ajenas para buscar inspiraci\u00f3n en ellas. Aunque dice que ahora con m\u00e1s sue\u00f1o, ya que fue pap\u00e1 por primera vez hace pocos meses. \u201cMe gusta aprender leyendo sobre disciplinas de las que no tengo idea. Tiene que ver con esa curiosidad; si tuviera que decirte qu\u00e9 me apasiona, te dir\u00eda las personas, conocer gente, escucharlas, aprender, intercambiar experiencias. Tomar un caf\u00e9 en un bar con gente que no conozco me divierte mucho.\u201d<\/p>\n<p>El statu quo es el estado o la situaci\u00f3n de las cosas en un determinado momento, un estado que en la mayor\u00eda de las personas genera armon\u00eda, pero que a Gabriel s\u00f3lo le genera querer alterarlo lo m\u00e1s a menudo posible. Porque en la innovaci\u00f3n y evoluci\u00f3n constante encuentra su remanso.<\/p>\n<p>Fuente: \u00a0Infotechnology<\/p>\n<\/div>\n<!-- AddThis Advanced Settings generic via filter on the_content -->","protected":false},"excerpt":{"rendered":"<p>LUEGO DE SU PASO POR SINGULARITY UNIVERSITY, EL EMPRENDEDOR GABRIEL WEINSTEIN, DIRECTOR DE INNOVACI\u00d3N DE OLIVIA, TRABAJA EN LA ARGENTINA<!-- AddThis Advanced Settings generic via filter on get_the_excerpt --><\/p>\n","protected":false},"author":2,"featured_media":3155,"comment_status":"closed","ping_status":"closed","sticky":false,"template":"","format":"standard","meta":{"colormag_page_container_layout":"default_layout","colormag_page_sidebar_layout":"default_layout","jetpack_post_was_ever_published":false,"_jetpack_newsletter_access":"","_jetpack_dont_email_post_to_subs":false,"_jetpack_newsletter_tier_id":0,"_jetpack_memberships_contains_paywalled_content":false,"_jetpack_memberships_contains_paid_content":false,"footnotes":"","jetpack_publicize_message":"","jetpack_publicize_feature_enabled":true,"jetpack_social_post_already_shared":true,"jetpack_social_options":{"image_generator_settings":{"template":"highway","default_image_id":0,"font":"","enabled":false},"version":2}},"categories":[19],"tags":[17],"class_list":["post-3153","post","type-post","status-publish","format-standard","has-post-thumbnail","hentry","category-educacion-sociedad","tag-otros-medios"],"jetpack_publicize_connections":[],"jetpack_featured_media_url":"https:\/\/i0.wp.com\/ccnews.com.ar\/prensa\/wp-content\/uploads\/2017\/01\/img_8548.jpg_1484051676.jpg?fit=875%2C471","jetpack_shortlink":"https:\/\/wp.me\/p7L1gj-OR","jetpack-related-posts":[{"id":11021,"url":"http:\/\/ccnews.com.ar\/prensa\/hacia-la-integracion-y-la-equidad-algunas-propuestas-para-la-educacion-del-futuro\/","url_meta":{"origin":3153,"position":0},"title":"Hacia la integraci\u00f3n y la equidad: algunas propuestas para la educaci\u00f3n del futuro","author":"CLUSTERciar","date":"5 abril, 2019","format":false,"excerpt":"\u00bfCu\u00e1l ser\u00eda la realidad si la educaci\u00f3n fuera prioridad?\". Con este interrogante comenz\u00f3 Ana Julia Rosales, directora de Articulaci\u00f3n de la fundaci\u00f3n Cimientos, la presentaci\u00f3n del diagn\u00f3stico con propuestas para la transformaci\u00f3n educativa generado por\u00a0Primero Educaci\u00f3n, una red de m\u00e1s de 30 organizaciones educativas y sociales este mi\u00e9rcoles en la\u2026","rel":"","context":"En \u00abEducaci\u00f3n\/Sociedad\u00bb","block_context":{"text":"Educaci\u00f3n\/Sociedad","link":"http:\/\/ccnews.com.ar\/prensa\/category\/educacion-sociedad\/"},"img":{"alt_text":"","src":"https:\/\/i0.wp.com\/ccnews.com.ar\/prensa\/wp-content\/uploads\/2019\/04\/2906282w1033.jpg?fit=1033%2C775&resize=350%2C200","width":350,"height":200,"srcset":"https:\/\/i0.wp.com\/ccnews.com.ar\/prensa\/wp-content\/uploads\/2019\/04\/2906282w1033.jpg?fit=1033%2C775&resize=350%2C200 1x, https:\/\/i0.wp.com\/ccnews.com.ar\/prensa\/wp-content\/uploads\/2019\/04\/2906282w1033.jpg?fit=1033%2C775&resize=525%2C300 1,5x, https:\/\/i0.wp.com\/ccnews.com.ar\/prensa\/wp-content\/uploads\/2019\/04\/2906282w1033.jpg?fit=1033%2C775&resize=700%2C400 2x"},"classes":[]},{"id":16568,"url":"http:\/\/ccnews.com.ar\/prensa\/ensenanza-mixta-la-nueva-normalidad-de-la-educacion-superior\/","url_meta":{"origin":3153,"position":1},"title":"Ense\u00f1anza &#8220;mixta&#8221;: la nueva normalidad de la educaci\u00f3n superior","author":"Editor","date":"11 marzo, 2021","format":false,"excerpt":"La crisis sanitaria oblig\u00f3 a una acelerada adaptaci\u00f3n de la educaci\u00f3n para seguir adelante. A medida que se ensaya una nueva etapa, la combinaci\u00f3n de herramientas tecnol\u00f3gicas y la semipresencialidad se imponen en el escenario actual.","rel":"","context":"En \u00abEducaci\u00f3n\/Sociedad\u00bb","block_context":{"text":"Educaci\u00f3n\/Sociedad","link":"http:\/\/ccnews.com.ar\/prensa\/category\/educacion-sociedad\/"},"img":{"alt_text":"","src":"","width":0,"height":0},"classes":[]},{"id":16436,"url":"http:\/\/ccnews.com.ar\/prensa\/hacia-una-educacion-tecnologica-de-calidad-las-tendencias-de-aprendizaje-que-se-veran-post-pandemia\/","url_meta":{"origin":3153,"position":2},"title":"Hacia una educaci\u00f3n tecnol\u00f3gica de calidad: las tendencias de aprendizaje que se ver\u00e1n post pandemia","author":"Editor","date":"17 diciembre, 2020","format":false,"excerpt":"Por la llegada del COVID-19, la incorporaci\u00f3n de la virtualidad en las aulas fue un hecho. En este sentido, existen propuestas a nivel nacional que han llevado en los \u00faltimos a\u00f1os talleres de rob\u00f3tica y mec\u00e1nica a escuelas y fundaciones.","rel":"","context":"En \u00abCovid-19\u00bb","block_context":{"text":"Covid-19","link":"http:\/\/ccnews.com.ar\/prensa\/category\/covid-19\/"},"img":{"alt_text":"","src":"","width":0,"height":0},"classes":[]},{"id":6543,"url":"http:\/\/ccnews.com.ar\/prensa\/hay-que-pensar-en-grande\/","url_meta":{"origin":3153,"position":3},"title":"\u201cHay que pensar en grande\u201d","author":"CLUSTERciar","date":"28 enero, 2018","format":false,"excerpt":"Desde Silicon Valley, la argentina Agustina Fainguersch ide\u00f3 una aplicaci\u00f3n para detectar tempranamente virus y enfermedades. El MIT la reconoci\u00f3 como una de las j\u00f3venes m\u00e1s innovadoras de Am\u00e9rica Latina. Cuando Agustina Fainguersch se enter\u00f3 de que hab\u00eda\u00a0 sido reconocida por\u00a0 el prestigioso Massachusetts Institute of Technology (MIT) como una\u2026","rel":"","context":"En \u00abTransformaci\u00f3n digital\u00bb","block_context":{"text":"Transformaci\u00f3n digital","link":"http:\/\/ccnews.com.ar\/prensa\/category\/transformacion-digital\/"},"img":{"alt_text":"","src":"https:\/\/i0.wp.com\/ccnews.com.ar\/prensa\/wp-content\/uploads\/2018\/01\/nueva_1514577912_205702.jpg?fit=700%2C430&resize=350%2C200","width":350,"height":200,"srcset":"https:\/\/i0.wp.com\/ccnews.com.ar\/prensa\/wp-content\/uploads\/2018\/01\/nueva_1514577912_205702.jpg?fit=700%2C430&resize=350%2C200 1x, https:\/\/i0.wp.com\/ccnews.com.ar\/prensa\/wp-content\/uploads\/2018\/01\/nueva_1514577912_205702.jpg?fit=700%2C430&resize=525%2C300 1,5x, https:\/\/i0.wp.com\/ccnews.com.ar\/prensa\/wp-content\/uploads\/2018\/01\/nueva_1514577912_205702.jpg?fit=700%2C430&resize=700%2C400 2x"},"classes":[]},{"id":16264,"url":"http:\/\/ccnews.com.ar\/prensa\/por-una-educacion-de-calidad-y-con-inclusion\/","url_meta":{"origin":3153,"position":4},"title":"Por una educaci\u00f3n de calidad y con inclusi\u00f3n","author":"Editor","date":"30 octubre, 2020","format":false,"excerpt":"En este siglo el crecimiento econ\u00f3mico de las naciones depende cada vez m\u00e1s de la acumulaci\u00f3n de capital humano, es decir, del hombre mismo y de sus conocimientos.","rel":"","context":"En \u00abEducaci\u00f3n\/Sociedad\u00bb","block_context":{"text":"Educaci\u00f3n\/Sociedad","link":"http:\/\/ccnews.com.ar\/prensa\/category\/educacion-sociedad\/"},"img":{"alt_text":"","src":"https:\/\/i0.wp.com\/ccnews.com.ar\/prensa\/wp-content\/uploads\/2020\/10\/ocho-millones-alumnos-vuelven-lo-largo-esta-semana-clases-espana-pese-los-rebrotes-coronavirus.jpg?fit=690%2C460&resize=350%2C200","width":350,"height":200,"srcset":"https:\/\/i0.wp.com\/ccnews.com.ar\/prensa\/wp-content\/uploads\/2020\/10\/ocho-millones-alumnos-vuelven-lo-largo-esta-semana-clases-espana-pese-los-rebrotes-coronavirus.jpg?fit=690%2C460&resize=350%2C200 1x, https:\/\/i0.wp.com\/ccnews.com.ar\/prensa\/wp-content\/uploads\/2020\/10\/ocho-millones-alumnos-vuelven-lo-largo-esta-semana-clases-espana-pese-los-rebrotes-coronavirus.jpg?fit=690%2C460&resize=525%2C300 1,5x"},"classes":[]},{"id":13169,"url":"http:\/\/ccnews.com.ar\/prensa\/educacion-cuando-los-dogmas-se-convierten-en-anclas\/","url_meta":{"origin":3153,"position":5},"title":"Educaci\u00f3n: cuando los dogmas se convierten en anclas","author":"admin","date":"4 octubre, 2019","format":false,"excerpt":"Las escuelas, al igual que otras casas de estudio, son acuerdos institucionales concebidos para un contexto de \u00e9poca particular, refinados en su pr\u00e1ctica durante d\u00e9cadas y siglos, y convertidos en dogmas. Los dogmas son problem\u00e1ticos, pues se aceptan colectivamente como verdades reveladas, aunque se demuestren ineficaces para cumplir su mandato\u2026","rel":"","context":"En \u00abEducaci\u00f3n\/Sociedad\u00bb","block_context":{"text":"Educaci\u00f3n\/Sociedad","link":"http:\/\/ccnews.com.ar\/prensa\/category\/educacion-sociedad\/"},"img":{"alt_text":"","src":"https:\/\/i0.wp.com\/ccnews.com.ar\/prensa\/wp-content\/uploads\/2019\/10\/0.jpg?fit=1080%2C606&resize=350%2C200","width":350,"height":200,"srcset":"https:\/\/i0.wp.com\/ccnews.com.ar\/prensa\/wp-content\/uploads\/2019\/10\/0.jpg?fit=1080%2C606&resize=350%2C200 1x, https:\/\/i0.wp.com\/ccnews.com.ar\/prensa\/wp-content\/uploads\/2019\/10\/0.jpg?fit=1080%2C606&resize=525%2C300 1,5x, https:\/\/i0.wp.com\/ccnews.com.ar\/prensa\/wp-content\/uploads\/2019\/10\/0.jpg?fit=1080%2C606&resize=700%2C400 2x, https:\/\/i0.wp.com\/ccnews.com.ar\/prensa\/wp-content\/uploads\/2019\/10\/0.jpg?fit=1080%2C606&resize=1050%2C600 3x"},"classes":[]}],"jetpack_sharing_enabled":true,"_links":{"self":[{"href":"http:\/\/ccnews.com.ar\/prensa\/wp-json\/wp\/v2\/posts\/3153","targetHints":{"allow":["GET"]}}],"collection":[{"href":"http:\/\/ccnews.com.ar\/prensa\/wp-json\/wp\/v2\/posts"}],"about":[{"href":"http:\/\/ccnews.com.ar\/prensa\/wp-json\/wp\/v2\/types\/post"}],"author":[{"embeddable":true,"href":"http:\/\/ccnews.com.ar\/prensa\/wp-json\/wp\/v2\/users\/2"}],"replies":[{"embeddable":true,"href":"http:\/\/ccnews.com.ar\/prensa\/wp-json\/wp\/v2\/comments?post=3153"}],"version-history":[{"count":1,"href":"http:\/\/ccnews.com.ar\/prensa\/wp-json\/wp\/v2\/posts\/3153\/revisions"}],"predecessor-version":[{"id":3157,"href":"http:\/\/ccnews.com.ar\/prensa\/wp-json\/wp\/v2\/posts\/3153\/revisions\/3157"}],"wp:featuredmedia":[{"embeddable":true,"href":"http:\/\/ccnews.com.ar\/prensa\/wp-json\/wp\/v2\/media\/3155"}],"wp:attachment":[{"href":"http:\/\/ccnews.com.ar\/prensa\/wp-json\/wp\/v2\/media?parent=3153"}],"wp:term":[{"taxonomy":"category","embeddable":true,"href":"http:\/\/ccnews.com.ar\/prensa\/wp-json\/wp\/v2\/categories?post=3153"},{"taxonomy":"post_tag","embeddable":true,"href":"http:\/\/ccnews.com.ar\/prensa\/wp-json\/wp\/v2\/tags?post=3153"}],"curies":[{"name":"wp","href":"https:\/\/api.w.org\/{rel}","templated":true}]}}