{"id":3165,"date":"2017-01-16T08:37:53","date_gmt":"2017-01-16T11:37:53","guid":{"rendered":"http:\/\/clusterciarnews.com.ar\/prensa\/?p=3165"},"modified":"2017-01-16T08:37:53","modified_gmt":"2017-01-16T11:37:53","slug":"se-extendio-un-contrato-hidrocarburifero","status":"publish","type":"post","link":"http:\/\/ccnews.com.ar\/prensa\/se-extendio-un-contrato-hidrocarburifero\/","title":{"rendered":"Se extendi\u00f3 un contrato hidrocarbur\u00edfero"},"content":{"rendered":"<p><strong>El gobierno provincial renegoci\u00f3 la concesi\u00f3n de la empresa Medanito S.A por el \u00e1rea Medianera lo cual fue aprobado por Legislatura en diciembre.<\/strong><\/p>\n<p><img data-recalc-dims=\"1\" decoding=\"async\" class=\"alignleft\" src=\"https:\/\/i0.wp.com\/www.petrolnews.net\/pics\/extendio130117.jpg?w=800\" \/>El gobierno de R\u00edo Negro inform\u00f3 que cerr\u00f3 2016 con la extensi\u00f3n de un nuevo contrato hidrocarbur\u00edfero como es la concesi\u00f3n de la empresa Medanito S.A por el \u00e1rea Medianera la cual fue aprobada por Legislatura a mediados de diciembre. El acuerdo fue discutido en una audiencia p\u00fablica en Catriel<\/p>\n<p>La extensi\u00f3n por una d\u00e9cada de la concesi\u00f3n se suma a otras 15 \u00e1reas que el gobierno con otras ocho empresas. \u201cEs el 82% de la producci\u00f3n de petr\u00f3leo actual y el 90% del gas que se extrae en la provincia, si a\u00f1adimos las dos anteriores rondas de acuerdos alcanzados con las principales empresas del sector\u201d, estim\u00f3 el secretario de Estado de Energ\u00eda, Sebasti\u00e1n Caldiero quien agreg\u00f3 \u201cSi bien Medanito pose\u00eda la concesi\u00f3n de otras dos \u00e1reas, s\u00f3lo prorrogamos uno de los bloques porque en las otras no hubo acuerdo entre el plan de inversiones que propuso la empresa y lo que pretende la Provincia.&#8221;<\/p>\n<p>En cuanto al impacto econ\u00f3mico del contrato, Caldiero inform\u00f3 que \u201cser\u00e1 del orden de los 70.000.000 de d\u00f3lares para los diez a\u00f1os de la pr\u00f3rroga\u201d. Incluy\u00f3 aqu\u00ed un bono de 7.200.000 de d\u00f3lares (Bono Fijo m\u00e1s Aporte al Desarrollo Social y Fortalecimiento Institucional), del cual pag\u00f3 la mitad, tal cual lo establecido contractualmente.<\/p>\n<p>El 14% de este valor se coparticipar\u00e1 en forma directa a todos los municipios de la Provincia. El resto se destinar\u00e1 a obras de infraestructura con fines econ\u00f3micos, urbanos y de saneamiento.<\/p>\n<p>Por estos conceptos y contabilizando las tres renegociaciones que encabez\u00f3 la Secretar\u00eda de Energ\u00eda, ingresaron a las arcas provinciales y municipales m\u00e1s de 189.000.000 de d\u00f3lares desde el 2015 a la fecha.<\/p>\n<p>En cuanto a las inversiones rese\u00f1adas por Caldiero que forman parte de lo firmado con Medanito son de casi 23.000.000 de d\u00f3lares , con una cifra similar de costos operativos. En este sentido, puntualiz\u00f3 en la incidencia en el costo empresario de los desembolsos hacia los trabajadores, lo cual se estima que ronda el 40% a 45% en forma directa e indirecta. Sumado a ello, est\u00e1 la obligaci\u00f3n legal de la normativa provincial que fij\u00f3 la exigencia de cumplir con el 80% para el compre rionegrino y para la contrataci\u00f3n de mano de obra.<\/p>\n<p>En relaci\u00f3n a la remediaci\u00f3n ambiental, dio cuenta del procedimiento de control y destac\u00f3 que incluy\u00f3 la participaci\u00f3n activa tanto de la Secretar\u00eda de Hidrocarburos, como de la Secretar\u00eda de Ambiente y Desarrollo Sustentable y del DPA. M\u00e1s all\u00e1 de hacerse una identificaci\u00f3n de los planes de remediaci\u00f3n con tareas concretas valorizadas, aclar\u00f3 que de ninguna manera lo que se explicit\u00f3 en el contrato constituye un libre deuda ambiental. \u201cLo relevado no libera de responsabilidad a las empresas por otros pasivos no declarados o que no pudieron haber sido detectados en las inspecciones\u201d, enfatiz\u00f3.<\/p>\n<p>Fuente: Noticias Net<\/p>\n<!-- AddThis Advanced Settings generic via filter on the_content -->","protected":false},"excerpt":{"rendered":"<p>El gobierno provincial renegoci\u00f3 la concesi\u00f3n de la empresa Medanito S.A por el \u00e1rea Medianera lo cual fue aprobado por<!-- AddThis Advanced Settings generic via filter on get_the_excerpt --><\/p>\n","protected":false},"author":2,"featured_media":0,"comment_status":"closed","ping_status":"closed","sticky":false,"template":"","format":"standard","meta":{"colormag_page_container_layout":"default_layout","colormag_page_sidebar_layout":"default_layout","jetpack_post_was_ever_published":false,"_jetpack_newsletter_access":"","_jetpack_dont_email_post_to_subs":false,"_jetpack_newsletter_tier_id":0,"_jetpack_memberships_contains_paywalled_content":false,"_jetpack_memberships_contains_paid_content":false,"footnotes":"","jetpack_publicize_message":"","jetpack_publicize_feature_enabled":true,"jetpack_social_post_already_shared":true,"jetpack_social_options":{"image_generator_settings":{"template":"highway","default_image_id":0,"font":"","enabled":false},"version":2}},"categories":[11],"tags":[17],"class_list":["post-3165","post","type-post","status-publish","format-standard","hentry","category-energia-y-produccion","tag-otros-medios"],"jetpack_publicize_connections":[],"jetpack_featured_media_url":"","jetpack_shortlink":"https:\/\/wp.me\/p7L1gj-P3","jetpack-related-posts":[{"id":9449,"url":"http:\/\/ccnews.com.ar\/prensa\/rio-negro-adjudico-seis-nuevas-areas-hidrocarburiferas-con-el-objetivo-de-ampliar-sus-reservas\/","url_meta":{"origin":3165,"position":0},"title":"R\u00edo Negro adjudic\u00f3 seis nuevas \u00e1reas hidrocarbur\u00edferas con el objetivo de ampliar sus reservas","author":"CLUSTERciar","date":"25 noviembre, 2018","format":false,"excerpt":"El Gobierno Provincial adjudic\u00f3 seis nuevas \u00e1reas para obtener m\u00e1s reservas. Las empresas President y Aconcagua Energ\u00eda, se asociar\u00e1n con la estatal EDHIPSA e invertir\u00e1n U$S 68 millones en los pr\u00f3ximos 5 a\u00f1os. Las empresas President y Aconcagua se asociar\u00e1n con la estatal EDHIPSA para explotar los recursos del subsuelo\u2026","rel":"","context":"En \u00abEnerg\u00eda y Producci\u00f3n\u00bb","block_context":{"text":"Energ\u00eda y Producci\u00f3n","link":"http:\/\/ccnews.com.ar\/prensa\/category\/energia-y-produccion\/"},"img":{"alt_text":"","src":"https:\/\/i0.wp.com\/ccnews.com.ar\/prensa\/wp-content\/uploads\/2018\/11\/20181114064301.jpg?fit=640%2C480&resize=350%2C200","width":350,"height":200,"srcset":"https:\/\/i0.wp.com\/ccnews.com.ar\/prensa\/wp-content\/uploads\/2018\/11\/20181114064301.jpg?fit=640%2C480&resize=350%2C200 1x, https:\/\/i0.wp.com\/ccnews.com.ar\/prensa\/wp-content\/uploads\/2018\/11\/20181114064301.jpg?fit=640%2C480&resize=525%2C300 1,5x"},"classes":[]},{"id":10567,"url":"http:\/\/ccnews.com.ar\/prensa\/una-empresa-estatal-privatiza-un-yacimiento-con-potencial-en-vaca-muerta\/","url_meta":{"origin":3165,"position":1},"title":"Una empresa estatal privatiza un yacimiento con potencial en Vaca Muerta","author":"admin","date":"28 febrero, 2019","format":false,"excerpt":"La estatal IEASA (ex Enarsa) puso en venta el yacimiento de hidrocarburos Aguada del Cha\u00f1ar en Neuqu\u00e9n. La licitaci\u00f3n incluye la infraestructura de transporte de gas instalada en el campo. A su vez, la empresa confirm\u00f3 la adjudicaci\u00f3n de la t\u00e9rmica Brigadier L\u00f3pez a Central Puerto y dio por fracasada\u2026","rel":"","context":"En \u00abEnerg\u00eda y Producci\u00f3n\u00bb","block_context":{"text":"Energ\u00eda y Producci\u00f3n","link":"http:\/\/ccnews.com.ar\/prensa\/category\/energia-y-produccion\/"},"img":{"alt_text":"","src":"https:\/\/i0.wp.com\/ccnews.com.ar\/prensa\/wp-content\/uploads\/2019\/02\/Aguada-del-Chaniar-II-ok.jpg?fit=600%2C379&resize=350%2C200","width":350,"height":200,"srcset":"https:\/\/i0.wp.com\/ccnews.com.ar\/prensa\/wp-content\/uploads\/2019\/02\/Aguada-del-Chaniar-II-ok.jpg?fit=600%2C379&resize=350%2C200 1x, https:\/\/i0.wp.com\/ccnews.com.ar\/prensa\/wp-content\/uploads\/2019\/02\/Aguada-del-Chaniar-II-ok.jpg?fit=600%2C379&resize=525%2C300 1,5x"},"classes":[]},{"id":16150,"url":"http:\/\/ccnews.com.ar\/prensa\/neuquen-busca-inversores-para-su-plataforma-logistica\/","url_meta":{"origin":3165,"position":2},"title":"Neuqu\u00e9n busca inversores para su Plataforma Log\u00edstica","author":"Editor","date":"24 septiembre, 2020","format":false,"excerpt":"El gobierno provincial abri\u00f3 la convocatoria de interesados en la presentaci\u00f3n de propuestas para la concesi\u00f3n de un polo log\u00edstico. Estar\u00e1 ubicado sobre 39 hect\u00e1reas en la meseta y demandar\u00e1 una inversi\u00f3n cercana a los 900 millones.","rel":"","context":"En \u00abEnerg\u00eda y Producci\u00f3n\u00bb","block_context":{"text":"Energ\u00eda y Producci\u00f3n","link":"http:\/\/ccnews.com.ar\/prensa\/category\/energia-y-produccion\/"},"img":{"alt_text":"","src":"https:\/\/i0.wp.com\/ccnews.com.ar\/prensa\/wp-content\/uploads\/2020\/09\/index.png?fit=920%2C517&resize=350%2C200","width":350,"height":200,"srcset":"https:\/\/i0.wp.com\/ccnews.com.ar\/prensa\/wp-content\/uploads\/2020\/09\/index.png?fit=920%2C517&resize=350%2C200 1x, https:\/\/i0.wp.com\/ccnews.com.ar\/prensa\/wp-content\/uploads\/2020\/09\/index.png?fit=920%2C517&resize=525%2C300 1,5x, https:\/\/i0.wp.com\/ccnews.com.ar\/prensa\/wp-content\/uploads\/2020\/09\/index.png?fit=920%2C517&resize=700%2C400 2x"},"classes":[]},{"id":11007,"url":"http:\/\/ccnews.com.ar\/prensa\/neuquen-revisa-un-tercio-de-los-contratos-de-vaca-muerta\/","url_meta":{"origin":3165,"position":3},"title":"Neuqu\u00e9n revisa un tercio de los contratos de Vaca Muerta","author":"CLUSTERciar","date":"5 abril, 2019","format":false,"excerpt":"De las 34 concesiones no convencionales, 13 enfrentan en poco tiempo el vencimiento de sus pilotos. El gobierno neuquino presiona para que las operadoras pasen a la fase de explotaci\u00f3n intensiva. Con la entrada en vigencia de la\u00a0nueva ley de Hidrocarburos, la 27.007, en 2014 se desencaden\u00f3 en la provincia\u2026","rel":"","context":"En \u00abEnerg\u00eda y Producci\u00f3n\u00bb","block_context":{"text":"Energ\u00eda y Producci\u00f3n","link":"http:\/\/ccnews.com.ar\/prensa\/category\/energia-y-produccion\/"},"img":{"alt_text":"","src":"https:\/\/i0.wp.com\/ccnews.com.ar\/prensa\/wp-content\/uploads\/2019\/04\/Imagen-Upstream-02-1.jpg?fit=1200%2C675&resize=350%2C200","width":350,"height":200,"srcset":"https:\/\/i0.wp.com\/ccnews.com.ar\/prensa\/wp-content\/uploads\/2019\/04\/Imagen-Upstream-02-1.jpg?fit=1200%2C675&resize=350%2C200 1x, https:\/\/i0.wp.com\/ccnews.com.ar\/prensa\/wp-content\/uploads\/2019\/04\/Imagen-Upstream-02-1.jpg?fit=1200%2C675&resize=525%2C300 1,5x, https:\/\/i0.wp.com\/ccnews.com.ar\/prensa\/wp-content\/uploads\/2019\/04\/Imagen-Upstream-02-1.jpg?fit=1200%2C675&resize=700%2C400 2x, https:\/\/i0.wp.com\/ccnews.com.ar\/prensa\/wp-content\/uploads\/2019\/04\/Imagen-Upstream-02-1.jpg?fit=1200%2C675&resize=1050%2C600 3x"},"classes":[]},{"id":15924,"url":"http:\/\/ccnews.com.ar\/prensa\/vaca-muerta-pese-a-la-crisis-neuquen-sumo-una-nueva-concesion-hidrocarburifera\/","url_meta":{"origin":3165,"position":4},"title":"Vaca Muerta: pese a la crisis, Neuqu\u00e9n sum\u00f3 una nueva concesi\u00f3n hidrocarbur\u00edfera","author":"Editor","date":"14 agosto, 2020","format":false,"excerpt":"Se trata del bloque Los Toldos 2 Oeste que fue concesionado a ExxonMobil. La firma present\u00f3 un plan que inicia con tres pozos pero llega a las 44 perforaciones.","rel":"","context":"En \u00abEnerg\u00eda y Producci\u00f3n\u00bb","block_context":{"text":"Energ\u00eda y Producci\u00f3n","link":"http:\/\/ccnews.com.ar\/prensa\/category\/energia-y-produccion\/"},"img":{"alt_text":"","src":"https:\/\/i0.wp.com\/ccnews.com.ar\/prensa\/wp-content\/uploads\/2020\/08\/Imagen-DJI_0519-Los-Toldos-1-Sur-Low.jpg?fit=920%2C517&resize=350%2C200","width":350,"height":200,"srcset":"https:\/\/i0.wp.com\/ccnews.com.ar\/prensa\/wp-content\/uploads\/2020\/08\/Imagen-DJI_0519-Los-Toldos-1-Sur-Low.jpg?fit=920%2C517&resize=350%2C200 1x, https:\/\/i0.wp.com\/ccnews.com.ar\/prensa\/wp-content\/uploads\/2020\/08\/Imagen-DJI_0519-Los-Toldos-1-Sur-Low.jpg?fit=920%2C517&resize=525%2C300 1,5x, https:\/\/i0.wp.com\/ccnews.com.ar\/prensa\/wp-content\/uploads\/2020\/08\/Imagen-DJI_0519-Los-Toldos-1-Sur-Low.jpg?fit=920%2C517&resize=700%2C400 2x"},"classes":[]},{"id":12343,"url":"http:\/\/ccnews.com.ar\/prensa\/tecpetrol-ya-tiene-dos-concesiones-mas-en-vaca-muerta\/","url_meta":{"origin":3165,"position":5},"title":"Tecpetrol ya tiene dos concesiones m\u00e1s en Vaca Muerta","author":"admin","date":"28 julio, 2019","format":false,"excerpt":"El gobierno provincial le otorg\u00f3 la licencia para\u00a0 Los Toldos I Norte y Los Toldos II Este. Tecpetrol, el brazo petrolero del grupo Techint, obtuvo dos nuevas concesiones no convencionales en Vaca Muerta. Se trata de las \u00e1reas Los Toldos 1 Norte y Los Toldos 2 Este, donde la petrolera\u2026","rel":"","context":"En \u00abEnerg\u00eda y Producci\u00f3n\u00bb","block_context":{"text":"Energ\u00eda y Producci\u00f3n","link":"http:\/\/ccnews.com.ar\/prensa\/category\/energia-y-produccion\/"},"img":{"alt_text":"","src":"https:\/\/i0.wp.com\/ccnews.com.ar\/prensa\/wp-content\/uploads\/2019\/07\/pozo-petroleo-gas.jpg?fit=1033%2C580&resize=350%2C200","width":350,"height":200,"srcset":"https:\/\/i0.wp.com\/ccnews.com.ar\/prensa\/wp-content\/uploads\/2019\/07\/pozo-petroleo-gas.jpg?fit=1033%2C580&resize=350%2C200 1x, https:\/\/i0.wp.com\/ccnews.com.ar\/prensa\/wp-content\/uploads\/2019\/07\/pozo-petroleo-gas.jpg?fit=1033%2C580&resize=525%2C300 1,5x, https:\/\/i0.wp.com\/ccnews.com.ar\/prensa\/wp-content\/uploads\/2019\/07\/pozo-petroleo-gas.jpg?fit=1033%2C580&resize=700%2C400 2x"},"classes":[]}],"jetpack_sharing_enabled":true,"_links":{"self":[{"href":"http:\/\/ccnews.com.ar\/prensa\/wp-json\/wp\/v2\/posts\/3165","targetHints":{"allow":["GET"]}}],"collection":[{"href":"http:\/\/ccnews.com.ar\/prensa\/wp-json\/wp\/v2\/posts"}],"about":[{"href":"http:\/\/ccnews.com.ar\/prensa\/wp-json\/wp\/v2\/types\/post"}],"author":[{"embeddable":true,"href":"http:\/\/ccnews.com.ar\/prensa\/wp-json\/wp\/v2\/users\/2"}],"replies":[{"embeddable":true,"href":"http:\/\/ccnews.com.ar\/prensa\/wp-json\/wp\/v2\/comments?post=3165"}],"version-history":[{"count":1,"href":"http:\/\/ccnews.com.ar\/prensa\/wp-json\/wp\/v2\/posts\/3165\/revisions"}],"predecessor-version":[{"id":3167,"href":"http:\/\/ccnews.com.ar\/prensa\/wp-json\/wp\/v2\/posts\/3165\/revisions\/3167"}],"wp:attachment":[{"href":"http:\/\/ccnews.com.ar\/prensa\/wp-json\/wp\/v2\/media?parent=3165"}],"wp:term":[{"taxonomy":"category","embeddable":true,"href":"http:\/\/ccnews.com.ar\/prensa\/wp-json\/wp\/v2\/categories?post=3165"},{"taxonomy":"post_tag","embeddable":true,"href":"http:\/\/ccnews.com.ar\/prensa\/wp-json\/wp\/v2\/tags?post=3165"}],"curies":[{"name":"wp","href":"https:\/\/api.w.org\/{rel}","templated":true}]}}