{"id":3239,"date":"2017-02-19T08:00:38","date_gmt":"2017-02-19T11:00:38","guid":{"rendered":"http:\/\/clusterciarnews.com.ar\/prensa\/?p=3239"},"modified":"2017-02-13T09:06:58","modified_gmt":"2017-02-13T12:06:58","slug":"un-grupo-ruso-quiere-invertir-en-energia-mareomotriz","status":"publish","type":"post","link":"http:\/\/ccnews.com.ar\/prensa\/un-grupo-ruso-quiere-invertir-en-energia-mareomotriz\/","title":{"rendered":"Un grupo ruso quiere invertir en energ\u00eda mareomotriz"},"content":{"rendered":"<p><strong>Para convertir a Santa Cruz en una potencia energ\u00e9tica<\/strong><\/p>\n<p><em>Representantes del Hesc Group presentaron a la gobernadora santacruce\u00f1a Alicia Kirchner un proyecto orientado a aprovechar las mareas del sur provincial, donde existen las mejores olas del planeta para la producci\u00f3n de energ\u00eda.<\/em><\/p>\n<p><a href=\"https:\/\/i0.wp.com\/www.inversorenergetico.com.ar\/wp-content\/uploads\/2016\/12\/mareomotriz.jpg\"><img data-recalc-dims=\"1\" loading=\"lazy\" decoding=\"async\" class=\"aligncenter size-full wp-image-15840\" src=\"https:\/\/i0.wp.com\/www.inversorenergetico.com.ar\/wp-content\/uploads\/2016\/12\/mareomotriz.jpg?resize=455%2C307\" alt=\"mareomotriz\" width=\"455\" height=\"307\" \/><\/a><\/p>\n<p>El sur de Santa Cruz posee un enorme potencial mareomotriz para la generaci\u00f3n de energ\u00eda el\u00e9ctrica de origen renovable a escala comercial. As\u00ed lo creen los directivos del Hesc Group que se reunieron con la gobernadora Alicia Kirchner para darle a conocer su propuesta de inversi\u00f3n en la provincia.<br \/>\nSeg\u00fan el empresario Sergei Elistratov, representante del grupo, las zonas de R\u00edo Gallegos y San Juli\u00e1n ofrecen las mejores olas del mundo para la producci\u00f3n energ\u00e9tica. \u201cSobre la base de nuestra informaci\u00f3n t\u00e9cnica, m\u00e1s all\u00e1 de las variaciones propias de cada estaci\u00f3n hay excelentes olas durante las 24 horas de los 365 d\u00edas del a\u00f1o\u201d, precis\u00f3 el directivo durante el encuentro, del que tambi\u00e9n participaron el ministro santacruce\u00f1o de la Producci\u00f3n, Comercio e Industria, Leonardo \u00c1lvarez; el presidente del Instituto de Energ\u00eda de Santa Cruz (IESC), Jaime \u00c1lvarez, y el titular de Servicios P\u00fablicos Sociedad del Estado, Lucio Tamburo.<br \/>\nLa idea inicial del grupo inversor ruso es instalar un prototipo con el objetivo de cuantificar la viabilidad del proyecto. \u201cComo compa\u00f1\u00eda especializada en el dise\u00f1o de tecnolog\u00eda para usufructuar el poder de las olas y garantizar la protecci\u00f3n de las l\u00edneas de costas, somos los m\u00e1s indicados para llevar a cabo esta obra\u201d, asegur\u00f3 Elistratov, quien invit\u00f3 a la gobernadora a visitar las f\u00e1bricas que la organizaci\u00f3n tiene en San Petersburgo y Mosc\u00fa a fin de interiorizarse sobre el tema y formalizar los acuerdos.<br \/>\nA decir del ministro \u00c1lvarez, a la medici\u00f3n del recurso le seguir\u00eda la b\u00fasqueda de financiamiento. \u201cDe concretarse, la iniciativa promover\u00e1 la provisi\u00f3n de energ\u00eda limpia, la obtenci\u00f3n de ingresos genuinos y la generaci\u00f3n de empleo para los santacruce\u00f1os. De hecho, eventualmente la provincia podr\u00eda participar activamente en la construcci\u00f3n y fabricaci\u00f3n del equipamiento necesario\u201d, resalt\u00f3.<\/p>\n<p><strong>Antecedente directo<\/strong><\/p>\n<p>El proyecto ruso de generar energ\u00eda mareomotriz en Santa Cruz no es el primero. Hace seis a\u00f1os, de hecho, el Gobierno santacruce\u00f1o conoci\u00f3 los planes de una prestigiosa organizaci\u00f3n coreana en pos de impulsar el aprovechamiento de esa fuente energ\u00e9tica en las costas provinciales.<br \/>\nSeg\u00fan Young Min Oh, representante del Instituto de Investigaci\u00f3n y Desarrollo Oce\u00e1nicos de Corea (KORDI, por sus siglas en ingl\u00e9s), la energ\u00eda mareomotriz podr\u00eda aportarle unos 500 megawatts (Mw) de potencia m\u00e1xima a Santa Cruz. \u201cNos gustar\u00eda realizar los estudios de factibilidad necesarios para evaluar, en distintos sitios, las diferentes calidades de mareas, los caudales sostenidos durante todo el a\u00f1o y las alturas desde la base hasta la costa, entre otros par\u00e1metros\u201d, detall\u00f3 por entonces el especialista.<br \/>\nMin Oh lleg\u00f3 a visitar distintos puntos costeros de la provincia junto con referentes del Centro de Nacional Patag\u00f3nico (CENPAT) \u2013organismo dependiente del Consejo Nacional de Investigaciones Cient\u00edficas y T\u00e9cnicas (CONICET)\u2013 y del Instituto Argentino de Oceanograf\u00eda. \u201cSi encauz\u00e1ramos el agua de las mareas en una cuenca a trav\u00e9s de un dique dotado de turbinas el\u00e9ctricas, ser\u00eda posible aprovechar el desnivel mareomotriz en el embalse artificial para generar energ\u00eda limpia\u201d, aventur\u00f3 el investigador coreano.<br \/>\nAunque la propuesta nunca prosper\u00f3, de seguro no fue por falta de ambici\u00f3n. \u201cCreemos posible abastecer hasta un 40% de la demanda el\u00e9ctrica nacional a partir de la energ\u00eda de las mareas patag\u00f3nicas\u201d, lleg\u00f3 a calcular Min Oh.<\/p>\n<p>Fuente: El Inversor<\/p>\n<!-- AddThis Advanced Settings generic via filter on the_content -->","protected":false},"excerpt":{"rendered":"<p>Para convertir a Santa Cruz en una potencia energ\u00e9tica Representantes del Hesc Group presentaron a la gobernadora santacruce\u00f1a Alicia Kirchner<!-- AddThis Advanced Settings generic via filter on get_the_excerpt --><\/p>\n","protected":false},"author":2,"featured_media":3241,"comment_status":"closed","ping_status":"closed","sticky":false,"template":"","format":"standard","meta":{"colormag_page_container_layout":"default_layout","colormag_page_sidebar_layout":"default_layout","jetpack_post_was_ever_published":false,"_jetpack_newsletter_access":"","_jetpack_dont_email_post_to_subs":false,"_jetpack_newsletter_tier_id":0,"_jetpack_memberships_contains_paywalled_content":false,"_jetpack_memberships_contains_paid_content":false,"footnotes":"","jetpack_publicize_message":"","jetpack_publicize_feature_enabled":true,"jetpack_social_post_already_shared":true,"jetpack_social_options":{"image_generator_settings":{"template":"highway","default_image_id":0,"font":"","enabled":false},"version":2}},"categories":[3],"tags":[17],"class_list":["post-3239","post","type-post","status-publish","format-standard","has-post-thumbnail","hentry","category-sustentabilidad","tag-otros-medios"],"jetpack_publicize_connections":[],"jetpack_featured_media_url":"https:\/\/i0.wp.com\/ccnews.com.ar\/prensa\/wp-content\/uploads\/2017\/02\/mareomotriz1.jpg?fit=455%2C307","jetpack_shortlink":"https:\/\/wp.me\/p7L1gj-Qf","jetpack-related-posts":[{"id":1765,"url":"http:\/\/ccnews.com.ar\/prensa\/por-que-estudiar-carreras-de-energias-renovables-en-argentina\/","url_meta":{"origin":3239,"position":0},"title":"Por qu\u00e9 estudiar carreras de energ\u00edas renovables en Argentina","author":"CLUSTERciar","date":"28 septiembre, 2016","format":false,"excerpt":"Cu\u00e1les son los distintos tipos de fuentes que utilizan estas actividades que en el pa\u00eds cuentan con pol\u00edticas e incentivos propios para su desarrollo A partir de la necesidad de la Argentina de diversificar e incrementar su matriz energ\u00e9tica, desde la administraci\u00f3n de Cristina Kirchner que el gobierno nacional determin\u00f3\u2026","rel":"","context":"En \u00abEducaci\u00f3n\/Sociedad\u00bb","block_context":{"text":"Educaci\u00f3n\/Sociedad","link":"http:\/\/ccnews.com.ar\/prensa\/category\/educacion-sociedad\/"},"img":{"alt_text":"","src":"","width":0,"height":0},"classes":[]},{"id":5829,"url":"http:\/\/ccnews.com.ar\/prensa\/la-petrolera-independiente-mas-grande-del-mundo-evalua-producir-gas-en-santa-cruz\/","url_meta":{"origin":3239,"position":1},"title":"La petrolera independiente m\u00e1s grande del mundo eval\u00faa producir gas en Santa Cruz","author":"CLUSTERciar","date":"26 octubre, 2017","format":false,"excerpt":"La norteamericana ConocoPhilips, la petrolera independiente m\u00e1s grande del mundo, est\u00e1 interesada en desarrollar campos de gas en Santa Cruz. En esa direcci\u00f3n, est\u00e1 negociando un contrato de asociaci\u00f3n con la chilena Enap Sipetrol, que ya opera en la provincia patag\u00f3nica, para explotar tight gas en ese distrito. As\u00ed lo\u2026","rel":"","context":"En \u00abEnerg\u00eda y Producci\u00f3n\u00bb","block_context":{"text":"Energ\u00eda y Producci\u00f3n","link":"http:\/\/ccnews.com.ar\/prensa\/category\/energia-y-produccion\/"},"img":{"alt_text":"","src":"https:\/\/i0.wp.com\/ccnews.com.ar\/prensa\/wp-content\/uploads\/2017\/10\/conoco171017.jpg?fit=250%2C250&resize=350%2C200","width":350,"height":200},"classes":[]},{"id":5335,"url":"http:\/\/ccnews.com.ar\/prensa\/las-olas-de-mar-del-plata-prometen-luz\/","url_meta":{"origin":3239,"position":2},"title":"Las olas de Mar del Plata prometen luz","author":"CLUSTERciar","date":"17 septiembre, 2017","format":false,"excerpt":"Una firma bonaerense financiar\u00e1 la instalaci\u00f3n de boyas flotantes para la generaci\u00f3n de energ\u00eda renovable. Se trata de un modelo desarrollado por la UTN que permitir\u00eda abastecer a 5.000 hogares. El sistema es aplicable a todas las costas nacionales. Cuando se habla de energ\u00edas renovables y no contaminantes se piensa\u2026","rel":"","context":"En \u00abSustentabilidad\u00bb","block_context":{"text":"Sustentabilidad","link":"http:\/\/ccnews.com.ar\/prensa\/category\/sustentabilidad\/"},"img":{"alt_text":"","src":"https:\/\/i0.wp.com\/ccnews.com.ar\/prensa\/wp-content\/uploads\/2017\/09\/image_content_8771914_20170830223220.jpg?fit=660%2C370&resize=350%2C200","width":350,"height":200,"srcset":"https:\/\/i0.wp.com\/ccnews.com.ar\/prensa\/wp-content\/uploads\/2017\/09\/image_content_8771914_20170830223220.jpg?fit=660%2C370&resize=350%2C200 1x, https:\/\/i0.wp.com\/ccnews.com.ar\/prensa\/wp-content\/uploads\/2017\/09\/image_content_8771914_20170830223220.jpg?fit=660%2C370&resize=525%2C300 1,5x"},"classes":[]},{"id":2071,"url":"http:\/\/ccnews.com.ar\/prensa\/el-gobierno-intenta-revivir-seis-proyectos-de-represas-en-el-pais\/","url_meta":{"origin":3239,"position":3},"title":"El Gobierno intenta revivir seis proyectos de represas en el pa\u00eds","author":"CLUSTERciar","date":"29 octubre, 2016","format":false,"excerpt":"La generaci\u00f3n hidroel\u00e9ctrica no creci\u00f3, pese a las adjudicaciones del kirchnerismo; c\u00f3mo est\u00e1n las iniciativas A\u00fan\u00a0no lleg\u00f3 el calor, pero cuando el sol caliente el term\u00f3metro volver\u00e1 el debate sobre los cortes de electricidad y las obras que el Gobierno realiza para empezar a dar vuelta la p\u00e1gina de la\u2026","rel":"","context":"En \u00abEnerg\u00eda y Producci\u00f3n\u00bb","block_context":{"text":"Energ\u00eda y Producci\u00f3n","link":"http:\/\/ccnews.com.ar\/prensa\/category\/energia-y-produccion\/"},"img":{"alt_text":"","src":"","width":0,"height":0},"classes":[]},{"id":3257,"url":"http:\/\/ccnews.com.ar\/prensa\/la-argentina-podria-triplicar-su-potencia-hidroelectrica\/","url_meta":{"origin":3239,"position":4},"title":"La Argentina podr\u00eda triplicar su potencia hidroel\u00e9ctrica","author":"CLUSTERciar","date":"24 febrero, 2017","format":false,"excerpt":"Hay 34 proyectos hidroel\u00e9ctricos t\u00e9cnicamente explotables a nivel nacional, los cuales est\u00e1n en condiciones de generar unos 32 gigawatts de energ\u00eda. Actualmente, el pa\u00eds s\u00f3lo aprovecha un tercio de ese potencial. Guillermo Malinow analiza nuevas alternativas. La Argentina est\u00e1 en condiciones de multiplicar por tres su actual capacidad de generaci\u00f3n\u2026","rel":"","context":"En \u00abEnerg\u00eda y Producci\u00f3n\u00bb","block_context":{"text":"Energ\u00eda y Producci\u00f3n","link":"http:\/\/ccnews.com.ar\/prensa\/category\/energia-y-produccion\/"},"img":{"alt_text":"","src":"https:\/\/i0.wp.com\/ccnews.com.ar\/prensa\/wp-content\/uploads\/2017\/02\/laargentina090217.jpg?fit=250%2C250&resize=350%2C200","width":350,"height":200},"classes":[]},{"id":3735,"url":"http:\/\/ccnews.com.ar\/prensa\/entre-vaca-muerta-y-las-heras-ypf-anuncia-tareas-de-exploracion\/","url_meta":{"origin":3239,"position":5},"title":"Entre Vaca Muerta y Las Heras, YPF anuncia tareas de exploraci\u00f3n","author":"CLUSTERciar","date":"14 abril, 2017","format":false,"excerpt":"En Santa Cruz apostar\u00e1 a la investigaci\u00f3n en tres formaciones poco trabajadas para conocer su potencial hidrocarbur\u00edfero y en el futuro convertirlo en nuevos proyectos. As\u00ed lo piensan en la Torre de Puerto Madero. Llegar a las formaciones Neocomiano, Castillo Inferior y D-129 desde la provincia Santa Cruz -famosa porque\u2026","rel":"","context":"En \u00abEnerg\u00eda y Producci\u00f3n\u00bb","block_context":{"text":"Energ\u00eda y Producci\u00f3n","link":"http:\/\/ccnews.com.ar\/prensa\/category\/energia-y-produccion\/"},"img":{"alt_text":"","src":"https:\/\/i0.wp.com\/ccnews.com.ar\/prensa\/wp-content\/uploads\/2017\/04\/0011313391-1.jpg?fit=766%2C471&resize=350%2C200","width":350,"height":200,"srcset":"https:\/\/i0.wp.com\/ccnews.com.ar\/prensa\/wp-content\/uploads\/2017\/04\/0011313391-1.jpg?fit=766%2C471&resize=350%2C200 1x, https:\/\/i0.wp.com\/ccnews.com.ar\/prensa\/wp-content\/uploads\/2017\/04\/0011313391-1.jpg?fit=766%2C471&resize=525%2C300 1,5x, https:\/\/i0.wp.com\/ccnews.com.ar\/prensa\/wp-content\/uploads\/2017\/04\/0011313391-1.jpg?fit=766%2C471&resize=700%2C400 2x"},"classes":[]}],"jetpack_sharing_enabled":true,"_links":{"self":[{"href":"http:\/\/ccnews.com.ar\/prensa\/wp-json\/wp\/v2\/posts\/3239","targetHints":{"allow":["GET"]}}],"collection":[{"href":"http:\/\/ccnews.com.ar\/prensa\/wp-json\/wp\/v2\/posts"}],"about":[{"href":"http:\/\/ccnews.com.ar\/prensa\/wp-json\/wp\/v2\/types\/post"}],"author":[{"embeddable":true,"href":"http:\/\/ccnews.com.ar\/prensa\/wp-json\/wp\/v2\/users\/2"}],"replies":[{"embeddable":true,"href":"http:\/\/ccnews.com.ar\/prensa\/wp-json\/wp\/v2\/comments?post=3239"}],"version-history":[{"count":1,"href":"http:\/\/ccnews.com.ar\/prensa\/wp-json\/wp\/v2\/posts\/3239\/revisions"}],"predecessor-version":[{"id":3243,"href":"http:\/\/ccnews.com.ar\/prensa\/wp-json\/wp\/v2\/posts\/3239\/revisions\/3243"}],"wp:featuredmedia":[{"embeddable":true,"href":"http:\/\/ccnews.com.ar\/prensa\/wp-json\/wp\/v2\/media\/3241"}],"wp:attachment":[{"href":"http:\/\/ccnews.com.ar\/prensa\/wp-json\/wp\/v2\/media?parent=3239"}],"wp:term":[{"taxonomy":"category","embeddable":true,"href":"http:\/\/ccnews.com.ar\/prensa\/wp-json\/wp\/v2\/categories?post=3239"},{"taxonomy":"post_tag","embeddable":true,"href":"http:\/\/ccnews.com.ar\/prensa\/wp-json\/wp\/v2\/tags?post=3239"}],"curies":[{"name":"wp","href":"https:\/\/api.w.org\/{rel}","templated":true}]}}