{"id":3437,"date":"2017-03-15T08:00:56","date_gmt":"2017-03-15T11:00:56","guid":{"rendered":"http:\/\/clusterciarnews.com.ar\/prensa\/?p=3437"},"modified":"2017-03-15T16:21:21","modified_gmt":"2017-03-15T19:21:21","slug":"abren-convocatoria-de-trabajos-tecnicos-para-el-3o-congreso-latinoamericano-y-del-caribe","status":"publish","type":"post","link":"http:\/\/ccnews.com.ar\/prensa\/abren-convocatoria-de-trabajos-tecnicos-para-el-3o-congreso-latinoamericano-y-del-caribe\/","title":{"rendered":"ABREN CONVOCATORIA DE TRABAJOS T\u00c9CNICOS PARA EL 3\u00ba CONGRESO LATINOAMERICANO Y DEL CARIBE"},"content":{"rendered":"<div class=\"NotRes2\">El IAPG convoca a la presentaci\u00f3n de trabajos t\u00e9cnicos de Perforaci\u00f3n, Terminaci\u00f3n, Reparaci\u00f3n y Servicio de Pozos para el evento que se realizar\u00e1 en paralelo con la AOG Expo 2017, con el objetivo de generar un \u00e1mbito de debate, intercambio y actualizaci\u00f3n profesional.<\/div>\n<p><a href=\"http:\/\/vacamuertanews.com.ar\/ver_noticia_imagen.php?id=20170302192501\" target=\"_blank\"><img data-recalc-dims=\"1\" decoding=\"async\" class=\"II alignleft\" src=\"https:\/\/i0.wp.com\/vacamuertanews.com.ar\/noticias\/2017\/03\/min\/20170302192501.jpg?w=800\" border=\"1\" \/><\/a>El Instituto Argentino del Petr\u00f3leo y del Gas (IAPG), con el auspicio de la Asociaci\u00f3n Regional de Empresas del sector Petr\u00f3leo, Gas y Biocombustibles en Latinoam\u00e9rica y el Caribe (ARPEL), convoca a los profesionales del sector a presentar sus trabajos t\u00e9cnicos para participar del 3\u00ba Congreso Latinoamericano y del Caribe de Perforaci\u00f3n, Terminaci\u00f3n, Reparaci\u00f3n y Servicio de Pozos, \u201cIng. Luis Rabanaque\u201d, que se llevar\u00e1 a cabo del 25 al 28 de septiembre de 2017, simult\u00e1neamente con la 11\u00b0 edici\u00f3n de Argentina Oil &amp; Gas Expo.<\/p>\n<p>El objetivo del encuentro es proveer un \u00e1mbito t\u00e9cnico propicio para la realizaci\u00f3n de disertaciones y la presentaci\u00f3n de trabajos relacionados con la Perforaci\u00f3n, Terminaci\u00f3n, Reparaci\u00f3n y Servicio de Pozos y generar un debate din\u00e1mico que permita el intercambio de informaci\u00f3n y experiencias, como as\u00ed tambi\u00e9n la actualizaci\u00f3n de los profesionales relacionados con la actividad.<\/p>\n<p>El Congreso busca dar respuesta a la creciente demanda de conocimientos en la industria moderna. Participar\u00e1n empresas productoras, perforadoras y de servicios con actividad en Am\u00e9rica Latina y destacadas personalidades y expertos.<\/p>\n<p>Cronograma para presentaci\u00f3n de sinopsis y trabajos:<\/p>\n<p>\u2022 Hasta el 3\/3\/2017: env\u00edo de las sinopsis al Comit\u00e9 Organizador<br \/>\n\u2022 A partir del 3\/4\/2017: Comunicaci\u00f3n al autor sobre la recepci\u00f3n y eventual aceptaci\u00f3n del trabajo<br \/>\n\u2022 Hasta el 2\/06\/2017: Env\u00edo del texto completo del trabajo<br \/>\n\u2022 A partir del 3\/07\/17: Comunicaci\u00f3n al autor sobre la firme aceptaci\u00f3n del paper.<\/p>\n<p>Como en los dos \u00faltimos Congresos, su realizaci\u00f3n coincidir\u00e1 con AOG 2017, la exposici\u00f3n que re\u00fane a las principales empresas de petr\u00f3leo y gas y es visitada por m\u00e1s de 20 mil empresarios y profesionales del sector. Quienes asistan al Congreso tendr\u00e1n acceso tanto a la Exposici\u00f3n como a las Conferencias de AOG. Una oportunidad de contactar a reconocidos especialistas en un \u00fanico sitio y en el ambiente de amistad que caracteriza a la actividad petrolera.<\/p>\n<p>Argentina Oil &amp; Gas Expo 2017, la Exposici\u00f3n Internacional del Petr\u00f3leo y del Gas, se desarrollar\u00e1 del 25 al 28 de Septiembre de 2017 en La Rural Predio Ferial de Buenos Aires, Argentina.<br \/>\nPara m\u00e1s informaci\u00f3n sobre la exposici\u00f3n:<br \/>\nwww.aogexpo.com.ar<\/p>\n<!-- AddThis Advanced Settings generic via filter on the_content -->","protected":false},"excerpt":{"rendered":"<p>El IAPG convoca a la presentaci\u00f3n de trabajos t\u00e9cnicos de Perforaci\u00f3n, Terminaci\u00f3n, Reparaci\u00f3n y Servicio de Pozos para el evento<!-- AddThis Advanced Settings generic via filter on get_the_excerpt --><\/p>\n","protected":false},"author":2,"featured_media":0,"comment_status":"closed","ping_status":"closed","sticky":false,"template":"","format":"standard","meta":{"colormag_page_container_layout":"default_layout","colormag_page_sidebar_layout":"default_layout","jetpack_post_was_ever_published":false,"_jetpack_newsletter_access":"","_jetpack_dont_email_post_to_subs":false,"_jetpack_newsletter_tier_id":0,"_jetpack_memberships_contains_paywalled_content":false,"_jetpack_memberships_contains_paid_content":false,"footnotes":"","jetpack_publicize_message":"","jetpack_publicize_feature_enabled":true,"jetpack_social_post_already_shared":true,"jetpack_social_options":{"image_generator_settings":{"template":"highway","default_image_id":0,"font":"","enabled":false},"version":2}},"categories":[11],"tags":[17],"class_list":["post-3437","post","type-post","status-publish","format-standard","hentry","category-energia-y-produccion","tag-otros-medios"],"jetpack_publicize_connections":[],"jetpack_featured_media_url":"","jetpack_shortlink":"https:\/\/wp.me\/p7L1gj-Tr","jetpack-related-posts":[{"id":61,"url":"http:\/\/ccnews.com.ar\/prensa\/entrevista-a-raul-larice\/","url_meta":{"origin":3437,"position":0},"title":"Entrevista a Ra\u00fal Larice","author":"CLUSTERciar","date":"3 mayo, 2016","format":false,"excerpt":"Raul Larice, se desempe\u00f1\u00f3 en diferentes operadoras del pa\u00eds en \u00e1reas de Supervisi\u00f3n y Control de Gesti\u00f3n en servicios de Cementaci\u00f3n, Estimulaci\u00f3n, Control de Arenas, DST y Herramientas de Ensayo de pozos petrol\u00edferos y gas\u00edferos. Supervisi\u00f3n y Control de Gesti\u00f3n en Servicios de Lodo, Herramientas de Perforaci\u00f3n, Control Direccional y\u2026","rel":"","context":"En \u00abEnerg\u00eda y Producci\u00f3n\u00bb","block_context":{"text":"Energ\u00eda y Producci\u00f3n","link":"http:\/\/ccnews.com.ar\/prensa\/category\/energia-y-produccion\/"},"img":{"alt_text":"","src":"","width":0,"height":0},"classes":[]},{"id":807,"url":"http:\/\/ccnews.com.ar\/prensa\/gyp-sale-al-campo-a-exprimir-yacimientos-maduros\/","url_meta":{"origin":3437,"position":1},"title":"GyP sale al campo a exprimir yacimientos maduros","author":"CLUSTERciar","date":"5 julio, 2016","format":false,"excerpt":"La petrolera provincial se asoci\u00f3 con la firma privada Oilstone para realizar trabajos de terminaci\u00f3n en la operaci\u00f3n Dorsal. Invertir\u00e1n 17 millones de d\u00f3lares para mejorar un 40% la producci\u00f3n. Son viejas \u00e1reas con gas y petr\u00f3leo que canje\u00f3 a YPF. Neuqu\u00e9n -\u00a0La petrolera provincial Gas y Petr\u00f3leo del Neuqu\u00e9n\u2026","rel":"","context":"En \u00abSustentabilidad\u00bb","block_context":{"text":"Sustentabilidad","link":"http:\/\/ccnews.com.ar\/prensa\/category\/sustentabilidad\/"},"img":{"alt_text":"","src":"","width":0,"height":0},"classes":[]},{"id":1781,"url":"http:\/\/ccnews.com.ar\/prensa\/pae-lanza-la-perforacion-de-un-proyecto-piloto-de-shale-oil-en-vaca-muerta\/","url_meta":{"origin":3437,"position":2},"title":"PAE lanza la perforaci\u00f3n de un proyecto piloto de shale oil en Vaca Muerta","author":"CLUSTERciar","date":"28 septiembre, 2016","format":false,"excerpt":"La petrolera de Bridas y BP coloc\u00f3 un pozo horizontal que ser\u00e1 completado con alrededor de 60 fracturas realizadas con la tecnolog\u00eda de camisas deslizables, cuyo costo rondar\u00e1 los u$s 11 millones. PAE tiene previsto colocar 13 pozos de shale oil en el Bloque Bandurria Centro antes de 2018. Pan\u2026","rel":"","context":"En \u00abEnerg\u00eda y Producci\u00f3n\u00bb","block_context":{"text":"Energ\u00eda y Producci\u00f3n","link":"http:\/\/ccnews.com.ar\/prensa\/category\/energia-y-produccion\/"},"img":{"alt_text":"","src":"https:\/\/i0.wp.com\/revistapetroquimica.com\/wp-content\/uploads\/2016\/09\/pae-300x175.jpg?resize=350%2C200","width":350,"height":200},"classes":[]},{"id":4305,"url":"http:\/\/ccnews.com.ar\/prensa\/la-apuesta-por-el-petroleo-y-el-gas-no-convencionales-empieza-a-dar-los-primeros-resultados\/","url_meta":{"origin":3437,"position":3},"title":"La apuesta por el petr\u00f3leo y el gas no convencionales empieza a dar los primeros resultados","author":"CLUSTERciar","date":"12 junio, 2017","format":false,"excerpt":"En el primer trimestre del a\u00f1o, la producci\u00f3n de estos combustibles registr\u00f3 subas interanuales del 26 y el 40% a apuesta por los combustibles no convencionales que el presidente Mauricio Macri y su ministro de Energ\u00eda, Juan Jos\u00e9 Aranguren , promocionan en cada viaje al exterior de a poco empieza\u2026","rel":"","context":"En \u00abSustentabilidad\u00bb","block_context":{"text":"Sustentabilidad","link":"http:\/\/ccnews.com.ar\/prensa\/category\/sustentabilidad\/"},"img":{"alt_text":"","src":"https:\/\/i0.wp.com\/ccnews.com.ar\/prensa\/wp-content\/uploads\/2017\/05\/2446199h765.jpg?fit=1200%2C675&resize=350%2C200","width":350,"height":200,"srcset":"https:\/\/i0.wp.com\/ccnews.com.ar\/prensa\/wp-content\/uploads\/2017\/05\/2446199h765.jpg?fit=1200%2C675&resize=350%2C200 1x, https:\/\/i0.wp.com\/ccnews.com.ar\/prensa\/wp-content\/uploads\/2017\/05\/2446199h765.jpg?fit=1200%2C675&resize=525%2C300 1,5x, https:\/\/i0.wp.com\/ccnews.com.ar\/prensa\/wp-content\/uploads\/2017\/05\/2446199h765.jpg?fit=1200%2C675&resize=700%2C400 2x, https:\/\/i0.wp.com\/ccnews.com.ar\/prensa\/wp-content\/uploads\/2017\/05\/2446199h765.jpg?fit=1200%2C675&resize=1050%2C600 3x"},"classes":[]},{"id":13175,"url":"http:\/\/ccnews.com.ar\/prensa\/en-vaca-muerta-hay-casi-un-centenar-de-pozos-desconectados\/","url_meta":{"origin":3437,"position":4},"title":"En Vaca Muerta hay casi un centenar de pozos desconectados","author":"admin","date":"6 octubre, 2019","format":false,"excerpt":"Se trata de perforaciones realizadas este a\u00f1o que no fueron puestas en producci\u00f3n. En algunos casos es por falta de demanda o precios, y en otros por cronogramas de trabajo. Los no completados representan casi el 25% de los que se conectaron en el a\u00f1o y ponen en duda que\u2026","rel":"","context":"En \u00abEnerg\u00eda y Producci\u00f3n\u00bb","block_context":{"text":"Energ\u00eda y Producci\u00f3n","link":"http:\/\/ccnews.com.ar\/prensa\/category\/energia-y-produccion\/"},"img":{"alt_text":"","src":"https:\/\/i0.wp.com\/ccnews.com.ar\/prensa\/wp-content\/uploads\/2019\/10\/Imagen-Ag-nqn-inversi%C3%B3n-millonaria-para-10945816.jpg?fit=920%2C520&resize=350%2C200","width":350,"height":200,"srcset":"https:\/\/i0.wp.com\/ccnews.com.ar\/prensa\/wp-content\/uploads\/2019\/10\/Imagen-Ag-nqn-inversi%C3%B3n-millonaria-para-10945816.jpg?fit=920%2C520&resize=350%2C200 1x, https:\/\/i0.wp.com\/ccnews.com.ar\/prensa\/wp-content\/uploads\/2019\/10\/Imagen-Ag-nqn-inversi%C3%B3n-millonaria-para-10945816.jpg?fit=920%2C520&resize=525%2C300 1,5x, https:\/\/i0.wp.com\/ccnews.com.ar\/prensa\/wp-content\/uploads\/2019\/10\/Imagen-Ag-nqn-inversi%C3%B3n-millonaria-para-10945816.jpg?fit=920%2C520&resize=700%2C400 2x"},"classes":[]},{"id":1395,"url":"http:\/\/ccnews.com.ar\/prensa\/exxonmobil-comienza-la-perforacion-de-los-pozos-de-su-plan-piloto-en-vaca-muerta\/","url_meta":{"origin":3437,"position":5},"title":"Exxonmobil comienza la perforaci\u00f3n de los pozos de su plan piloto en Vaca Muerta","author":"CLUSTERciar","date":"31 agosto, 2016","format":false,"excerpt":"EL VICEPRESIDENTE DE ASUNTOS EXTERNOS DE EXXONMOBIL EXPLORATION ARGENTINA, TOM\u00c1S HESS, CONFIRM\u00d3 QUE LA EMPRESA XTO ENERGY -SUBSIDIARIA DE LA PETROLERA ESTADOUNIDENSE- \"INICIAR\u00c1 EN LAS PR\u00d3XIMAS HORAS SU PLAN PILOTO DE PERFORACIONES EN VACA MUERTA, NEUQU\u00c9N\". \"Esta noche o, a m\u00e1s tardar ma\u00f1ana, comenzar\u00e1n los trabajos en el primero de\u2026","rel":"","context":"En \u00abSustentabilidad\u00bb","block_context":{"text":"Sustentabilidad","link":"http:\/\/ccnews.com.ar\/prensa\/category\/sustentabilidad\/"},"img":{"alt_text":"","src":"","width":0,"height":0},"classes":[]}],"jetpack_sharing_enabled":true,"_links":{"self":[{"href":"http:\/\/ccnews.com.ar\/prensa\/wp-json\/wp\/v2\/posts\/3437","targetHints":{"allow":["GET"]}}],"collection":[{"href":"http:\/\/ccnews.com.ar\/prensa\/wp-json\/wp\/v2\/posts"}],"about":[{"href":"http:\/\/ccnews.com.ar\/prensa\/wp-json\/wp\/v2\/types\/post"}],"author":[{"embeddable":true,"href":"http:\/\/ccnews.com.ar\/prensa\/wp-json\/wp\/v2\/users\/2"}],"replies":[{"embeddable":true,"href":"http:\/\/ccnews.com.ar\/prensa\/wp-json\/wp\/v2\/comments?post=3437"}],"version-history":[{"count":1,"href":"http:\/\/ccnews.com.ar\/prensa\/wp-json\/wp\/v2\/posts\/3437\/revisions"}],"predecessor-version":[{"id":3439,"href":"http:\/\/ccnews.com.ar\/prensa\/wp-json\/wp\/v2\/posts\/3437\/revisions\/3439"}],"wp:attachment":[{"href":"http:\/\/ccnews.com.ar\/prensa\/wp-json\/wp\/v2\/media?parent=3437"}],"wp:term":[{"taxonomy":"category","embeddable":true,"href":"http:\/\/ccnews.com.ar\/prensa\/wp-json\/wp\/v2\/categories?post=3437"},{"taxonomy":"post_tag","embeddable":true,"href":"http:\/\/ccnews.com.ar\/prensa\/wp-json\/wp\/v2\/tags?post=3437"}],"curies":[{"name":"wp","href":"https:\/\/api.w.org\/{rel}","templated":true}]}}