{"id":3441,"date":"2017-03-06T11:00:45","date_gmt":"2017-03-06T14:00:45","guid":{"rendered":"http:\/\/clusterciarnews.com.ar\/prensa\/?p=3441"},"modified":"2017-03-06T12:07:29","modified_gmt":"2017-03-06T15:07:29","slug":"instalaran-este-ano-la-primera-estacion-para-autos-electricos-en-buenos-aires","status":"publish","type":"post","link":"http:\/\/ccnews.com.ar\/prensa\/instalaran-este-ano-la-primera-estacion-para-autos-electricos-en-buenos-aires\/","title":{"rendered":"Instalar\u00e1n este a\u00f1o la primera estaci\u00f3n para autos el\u00e9ctricos en Buenos Aires"},"content":{"rendered":"<p>La penetraci\u00f3n de veh\u00edculos h\u00edbridos o el\u00e9ctricos en el mercado argentino es todav\u00eda muy baja, casi inexistente. La brecha con potencias en materia de movilidad el\u00e9ctrica como EE.UU., Jap\u00f3n o Europa es sideral. Sin embargo, algunas novedades invitan a pensar en un cambio del paradigma automotor en el pa\u00eds. En esa direcci\u00f3n, la empresa italiana Enel \u2013propietaria de Edesur, la segunda mayor distribuidora el\u00e9ctrica, instalar\u00e1 este a\u00f1o la primera estaci\u00f3n de servicio para veh\u00edculos alimentados a electricidad.<\/p>\n<p>La compa\u00f1\u00eda ya solicit\u00f3 los permisos correspondientes en el Ministerio de Ambiente que conduce Sergio Bergman y tambi\u00e9n est\u00e1 en di\u00e1logo permanente con la cartera de Energ\u00eda para darle forma a la iniciativa. \u201cPropusimos instalar algunas estaciones de recarga para demostrar los beneficios y caracter\u00edsticas del concepto de movilidad el\u00e9ctrica\u201d, indic\u00f3 Maurizio Bezzeccheri, <em>country manager <\/em>de Enel en la Argentina.<\/p>\n<p>La el\u00e9ctrica italiana fue uno de los sponsor estrat\u00e9gicos de la F\u00f3rmula E, la competencia mundial de monopostos el\u00e9ctricos que se corri\u00f3 hace algunas semanas en un circuito callejero especialmente dise\u00f1ado en Puerto Madero. Bezzeccheri explic\u00f3 que, en forma complementaria al espect\u00e1culo deportivo, la carrera funcion\u00f3 como un inmenso laboratorio al aire libre donde a partir del montaje de m\u00e1s de 40 medidores inteligentes de electricidad se recab\u00f3 informaci\u00f3n sobre el consumo de distintos equipos.<\/p>\n<p>\u201cSe recuperaron muchos datos del comportamiento el\u00e9ctrico de coches, gr\u00faas e instalaciones perif\u00e9ricas. Adem\u00e1s, el predio se aliment\u00f3 de generaci\u00f3n sustentable de energ\u00eda a trav\u00e9s de una innovaci\u00f3n que consumi\u00f3 glicerina para producir electricidad y paneles fotovoltaicos. Tambi\u00e9n se utilizaron bater\u00edas que nos permitieron una distribuci\u00f3n optima de la energ\u00eda\u201d, detall\u00f3 a EconoJournal el titular de Enel.<\/p>\n<figure id=\"attachment_15231\" class=\"wp-caption aligncenter\"><a href=\"https:\/\/i0.wp.com\/econojournal.com.ar\/cntnt\/uploads\/2017\/03\/Estaci%C3%B3n-el%C3%A9ctrica-Enel-2.jpg\"><img data-recalc-dims=\"1\" loading=\"lazy\" decoding=\"async\" class=\"size-full wp-image-15231\" src=\"https:\/\/i0.wp.com\/econojournal.com.ar\/cntnt\/uploads\/2017\/03\/Estaci%C3%B3n-el%C3%A9ctrica-Enel-2.jpg?resize=600%2C337\" sizes=\"auto, (max-width: 600px) 100vw, 600px\" srcset=\"http:\/\/econojournal.com.ar\/cntnt\/uploads\/2017\/03\/Estaci\u00f3n-el\u00e9ctrica-Enel-2.jpg 600w, http:\/\/econojournal.com.ar\/cntnt\/uploads\/2017\/03\/Estaci\u00f3n-el\u00e9ctrica-Enel-2-300x169.jpg 300w, http:\/\/econojournal.com.ar\/cntnt\/uploads\/2017\/03\/Estaci\u00f3n-el\u00e9ctrica-Enel-2-768x431.jpg 768w, http:\/\/econojournal.com.ar\/cntnt\/uploads\/2017\/03\/Estaci\u00f3n-el\u00e9ctrica-Enel-2-1024x575.jpg 1024w\" alt=\"\" width=\"600\" height=\"337\" data-attachment-id=\"15231\" data-permalink=\"http:\/\/econojournal.com.ar\/2017\/03\/instalaran-este-ano-la-primera-estacion-para-autos-electricos-en-buenos-aires\/estacion-electrica-enel-2\/\" data-orig-file=\"http:\/\/econojournal.com.ar\/cntnt\/uploads\/2017\/03\/Estaci\u00f3n-el\u00e9ctrica-Enel-2.jpg\" data-orig-size=\"600,337\" data-comments-opened=\"1\" data-image-meta=\"{&quot;aperture&quot;:&quot;0&quot;,&quot;credit&quot;:&quot;&quot;,&quot;camera&quot;:&quot;&quot;,&quot;caption&quot;:&quot;&quot;,&quot;created_timestamp&quot;:&quot;0&quot;,&quot;copyright&quot;:&quot;&quot;,&quot;focal_length&quot;:&quot;0&quot;,&quot;iso&quot;:&quot;0&quot;,&quot;shutter_speed&quot;:&quot;0&quot;,&quot;title&quot;:&quot;&quot;,&quot;orientation&quot;:&quot;1&quot;}\" data-image-title=\"Estaci\u00f3n el\u00e9ctrica Enel 2\" data-image-description=\"\" data-medium-file=\"http:\/\/econojournal.com.ar\/cntnt\/uploads\/2017\/03\/Estaci\u00f3n-el\u00e9ctrica-Enel-2-300x169.jpg\" data-large-file=\"http:\/\/econojournal.com.ar\/cntnt\/uploads\/2017\/03\/Estaci\u00f3n-el\u00e9ctrica-Enel-2-1024x575.jpg\" \/><\/a><figcaption class=\"wp-caption-text\">La versi\u00f3n el\u00e9ctrica de la Renault Kangoo \u201ccarg\u00f3\u201d bater\u00edas en una estaci\u00f3n de Enel.<\/figcaption><\/figure>\n<p>A\u00fan no est\u00e1 definido en qu\u00e9 barrios porte\u00f1os se montar\u00e1 la primera estaci\u00f3n de carga para autos h\u00edbridos. Pero s\u00ed existe una sinergia de Enel con terminales automotrices que planean empezar a comercializar veh\u00edculos el\u00e9ctricos en la Argentina en los pr\u00f3ximos a\u00f1os. Renaul, por caso, est\u00e1 testeando versiones h\u00edbridas de sus modelos Kangoo y \u00a0Twizy. Volkswagen, en tanto, anunci\u00f3 que quiere empezar a vender coches el\u00e9ctricos en el pa\u00eds hacia 2020.<\/p>\n<p>\u201cQueremos demostrar con plantas pilotos los beneficias de la movilidad el\u00e9ctrica tambi\u00e9n para taxis, autobuses y por qu\u00e9 no de bicicletas con auxilio de bater\u00edas\u201d, se ilusion\u00f3 Bezzeccheri. Para avanzar hacia la eficiencia energ\u00e9tica, Enel prev\u00e9 instalar medidores inteligentes \u2013como los colocados de forma experimental en algunos barrios porte\u00f1os-, pero est\u00e1 a la espera de que organismos estatales certifiquen y homologuen oficialmente los equipos.<\/p>\n<p>Fuente: Ecojornal<\/p>\n<!-- AddThis Advanced Settings generic via filter on the_content -->","protected":false},"excerpt":{"rendered":"<p>La penetraci\u00f3n de veh\u00edculos h\u00edbridos o el\u00e9ctricos en el mercado argentino es todav\u00eda muy baja, casi inexistente. La brecha con<!-- AddThis Advanced Settings generic via filter on get_the_excerpt --><\/p>\n","protected":false},"author":2,"featured_media":3443,"comment_status":"closed","ping_status":"closed","sticky":false,"template":"","format":"standard","meta":{"colormag_page_container_layout":"default_layout","colormag_page_sidebar_layout":"default_layout","jetpack_post_was_ever_published":false,"_jetpack_newsletter_access":"","_jetpack_dont_email_post_to_subs":false,"_jetpack_newsletter_tier_id":0,"_jetpack_memberships_contains_paywalled_content":false,"_jetpack_memberships_contains_paid_content":false,"footnotes":"","jetpack_publicize_message":"","jetpack_publicize_feature_enabled":true,"jetpack_social_post_already_shared":true,"jetpack_social_options":{"image_generator_settings":{"template":"highway","default_image_id":0,"font":"","enabled":false},"version":2}},"categories":[3],"tags":[17],"class_list":["post-3441","post","type-post","status-publish","format-standard","has-post-thumbnail","hentry","category-sustentabilidad","tag-otros-medios"],"jetpack_publicize_connections":[],"jetpack_featured_media_url":"https:\/\/i0.wp.com\/ccnews.com.ar\/prensa\/wp-content\/uploads\/2017\/03\/Estaci%C3%B3n-el%C3%A9ctrica-Enel-2.jpg?fit=600%2C337","jetpack_shortlink":"https:\/\/wp.me\/p7L1gj-Tv","jetpack-related-posts":[{"id":3159,"url":"http:\/\/ccnews.com.ar\/prensa\/punta-del-este-tendra-estacion-de-servicio-para-autos-electricos\/","url_meta":{"origin":3441,"position":0},"title":"Punta del Este tendr\u00e1 estaci\u00f3n de servicio para autos el\u00e9ctricos","author":"CLUSTERciar","date":"15 febrero, 2017","format":false,"excerpt":"Instalar\u00e1n una estaci\u00f3n fotovolt\u00e1ica en la cuadra donde est\u00e1 la Liga de Fomento del balneario. El techo construido con paneles solares generar\u00e1 la energ\u00eda Punta del Este ser\u00e1 en poco tiempo un balneario ecofriendly, a partir de la instalaci\u00f3n de un servicio de suministro de energ\u00eda el\u00e9ctrica para aquellos veh\u00edculos\u2026","rel":"","context":"En \u00abSustentabilidad\u00bb","block_context":{"text":"Sustentabilidad","link":"http:\/\/ccnews.com.ar\/prensa\/category\/sustentabilidad\/"},"img":{"alt_text":"","src":"https:\/\/i0.wp.com\/ccnews.com.ar\/prensa\/wp-content\/uploads\/2017\/01\/376691.jpg?fit=630%2C460&resize=350%2C200","width":350,"height":200,"srcset":"https:\/\/i0.wp.com\/ccnews.com.ar\/prensa\/wp-content\/uploads\/2017\/01\/376691.jpg?fit=630%2C460&resize=350%2C200 1x, https:\/\/i0.wp.com\/ccnews.com.ar\/prensa\/wp-content\/uploads\/2017\/01\/376691.jpg?fit=630%2C460&resize=525%2C300 1,5x"},"classes":[]},{"id":12640,"url":"http:\/\/ccnews.com.ar\/prensa\/habra-estaciones-para-ir-a-chile-en-autos-electricos\/","url_meta":{"origin":3441,"position":1},"title":"Habr\u00e1 estaciones para ir a Chile en autos el\u00e9ctricos","author":"admin","date":"26 agosto, 2019","format":false,"excerpt":"Cargar\u00e1n en La Angostura, San Mart\u00edn y Jun\u00edn desde noviembre. La provincia tendr\u00e1 desde noviembre un circuito de carga para el tr\u00e1nsito de autom\u00f3viles el\u00e9ctricos en la zona tur\u00edstica cordillerana del sur. Se instalar\u00e1n estaciones de carga en Villa La Angostura, San Mart\u00edn y Jun\u00edn de los Andes, de modo\u2026","rel":"","context":"En \u00abTransformaci\u00f3n digital\u00bb","block_context":{"text":"Transformaci\u00f3n digital","link":"http:\/\/ccnews.com.ar\/prensa\/category\/transformacion-digital\/"},"img":{"alt_text":"","src":"https:\/\/i0.wp.com\/ccnews.com.ar\/prensa\/wp-content\/uploads\/2019\/08\/0004067748p.jpg?fit=770%2C435&resize=350%2C200","width":350,"height":200,"srcset":"https:\/\/i0.wp.com\/ccnews.com.ar\/prensa\/wp-content\/uploads\/2019\/08\/0004067748p.jpg?fit=770%2C435&resize=350%2C200 1x, https:\/\/i0.wp.com\/ccnews.com.ar\/prensa\/wp-content\/uploads\/2019\/08\/0004067748p.jpg?fit=770%2C435&resize=525%2C300 1,5x, https:\/\/i0.wp.com\/ccnews.com.ar\/prensa\/wp-content\/uploads\/2019\/08\/0004067748p.jpg?fit=770%2C435&resize=700%2C400 2x"},"classes":[]},{"id":4413,"url":"http:\/\/ccnews.com.ar\/prensa\/ni-tan-rapidos-ni-tan-furiosos\/","url_meta":{"origin":3441,"position":2},"title":"Ni tan r\u00e1pidos ni tan furiosos","author":"CLUSTERciar","date":"17 junio, 2017","format":false,"excerpt":"Los autos el\u00e9ctricos est\u00e1n m\u00e1s cerca de las calles argentinas. Sin embargo,\u00a0 la incorporaci\u00f3n al mercado argentino plantea varios interrogantes y tambi\u00e9n algunas contradicciones. En esta nota se analizan algunos\u00a0aspectos\u00a0controvertidos El paradigma del transporte el\u00e9ctrico -insonoro, limpio y eficiente- se ha instalado definitivamente en\u00a0la\u00a0Argentina. Las automotrices ya lo detectaron y\u2026","rel":"","context":"En \u00abSustentabilidad\u00bb","block_context":{"text":"Sustentabilidad","link":"http:\/\/ccnews.com.ar\/prensa\/category\/sustentabilidad\/"},"img":{"alt_text":"","src":"https:\/\/i0.wp.com\/ccnews.com.ar\/prensa\/wp-content\/uploads\/2017\/06\/autos-erlectricos.jpg?fit=660%2C371&resize=350%2C200","width":350,"height":200,"srcset":"https:\/\/i0.wp.com\/ccnews.com.ar\/prensa\/wp-content\/uploads\/2017\/06\/autos-erlectricos.jpg?fit=660%2C371&resize=350%2C200 1x, https:\/\/i0.wp.com\/ccnews.com.ar\/prensa\/wp-content\/uploads\/2017\/06\/autos-erlectricos.jpg?fit=660%2C371&resize=525%2C300 1,5x"},"classes":[]},{"id":12402,"url":"http:\/\/ccnews.com.ar\/prensa\/autos-electricos-una-realidad-viable-en-argentina\/","url_meta":{"origin":3441,"position":3},"title":"Autos el\u00e9ctricos: una realidad viable en Argentina","author":"admin","date":"4 agosto, 2019","format":false,"excerpt":"Los autos el\u00e9ctricos son una realidad cada vez m\u00e1s extendida en el mundo. En Argentina, muy lentamente, tambi\u00e9n est\u00e1n empezando a comercializarse, aunque por el momento solo hay dos opciones: la Renault Kangoo ZE y el recientemente lanzado Nissan Leaf. Como pol\u00edtica de fomento, este tipo de veh\u00edculos -al igual\u2026","rel":"","context":"En \u00abSustentabilidad\u00bb","block_context":{"text":"Sustentabilidad","link":"http:\/\/ccnews.com.ar\/prensa\/category\/sustentabilidad\/"},"img":{"alt_text":"","src":"https:\/\/i0.wp.com\/ccnews.com.ar\/prensa\/wp-content\/uploads\/2019\/08\/f800x450-20331_71777_31.jpg?fit=800%2C450&resize=350%2C200","width":350,"height":200,"srcset":"https:\/\/i0.wp.com\/ccnews.com.ar\/prensa\/wp-content\/uploads\/2019\/08\/f800x450-20331_71777_31.jpg?fit=800%2C450&resize=350%2C200 1x, https:\/\/i0.wp.com\/ccnews.com.ar\/prensa\/wp-content\/uploads\/2019\/08\/f800x450-20331_71777_31.jpg?fit=800%2C450&resize=525%2C300 1,5x, https:\/\/i0.wp.com\/ccnews.com.ar\/prensa\/wp-content\/uploads\/2019\/08\/f800x450-20331_71777_31.jpg?fit=800%2C450&resize=700%2C400 2x"},"classes":[]},{"id":2425,"url":"http:\/\/ccnews.com.ar\/prensa\/del-enchufe-de-casa-a-las-rutas-argentinas\/","url_meta":{"origin":3441,"position":4},"title":"Del enchufe de casa a las rutas argentinas","author":"CLUSTERciar","date":"5 diciembre, 2016","format":false,"excerpt":"Luego de un informe del INTI, el gobierno autoriz\u00f3 la circulaci\u00f3n de una camioneta el\u00e9ctrica de Renault. Tiene una autonom\u00eda de 140 kil\u00f3metros y puede conectarse a 220. Hasta los 20 kil\u00f3metros por hora, el veh\u00edculo no emite ning\u00fan ruido. \u00a0 El Kangoo ZE podr\u00e1 comercializarse en Argentina y circular\u2026","rel":"","context":"En \u00abTransformaci\u00f3n digital\u00bb","block_context":{"text":"Transformaci\u00f3n digital","link":"http:\/\/ccnews.com.ar\/prensa\/category\/transformacion-digital\/"},"img":{"alt_text":"","src":"https:\/\/i0.wp.com\/ccnews.com.ar\/prensa\/wp-content\/uploads\/2016\/12\/29682680535_18854a5767_b.jpg?fit=1024%2C576&resize=350%2C200","width":350,"height":200,"srcset":"https:\/\/i0.wp.com\/ccnews.com.ar\/prensa\/wp-content\/uploads\/2016\/12\/29682680535_18854a5767_b.jpg?fit=1024%2C576&resize=350%2C200 1x, https:\/\/i0.wp.com\/ccnews.com.ar\/prensa\/wp-content\/uploads\/2016\/12\/29682680535_18854a5767_b.jpg?fit=1024%2C576&resize=525%2C300 1,5x, https:\/\/i0.wp.com\/ccnews.com.ar\/prensa\/wp-content\/uploads\/2016\/12\/29682680535_18854a5767_b.jpg?fit=1024%2C576&resize=700%2C400 2x"},"classes":[]},{"id":4127,"url":"http:\/\/ccnews.com.ar\/prensa\/propuestas-de-la-onu-para-latinoamerica-movilidad-electrica-y-generacion-distribuida\/","url_meta":{"origin":3441,"position":5},"title":"Propuestas de la ONU para Latinoam\u00e9rica: movilidad el\u00e9ctrica y generaci\u00f3n distribuida","author":"CLUSTERciar","date":"24 mayo, 2017","format":false,"excerpt":"El Programa de las Naciones Unidas para el Medio Ambiente est\u00e1 avanzando en una serie de recomendaciones para los pa\u00edses de Am\u00e9rica Latina en pos de un futuro sustentable. Proponen, como ejes del paradigma energ\u00e9tico del futuro, el uso de veh\u00edculos el\u00e9ctricos y la generaci\u00f3n distribuida mediante energ\u00edas renovables. Adem\u00e1s,\u2026","rel":"","context":"En \u00abEnerg\u00eda y Producci\u00f3n\u00bb","block_context":{"text":"Energ\u00eda y Producci\u00f3n","link":"http:\/\/ccnews.com.ar\/prensa\/category\/energia-y-produccion\/"},"img":{"alt_text":"","src":"https:\/\/i0.wp.com\/ccnews.com.ar\/prensa\/wp-content\/uploads\/2017\/05\/nota-3.jpg?fit=800%2C400&resize=350%2C200","width":350,"height":200,"srcset":"https:\/\/i0.wp.com\/ccnews.com.ar\/prensa\/wp-content\/uploads\/2017\/05\/nota-3.jpg?fit=800%2C400&resize=350%2C200 1x, https:\/\/i0.wp.com\/ccnews.com.ar\/prensa\/wp-content\/uploads\/2017\/05\/nota-3.jpg?fit=800%2C400&resize=525%2C300 1,5x, https:\/\/i0.wp.com\/ccnews.com.ar\/prensa\/wp-content\/uploads\/2017\/05\/nota-3.jpg?fit=800%2C400&resize=700%2C400 2x"},"classes":[]}],"jetpack_sharing_enabled":true,"_links":{"self":[{"href":"http:\/\/ccnews.com.ar\/prensa\/wp-json\/wp\/v2\/posts\/3441","targetHints":{"allow":["GET"]}}],"collection":[{"href":"http:\/\/ccnews.com.ar\/prensa\/wp-json\/wp\/v2\/posts"}],"about":[{"href":"http:\/\/ccnews.com.ar\/prensa\/wp-json\/wp\/v2\/types\/post"}],"author":[{"embeddable":true,"href":"http:\/\/ccnews.com.ar\/prensa\/wp-json\/wp\/v2\/users\/2"}],"replies":[{"embeddable":true,"href":"http:\/\/ccnews.com.ar\/prensa\/wp-json\/wp\/v2\/comments?post=3441"}],"version-history":[{"count":3,"href":"http:\/\/ccnews.com.ar\/prensa\/wp-json\/wp\/v2\/posts\/3441\/revisions"}],"predecessor-version":[{"id":3543,"href":"http:\/\/ccnews.com.ar\/prensa\/wp-json\/wp\/v2\/posts\/3441\/revisions\/3543"}],"wp:featuredmedia":[{"embeddable":true,"href":"http:\/\/ccnews.com.ar\/prensa\/wp-json\/wp\/v2\/media\/3443"}],"wp:attachment":[{"href":"http:\/\/ccnews.com.ar\/prensa\/wp-json\/wp\/v2\/media?parent=3441"}],"wp:term":[{"taxonomy":"category","embeddable":true,"href":"http:\/\/ccnews.com.ar\/prensa\/wp-json\/wp\/v2\/categories?post=3441"},{"taxonomy":"post_tag","embeddable":true,"href":"http:\/\/ccnews.com.ar\/prensa\/wp-json\/wp\/v2\/tags?post=3441"}],"curies":[{"name":"wp","href":"https:\/\/api.w.org\/{rel}","templated":true}]}}