{"id":3477,"date":"2017-03-21T08:00:03","date_gmt":"2017-03-21T11:00:03","guid":{"rendered":"http:\/\/clusterciarnews.com.ar\/prensa\/?p=3477"},"modified":"2017-03-21T14:52:19","modified_gmt":"2017-03-21T17:52:19","slug":"empresarios-analizaron-futuras-inversiones-en-energias-renovables","status":"publish","type":"post","link":"http:\/\/ccnews.com.ar\/prensa\/empresarios-analizaron-futuras-inversiones-en-energias-renovables\/","title":{"rendered":"Empresarios analizaron futuras inversiones en energ\u00edas renovables"},"content":{"rendered":"<p>Se realiz\u00f3 la semana pasada un desayuno con 80 l\u00edderes empresariales donde se analiz\u00f3 el sector de energ\u00edas renovables en el pa\u00eds. Organizado por la compa\u00f1\u00eda Luft Energ\u00eda y la consultora IHS Markit, el encuentro Desaf\u00edo Renovable en Argentina tuvo como ejes principales las potencialidades del sector en el pa\u00eds con la ley 27.191, el financiamiento para los proyectos y el escenario del sector en Am\u00e9rica Latina.<\/p>\n<p>El evento, que se realiz\u00f3 en un hotel en Buenos Aires y a sala colmada, estuvo destinado exclusivamente a CEOs y lideres empresariales. La principal disertante fue Doris Capurro, presidenta y CEO de la consultora Luft Energ\u00eda. Adem\u00e1s, fueron importantes la intervenci\u00f3n de Maurizio Bezzeccheri, country manager de ENEL en Argentina, y la participaci\u00f3n de expertos como Daniel Gerold y Mauro Soares, entre otros.<\/p>\n<p>La presentaci\u00f3n de IHS Markit, la consultora sobre temas energ\u00e9ticos m\u00e1s grande del mundo, fue sobre el panorama internacional del sector, principalmente el de America Latina, que permiti\u00f3 sacar muchas conclusiones sobre las tendencias mundiales y las lecciones que se pueden aprender de otros pa\u00edses.<\/p>\n<p>Una de las conclusiones de la reuni\u00f3n fue que el sector de energ\u00edas renovables en Argentina cuenta con un impulso considerable y que se convirti\u00f3 en un verdadero foco de atenci\u00f3n de inversores y grandes players mundiales a partir de la sanci\u00f3n de la ley 27.191 en septiembre de 2015 y el llamado a licitaci\u00f3n del Gobierno nacional en 2016.<\/p>\n<p>Tambi\u00e9n se remarc\u00f3 que el \u00e9xito del pa\u00eds en materia de renovables, luego de que se adjudicaron casi 3000 megawatt (Mw), ser\u00e1 tal si esos proyectos logran el financiamiento correspondiente y alcanzan a concretarse en tiempo y forma.<\/p>\n<p>Adem\u00e1s, un tema desarrollado en el encuentro fue la expectativa sobre la regulaci\u00f3n de PPAs (Power Purchase Agreement, por su nombre en ingl\u00e9s) entre privados y los proyectos de ampliaci\u00f3n de redes de transmisi\u00f3n, algo necesario\u00a0para\u00a0que el envi\u00f3n y entusiasmo existente hoy no se desvanezca y pueda haber nuevos proyectos ejecutables.<\/p>\n<p>Se conoce como PPA a la forma de financiaci\u00f3n que permite acceder a los beneficios de la generaci\u00f3n de energ\u00eda renovable sin la necesidad de poseer un equipo propio.<\/p>\n<p>Por \u00faltimo, un tema que estuvo presente en el desayuno fue el importante evento energ\u00e9tico mundial conocido como Cera Week, que se desarrollar\u00e1 entre el 6 y 10 de marzo en la ciudad estadounidense de Houston. All\u00ed, en representaci\u00f3n del sector privado de la Argentina, va a hablar Doris Capurro, que colabora con el financiamiento de algunos proyectos que ganaron PPA en la primera licitaci\u00f3n.<\/p>\n<p>La compa\u00f1\u00eda Luft, que dirige Capurro, est\u00e1 en relaci\u00f3n con organismos multilaterales de cr\u00e9dito, bancos de desarrollo de Europa y grandes fondos de inversi\u00f3n y empresas estrat\u00e9gicas mundiales para lograr ese financiamiento.<\/p>\n<!-- AddThis Advanced Settings generic via filter on the_content -->","protected":false},"excerpt":{"rendered":"<p>Se realiz\u00f3 la semana pasada un desayuno con 80 l\u00edderes empresariales donde se analiz\u00f3 el sector de energ\u00edas renovables en<!-- AddThis Advanced Settings generic via filter on get_the_excerpt --><\/p>\n","protected":false},"author":2,"featured_media":3479,"comment_status":"closed","ping_status":"closed","sticky":false,"template":"","format":"standard","meta":{"colormag_page_container_layout":"default_layout","colormag_page_sidebar_layout":"default_layout","jetpack_post_was_ever_published":false,"_jetpack_newsletter_access":"","_jetpack_dont_email_post_to_subs":false,"_jetpack_newsletter_tier_id":0,"_jetpack_memberships_contains_paywalled_content":false,"_jetpack_memberships_contains_paid_content":false,"footnotes":"","jetpack_publicize_message":"","jetpack_publicize_feature_enabled":true,"jetpack_social_post_already_shared":true,"jetpack_social_options":{"image_generator_settings":{"template":"highway","default_image_id":0,"font":"","enabled":false},"version":2}},"categories":[3],"tags":[17],"class_list":["post-3477","post","type-post","status-publish","format-standard","has-post-thumbnail","hentry","category-sustentabilidad","tag-otros-medios"],"jetpack_publicize_connections":[],"jetpack_featured_media_url":"https:\/\/i0.wp.com\/ccnews.com.ar\/prensa\/wp-content\/uploads\/2017\/03\/Energias-renovables-768x614.jpg?fit=768%2C614","jetpack_shortlink":"https:\/\/wp.me\/p7L1gj-U5","jetpack-related-posts":[{"id":12668,"url":"http:\/\/ccnews.com.ar\/prensa\/la-argentina-sube-al-noveno-lugar-del-ranking-de-paises-atractivos-para-invertir-en-energias-renovables\/","url_meta":{"origin":3477,"position":0},"title":"La Argentina sube al noveno lugar del ranking de pa\u00edses atractivos para invertir en energ\u00edas renovables","author":"admin","date":"29 agosto, 2019","format":false,"excerpt":"La Argentina avanz\u00f3 un escal\u00f3n al subir del d\u00e9cimo al noveno lugar en el ranking de pa\u00edses m\u00e1s atractivos para la inversi\u00f3n y el desarrollo de energ\u00edas renovables, de acuerdo al reporte anual que difundi\u00f3 hoy la consultora Ernst & Young. La evaluaci\u00f3n sobre los atractivos de mercado, explic\u00f3 la\u2026","rel":"","context":"En \u00abSustentabilidad\u00bb","block_context":{"text":"Sustentabilidad","link":"http:\/\/ccnews.com.ar\/prensa\/category\/sustentabilidad\/"},"img":{"alt_text":"","src":"https:\/\/i0.wp.com\/ccnews.com.ar\/prensa\/wp-content\/uploads\/2019\/08\/3087634w1033.jpg?fit=1033%2C688&resize=350%2C200","width":350,"height":200,"srcset":"https:\/\/i0.wp.com\/ccnews.com.ar\/prensa\/wp-content\/uploads\/2019\/08\/3087634w1033.jpg?fit=1033%2C688&resize=350%2C200 1x, https:\/\/i0.wp.com\/ccnews.com.ar\/prensa\/wp-content\/uploads\/2019\/08\/3087634w1033.jpg?fit=1033%2C688&resize=525%2C300 1,5x, https:\/\/i0.wp.com\/ccnews.com.ar\/prensa\/wp-content\/uploads\/2019\/08\/3087634w1033.jpg?fit=1033%2C688&resize=700%2C400 2x"},"classes":[]},{"id":1765,"url":"http:\/\/ccnews.com.ar\/prensa\/por-que-estudiar-carreras-de-energias-renovables-en-argentina\/","url_meta":{"origin":3477,"position":1},"title":"Por qu\u00e9 estudiar carreras de energ\u00edas renovables en Argentina","author":"CLUSTERciar","date":"28 septiembre, 2016","format":false,"excerpt":"Cu\u00e1les son los distintos tipos de fuentes que utilizan estas actividades que en el pa\u00eds cuentan con pol\u00edticas e incentivos propios para su desarrollo A partir de la necesidad de la Argentina de diversificar e incrementar su matriz energ\u00e9tica, desde la administraci\u00f3n de Cristina Kirchner que el gobierno nacional determin\u00f3\u2026","rel":"","context":"En \u00abEducaci\u00f3n\/Sociedad\u00bb","block_context":{"text":"Educaci\u00f3n\/Sociedad","link":"http:\/\/ccnews.com.ar\/prensa\/category\/educacion-sociedad\/"},"img":{"alt_text":"","src":"","width":0,"height":0},"classes":[]},{"id":8859,"url":"http:\/\/ccnews.com.ar\/prensa\/soplan-buenos-vientos-en-argentina\/","url_meta":{"origin":3477,"position":2},"title":"Soplan buenos vientos en Argentina","author":"CLUSTERciar","date":"21 septiembre, 2018","format":false,"excerpt":"Las metas de reconversi\u00f3n de la matriz energ\u00e9tica hacia fuentes renovables avanzan a pasos acelerados. Los desarrollos e\u00f3licos fueron analizados en la Argentina Wind Power 2018, en donde se destac\u00f3 el potencial que posee en el pa\u00eds. Se realiz\u00f3 la semana pasada en Buenos Aires el Argentina Wind Power, un\u2026","rel":"","context":"En \u00abEnerg\u00eda y Producci\u00f3n\u00bb","block_context":{"text":"Energ\u00eda y Producci\u00f3n","link":"http:\/\/ccnews.com.ar\/prensa\/category\/energia-y-produccion\/"},"img":{"alt_text":"","src":"https:\/\/i0.wp.com\/ccnews.com.ar\/prensa\/wp-content\/uploads\/2018\/09\/image_content_10098887_20180912201440.jpg?fit=660%2C370&resize=350%2C200","width":350,"height":200,"srcset":"https:\/\/i0.wp.com\/ccnews.com.ar\/prensa\/wp-content\/uploads\/2018\/09\/image_content_10098887_20180912201440.jpg?fit=660%2C370&resize=350%2C200 1x, https:\/\/i0.wp.com\/ccnews.com.ar\/prensa\/wp-content\/uploads\/2018\/09\/image_content_10098887_20180912201440.jpg?fit=660%2C370&resize=525%2C300 1,5x"},"classes":[]},{"id":4103,"url":"http:\/\/ccnews.com.ar\/prensa\/argentina-apuesta-por-las-energias-renovables\/","url_meta":{"origin":3477,"position":3},"title":"Argentina apuesta por las energ\u00edas renovables","author":"CLUSTERciar","date":"14 mayo, 2017","format":false,"excerpt":"Argentina es uno de los pa\u00edses de Am\u00e9rica Latina que cuenta con m\u00e1s recursos de energ\u00edas renovables: vientos constantes en la Patagonia al sur del pa\u00eds; sol todo el a\u00f1o en las zonas remotas del noroeste; energ\u00eda hidroel\u00e9ctrica y biomasa gracias a los r\u00edos y las extensas tierras agr\u00edcolas., ha\u2026","rel":"","context":"En \u00abEnerg\u00eda y Producci\u00f3n\u00bb","block_context":{"text":"Energ\u00eda y Producci\u00f3n","link":"http:\/\/ccnews.com.ar\/prensa\/category\/energia-y-produccion\/"},"img":{"alt_text":"","src":"https:\/\/i0.wp.com\/ccnews.com.ar\/prensa\/wp-content\/uploads\/2017\/05\/Renovables-Mexico-1110x510.jpg?fit=1110%2C510&resize=350%2C200","width":350,"height":200,"srcset":"https:\/\/i0.wp.com\/ccnews.com.ar\/prensa\/wp-content\/uploads\/2017\/05\/Renovables-Mexico-1110x510.jpg?fit=1110%2C510&resize=350%2C200 1x, https:\/\/i0.wp.com\/ccnews.com.ar\/prensa\/wp-content\/uploads\/2017\/05\/Renovables-Mexico-1110x510.jpg?fit=1110%2C510&resize=525%2C300 1,5x, https:\/\/i0.wp.com\/ccnews.com.ar\/prensa\/wp-content\/uploads\/2017\/05\/Renovables-Mexico-1110x510.jpg?fit=1110%2C510&resize=700%2C400 2x, https:\/\/i0.wp.com\/ccnews.com.ar\/prensa\/wp-content\/uploads\/2017\/05\/Renovables-Mexico-1110x510.jpg?fit=1110%2C510&resize=1050%2C600 3x"},"classes":[]},{"id":2629,"url":"http:\/\/ccnews.com.ar\/prensa\/energias-renovables-afirman-que-habra-inversiones-por-us-6000-millones\/","url_meta":{"origin":3477,"position":4},"title":"Energ\u00edas renovables: afirman que habr\u00e1 inversiones por u$s 6000 millones","author":"CLUSTERciar","date":"16 diciembre, 2016","format":false,"excerpt":"As\u00ed lo estim\u00f3 el\u00a0exsecretario de Energ\u00eda Daniel Montamat, sobre los pr\u00f3ximos dos a\u00f1os. La licitaci\u00f3n que el gobierno\u00a0nacional realiz\u00f3 de proyectos de generaci\u00f3n de energ\u00edas renovables producir\u00e1 en los pr\u00f3ximos dos a\u00f1os inversiones por u$s 6.000 millones, asegur\u00f3 el exsecretario de Energ\u00eda Daniel Montamat. \"Sali\u00f3 muy bien la licitaci\u00f3n de\u2026","rel":"","context":"En \u00abEnerg\u00eda y Producci\u00f3n\u00bb","block_context":{"text":"Energ\u00eda y Producci\u00f3n","link":"http:\/\/ccnews.com.ar\/prensa\/category\/energia-y-produccion\/"},"img":{"alt_text":"","src":"","width":0,"height":0},"classes":[]},{"id":2895,"url":"http:\/\/ccnews.com.ar\/prensa\/argentina-da-envidia-por-sus-recursos-tiene-la-tercera-reserva-eolica-mundial-y-la-segunda-solar\/","url_meta":{"origin":3477,"position":5},"title":"Argentina da &#8220;envidia&#8221; por sus recursos: tiene la tercera reserva e\u00f3lica mundial y la segunda solar","author":"CLUSTERciar","date":"15 enero, 2017","format":false,"excerpt":"Mauricio Macri reafirm\u00f3 su voluntad de impulsar el desarrollo del sector de las energ\u00edas renovables y diversificar los recursos con los que cuenta el pa\u00eds Con\u00a0una ley reci\u00e9n estrenada y una pol\u00edtica de incentivos m\u00e1s atractiva para los inversionistas, Argentina quiere conquistar el mercado de las energ\u00edas renovables. El Presidente\u2026","rel":"","context":"En \u00abSustentabilidad\u00bb","block_context":{"text":"Sustentabilidad","link":"http:\/\/ccnews.com.ar\/prensa\/category\/sustentabilidad\/"},"img":{"alt_text":"","src":"https:\/\/i0.wp.com\/ccnews.com.ar\/prensa\/wp-content\/uploads\/2016\/12\/432398.jpg?fit=630%2C460&resize=350%2C200","width":350,"height":200,"srcset":"https:\/\/i0.wp.com\/ccnews.com.ar\/prensa\/wp-content\/uploads\/2016\/12\/432398.jpg?fit=630%2C460&resize=350%2C200 1x, https:\/\/i0.wp.com\/ccnews.com.ar\/prensa\/wp-content\/uploads\/2016\/12\/432398.jpg?fit=630%2C460&resize=525%2C300 1,5x"},"classes":[]}],"jetpack_sharing_enabled":true,"_links":{"self":[{"href":"http:\/\/ccnews.com.ar\/prensa\/wp-json\/wp\/v2\/posts\/3477","targetHints":{"allow":["GET"]}}],"collection":[{"href":"http:\/\/ccnews.com.ar\/prensa\/wp-json\/wp\/v2\/posts"}],"about":[{"href":"http:\/\/ccnews.com.ar\/prensa\/wp-json\/wp\/v2\/types\/post"}],"author":[{"embeddable":true,"href":"http:\/\/ccnews.com.ar\/prensa\/wp-json\/wp\/v2\/users\/2"}],"replies":[{"embeddable":true,"href":"http:\/\/ccnews.com.ar\/prensa\/wp-json\/wp\/v2\/comments?post=3477"}],"version-history":[{"count":1,"href":"http:\/\/ccnews.com.ar\/prensa\/wp-json\/wp\/v2\/posts\/3477\/revisions"}],"predecessor-version":[{"id":3481,"href":"http:\/\/ccnews.com.ar\/prensa\/wp-json\/wp\/v2\/posts\/3477\/revisions\/3481"}],"wp:featuredmedia":[{"embeddable":true,"href":"http:\/\/ccnews.com.ar\/prensa\/wp-json\/wp\/v2\/media\/3479"}],"wp:attachment":[{"href":"http:\/\/ccnews.com.ar\/prensa\/wp-json\/wp\/v2\/media?parent=3477"}],"wp:term":[{"taxonomy":"category","embeddable":true,"href":"http:\/\/ccnews.com.ar\/prensa\/wp-json\/wp\/v2\/categories?post=3477"},{"taxonomy":"post_tag","embeddable":true,"href":"http:\/\/ccnews.com.ar\/prensa\/wp-json\/wp\/v2\/tags?post=3477"}],"curies":[{"name":"wp","href":"https:\/\/api.w.org\/{rel}","templated":true}]}}