{"id":3573,"date":"2017-03-31T08:00:35","date_gmt":"2017-03-31T11:00:35","guid":{"rendered":"http:\/\/clusterciarnews.com.ar\/prensa\/?p=3573"},"modified":"2017-03-16T08:45:55","modified_gmt":"2017-03-16T11:45:55","slug":"en-rusia-hicieron-una-casa-en-24-horas-con-impresion-3d","status":"publish","type":"post","link":"http:\/\/ccnews.com.ar\/prensa\/en-rusia-hicieron-una-casa-en-24-horas-con-impresion-3d\/","title":{"rendered":"En Rusia hicieron una casa en 24 horas con impresi\u00f3n 3D"},"content":{"rendered":"<p>Fue constru\u00edda en Mosc\u00fa: tiene 38 metros cuadrados y cost\u00f3 solamente 10 mil d\u00f3lares, incluyendo cableados y aislamiento.<\/p>\n<p><iframe loading=\"lazy\" src=\"https:\/\/www.youtube.com\/embed\/ia5upAjsXkU\" width=\"640\" height=\"360\" frameborder=\"0\" allowfullscreen=\"allowfullscreen\"><\/iframe><\/p>\n<p>\u00bfNecesit\u00e1s una casa urgente? Esta la construyen en 24 horas&#8230; pero en Rusia. Un estudio de arquitectura de Mosc\u00fa utiliz\u00f3 un sistema de impresi\u00f3n 3D para fabricar este hogar en solamente un d\u00eda.<\/p>\n<p>La empresa que realiz\u00f3 el proyecto, <a title=\"Apis Cor\" href=\"http:\/\/apis-cor.com\/en\/\">Apis Cor<\/a>, describi\u00f3 su revolucionario hogar como &#8220;la primera casa en impresi\u00f3n 3D con una impresora m\u00f3vil&#8221; Se trata de una impresora tipo gr\u00faa, lo suficientemente chica para que la casa sea construida desde el interior, en vez de una m\u00e1quina gigante que es m\u00e1s complicada de transportar y ubicar.<\/p>\n<figure class=\"embed-image hmedia col-12\"><img class=\"photo\" title=\"La impresora\/gr\u00faa: una vez que termin\u00f3 de construir las paredes la sacaron por el techo.\" srcset=\"http:\/\/cdn.tn.com.ar\/sites\/default\/files\/styles\/embed_image\/public\/2017\/03\/02\/58b87c6b66bbfgrua.jpg 720w, http:\/\/cdn.tn.com.ar\/sites\/default\/files\/styles\/embed_image\/public\/2017\/03\/02\/58b87c6b66bbfgrua.jpg 360w\" \/><figcaption>La impresora\/gr\u00faa: una vez que termin\u00f3 de construir las paredes la sacaron por el techo.<\/figcaption><\/figure>\n<p>Adem\u00e1s del tiempo r\u00e9cord, la casa de 38 metros cuadrados tambi\u00e9n es barat\u00edsima: fabricarla cost\u00f3 10 mil d\u00f3lares. \u00bfEl futuro de la construcci\u00f3n?<\/p>\n<figure class=\"embed-image hmedia col-12\"><img class=\"photo\" title=\"\" srcset=\"http:\/\/cdn.tn.com.ar\/sites\/default\/files\/styles\/embed_image\/public\/2017\/03\/02\/58b87cb2e4921pintura.jpg 720w, http:\/\/cdn.tn.com.ar\/sites\/default\/files\/styles\/embed_image\/public\/2017\/03\/02\/58b87cb2e4921pintura.jpg 360w\" \/><\/figure>\n<p>&nbsp;<\/p>\n<p>Fuente: TN Tecnologia<\/p>\n<!-- AddThis Advanced Settings generic via filter on the_content -->","protected":false},"excerpt":{"rendered":"<p>Fue constru\u00edda en Mosc\u00fa: tiene 38 metros cuadrados y cost\u00f3 solamente 10 mil d\u00f3lares, incluyendo cableados y aislamiento. \u00bfNecesit\u00e1s una<!-- AddThis Advanced Settings generic via filter on get_the_excerpt --><\/p>\n","protected":false},"author":2,"featured_media":3575,"comment_status":"closed","ping_status":"closed","sticky":false,"template":"","format":"standard","meta":{"colormag_page_container_layout":"default_layout","colormag_page_sidebar_layout":"default_layout","jetpack_post_was_ever_published":false,"_jetpack_newsletter_access":"","_jetpack_dont_email_post_to_subs":false,"_jetpack_newsletter_tier_id":0,"_jetpack_memberships_contains_paywalled_content":false,"_jetpack_memberships_contains_paid_content":false,"footnotes":"","jetpack_publicize_message":"","jetpack_publicize_feature_enabled":true,"jetpack_social_post_already_shared":true,"jetpack_social_options":{"image_generator_settings":{"template":"highway","default_image_id":0,"font":"","enabled":false},"version":2}},"categories":[5],"tags":[17],"class_list":["post-3573","post","type-post","status-publish","format-standard","has-post-thumbnail","hentry","category-transformacion-digital","tag-otros-medios"],"jetpack_publicize_connections":[],"jetpack_featured_media_url":"https:\/\/i0.wp.com\/ccnews.com.ar\/prensa\/wp-content\/uploads\/2017\/03\/58b87cd863c06casa.jpg?fit=1280%2C883","jetpack_shortlink":"https:\/\/wp.me\/p7L1gj-VD","jetpack-related-posts":[{"id":4813,"url":"http:\/\/ccnews.com.ar\/prensa\/la-revolucion-pausada-de-la-impresion-3d\/","url_meta":{"origin":3573,"position":0},"title":"La revoluci\u00f3n pausada de la impresi\u00f3n 3D","author":"CLUSTERciar","date":"30 julio, 2017","format":false,"excerpt":"Esta tecnolog\u00eda, muy utilizada en procesos industriales, no acaba de dar el salto a nuestras casas Cada vez es m\u00e1s f\u00e1cil para el com\u00fan de los mortales ver una impresora 3D en funcionamiento. Uno puede ver\u00a0demostraciones en universidades, ferias o estudios de dise\u00f1o, donde unos artilugios en forma de caja\u2026","rel":"","context":"En \u00abTransformaci\u00f3n digital\u00bb","block_context":{"text":"Transformaci\u00f3n digital","link":"http:\/\/ccnews.com.ar\/prensa\/category\/transformacion-digital\/"},"img":{"alt_text":"","src":"https:\/\/i0.wp.com\/ccnews.com.ar\/prensa\/wp-content\/uploads\/2017\/07\/1500397329_792129_1500397489_noticia_normal_recorte1-1.jpg?fit=992%2C558&resize=350%2C200","width":350,"height":200,"srcset":"https:\/\/i0.wp.com\/ccnews.com.ar\/prensa\/wp-content\/uploads\/2017\/07\/1500397329_792129_1500397489_noticia_normal_recorte1-1.jpg?fit=992%2C558&resize=350%2C200 1x, https:\/\/i0.wp.com\/ccnews.com.ar\/prensa\/wp-content\/uploads\/2017\/07\/1500397329_792129_1500397489_noticia_normal_recorte1-1.jpg?fit=992%2C558&resize=525%2C300 1,5x, https:\/\/i0.wp.com\/ccnews.com.ar\/prensa\/wp-content\/uploads\/2017\/07\/1500397329_792129_1500397489_noticia_normal_recorte1-1.jpg?fit=992%2C558&resize=700%2C400 2x"},"classes":[]},{"id":10193,"url":"http:\/\/ccnews.com.ar\/prensa\/adios-a-la-impresion-3d-por-capas-la-nueva-impresora-que-sinteriza-modelos-completos-utilizando-rayos-de-luz\/","url_meta":{"origin":3573,"position":1},"title":"Adi\u00f3s a la impresi\u00f3n 3D por capas: la nueva impresora que sinteriza modelos completos utilizando rayos de luz","author":"admin","date":"2 febrero, 2019","format":false,"excerpt":"La nueva impresora se basa en un l\u00edquido viscoso que reacciona para formar un s\u00f3lido cuando se expone a un cierto umbral de luz Una nueva impresora 3D utiliza la luz para transformar l\u00edquidos pegajosos en objetos s\u00f3lidos complejos en solo unos minutos. Apodada el \u00abreplicador\u00bb por sus inventores, a\u2026","rel":"","context":"En \u00abTransformaci\u00f3n digital\u00bb","block_context":{"text":"Transformaci\u00f3n digital","link":"http:\/\/ccnews.com.ar\/prensa\/category\/transformacion-digital\/"},"img":{"alt_text":"","src":"https:\/\/i0.wp.com\/ccnews.com.ar\/prensa\/wp-content\/uploads\/2019\/02\/tec1.jpg?fit=620%2C349&resize=350%2C200","width":350,"height":200,"srcset":"https:\/\/i0.wp.com\/ccnews.com.ar\/prensa\/wp-content\/uploads\/2019\/02\/tec1.jpg?fit=620%2C349&resize=350%2C200 1x, https:\/\/i0.wp.com\/ccnews.com.ar\/prensa\/wp-content\/uploads\/2019\/02\/tec1.jpg?fit=620%2C349&resize=525%2C300 1,5x"},"classes":[]},{"id":5877,"url":"http:\/\/ccnews.com.ar\/prensa\/holanda-inauguro-el-primer-puente-hecho-con-una-impresora-3d\/","url_meta":{"origin":3573,"position":2},"title":"Holanda inaugur\u00f3 el primer puente hecho con una impresora 3D","author":"CLUSTERciar","date":"12 noviembre, 2017","format":false,"excerpt":"Est\u00e1 hecho con 800 capas de hormig\u00f3n y tiene 8 metros de largo Holanda se puso a la vanguardia del uso civil de las\u00a0impresoras 3D\u00a0al inaugurar el martes en Gemert, en el norte de Brabante, el primer puente del mundo \"impreso\" con tecnolog\u00eda tridimensional. Es una estructura de ocho metros\u2026","rel":"","context":"En \u00abTransformaci\u00f3n digital\u00bb","block_context":{"text":"Transformaci\u00f3n digital","link":"http:\/\/ccnews.com.ar\/prensa\/category\/transformacion-digital\/"},"img":{"alt_text":"","src":"https:\/\/i0.wp.com\/ccnews.com.ar\/prensa\/wp-content\/uploads\/2017\/10\/tecnologia-2553722w620.jpg?fit=620%2C348&resize=350%2C200","width":350,"height":200,"srcset":"https:\/\/i0.wp.com\/ccnews.com.ar\/prensa\/wp-content\/uploads\/2017\/10\/tecnologia-2553722w620.jpg?fit=620%2C348&resize=350%2C200 1x, https:\/\/i0.wp.com\/ccnews.com.ar\/prensa\/wp-content\/uploads\/2017\/10\/tecnologia-2553722w620.jpg?fit=620%2C348&resize=525%2C300 1,5x"},"classes":[]},{"id":4139,"url":"http:\/\/ccnews.com.ar\/prensa\/la-impresion-3d-revoluciona-el-mundo-de-la-salud\/","url_meta":{"origin":3573,"position":3},"title":"La impresi\u00f3n 3D revoluciona el mundo de la salud","author":"CLUSTERciar","date":"26 mayo, 2017","format":false,"excerpt":"Distintas funcionalidad que se encuentran actualmente en la pr\u00e1ctica El\u00a0uso de las impresoras 3D en la Medicina se plantea como una revoluci\u00f3n. No s\u00f3lo se piensa en ellas para dise\u00f1ar implantes a la medida de cada paciente, sino que en la actualidad los cient\u00edficos investigan esta la posibilidad de crear\u2026","rel":"","context":"En \u00abTransformaci\u00f3n digital\u00bb","block_context":{"text":"Transformaci\u00f3n digital","link":"http:\/\/ccnews.com.ar\/prensa\/category\/transformacion-digital\/"},"img":{"alt_text":"","src":"https:\/\/i0.wp.com\/ccnews.com.ar\/prensa\/wp-content\/uploads\/2017\/05\/ortesis3d.jpg?fit=600%2C350&resize=350%2C200","width":350,"height":200,"srcset":"https:\/\/i0.wp.com\/ccnews.com.ar\/prensa\/wp-content\/uploads\/2017\/05\/ortesis3d.jpg?fit=600%2C350&resize=350%2C200 1x, https:\/\/i0.wp.com\/ccnews.com.ar\/prensa\/wp-content\/uploads\/2017\/05\/ortesis3d.jpg?fit=600%2C350&resize=525%2C300 1,5x"},"classes":[]},{"id":5073,"url":"http:\/\/ccnews.com.ar\/prensa\/por-primera-vez-el-modelado-y-la-impresion-3d-en-un-solo-entrenamiento\/","url_meta":{"origin":3573,"position":4},"title":"Por primera vez,  el modelado y la impresi\u00f3n 3D  en un solo entrenamiento","author":"CLUSTERciar","date":"16 agosto, 2017","format":false,"excerpt":"La empresas Ciar y Cacto 3D unen sus iniciativas de promover el uso de las nuevas tecnolog\u00edas y ofrecen Inventor + Impresi\u00f3n 3D, una capacitaci\u00f3n que ense\u00f1a a dise\u00f1ar modelos digitales y a imprimirlos en tres dimensiones.\u00a0 Por primera vez en la regi\u00f3n neuquina, un entrenamiento permite aprender no solo\u2026","rel":"","context":"En \u00abTransformaci\u00f3n digital\u00bb","block_context":{"text":"Transformaci\u00f3n digital","link":"http:\/\/ccnews.com.ar\/prensa\/category\/transformacion-digital\/"},"img":{"alt_text":"cecilia","src":"https:\/\/i0.wp.com\/clusterciarnews.com.ar\/prensa\/wp-content\/uploads\/2017\/08\/cecilia-1024x666.jpg?resize=350%2C200","width":350,"height":200},"classes":[]},{"id":949,"url":"http:\/\/ccnews.com.ar\/prensa\/es-negocio-la-impresion-3d-en-la-argentina-estos-emprendedores-creen-que-si\/","url_meta":{"origin":3573,"position":5},"title":"\u00bfES NEGOCIO LA IMPRESI\u00d3N 3D EN LA ARGENTINA? ESTOS EMPRENDEDORES CREEN QUE S\u00cd","author":"CLUSTERciar","date":"2 agosto, 2016","format":false,"excerpt":"REPLIKAT COMERCIALIZA SOLUCIONES DE IMPRESI\u00d3N 3D DESDE 2012 CON HARDWARE NACIONAL. AHORA BUSCA PEGAR EL SALTO PARA MASIFICAR EL NEGOCIO. \u201cA los 14 a\u00f1os empec\u00e9 \u2018cirujeando\u2019 impresoras\u201d, cuenta Santiago Scaine, socio fundador y director de Tecnolog\u00eda de Replikat, una de las pocas empresas que se dedica al desarrollo y la\u2026","rel":"","context":"En \u00abManagement\u00bb","block_context":{"text":"Management","link":"http:\/\/ccnews.com.ar\/prensa\/category\/management\/"},"img":{"alt_text":"","src":"","width":0,"height":0},"classes":[]}],"jetpack_sharing_enabled":true,"_links":{"self":[{"href":"http:\/\/ccnews.com.ar\/prensa\/wp-json\/wp\/v2\/posts\/3573","targetHints":{"allow":["GET"]}}],"collection":[{"href":"http:\/\/ccnews.com.ar\/prensa\/wp-json\/wp\/v2\/posts"}],"about":[{"href":"http:\/\/ccnews.com.ar\/prensa\/wp-json\/wp\/v2\/types\/post"}],"author":[{"embeddable":true,"href":"http:\/\/ccnews.com.ar\/prensa\/wp-json\/wp\/v2\/users\/2"}],"replies":[{"embeddable":true,"href":"http:\/\/ccnews.com.ar\/prensa\/wp-json\/wp\/v2\/comments?post=3573"}],"version-history":[{"count":2,"href":"http:\/\/ccnews.com.ar\/prensa\/wp-json\/wp\/v2\/posts\/3573\/revisions"}],"predecessor-version":[{"id":3625,"href":"http:\/\/ccnews.com.ar\/prensa\/wp-json\/wp\/v2\/posts\/3573\/revisions\/3625"}],"wp:featuredmedia":[{"embeddable":true,"href":"http:\/\/ccnews.com.ar\/prensa\/wp-json\/wp\/v2\/media\/3575"}],"wp:attachment":[{"href":"http:\/\/ccnews.com.ar\/prensa\/wp-json\/wp\/v2\/media?parent=3573"}],"wp:term":[{"taxonomy":"category","embeddable":true,"href":"http:\/\/ccnews.com.ar\/prensa\/wp-json\/wp\/v2\/categories?post=3573"},{"taxonomy":"post_tag","embeddable":true,"href":"http:\/\/ccnews.com.ar\/prensa\/wp-json\/wp\/v2\/tags?post=3573"}],"curies":[{"name":"wp","href":"https:\/\/api.w.org\/{rel}","templated":true}]}}