{"id":3617,"date":"2017-03-30T08:00:19","date_gmt":"2017-03-30T11:00:19","guid":{"rendered":"http:\/\/clusterciarnews.com.ar\/prensa\/?p=3617"},"modified":"2017-03-30T08:10:56","modified_gmt":"2017-03-30T11:10:56","slug":"la-rse-y-la-sustentabilidad-temas-que-cada-vez-interesan-mas-a-todas-las-areas-de-la-empresa","status":"publish","type":"post","link":"http:\/\/ccnews.com.ar\/prensa\/la-rse-y-la-sustentabilidad-temas-que-cada-vez-interesan-mas-a-todas-las-areas-de-la-empresa\/","title":{"rendered":"La RSE y la Sustentabilidad, temas que cada vez interesan m\u00e1s a todas las \u00e1reas de la empresa"},"content":{"rendered":"<h2>Ya no s\u00f3lo los profesionales dedicados al tema buscan formaci\u00f3n espec\u00edfica. Ejecutivos de RR.HH, Compras y Log\u00edstica tambi\u00e9n quieren y deben entender la forma de hacer negocios de manera m\u00e1s responsable. Qu\u00e9 ofrecen las principales universidades.<\/h2>\n<p>Hacer buenos negocios, s\u00ed. Pero siempre y cuando sean sustentables. La condici\u00f3n de atender al triple resultado -econ\u00f3mico, social y ambiental- es el paradigma actual que toma fuerza en las corporaciones y que condiciona cada vez m\u00e1s la manera tradicional de hacer negocios -esto es, s\u00f3lo mirando la cuenta de resultado econ\u00f3mico-. As\u00ed, &#8220;proveer para las necesidades del presente sin comprometer los recursos de las generaciones futuras&#8221; se convierte en el &#8220;deber ser&#8221; para los profesionales de formaci\u00f3n diversa y expertise en distintas \u00e1reas que se ven desafiados por este nuevo contexto y que buscan capacitarse m\u00e1s para llevarlo a la pr\u00e1ctica.<\/p>\n<p>Si antes comunicadores, relacionistas p\u00fablicos o soci\u00f3logos se preocupaban por las relaciones de la empresa con la comunidad y lo traduc\u00edan en acciones de filantrop\u00eda empresaria, ahora se suman los ingenieros, economistas y ejecutivos de \u00e1reas como Compras o Log\u00edstica que necesitan saber c\u00f3mo llevar adelante sus funciones de manera m\u00e1s sustentable.<\/p>\n<p>Es as\u00ed, que los posgrados en RSE y Sustentabilidad encuentran una audiencia cada vez m\u00e1s \u00e1vida de saber c\u00f3mo gestionar y desarrollar su profesi\u00f3n bajo estos par\u00e1metros: la necesidad de explorar energ\u00edas alternativas, c\u00f3mo lograr formas de producci\u00f3n m\u00e1s limpias e inclusivas, c\u00f3mo afectan las actividades productivas al cambio clim\u00e1tico y c\u00f3mo remediarlo, qu\u00e9 responsabilidad le cabe a la empresa en las necesidades sociales de la poblaci\u00f3n, c\u00f3mo generar nuevos h\u00e1bitos de consumo saludables, los desaf\u00edos de desarrollar proveedores sustentables, son algunos de los temas que se desarrollan en estas propuestas acad\u00e9micas, con metodolog\u00edas participativas y nuevas herramientas que permiten la toma de decisiones de los ejecutivos. Las universidades apelan a que las clases sean din\u00e1micas y participativas y al encuentro con especialistas que hayan enfrentado y superado estos desaf\u00edos.<\/p>\n<p>&#8220;Los desaf\u00edos que la gesti\u00f3n sustentable les plantea a profesionales con formaci\u00f3n diversa que ya sea desde las empresas, desde el Estado u Organizaciones del tercer sector necesita una respuesta&#8221;, opina Mar\u00eda Rigou, coordinadora de la IV edici\u00f3n del Posgrado en Gesti\u00f3n Estrat\u00e9gica para el Desarrollo Sustentable de UADE, bajo la modalidad de capacitaci\u00f3n ejecutiva y asesora de empresas, gobiernos y organizaciones de la sociedad civil. &#8220;Las compa\u00f1\u00edas est\u00e1n cada vez m\u00e1s interpeladas a generar utilidades cuidando el medio ambiente y generando valor comunitario; este posgrado desarrolla competencias y habilidades que permiten una gesti\u00f3n integradora de lo econ\u00f3mico, ambiental y social&#8221;, explica la especialista para quien la pr\u00e1ctica de la responsabilidad social empresaria fue cambiando mucho en los \u00faltimos diez a\u00f1os. Antes, las firmas hac\u00edan proyectos sociales por fuera de su actividad comercial; &#8220;hoy hacen una reflexi\u00f3n profunda acerca de su capacidad de realizar negocios de una manera amigable con el medio ambiente y generando valor social en las comunidades en donde operan&#8221;, dice. Pero esto requiere de profesionales que puedan impulsar esta nueva mirada de los negocios. &#8220;Cada vez m\u00e1s organizaciones arman \u00e1reas y contratan especialistas ya que encuentran una oportunidad de responder a las exigencias y expectativas de consumidores, comunidades, gobiernos y de sus propios colaboradores. Las empresas necesitan profesionales capaces de producir esta innovaci\u00f3n&#8221;, dice Rigou.<\/p>\n<div class=\"content-banner\"><\/div>\n<p>El perfil heterog\u00e9neo de los participantes permite enriquecer a\u00fan m\u00e1s la experiencia en el aula. Al curso llegan profesionales de carreras diversas, algunos que se encuentran trabajando en estos temas y otros que aspiran a desarrollar un perfil en esta direcci\u00f3n. &#8220;Buscan teor\u00eda y fundamentaci\u00f3n pero tambi\u00e9n herramientas de gesti\u00f3n&#8221;, explica la especialista.<\/p>\n<p><strong>Nuevos perfiles<\/strong><\/p>\n<p>Seg\u00fan Gabriel Berger, director del PROCARSSE, el programa que la UdeSA realiza junto a la AmCham y que ya cuenta con 10 ediciones y 300 egresados, &#8220;se suman personas que trabajan en Marketing, Compras, Operaciones o RR.HH., que no necesariamente tienen como funci\u00f3n principal la gesti\u00f3n de la Sustentabilidad pero s\u00ed colaboran con ellos. Tambi\u00e9n profesionales encargados de Log\u00edstica o de Gesti\u00f3n de proveedores, se acercan ya sea por inter\u00e9s personal en tener una mirada m\u00e1s global o por necesidad de responder a desaf\u00edos del negocio como lograr mejorar procesos productivos con esta perspectiva&#8221;. Las clases son quincenales de media jornada o jornada completa, lo que permite que puedan asistir profesionales del interior, dictadas por profesores de la universidad y especialistas o referentes de instituciones como CEADS, Pacto Global o IARSE. Este a\u00f1o incorporaron temas como gesti\u00f3n ambiental responsable y acuerdos internacionales.<\/p>\n<p>&#8220;Organizamos seminarios abiertos durante el a\u00f1o, que nos permiten explorar inter\u00e9s en nuevos temas que despu\u00e9s los incorporamos&#8221;, dice Berger, quien destaca que el programa permite que se incorporen invitados de la firma del participante, seg\u00fan la tem\u00e1tica que se vaya a desarrollar. &#8220;Por ejemplo, se acercan los gerentes de Finanzas o de Operaciones, cuando se tratan los temas de Reportes, Control de gesti\u00f3n o Cadena de valor, lo que enriquece mucho a todos&#8221;, cuenta. Desde 2001, PROCCARSE participa de una red de investigaci\u00f3n con 9 escuelas de negocios de la regi\u00f3n sobre gesti\u00f3n responsable, generaci\u00f3n impacto social y ambiental.<\/p>\n<p><strong>El trabajo del futuro<\/strong><\/p>\n<p>Seg\u00fan Aleandra Scafati, directora del Programa Ambiente y Desarrollo Sustentable de la UCA, que ya lleva 7 ediciones, esta formaci\u00f3n tom\u00f3 impulso en la agenda p\u00fablica con el desarrollo del concepto de sustentabilidad, la llegada de la enc\u00edclica papal Laudato S\u00ed y la adopci\u00f3n de los Objetivos de Desarrollo Sustentable en 2015. El ciclo de la UCA sigue el programa de Naciones Unidas, PRME (Principles for Responsible Management Education); &#8220;los alumnos participan a trav\u00e9s de \u00e9l de una plataforma global que modifica la forma de administrar y gestionar las organizaciones hacia modelos que se basen en los Objetivos de Desarrollo Sustentable&#8221;, explica Sacafati. Tambi\u00e9n participan del proyecto que premia a los emprendedores sustentables, llamado Flourishing Laureates Prize y de la plataforma de Naciones Unidas, Aim To Florish, que busca identificar, amplificar y difundir, historias de innovaciones emprendedoras que est\u00e1n a la vanguardia del movimiento para un mundo sustentable.<\/p>\n<p>Los perfiles profesionales de quienes se acercan al posgrado de la UCA son muy variados: desde profesores de escuelas a ingenieros ambientales, m\u00fasicos y dise\u00f1adores de moda. &#8220;Eso es lo que lo hace m\u00e1s enriquecedor&#8221;, dice Scafati para quien las demandas del mercado laboral vinculadas con la sustentabilidad reci\u00e9n est\u00e1n comenzando a aparecer como &#8220;empleo verde&#8221;. &#8220;Si bien es una mirada parcial del paradigma sustentable, es una parte importante: se estima que a nivel internacional, el sector de energ\u00eda renovable tenga un crecimiento superior al 800% en 10 a\u00f1os; los empleos verdes a nivel global en 2020, alcanzar\u00e1n al 20% del empleo total&#8221;, cuenta. Pero a este panorama, hay que agregarle las variables vinculadas con los derechos humanos y la inclusi\u00f3n social. &#8220;Las \u00e1reas de dise\u00f1o e ingenier\u00eda ambiental e industrial, tendr\u00e1n una oportunidad important\u00edsima en este nuevo paradigma, dado que todos los modelos de producci\u00f3n y consumo deber\u00e1n ser redefinidos&#8221;, estima Scafati.<\/p>\n<p>Las finanzas sustentables tambi\u00e9n aparecen como un nuevo empleo, donde los administradores de activos, se ven obligados a trabajar los llamados ejes ESG (Environment Social Governance), en la toma de decisiones. &#8220;El programa les cambia su mirada del mundo y les permite pensar disruptivamente&#8221;, concluye la experta.<\/p>\n<p>Fuente: El Cronista<\/p>\n<p>&nbsp;<\/p>\n<!-- AddThis Advanced Settings generic via filter on the_content -->","protected":false},"excerpt":{"rendered":"<p>Ya no s\u00f3lo los profesionales dedicados al tema buscan formaci\u00f3n espec\u00edfica. Ejecutivos de RR.HH, Compras y Log\u00edstica tambi\u00e9n quieren y<!-- AddThis Advanced Settings generic via filter on get_the_excerpt --><\/p>\n","protected":false},"author":2,"featured_media":3619,"comment_status":"closed","ping_status":"closed","sticky":false,"template":"","format":"standard","meta":{"colormag_page_container_layout":"default_layout","colormag_page_sidebar_layout":"default_layout","jetpack_post_was_ever_published":false,"_jetpack_newsletter_access":"","_jetpack_dont_email_post_to_subs":false,"_jetpack_newsletter_tier_id":0,"_jetpack_memberships_contains_paywalled_content":false,"_jetpack_memberships_contains_paid_content":false,"footnotes":"","jetpack_publicize_message":"","jetpack_publicize_feature_enabled":true,"jetpack_social_post_already_shared":true,"jetpack_social_options":{"image_generator_settings":{"template":"highway","default_image_id":0,"font":"","enabled":false},"version":2}},"categories":[7],"tags":[17],"class_list":["post-3617","post","type-post","status-publish","format-standard","has-post-thumbnail","hentry","category-management","tag-otros-medios"],"jetpack_publicize_connections":[],"jetpack_featured_media_url":"https:\/\/i0.wp.com\/ccnews.com.ar\/prensa\/wp-content\/uploads\/2017\/03\/medioambiente_clima_sustentabilidad_crop1479338874491.jpg_258117318.jpg?fit=829%2C466","jetpack_shortlink":"https:\/\/wp.me\/p7L1gj-Wl","jetpack-related-posts":[{"id":8201,"url":"http:\/\/ccnews.com.ar\/prensa\/el-e-learning-un-modelo-de-formacion-que-no-para-de-crecer\/","url_meta":{"origin":3617,"position":0},"title":"El e-Learning, un modelo de formaci\u00f3n que no para de crecer","author":"CLUSTERciar","date":"26 julio, 2018","format":false,"excerpt":"Tecnolog\u00eda, innovaci\u00f3n, digitalizaci\u00f3n\u2026 son palabras muy utilizadas actualmente, sobre todo con la consolidaci\u00f3n de la transformaci\u00f3n digital, que ha cambiado radicalmente el paradigma empresarial. La aparici\u00f3n de startups y el crecimiento del sector emprendedor con la creaci\u00f3n de empresas de base tecnol\u00f3gica, ha dado un giro de 360 grados en\u2026","rel":"","context":"En \u00abEducaci\u00f3n\/Sociedad\u00bb","block_context":{"text":"Educaci\u00f3n\/Sociedad","link":"http:\/\/ccnews.com.ar\/prensa\/category\/educacion-sociedad\/"},"img":{"alt_text":"","src":"https:\/\/i0.wp.com\/ccnews.com.ar\/prensa\/wp-content\/uploads\/2018\/06\/elearning-810x602.jpg?fit=810%2C602&resize=350%2C200","width":350,"height":200,"srcset":"https:\/\/i0.wp.com\/ccnews.com.ar\/prensa\/wp-content\/uploads\/2018\/06\/elearning-810x602.jpg?fit=810%2C602&resize=350%2C200 1x, https:\/\/i0.wp.com\/ccnews.com.ar\/prensa\/wp-content\/uploads\/2018\/06\/elearning-810x602.jpg?fit=810%2C602&resize=525%2C300 1,5x, https:\/\/i0.wp.com\/ccnews.com.ar\/prensa\/wp-content\/uploads\/2018\/06\/elearning-810x602.jpg?fit=810%2C602&resize=700%2C400 2x"},"classes":[]},{"id":15016,"url":"http:\/\/ccnews.com.ar\/prensa\/sociedades-digitalizadas-el-futuro-mas-cerca\/","url_meta":{"origin":3617,"position":1},"title":"Sociedades digitalizadas: el futuro, m\u00e1s cerca","author":"CLUSTERciar","date":"27 marzo, 2020","format":false,"excerpt":"El escenario actual de pandemia acelera la transformaci\u00f3n de la forma en la que vivimos y nos conectamos. Ebanking, aulas virtuales y negocios en l\u00ednea ganan protagonismo. A todos nos cambi\u00f3 la rutina. Empezamos a\u00a0hacer algunas de las actividades diarias de otra manera. Seg\u00fan varios especialistas, estos cambios forzados producto\u2026","rel":"","context":"En \u00abEducaci\u00f3n\/Sociedad\u00bb","block_context":{"text":"Educaci\u00f3n\/Sociedad","link":"http:\/\/ccnews.com.ar\/prensa\/category\/educacion-sociedad\/"},"img":{"alt_text":"","src":"https:\/\/i0.wp.com\/ccnews.com.ar\/prensa\/wp-content\/uploads\/2020\/03\/capital-humano-1_crop1571181477942.jpg_258117318.jpg?fit=829%2C466&resize=350%2C200","width":350,"height":200,"srcset":"https:\/\/i0.wp.com\/ccnews.com.ar\/prensa\/wp-content\/uploads\/2020\/03\/capital-humano-1_crop1571181477942.jpg_258117318.jpg?fit=829%2C466&resize=350%2C200 1x, https:\/\/i0.wp.com\/ccnews.com.ar\/prensa\/wp-content\/uploads\/2020\/03\/capital-humano-1_crop1571181477942.jpg_258117318.jpg?fit=829%2C466&resize=525%2C300 1,5x, https:\/\/i0.wp.com\/ccnews.com.ar\/prensa\/wp-content\/uploads\/2020\/03\/capital-humano-1_crop1571181477942.jpg_258117318.jpg?fit=829%2C466&resize=700%2C400 2x"},"classes":[]},{"id":12522,"url":"http:\/\/ccnews.com.ar\/prensa\/mas-empresas-invierten-en-jovenes-profesionales-salarios-y-el-ranking-de-los-perfiles-mas-requeridos\/","url_meta":{"origin":3617,"position":2},"title":"M\u00e1s empresas invierten en j\u00f3venes profesionales: salarios y el ranking de los perfiles m\u00e1s requeridos","author":"admin","date":"13 agosto, 2019","format":false,"excerpt":"Una vez que se grad\u00faan de la universidad, muchos j\u00f3venes salen a buscar su primer empleo en la profesi\u00f3n que han elegido. Y algunas empresas los contratan bajo programas exclusivos que brindan capacitaci\u00f3n, planes de desarrollo, esquemas de rotaci\u00f3n por diferentes \u00e1reas y la asignaci\u00f3n a proyectos especiales. De acuerdo\u2026","rel":"","context":"En \u00abManagement\u00bb","block_context":{"text":"Management","link":"http:\/\/ccnews.com.ar\/prensa\/category\/management\/"},"img":{"alt_text":"","src":"https:\/\/i0.wp.com\/ccnews.com.ar\/prensa\/wp-content\/uploads\/2019\/08\/482376.jpg?fit=1200%2C675&resize=350%2C200","width":350,"height":200,"srcset":"https:\/\/i0.wp.com\/ccnews.com.ar\/prensa\/wp-content\/uploads\/2019\/08\/482376.jpg?fit=1200%2C675&resize=350%2C200 1x, https:\/\/i0.wp.com\/ccnews.com.ar\/prensa\/wp-content\/uploads\/2019\/08\/482376.jpg?fit=1200%2C675&resize=525%2C300 1,5x, https:\/\/i0.wp.com\/ccnews.com.ar\/prensa\/wp-content\/uploads\/2019\/08\/482376.jpg?fit=1200%2C675&resize=700%2C400 2x, https:\/\/i0.wp.com\/ccnews.com.ar\/prensa\/wp-content\/uploads\/2019\/08\/482376.jpg?fit=1200%2C675&resize=1050%2C600 3x"},"classes":[]},{"id":3227,"url":"http:\/\/ccnews.com.ar\/prensa\/cuales-seran-las-posiciones-ejecutivas-mas-buscadas-durante-2017\/","url_meta":{"origin":3617,"position":3},"title":"\u00bfCu\u00e1les ser\u00e1n las posiciones ejecutivas m\u00e1s buscadas durante 2017?","author":"CLUSTERciar","date":"25 febrero, 2017","format":false,"excerpt":"Un informe de PageGroup revela tambi\u00e9n los sectores estrat\u00e9gicos que estar\u00e1n m\u00e1s activos respecto de su demanda laboral de profesionales En\u00a0la medida en que se termina el per\u00edodo vacacional, el mercado laboral empieza a delinear cu\u00e1les ser\u00e1n las posiciones m\u00e1s buscadas por las empresas durante el a\u00f1o. PageGroup, empresa global\u2026","rel":"","context":"En \u00abManagement\u00bb","block_context":{"text":"Management","link":"http:\/\/ccnews.com.ar\/prensa\/category\/management\/"},"img":{"alt_text":"","src":"https:\/\/i0.wp.com\/ccnews.com.ar\/prensa\/wp-content\/uploads\/2017\/02\/432695.jpg?fit=630%2C460&resize=350%2C200","width":350,"height":200,"srcset":"https:\/\/i0.wp.com\/ccnews.com.ar\/prensa\/wp-content\/uploads\/2017\/02\/432695.jpg?fit=630%2C460&resize=350%2C200 1x, https:\/\/i0.wp.com\/ccnews.com.ar\/prensa\/wp-content\/uploads\/2017\/02\/432695.jpg?fit=630%2C460&resize=525%2C300 1,5x"},"classes":[]},{"id":16715,"url":"http:\/\/ccnews.com.ar\/prensa\/la-tendencia-a-vivir-de-manera-mas-sustentable\/","url_meta":{"origin":3617,"position":4},"title":"La tendencia a vivir de manera m\u00e1s sustentable","author":"admin","date":"11 noviembre, 2021","format":false,"excerpt":"La sustentabilidad 2021 a nivel global seg\u00fan el estudio de Kantar realizado en 35 pa\u00edses, \u00bfcu\u00e1les son los temas ambientales y sociales que los preocupan? \u00bfQu\u00e9 rol tienen que jugar las marcas?","rel":"","context":"En \u00abSustentabilidad\u00bb","block_context":{"text":"Sustentabilidad","link":"http:\/\/ccnews.com.ar\/prensa\/category\/sustentabilidad\/"},"img":{"alt_text":"","src":"https:\/\/i0.wp.com\/ccnews.com.ar\/prensa\/wp-content\/uploads\/2021\/11\/sustentabilidad.jpg?fit=640%2C480&resize=350%2C200","width":350,"height":200,"srcset":"https:\/\/i0.wp.com\/ccnews.com.ar\/prensa\/wp-content\/uploads\/2021\/11\/sustentabilidad.jpg?fit=640%2C480&resize=350%2C200 1x, https:\/\/i0.wp.com\/ccnews.com.ar\/prensa\/wp-content\/uploads\/2021\/11\/sustentabilidad.jpg?fit=640%2C480&resize=525%2C300 1,5x"},"classes":[]},{"id":376,"url":"http:\/\/ccnews.com.ar\/prensa\/crece-la-oferta-de-licenciaturas-para-formar-profesionales-de-ti\/","url_meta":{"origin":3617,"position":5},"title":"Crece la oferta de licenciaturas para formar profesionales de TI","author":"CLUSTERciar","date":"5 abril, 2016","format":false,"excerpt":"Perfiles\u00a0Adem\u00e1s de las ingenier\u00edas, hay nuevas licenciaturas en Inform\u00e1tica, con m\u00e1s foco en software y en gesti\u00f3n. Con el lanzamiento de nuevas licenciaturas se consolida la tendencia a la formaci\u00f3n de profesionales en Inform\u00e1tica con perfiles m\u00e1s alineados a las necesidades de esa industria, un sector donde quedan 5.000 puestos\u2026","rel":"","context":"En \u00abTransformaci\u00f3n digital\u00bb","block_context":{"text":"Transformaci\u00f3n digital","link":"http:\/\/ccnews.com.ar\/prensa\/category\/transformacion-digital\/"},"img":{"alt_text":"","src":"","width":0,"height":0},"classes":[]}],"jetpack_sharing_enabled":true,"_links":{"self":[{"href":"http:\/\/ccnews.com.ar\/prensa\/wp-json\/wp\/v2\/posts\/3617","targetHints":{"allow":["GET"]}}],"collection":[{"href":"http:\/\/ccnews.com.ar\/prensa\/wp-json\/wp\/v2\/posts"}],"about":[{"href":"http:\/\/ccnews.com.ar\/prensa\/wp-json\/wp\/v2\/types\/post"}],"author":[{"embeddable":true,"href":"http:\/\/ccnews.com.ar\/prensa\/wp-json\/wp\/v2\/users\/2"}],"replies":[{"embeddable":true,"href":"http:\/\/ccnews.com.ar\/prensa\/wp-json\/wp\/v2\/comments?post=3617"}],"version-history":[{"count":1,"href":"http:\/\/ccnews.com.ar\/prensa\/wp-json\/wp\/v2\/posts\/3617\/revisions"}],"predecessor-version":[{"id":3621,"href":"http:\/\/ccnews.com.ar\/prensa\/wp-json\/wp\/v2\/posts\/3617\/revisions\/3621"}],"wp:featuredmedia":[{"embeddable":true,"href":"http:\/\/ccnews.com.ar\/prensa\/wp-json\/wp\/v2\/media\/3619"}],"wp:attachment":[{"href":"http:\/\/ccnews.com.ar\/prensa\/wp-json\/wp\/v2\/media?parent=3617"}],"wp:term":[{"taxonomy":"category","embeddable":true,"href":"http:\/\/ccnews.com.ar\/prensa\/wp-json\/wp\/v2\/categories?post=3617"},{"taxonomy":"post_tag","embeddable":true,"href":"http:\/\/ccnews.com.ar\/prensa\/wp-json\/wp\/v2\/tags?post=3617"}],"curies":[{"name":"wp","href":"https:\/\/api.w.org\/{rel}","templated":true}]}}