{"id":3623,"date":"2017-04-01T08:00:09","date_gmt":"2017-04-01T11:00:09","guid":{"rendered":"http:\/\/clusterciarnews.com.ar\/prensa\/?p=3623"},"modified":"2017-07-05T15:50:15","modified_gmt":"2017-07-05T18:50:15","slug":"una-joven-muy-particular","status":"publish","type":"post","link":"http:\/\/ccnews.com.ar\/prensa\/una-joven-muy-particular\/","title":{"rendered":"Una joven muy particular"},"content":{"rendered":"<div class=\" article-block-white-space \">\n<p><b>Sabrina Gonzales Pasterski <\/b>fue capaz de construir un avi\u00f3n a los nueve a\u00f1os y de hacerlo volar a los catorce, y tambi\u00e9n de graduarse con la nota m\u00e1s alta de la historia en el MIT. Pero quiz\u00e1s <b>lo m\u00e1s destacable es su capacidad para derribar mitos y prejuicios<\/b>.<\/p>\n<p>Sabrina es joven, se apellida Gonzales, tiene ascendencia cubana y es mujer, una suma de caracter\u00edsticas que no son tan comunes para quienes se dedican a la ciencia y la tecnolog\u00eda en un mundo desigual. Pero a\u00fan as\u00ed es la mejor en lo que hace y se la compara con personajes de la talla de<b> Albert Einstein<\/b>,<b> Leonardo Da Vinci<\/b> o <b>Sthepen Hawkins<\/b>.<\/p>\n<p>Sus estudios son espec\u00edficos y complejos: se centra en <b>la comprensi\u00f3n de la gravedad cu\u00e1ntica<\/b>, explicando la gravedad dentro del contexto de la mec\u00e1nica cu\u00e1ntica. Quiz\u00e1s suene abstracto o aburrido, pero eso significa tambi\u00e9n que ella investiga sobre los agujeros negros y el espacio-tiempo.<\/p>\n<p>Gracias a su trabajo, ya es muy conocida por los cient\u00edficos de la NASA, que esperan que tal vez cuando termine su doctorado en Harvard pueda trabajar con ellos.<\/p>\n<p>Pero ser\u00e1 dif\u00edcil la decisi\u00f3n de hacia d\u00f3nde orientar su carrera, porque tambi\u00e9n tiene una oferta de trabajo permanente de Jeff Bezos, due\u00f1o y creador de Amazon.com, y muchos otros grandes empresarios la tienen en la mira.<\/p>\n<p>Quienes la conocen o la entrevistaron coinciden en que es una chica algo t\u00edmida. Quien la entrevist\u00f3 para la revista OZY dijo que habla con cierta torpeza y utiliza emojis en los e-mails, como cualquier chica de su edad podr\u00eda hacerlo.<\/p>\n<p>Ella misma cuenta que tiene pocos pero muy buenos amigos, que no ha tenido novio y que nunca prob\u00f3 el alcohol ni los cigarrillos.<\/p>\n<p>Adem\u00e1s, no tiene cuenta de Twitter ni perfil en LinkedIn, apenas utiliza Facebook, su smartphone no es de \u00faltima generaci\u00f3n y solamente se encarga de actualizar un peque\u00f1o blog de dise\u00f1o sencillo llamado PhysicsGirl (Chica de la f\u00edsica).<\/p>\n<p>&#8220;<i>La f\u00edsica es un trabajo de tiempo completo: cuando no puedes m\u00e1s descansas, y el resto del tiempo te dedicas a la f\u00edsica&#8221;<\/i>, es una de sus frases c\u00e9lebres.<\/p>\n<\/div>\n<div class=\" article-block-white-space \">\n<p>\u00a0<img data-recalc-dims=\"1\" decoding=\"async\" class=\"alignleft\" src=\"https:\/\/i0.wp.com\/monthlybrands.com.pk\/wp-content\/uploads\/2016\/07\/1453W5H394U0-5P02.jpg?w=800\" alt=\"Resultado de imagen para Sabrina Gonzalez Pasterski\" \/><\/p>\n<div class=\"article-desc motivational\">\n<div class=\" article-block-white-space \">\n<p>Otro hecho que llama la atenci\u00f3n es una an\u00e9cdota de su infancia que suele contar: a los 14 a\u00f1os, se present\u00f3 a un concurso con el avi\u00f3n de motor que ella misma hab\u00eda fabricado 5 a\u00f1os atr\u00e1s. <i>&#8220;Esto est\u00e1 muy bien, pero \u00bfqu\u00e9 has estado haciendo \u00faltimamente?&#8221;<\/i>, le respondi\u00f3 su profesor.<\/p>\n<p>\u00c9se se convirti\u00f3 en el principio que gu\u00eda su existencia y su carrera: ahora, siempre se pregunta: \u00bfqu\u00e9 he estado haciendo \u00faltimamente? \u00bfCu\u00e1les son mis proyectos? As\u00ed, se mantiene activa en su carrera.<\/p>\n<p><img data-recalc-dims=\"1\" decoding=\"async\" src=\"https:\/\/i0.wp.com\/www.babalublog.com\/wpr\/wp-content\/uploads\/2016\/01\/sabrina-gonzalez-pasterski.jpg?w=800\" alt=\"Resultado de imagen para Sabrina Gonzalez Pasterski\" \/><br \/>\n<b>\u00bfCrees que sus futuros descubrimientos puedan cambiar la forma en que entendemos el universo?<\/b><\/p>\n<\/div>\n<\/div>\n<div class=\"article-sources\"><\/div>\n<\/div>\n<!-- AddThis Advanced Settings generic via filter on the_content -->","protected":false},"excerpt":{"rendered":"<p>Sabrina Gonzales Pasterski fue capaz de construir un avi\u00f3n a los nueve a\u00f1os y de hacerlo volar a los catorce,<!-- AddThis Advanced Settings generic via filter on get_the_excerpt --><\/p>\n","protected":false},"author":2,"featured_media":0,"comment_status":"closed","ping_status":"closed","sticky":false,"template":"","format":"standard","meta":{"colormag_page_container_layout":"default_layout","colormag_page_sidebar_layout":"default_layout","jetpack_post_was_ever_published":false,"_jetpack_newsletter_access":"","_jetpack_dont_email_post_to_subs":true,"_jetpack_newsletter_tier_id":0,"_jetpack_memberships_contains_paywalled_content":false,"_jetpack_memberships_contains_paid_content":false,"footnotes":"","jetpack_publicize_message":"","jetpack_publicize_feature_enabled":true,"jetpack_social_post_already_shared":true,"jetpack_social_options":{"image_generator_settings":{"template":"highway","default_image_id":0,"font":"","enabled":false},"version":2}},"categories":[19],"tags":[17],"class_list":["post-3623","post","type-post","status-publish","format-standard","hentry","category-educacion-sociedad","tag-otros-medios"],"jetpack_publicize_connections":[],"jetpack_featured_media_url":"","jetpack_shortlink":"https:\/\/wp.me\/p7L1gj-Wr","jetpack-related-posts":[{"id":13083,"url":"http:\/\/ccnews.com.ar\/prensa\/que-es-la-supremacia-cuantica-que-persiguen-las-grandes-tecnologicas-y-por-que-es-tan-importante\/","url_meta":{"origin":3623,"position":0},"title":"Qu\u00e9 es la supremac\u00eda cu\u00e1ntica que persiguen las grandes tecnol\u00f3gicas y por qu\u00e9 es tan importante","author":"admin","date":"26 septiembre, 2019","format":false,"excerpt":"Son muchos los actores interesados en dominar la llamada tecnolog\u00eda cu\u00e1ntica que, aseguran, promete transformar el mundo. Tanto Estados Unidos como China ya contemplan en sus presupuestos una generosa partida dedicada a desarrollar la Ciencia de la Informaci\u00f3n Cu\u00e1ntica (CIC). Pek\u00edn incluso ha ordenado la construcci\u00f3n de un Laboratorio Nacional\u2026","rel":"","context":"En \u00abTransformaci\u00f3n digital\u00bb","block_context":{"text":"Transformaci\u00f3n digital","link":"http:\/\/ccnews.com.ar\/prensa\/category\/transformacion-digital\/"},"img":{"alt_text":"","src":"https:\/\/i0.wp.com\/ccnews.com.ar\/prensa\/wp-content\/uploads\/2019\/09\/shutterstock_1191476566-1-1024x512.png?fit=1024%2C512&resize=350%2C200","width":350,"height":200,"srcset":"https:\/\/i0.wp.com\/ccnews.com.ar\/prensa\/wp-content\/uploads\/2019\/09\/shutterstock_1191476566-1-1024x512.png?fit=1024%2C512&resize=350%2C200 1x, https:\/\/i0.wp.com\/ccnews.com.ar\/prensa\/wp-content\/uploads\/2019\/09\/shutterstock_1191476566-1-1024x512.png?fit=1024%2C512&resize=525%2C300 1,5x, https:\/\/i0.wp.com\/ccnews.com.ar\/prensa\/wp-content\/uploads\/2019\/09\/shutterstock_1191476566-1-1024x512.png?fit=1024%2C512&resize=700%2C400 2x"},"classes":[]},{"id":13570,"url":"http:\/\/ccnews.com.ar\/prensa\/por-que-las-grandes-companias-tecnologicas-buscan-dominar-la-computacion-cuantica\/","url_meta":{"origin":3623,"position":1},"title":"Por qu\u00e9 las grandes compa\u00f1\u00edas tecnol\u00f3gicas buscan dominar la computaci\u00f3n cu\u00e1ntica","author":"admin","date":"14 noviembre, 2019","format":false,"excerpt":"Muchos han escuchado hablar de la computaci\u00f3n cu\u00e1ntica pero son pocos los que saben qu\u00e9 es. Y aunque es una tecnolog\u00eda poco difundida, los f\u00edsicos vienen hablando de la computaci\u00f3n cu\u00e1ntica desde hace m\u00e1s de 30 a\u00f1os. Pero \u00bfpara qu\u00e9 puede ayudarnos esta nueva computaci\u00f3n? Los expertos aseguran que puede\u2026","rel":"","context":"En \u00abTransformaci\u00f3n digital\u00bb","block_context":{"text":"Transformaci\u00f3n digital","link":"http:\/\/ccnews.com.ar\/prensa\/category\/transformacion-digital\/"},"img":{"alt_text":"","src":"https:\/\/i0.wp.com\/ccnews.com.ar\/prensa\/wp-content\/uploads\/2019\/11\/2894087w1033.jpg?fit=1033%2C688&resize=350%2C200","width":350,"height":200,"srcset":"https:\/\/i0.wp.com\/ccnews.com.ar\/prensa\/wp-content\/uploads\/2019\/11\/2894087w1033.jpg?fit=1033%2C688&resize=350%2C200 1x, https:\/\/i0.wp.com\/ccnews.com.ar\/prensa\/wp-content\/uploads\/2019\/11\/2894087w1033.jpg?fit=1033%2C688&resize=525%2C300 1,5x, https:\/\/i0.wp.com\/ccnews.com.ar\/prensa\/wp-content\/uploads\/2019\/11\/2894087w1033.jpg?fit=1033%2C688&resize=700%2C400 2x"},"classes":[]},{"id":3427,"url":"http:\/\/ccnews.com.ar\/prensa\/ibm-prepara-la-primera-computadora-cuantica-universal\/","url_meta":{"origin":3623,"position":2},"title":"IBM prepara la primera computadora cu\u00e1ntica universal","author":"CLUSTERciar","date":"13 marzo, 2017","format":false,"excerpt":"Desde el gigante tecnol\u00f3gico aseguran que una m\u00e1quina as\u00ed superar\u00eda en rendimiento a las mejores supercomputadoras de la\u00a0lista Top500 La promesa de la computaci\u00f3n cu\u00e1ntica est\u00e1 m\u00e1s cerca de cumplirse. IBM anunci\u00f3 que comienza a construir los primeros ordenadores cu\u00e1nticos universales. Aunque no hay fecha para su disponibilidad comercial, el\u2026","rel":"","context":"En \u00abTransformaci\u00f3n digital\u00bb","block_context":{"text":"Transformaci\u00f3n digital","link":"http:\/\/ccnews.com.ar\/prensa\/category\/transformacion-digital\/"},"img":{"alt_text":"","src":"https:\/\/i0.wp.com\/ccnews.com.ar\/prensa\/wp-content\/uploads\/2017\/03\/407905.jpg?fit=630%2C460&resize=350%2C200","width":350,"height":200,"srcset":"https:\/\/i0.wp.com\/ccnews.com.ar\/prensa\/wp-content\/uploads\/2017\/03\/407905.jpg?fit=630%2C460&resize=350%2C200 1x, https:\/\/i0.wp.com\/ccnews.com.ar\/prensa\/wp-content\/uploads\/2017\/03\/407905.jpg?fit=630%2C460&resize=525%2C300 1,5x"},"classes":[]},{"id":14040,"url":"http:\/\/ccnews.com.ar\/prensa\/ciencia-2019-los-avances-y-frustraciones-que-marcaron-el-ano\/","url_meta":{"origin":3623,"position":3},"title":"Ciencia 2019: los avances y frustraciones que marcaron el a\u00f1o","author":"admin","date":"23 diciembre, 2019","format":false,"excerpt":"Estamos ingresando a los instantes finales de 2019. En un mundo social, econ\u00f3mica y pol\u00edticamente convulsionado, en materia cient\u00edfica los \u00faltimos doce meses arrojaron logros dif\u00edciles de imaginar, pero tambi\u00e9n fracasos estrepitosos. Motivos para la celebraci\u00f3n, como la primera imagen de la historia de un agujero negro (un objeto c\u00f3smico\u2026","rel":"","context":"En \u00abEducaci\u00f3n\/Sociedad\u00bb","block_context":{"text":"Educaci\u00f3n\/Sociedad","link":"http:\/\/ccnews.com.ar\/prensa\/category\/educacion-sociedad\/"},"img":{"alt_text":"","src":"https:\/\/i0.wp.com\/ccnews.com.ar\/prensa\/wp-content\/uploads\/2019\/12\/3164788w1033.jpg?fit=1033%2C688&resize=350%2C200","width":350,"height":200,"srcset":"https:\/\/i0.wp.com\/ccnews.com.ar\/prensa\/wp-content\/uploads\/2019\/12\/3164788w1033.jpg?fit=1033%2C688&resize=350%2C200 1x, https:\/\/i0.wp.com\/ccnews.com.ar\/prensa\/wp-content\/uploads\/2019\/12\/3164788w1033.jpg?fit=1033%2C688&resize=525%2C300 1,5x, https:\/\/i0.wp.com\/ccnews.com.ar\/prensa\/wp-content\/uploads\/2019\/12\/3164788w1033.jpg?fit=1033%2C688&resize=700%2C400 2x"},"classes":[]},{"id":13374,"url":"http:\/\/ccnews.com.ar\/prensa\/ha-nacido-la-computacion-cuantica\/","url_meta":{"origin":3623,"position":4},"title":"Ha nacido la computaci\u00f3n cu\u00e1ntica","author":"admin","date":"25 octubre, 2019","format":false,"excerpt":"En 1965, Gordon Moore -que alguna vez fuera CEO de Intel- describi\u00f3 una duplicaci\u00f3n anual del n\u00famero de componentes por circuito integrado y proyect\u00f3 que esa tasa de crecimiento continuar\u00eda por lo menos una d\u00e9cada m\u00e1s. Esto a la postre ser\u00eda conocido como la \u2018Ley de Moore\u2019, que adem\u00e1s se\u2026","rel":"","context":"En \u00abTransformaci\u00f3n digital\u00bb","block_context":{"text":"Transformaci\u00f3n digital","link":"http:\/\/ccnews.com.ar\/prensa\/category\/transformacion-digital\/"},"img":{"alt_text":"","src":"https:\/\/i0.wp.com\/ccnews.com.ar\/prensa\/wp-content\/uploads\/2019\/10\/d7aab42e6b1571977323_standard_desktop_fullhd.png?fit=888%2C500&resize=350%2C200","width":350,"height":200,"srcset":"https:\/\/i0.wp.com\/ccnews.com.ar\/prensa\/wp-content\/uploads\/2019\/10\/d7aab42e6b1571977323_standard_desktop_fullhd.png?fit=888%2C500&resize=350%2C200 1x, https:\/\/i0.wp.com\/ccnews.com.ar\/prensa\/wp-content\/uploads\/2019\/10\/d7aab42e6b1571977323_standard_desktop_fullhd.png?fit=888%2C500&resize=525%2C300 1,5x, https:\/\/i0.wp.com\/ccnews.com.ar\/prensa\/wp-content\/uploads\/2019\/10\/d7aab42e6b1571977323_standard_desktop_fullhd.png?fit=888%2C500&resize=700%2C400 2x"},"classes":[]},{"id":16560,"url":"http:\/\/ccnews.com.ar\/prensa\/transformacion-digital-conoce-cuales-son-las-5-tendencias-que-marcaran-el-2021\/","url_meta":{"origin":3623,"position":5},"title":"Transformaci\u00f3n digital: conoc\u00e9 cu\u00e1les son las 5 tendencias que marcar\u00e1n el 2021","author":"Editor","date":"11 marzo, 2021","format":false,"excerpt":"El 2020 fue un a\u00f1o crucial para las empresas de todo el mundo ya que tuvieron que adaptarse forzosa y r\u00e1pidamente a un nuevo entorno","rel":"","context":"En \u00abTransformaci\u00f3n digital\u00bb","block_context":{"text":"Transformaci\u00f3n digital","link":"http:\/\/ccnews.com.ar\/prensa\/category\/transformacion-digital\/"},"img":{"alt_text":"","src":"","width":0,"height":0},"classes":[]}],"jetpack_sharing_enabled":true,"_links":{"self":[{"href":"http:\/\/ccnews.com.ar\/prensa\/wp-json\/wp\/v2\/posts\/3623","targetHints":{"allow":["GET"]}}],"collection":[{"href":"http:\/\/ccnews.com.ar\/prensa\/wp-json\/wp\/v2\/posts"}],"about":[{"href":"http:\/\/ccnews.com.ar\/prensa\/wp-json\/wp\/v2\/types\/post"}],"author":[{"embeddable":true,"href":"http:\/\/ccnews.com.ar\/prensa\/wp-json\/wp\/v2\/users\/2"}],"replies":[{"embeddable":true,"href":"http:\/\/ccnews.com.ar\/prensa\/wp-json\/wp\/v2\/comments?post=3623"}],"version-history":[{"count":2,"href":"http:\/\/ccnews.com.ar\/prensa\/wp-json\/wp\/v2\/posts\/3623\/revisions"}],"predecessor-version":[{"id":4349,"href":"http:\/\/ccnews.com.ar\/prensa\/wp-json\/wp\/v2\/posts\/3623\/revisions\/4349"}],"wp:attachment":[{"href":"http:\/\/ccnews.com.ar\/prensa\/wp-json\/wp\/v2\/media?parent=3623"}],"wp:term":[{"taxonomy":"category","embeddable":true,"href":"http:\/\/ccnews.com.ar\/prensa\/wp-json\/wp\/v2\/categories?post=3623"},{"taxonomy":"post_tag","embeddable":true,"href":"http:\/\/ccnews.com.ar\/prensa\/wp-json\/wp\/v2\/tags?post=3623"}],"curies":[{"name":"wp","href":"https:\/\/api.w.org\/{rel}","templated":true}]}}