{"id":3841,"date":"2017-04-18T08:00:00","date_gmt":"2017-04-18T11:00:00","guid":{"rendered":"http:\/\/clusterciarnews.com.ar\/prensa\/?p=3841"},"modified":"2017-04-18T10:27:16","modified_gmt":"2017-04-18T13:27:16","slug":"un-hotel-que-se-suma-al-concepto-verde","status":"publish","type":"post","link":"http:\/\/ccnews.com.ar\/prensa\/un-hotel-que-se-suma-al-concepto-verde\/","title":{"rendered":"Un hotel que se suma al concepto verde"},"content":{"rendered":"<p class=\"subheadline font-2 fs16\"><strong>En Roca montaron un equipo de colectores solares para cubrir el uso de agua caliente y la calefacci\u00f3n del edificio. Es uno de los primeros que se instalan en la zona. Adem\u00e1s del ahorro energ\u00e9tico, reduce las emisiones contaminantes.<\/strong><\/p>\n<p>Las energ\u00edas renovables se extienden con fuerza en todo el pa\u00eds. La Patagonia no es la excepci\u00f3n. La utilizaci\u00f3n de equipos dom\u00e9sticos y comerciales de baja escala ganan espacio en los nuevos proyectos constructivos. Aun cuando la ecuaci\u00f3n del repago para la inversi\u00f3n inicial no est\u00e1 del todo resuelta, cada vez m\u00e1s son los que apuestan a las propuestas sustentables.<\/p>\n<p>El hotel Estepa, en General Roca, es uno de los casos testigos de la regi\u00f3n donde la apuesta verde tiene un espacio central en el proyecto final. La construcci\u00f3n utiliz\u00f3 generadores solares para abastecer de agua caliente y para la calefacci\u00f3n. \u201cPara nosotros es una prueba. Pero es un sistema que anda muy bien en el norte del pa\u00eds y en Europa\u201d, explic\u00f3 Javier Arribere, ingeniero electr\u00f3nico y alma m\u00e1ter del proyecto.<\/p>\n<p>En este caso se volcaron por la utilizaci\u00f3n de colectores solares. Son equipos que permiten abastecer el sistema de agua caliente, tanto para el consumo como para la calefacci\u00f3n. La inversi\u00f3n puede costar hasta cuatro veces m\u00e1s lo que sale un sistema tradicional y tiene una vida \u00fatil de 25 a\u00f1os.<\/p>\n<p>El equipo utiliza un sistema combinado que aprovecha la energ\u00eda del sol y adem\u00e1s se complementa con gas cuando la potencia solar no llega a cubrir la demanda. El profesional agreg\u00f3 que para los nuevos proyectos est\u00e1n analizando nuevos m\u00e9todos de financiaci\u00f3n, \u201cya que un sistema de este tipo cuesta m\u00e1s que un sistema tradicional a gas, as\u00ed que es una inversi\u00f3n importante\u201d.<\/p>\n<figure style=\"width: 272px\" class=\"wp-caption alignleft\"><img data-recalc-dims=\"1\" loading=\"lazy\" decoding=\"async\" src=\"https:\/\/i0.wp.com\/www.rionegro.com.ar\/documents\/1\/0\/660x817\/0c0\/660d370\/none\/12350\/EKKL\/image_content_8285568_20170412221105.jpg?resize=272%2C185\" alt=\"Javier Arribere est\u00e1 a cargo del dise\u00f1o del proyecto. \" width=\"272\" height=\"185\" \/><figcaption class=\"wp-caption-text\">Javier Arribere est\u00e1 a cargo del dise\u00f1o del proyecto. (Foto: Hebe Rajneri)<\/figcaption><\/figure>\n<p>La amortizaci\u00f3n depende de la tarifa y del consumo, cuenta Arribere y aclara: \u201cSon sistemas que se usan en todo el mundo y ac\u00e1 no se estaban usando por el tema de la tarifa. Todav\u00eda son caros, requieren una inversi\u00f3n muy grande pero se amortizan r\u00e1pido si la tarifa es la adecuada\u201d.<\/p>\n<p>El edificio tiene un sistema de 1.000 litros para las 40 habitaciones y los colectores aportan m\u00e1s o menos el 30% del consumo. El resto se complementa con gas. Si el hotel est\u00e1 llego se necesita del funcionamiento total del sistema, pero con baja ocupaci\u00f3n el equipo alternativo puede cubrir la demanda total.<\/p>\n<p>\u201cEs una experiencia piloto. Lo hicimos m\u00e1s por una cuesti\u00f3n ecol\u00f3gica que econ\u00f3mica. Si bien se analiz\u00f3 la parte econ\u00f3mica, la decisi\u00f3n fue m\u00e1s ecol\u00f3gica. Hasta hace un a\u00f1o la ecuaci\u00f3n econ\u00f3mica no daba de ninguna manera, ahora empieza a tener sentido y si se actualizan las tarifas ahorrar\u00edamos bastante m\u00e1s\u201d.<\/p>\n<p>El sistema est\u00e1 funcionando desde hace poco m\u00e1s de un mes. \u201cVamos a ver este invierno c\u00f3mo se desempe\u00f1a\u201d, se\u00f1ala Arribere. \u201cSi funciona bien, queremos llevarlo al otro hotel en la zona de A\u00f1elo pensando, adem\u00e1s de los colectores solares para el agua caliente, en la instalaci\u00f3n fotoel\u00e9ctrica, que son los paneles que ayudan al consumo de electricidad\u201d, concluye el ingeniero.<\/p>\n<!-- AddThis Advanced Settings generic via filter on the_content -->","protected":false},"excerpt":{"rendered":"<p>En Roca montaron un equipo de colectores solares para cubrir el uso de agua caliente y la calefacci\u00f3n del edificio.<!-- AddThis Advanced Settings generic via filter on get_the_excerpt --><\/p>\n","protected":false},"author":2,"featured_media":3843,"comment_status":"closed","ping_status":"closed","sticky":false,"template":"","format":"standard","meta":{"colormag_page_container_layout":"default_layout","colormag_page_sidebar_layout":"default_layout","jetpack_post_was_ever_published":false,"_jetpack_newsletter_access":"","_jetpack_dont_email_post_to_subs":true,"_jetpack_newsletter_tier_id":0,"_jetpack_memberships_contains_paywalled_content":false,"_jetpack_memberships_contains_paid_content":false,"footnotes":"","jetpack_publicize_message":"","jetpack_publicize_feature_enabled":true,"jetpack_social_post_already_shared":true,"jetpack_social_options":{"image_generator_settings":{"template":"highway","default_image_id":0,"font":"","enabled":false},"version":2}},"categories":[3],"tags":[17],"class_list":["post-3841","post","type-post","status-publish","format-standard","has-post-thumbnail","hentry","category-sustentabilidad","tag-otros-medios"],"jetpack_publicize_connections":[],"jetpack_featured_media_url":"https:\/\/i0.wp.com\/ccnews.com.ar\/prensa\/wp-content\/uploads\/2017\/04\/image_content_8285568_20170412221105.jpg?fit=660%2C370","jetpack_shortlink":"https:\/\/wp.me\/p7L1gj-ZX","jetpack-related-posts":[{"id":9691,"url":"http:\/\/ccnews.com.ar\/prensa\/conoce-los-termotanques-solares-hechos-en-argentina\/","url_meta":{"origin":3841,"position":0},"title":"Conoc\u00e9 los termotanques solares hechos en Argentina","author":"CLUSTERciar","date":"17 diciembre, 2018","format":false,"excerpt":"Una firma de Rosario desarroll\u00f3 \u00edntegramente los equipos que hasta hace poco tiempo importaba. Desde el Instituto Nacional de Tecnolog\u00eda Industrial (INTI) fomentan varias iniciativas similares. Propusieron que los instaladores tengan un certificado especial. A la par del incremento tarifario en los servicios de gas y energ\u00eda el\u00e9ctrica, crece en\u2026","rel":"","context":"En \u00abSustentabilidad\u00bb","block_context":{"text":"Sustentabilidad","link":"http:\/\/ccnews.com.ar\/prensa\/category\/sustentabilidad\/"},"img":{"alt_text":"","src":"https:\/\/i0.wp.com\/ccnews.com.ar\/prensa\/wp-content\/uploads\/2018\/12\/ccn-2.jpg?fit=660%2C370&resize=350%2C200","width":350,"height":200,"srcset":"https:\/\/i0.wp.com\/ccnews.com.ar\/prensa\/wp-content\/uploads\/2018\/12\/ccn-2.jpg?fit=660%2C370&resize=350%2C200 1x, https:\/\/i0.wp.com\/ccnews.com.ar\/prensa\/wp-content\/uploads\/2018\/12\/ccn-2.jpg?fit=660%2C370&resize=525%2C300 1,5x"},"classes":[]},{"id":4091,"url":"http:\/\/ccnews.com.ar\/prensa\/las-torres-corporativas-deberan-incorporar-energias-limpias-a-fines-de-2017\/","url_meta":{"origin":3841,"position":1},"title":"Las torres corporativas deber\u00e1n incorporar energ\u00edas limpias a fines de 2017","author":"CLUSTERciar","date":"13 mayo, 2017","format":false,"excerpt":"La Ley de Energ\u00edas Renovables establece esta disposici\u00f3n tambi\u00e9n para plantas industriales e instalaciones comerciales como supermercados y shoppings M\u00e1s del 50% de la poblaci\u00f3n argentina vive y trabaja en ciudades, que hoy representan m\u00e1s del 80% del consumo energ\u00e9tico del pa\u00eds. Y los edificios son responsables de m\u00e1s del\u2026","rel":"","context":"En \u00abSustentabilidad\u00bb","block_context":{"text":"Sustentabilidad","link":"http:\/\/ccnews.com.ar\/prensa\/category\/sustentabilidad\/"},"img":{"alt_text":"","src":"https:\/\/i0.wp.com\/ccnews.com.ar\/prensa\/wp-content\/uploads\/2017\/05\/442085.jpg?fit=630%2C460&resize=350%2C200","width":350,"height":200,"srcset":"https:\/\/i0.wp.com\/ccnews.com.ar\/prensa\/wp-content\/uploads\/2017\/05\/442085.jpg?fit=630%2C460&resize=350%2C200 1x, https:\/\/i0.wp.com\/ccnews.com.ar\/prensa\/wp-content\/uploads\/2017\/05\/442085.jpg?fit=630%2C460&resize=525%2C300 1,5x"},"classes":[]},{"id":9811,"url":"http:\/\/ccnews.com.ar\/prensa\/una-bomba-de-calor-eficiente-y-ecologica\/","url_meta":{"origin":3841,"position":2},"title":"Una bomba de calor eficiente y ecol\u00f3gica","author":"CLUSTERciar","date":"6 enero, 2019","format":false,"excerpt":"Los investigadores del Centro para la Energ\u00eda Solar (ISE) del Instituto Fraunhofer alem\u00e1n han desarrollado y probado un nuevo tipo de bomba de calor utilizando el propano como elemento alternativo a los gases que hasta ahora conformaban el ciclo t\u00e9rmico de esos equipos, reduciendo el riesgo que podr\u00eda suponer para\u2026","rel":"","context":"En \u00abSustentabilidad\u00bb","block_context":{"text":"Sustentabilidad","link":"http:\/\/ccnews.com.ar\/prensa\/category\/sustentabilidad\/"},"img":{"alt_text":"","src":"https:\/\/i0.wp.com\/ccnews.com.ar\/prensa\/wp-content\/uploads\/2019\/01\/Imagen.jpg?fit=653%2C402&resize=350%2C200","width":350,"height":200,"srcset":"https:\/\/i0.wp.com\/ccnews.com.ar\/prensa\/wp-content\/uploads\/2019\/01\/Imagen.jpg?fit=653%2C402&resize=350%2C200 1x, https:\/\/i0.wp.com\/ccnews.com.ar\/prensa\/wp-content\/uploads\/2019\/01\/Imagen.jpg?fit=653%2C402&resize=525%2C300 1,5x"},"classes":[]},{"id":13590,"url":"http:\/\/ccnews.com.ar\/prensa\/usando-montanas-para-el-almacenamiento-de-energia-a-largo-plazo\/","url_meta":{"origin":3841,"position":3},"title":"Usando monta\u00f1as para el almacenamiento de energ\u00eda a largo plazo","author":"admin","date":"17 noviembre, 2019","format":false,"excerpt":"Las bater\u00edas cada vez son menos caras y pronto podr\u00edan ofrecer una soluci\u00f3n barata a corto plazo para almacenar energ\u00eda para nuestras necesidades energ\u00e9ticas diarias. Sin embargo, las capacidades de almacenamiento a largo plazo de las bater\u00edas, por ejemplo en un ciclo anual, no ser\u00e1n econ\u00f3micamente viables. Por otro lado,\u2026","rel":"","context":"En \u00abSustentabilidad\u00bb","block_context":{"text":"Sustentabilidad","link":"http:\/\/ccnews.com.ar\/prensa\/category\/sustentabilidad\/"},"img":{"alt_text":"","src":"https:\/\/i0.wp.com\/ccnews.com.ar\/prensa\/wp-content\/uploads\/2019\/11\/Energieopslag_lead.jpg?fit=810%2C440&resize=350%2C200","width":350,"height":200,"srcset":"https:\/\/i0.wp.com\/ccnews.com.ar\/prensa\/wp-content\/uploads\/2019\/11\/Energieopslag_lead.jpg?fit=810%2C440&resize=350%2C200 1x, https:\/\/i0.wp.com\/ccnews.com.ar\/prensa\/wp-content\/uploads\/2019\/11\/Energieopslag_lead.jpg?fit=810%2C440&resize=525%2C300 1,5x, https:\/\/i0.wp.com\/ccnews.com.ar\/prensa\/wp-content\/uploads\/2019\/11\/Energieopslag_lead.jpg?fit=810%2C440&resize=700%2C400 2x"},"classes":[]},{"id":14646,"url":"http:\/\/ccnews.com.ar\/prensa\/las-once-vaca-muerta-de-argentina\/","url_meta":{"origin":3841,"position":4},"title":"Las once Vaca Muerta de Argentina","author":"admin","date":"23 febrero, 2020","format":false,"excerpt":"En las cuencas hidrocarbur\u00edferas del pa\u00eds existen formaciones shale que van desde Salta hasta Tierra del Fuego. Cu\u00e1les son, porque solo una est\u00e1 en desarrollo y cu\u00e1les podr\u00edan sumarse. A grandes rasgos, podr\u00eda decirse que cada cuenca hidrocarbur\u00edfera del pa\u00eds tiene como origen de sus hidrocarburos a una Vaca Muerta:\u2026","rel":"","context":"En \u00abEnerg\u00eda y Producci\u00f3n\u00bb","block_context":{"text":"Energ\u00eda y Producci\u00f3n","link":"http:\/\/ccnews.com.ar\/prensa\/category\/energia-y-produccion\/"},"img":{"alt_text":"","src":"https:\/\/i0.wp.com\/ccnews.com.ar\/prensa\/wp-content\/uploads\/2020\/02\/16-8.jpg?fit=920%2C517&resize=350%2C200","width":350,"height":200,"srcset":"https:\/\/i0.wp.com\/ccnews.com.ar\/prensa\/wp-content\/uploads\/2020\/02\/16-8.jpg?fit=920%2C517&resize=350%2C200 1x, https:\/\/i0.wp.com\/ccnews.com.ar\/prensa\/wp-content\/uploads\/2020\/02\/16-8.jpg?fit=920%2C517&resize=525%2C300 1,5x, https:\/\/i0.wp.com\/ccnews.com.ar\/prensa\/wp-content\/uploads\/2020\/02\/16-8.jpg?fit=920%2C517&resize=700%2C400 2x"},"classes":[]},{"id":1561,"url":"http:\/\/ccnews.com.ar\/prensa\/salir-a-entrenar-con-todas-las-de-la-ley-obligacion-en-roca\/","url_meta":{"origin":3841,"position":5},"title":"Salir a entrenar con todas las de la ley, obligaci\u00f3n en Roca","author":"CLUSTERciar","date":"12 septiembre, 2016","format":false,"excerpt":"El Concejo aprob\u00f3 cambios en la ordenanza que regula la actividad deportiva al aire libre. Buscan sumar seguridad, ante el auge de las clases en espacios p\u00fablicos. Los alumnos tambi\u00e9n deber\u00e1n cumplir reglas, entre ellas presentar un certificado de aptitud. \u00a0 Roca -\u00a0Quienes convoquen a los espacios p\u00fablicos de Roca\u2026","rel":"","context":"En \u00abEducaci\u00f3n\/Sociedad\u00bb","block_context":{"text":"Educaci\u00f3n\/Sociedad","link":"http:\/\/ccnews.com.ar\/prensa\/category\/educacion-sociedad\/"},"img":{"alt_text":"","src":"","width":0,"height":0},"classes":[]}],"jetpack_sharing_enabled":true,"_links":{"self":[{"href":"http:\/\/ccnews.com.ar\/prensa\/wp-json\/wp\/v2\/posts\/3841","targetHints":{"allow":["GET"]}}],"collection":[{"href":"http:\/\/ccnews.com.ar\/prensa\/wp-json\/wp\/v2\/posts"}],"about":[{"href":"http:\/\/ccnews.com.ar\/prensa\/wp-json\/wp\/v2\/types\/post"}],"author":[{"embeddable":true,"href":"http:\/\/ccnews.com.ar\/prensa\/wp-json\/wp\/v2\/users\/2"}],"replies":[{"embeddable":true,"href":"http:\/\/ccnews.com.ar\/prensa\/wp-json\/wp\/v2\/comments?post=3841"}],"version-history":[{"count":1,"href":"http:\/\/ccnews.com.ar\/prensa\/wp-json\/wp\/v2\/posts\/3841\/revisions"}],"predecessor-version":[{"id":3845,"href":"http:\/\/ccnews.com.ar\/prensa\/wp-json\/wp\/v2\/posts\/3841\/revisions\/3845"}],"wp:featuredmedia":[{"embeddable":true,"href":"http:\/\/ccnews.com.ar\/prensa\/wp-json\/wp\/v2\/media\/3843"}],"wp:attachment":[{"href":"http:\/\/ccnews.com.ar\/prensa\/wp-json\/wp\/v2\/media?parent=3841"}],"wp:term":[{"taxonomy":"category","embeddable":true,"href":"http:\/\/ccnews.com.ar\/prensa\/wp-json\/wp\/v2\/categories?post=3841"},{"taxonomy":"post_tag","embeddable":true,"href":"http:\/\/ccnews.com.ar\/prensa\/wp-json\/wp\/v2\/tags?post=3841"}],"curies":[{"name":"wp","href":"https:\/\/api.w.org\/{rel}","templated":true}]}}