{"id":3847,"date":"2017-04-23T08:00:08","date_gmt":"2017-04-23T11:00:08","guid":{"rendered":"http:\/\/clusterciarnews.com.ar\/prensa\/?p=3847"},"modified":"2017-04-17T09:08:14","modified_gmt":"2017-04-17T12:08:14","slug":"debemos-generar-soluciones-que-motoricen-el-desarrollo-del-pais","status":"publish","type":"post","link":"http:\/\/ccnews.com.ar\/prensa\/debemos-generar-soluciones-que-motoricen-el-desarrollo-del-pais\/","title":{"rendered":"\u201cDebemos generar soluciones que motoricen el desarrollo del pa\u00eds\u201d"},"content":{"rendered":"<p>El nuevo presidente del Departamento T\u00e9cnico, el ingeniero Marcelo Broccoli, asegura que se necesitan \u201cideas innovadoras\u201d y promete \u201ctrabajar en equipo para proponer soluciones\u201d.<\/p>\n<p><strong>\u00bfPor qu\u00e9 decidi\u00f3 estudiar ingenier\u00eda?<\/strong><\/p>\n<p>Realic\u00e9 mi educaci\u00f3n secundaria en una escuela f\u00e1brica, la ex SEGBA y hoy conocida como Instituto 14 de Julio, donde me fui formando como t\u00e9cnico y encontrando mi identidad profesional. Siempre me gust\u00f3 analizar las situaciones en profundidad y buscar mejoras o nuevas soluciones, pensando desde lo t\u00e9cnico en el dise\u00f1o y desde lo constructivo en c\u00f3mo concretarlo f\u00edsicamente, considerando los elementos que se disponen y con consciencia de eficiencia y seguridad.<\/p>\n<p><strong>\u00bfQu\u00e9 representa la ingenier\u00eda a t\u00edtulo personal?<\/strong><\/p>\n<p>Representa un disfrute y un sentimiento de emoci\u00f3n y admiraci\u00f3n, porque se parte de una necesidad o problem\u00e1tica, se desarrolla una idea para satisfacerla o resolverla, y luego se trabaja para convertir esa soluci\u00f3n en realidad. Obviamente, con ajustes, idas y vueltas. En mi carrera profesional estuve siempre ligado a pensar en soluciones y luego desarrollarlas y verlas funcionar. Si miramos hacia atr\u00e1s y vemos c\u00f3mo nos cambi\u00f3 la vida la evoluci\u00f3n tecnol\u00f3gica, eso se lo debemos en gran parte a la ingenier\u00eda. \u00bfC\u00f3mo comenz\u00f3 su v\u00ednculo con el CAI? La relaci\u00f3n con el CAI la inici\u00e9 en el 2012, donde desde YPF sentimos la necesidad de participar y proponer acciones que colaborasen para poner en valor la ingenier\u00eda. Y encontramos en\u00a0el CAI una instituci\u00f3n para hacerlo. Actualmente, en muchas comisiones e iniciativas participan ingenieros de la empresa. \u00bfQu\u00e9 significa para usted asumir la responsabilidad de conducir al Departamento T\u00e9cnico y por qu\u00e9 decidi\u00f3 asumir ese compromiso? Me llena de orgullo poder llevar adelante esta responsabilidad. Asum\u00ed este compromiso con el fin de colaborar con el aporte que se puede dar desde el CAI al desarrollo del pa\u00eds y a la sociedad. Creo que es un momento importante donde se necesita cambiar el rumbo y trabajar en la eficiencia. Se necesitan creatividad e ideas innovadoras para trabajar en la sustentabilidad.<\/p>\n<p><img data-recalc-dims=\"1\" loading=\"lazy\" decoding=\"async\" data-attachment-id=\"3851\" data-permalink=\"http:\/\/ccnews.com.ar\/prensa\/debemos-generar-soluciones-que-motoricen-el-desarrollo-del-pais\/cai2\/\" data-orig-file=\"https:\/\/i0.wp.com\/ccnews.com.ar\/prensa\/wp-content\/uploads\/2017\/04\/cai2.jpg?fit=666%2C419\" data-orig-size=\"666,419\" data-comments-opened=\"0\" data-image-meta=\"{&quot;aperture&quot;:&quot;0&quot;,&quot;credit&quot;:&quot;&quot;,&quot;camera&quot;:&quot;&quot;,&quot;caption&quot;:&quot;&quot;,&quot;created_timestamp&quot;:&quot;0&quot;,&quot;copyright&quot;:&quot;maria eugenia cerutti&quot;,&quot;focal_length&quot;:&quot;0&quot;,&quot;iso&quot;:&quot;0&quot;,&quot;shutter_speed&quot;:&quot;0&quot;,&quot;title&quot;:&quot;&quot;,&quot;orientation&quot;:&quot;0&quot;}\" data-image-title=\"cai2\" data-image-description=\"\" data-image-caption=\"\" data-large-file=\"https:\/\/i0.wp.com\/ccnews.com.ar\/prensa\/wp-content\/uploads\/2017\/04\/cai2.jpg?fit=666%2C419\" class=\"size-medium wp-image-3851 alignleft\" src=\"https:\/\/i0.wp.com\/clusterciarnews.com.ar\/prensa\/wp-content\/uploads\/2017\/04\/cai2-300x189.jpg?resize=300%2C189\" alt=\"cai2\" width=\"300\" height=\"189\" srcset=\"https:\/\/i0.wp.com\/ccnews.com.ar\/prensa\/wp-content\/uploads\/2017\/04\/cai2.jpg?resize=300%2C189 300w, https:\/\/i0.wp.com\/ccnews.com.ar\/prensa\/wp-content\/uploads\/2017\/04\/cai2.jpg?w=666 666w\" sizes=\"auto, (max-width: 300px) 100vw, 300px\" \/><\/p>\n<p><strong>\u00bfQu\u00e9 valoraci\u00f3n hace de las dem\u00e1s autoridades y miembros que lo acompa\u00f1ar\u00e1n en su gesti\u00f3n? <\/strong><\/p>\n<p>Son profesionales con reconocida trayectoria y con muchas ganas de aportar soluciones que puedan implementarse y ayudar a motorizar el desarrollo del pa\u00eds. Vamos a trabajar en equipo proponiendo soluciones que puedan concretarse y mostrar sus frutos.<\/p>\n<p><strong>\u00bfQu\u00e9 objetivos se plantea como prioritarios durante su gesti\u00f3n en el DT?<\/strong><\/p>\n<p>Colaborar con el CAI para realizar aportes a la sociedad a trav\u00e9s de iniciativas y desarrollos, y contribuir con aportes profesionales en los proyectos emblem\u00e1ticos que se emprendan en el pa\u00eds y en la regi\u00f3n. Vamos a identificar en cada comisi\u00f3n necesidades prioritarias en las que podamos aportar y trabajar en equipo con quienes corresponda para que se concreten sus soluciones.<\/p>\n<p><strong>\u00bfQu\u00e9 rol entiende que tiene que tener el DT del CAI?<\/strong><\/p>\n<p>El rol es esencial, dado que el DT es el que debe generar soluciones que se implementen y motoricen el desarrollo, de manera que se pueda ver claramente nuestro aporte.<\/p>\n<blockquote><p>\u201cCreo que es un momento importante donde se necesita cambiar el rumbo y trabajar en la eficiencia. Se necesita creatividad e ideas innovadoras para trabajar en la sustentabilidad\u201d.<\/p><\/blockquote>\n<p>Motivo por el cual debemos tener participaci\u00f3n en los proyectos que tiendan al desarrollo sustentable y hacer propuestas que sean viables para el crecimiento de nuestro pa\u00eds y mejora de la sociedad.<\/p>\n<p><strong>Su trayectoria dentro de YPF, una de las principales empresas del pa\u00eds, \u00bfpuede ayudarlo a imprimir algunos aspectos espec\u00edficos a su gesti\u00f3n? <\/strong><\/p>\n<p>Por supuesto. La experiencia laboral, en mi caso desde ingenier\u00edas tempranas hasta la construcci\u00f3n de instalaciones, me da foco en buscar soluciones que agreguen valor y se concreten en tiempo y forma. El estar constantemente armando equipos de trabajo con los perfiles necesarios y motivaci\u00f3n para lograr y disfrutar de los resultados, reforzando como esencial que el recurso m\u00e1s importante en la ingenier\u00eda son las personas que la hacen. Las acciones se reflejan a trav\u00e9s de los resultados, siempre a la medida de las necesidades: eso es la eficiencia en ingenier\u00eda, el hacer va generando conocimiento y oportunidades de mejora continua.<\/p>\n<p><strong>\u00bfLos j\u00f3venes o adultos j\u00f3venes pueden ofrecer aportes significativos dentro de las distintas comisiones?<\/strong><\/p>\n<p>Todos ofrecen un aporte significativo. Trabajando en equipo, sumando la experiencia de los mayores y el potencial desinhibido y uso de la tecnolog\u00eda de los m\u00e1s j\u00f3venes, de esta forma tambi\u00e9n se logra la transferencia de conocimientos, capacidades y aptitudes. Los equipos de trabajo son multidisciplinarios y conformados por personas de edades m\u00faltiples. Debemos saber integrarlos para que cada uno y todos entendamos que somos necesarios y parte del logro.<\/p>\n<p><strong>\u00bfEn qu\u00e9 aspectos la ingenier\u00eda puede ayudar al desarrollo de un pa\u00eds? <\/strong><\/p>\n<p>La ingenier\u00eda ayuda al desarrollo del pa\u00eds dando soluciones que le permitan crecer utilizando sus recursos y agreg\u00e1ndole valor para transformarlos en productos o bienes de uso. Por ejemplo, en lo que respecta a energ\u00eda, utilizando las energ\u00edas convencionales y las renovables, reduciendo el costo de las mismas y minimizando el impacto al ambiente, en el desarrollo de productos de bajo consumos y menores costos pudi\u00e9ndolos acercar a los sectores de m\u00e1s bajos recursos de la sociedad. Otro aspecto en el que es posible contribuir es en infraestructura, dise\u00f1ando y construyendo las instalaciones necesarias para permitir el desarrollo industrial, mejorando las v\u00edas de transporte y la log\u00edstica, entre otros aspectos. La ingenier\u00eda tambi\u00e9n aporta en la comunicaci\u00f3n y el uso de la informaci\u00f3n, permitiendo el acceso a la informaci\u00f3n online, reduciendo los tiempos de an\u00e1lisis, acceso a las fuentes de informaci\u00f3n a nivel mundial y transmisi\u00f3n del conocimiento. En medioambiente, integrando y participando en todas las soluciones para minimizar el impacto y desarrollando t\u00e9cnicas para remediar los da\u00f1os ocasionados al mismo. Asimismo en seguridad, dise\u00f1ando productos e instalaciones que garanticen la integridad de los usuarios.<\/p>\n<p><strong>\u00bfQu\u00e9 le gustar\u00eda poder asegurar de su propia gesti\u00f3n una vez concluida? <\/strong><\/p>\n<p>Me gustar\u00edan dos cosas. Por un lado, que durante mi gesti\u00f3n realicemos acciones que se concreten y agreguen valor al desarrollo del pa\u00eds y la sociedad. Tambi\u00e9n que el Departamento T\u00e9cnico tenga un plan de iniciativas a mediano y largo plazo reconocidas y apoyadas por las entidades p\u00fablicas y privadas.<\/p>\n<p>&nbsp;<\/p>\n<p><strong>Un ingeniero joven con amplia experiencia profesional Marcelo Broccoli tiene 47 a\u00f1os y vive en Quilmes.<\/strong> Est\u00e1 casado y tiene dos hijos, Agust\u00edn, de 19 a\u00f1os, y Lara, de 14 a\u00f1os. Su v\u00ednculo con la formaci\u00f3n t\u00e9cnica comenz\u00f3 en un secundario de la ciudad de Buenos Aires, donde se recibi\u00f3 de T\u00e9cnico electromec\u00e1nico con orientaci\u00f3n en energ\u00eda el\u00e9ctrica. Despu\u00e9s ingres\u00f3 en la regional Avellaneda de la Universidad Tecnol\u00f3gica Nacional. En 1996 egres\u00f3 como ingeniero electricista, pero sigui\u00f3 ligado a la facultad varios a\u00f1os m\u00e1s desde la docencia.<\/p>\n<p>Con la Universidad Cat\u00f3lica de Chile hizo un posgrado en Evaluaci\u00f3n de Proyectos. Comenz\u00f3 a trabajar en SEGBA-EDESUR a los 19 a\u00f1os. Se inici\u00f3 como integrante de las cuadrillas hasta desempe\u00f1arse en puestos de jefaturas, siempre en Media y Alta Tensi\u00f3n. A YPF ingres\u00f3 en 1998 y desde el 2012 se desempe\u00f1a como gerente del Departamento de Ingenier\u00eda, donde gestiona los proyectos de inversi\u00f3n en instalaciones de superficie de la compa\u00f1\u00eda en los distintos negocios (DW, UP, GyE), desde sus etapas tempranas de ingenier\u00eda hasta su ejecuci\u00f3n. Anualmente gestiona en promedio 55 fases de proyectos.<\/p>\n<p>Fuente: CAI<\/p>\n<!-- AddThis Advanced Settings generic via filter on the_content -->","protected":false},"excerpt":{"rendered":"<p>El nuevo presidente del Departamento T\u00e9cnico, el ingeniero Marcelo Broccoli, asegura que se necesitan \u201cideas innovadoras\u201d y promete \u201ctrabajar en<!-- AddThis Advanced Settings generic via filter on get_the_excerpt --><\/p>\n","protected":false},"author":2,"featured_media":3849,"comment_status":"closed","ping_status":"closed","sticky":false,"template":"","format":"standard","meta":{"colormag_page_container_layout":"default_layout","colormag_page_sidebar_layout":"default_layout","jetpack_post_was_ever_published":false,"_jetpack_newsletter_access":"","_jetpack_dont_email_post_to_subs":false,"_jetpack_newsletter_tier_id":0,"_jetpack_memberships_contains_paywalled_content":false,"_jetpack_memberships_contains_paid_content":false,"footnotes":"","jetpack_publicize_message":"","jetpack_publicize_feature_enabled":true,"jetpack_social_post_already_shared":true,"jetpack_social_options":{"image_generator_settings":{"template":"highway","default_image_id":0,"font":"","enabled":false},"version":2}},"categories":[3],"tags":[17],"class_list":["post-3847","post","type-post","status-publish","format-standard","has-post-thumbnail","hentry","category-sustentabilidad","tag-otros-medios"],"jetpack_publicize_connections":[],"jetpack_featured_media_url":"https:\/\/i0.wp.com\/ccnews.com.ar\/prensa\/wp-content\/uploads\/2017\/04\/cai.jpg?fit=600%2C429","jetpack_shortlink":"https:\/\/wp.me\/p7L1gj-103","jetpack-related-posts":[{"id":14626,"url":"http:\/\/ccnews.com.ar\/prensa\/los-nuevos-desafios-de-la-ingenieria-civil\/","url_meta":{"origin":3847,"position":0},"title":"Los nuevos desaf\u00edos de la ingenier\u00eda civil","author":"admin","date":"20 febrero, 2020","format":false,"excerpt":"El mundo de la ingenier\u00eda est\u00e1 inmerso en una evoluci\u00f3n permanente, en la que los cambios se suceden, cada vez m\u00e1s, a un ritmo vertiginoso. Todos relacionados con la transformaci\u00f3n digital y condicionado por la incidencia del cambio clim\u00e1tico. Para lograr una correcta adaptaci\u00f3n en tantos campos multidisciplinares, la ingenier\u00eda\u2026","rel":"","context":"En \u00abSustentabilidad\u00bb","block_context":{"text":"Sustentabilidad","link":"http:\/\/ccnews.com.ar\/prensa\/category\/sustentabilidad\/"},"img":{"alt_text":"","src":"https:\/\/i0.wp.com\/ccnews.com.ar\/prensa\/wp-content\/uploads\/2020\/02\/15-FEB2020.jpg?fit=1200%2C800&resize=350%2C200","width":350,"height":200,"srcset":"https:\/\/i0.wp.com\/ccnews.com.ar\/prensa\/wp-content\/uploads\/2020\/02\/15-FEB2020.jpg?fit=1200%2C800&resize=350%2C200 1x, https:\/\/i0.wp.com\/ccnews.com.ar\/prensa\/wp-content\/uploads\/2020\/02\/15-FEB2020.jpg?fit=1200%2C800&resize=525%2C300 1,5x, https:\/\/i0.wp.com\/ccnews.com.ar\/prensa\/wp-content\/uploads\/2020\/02\/15-FEB2020.jpg?fit=1200%2C800&resize=700%2C400 2x, https:\/\/i0.wp.com\/ccnews.com.ar\/prensa\/wp-content\/uploads\/2020\/02\/15-FEB2020.jpg?fit=1200%2C800&resize=1050%2C600 3x"},"classes":[]},{"id":10081,"url":"http:\/\/ccnews.com.ar\/prensa\/el-futuro-de-los-puestos-de-trabajo-en-el-area-de-las-energias-renovables\/","url_meta":{"origin":3847,"position":1},"title":"El futuro de los puestos de trabajo en el \u00e1rea de las energ\u00edas renovables","author":"admin","date":"24 enero, 2019","format":false,"excerpt":"Conoce c\u00f3mo afectar\u00e1 la implantaci\u00f3n de las energ\u00edas renovables al mercado laboral. Se crear\u00e1n nuevos puestos de trabajo La ingenier\u00eda en energ\u00edas renovables es una de las carreras m\u00e1s demandadas hoy en d\u00eda. Las nuevas formas de extracci\u00f3n de energ\u00eda traen consigo nuevos puestos de trabajo. Salvar al planeta es\u2026","rel":"","context":"En \u00abSustentabilidad\u00bb","block_context":{"text":"Sustentabilidad","link":"http:\/\/ccnews.com.ar\/prensa\/category\/sustentabilidad\/"},"img":{"alt_text":"","src":"https:\/\/i0.wp.com\/ccnews.com.ar\/prensa\/wp-content\/uploads\/2019\/01\/ing1.jpg?fit=712%2C350&resize=350%2C200","width":350,"height":200,"srcset":"https:\/\/i0.wp.com\/ccnews.com.ar\/prensa\/wp-content\/uploads\/2019\/01\/ing1.jpg?fit=712%2C350&resize=350%2C200 1x, https:\/\/i0.wp.com\/ccnews.com.ar\/prensa\/wp-content\/uploads\/2019\/01\/ing1.jpg?fit=712%2C350&resize=525%2C300 1,5x, https:\/\/i0.wp.com\/ccnews.com.ar\/prensa\/wp-content\/uploads\/2019\/01\/ing1.jpg?fit=712%2C350&resize=700%2C400 2x"},"classes":[]},{"id":15626,"url":"http:\/\/ccnews.com.ar\/prensa\/como-sera-el-mundo-pos-covid-19-clusterciar-organiza-conferencias-online-gratuitas\/","url_meta":{"origin":3847,"position":2},"title":"\u00bfC\u00f3mo ser\u00e1 el mundo pos-COVID-19? CLUSTERciar organiza conferencias online gratuitas","author":"Editor","date":"29 mayo, 2020","format":false,"excerpt":"En el ciclo de conferencias El nuevo mundo pos-COVID-19, expertos en tecnolog\u00eda, ingenier\u00eda e inspecci\u00f3n de obras comparten su visi\u00f3n sobre el presente y el futuro a partir de la crisis que hoy enfrentan las empresas. Los encuentros, organizados por el grupo CLUSTERciar, son de acceso libre y gratuito.","rel":"","context":"En \u00abManagement\u00bb","block_context":{"text":"Management","link":"http:\/\/ccnews.com.ar\/prensa\/category\/management\/"},"img":{"alt_text":"","src":"https:\/\/i0.wp.com\/ccnews.com.ar\/prensa\/wp-content\/uploads\/2020\/05\/nota.jpg?fit=816%2C426&resize=350%2C200","width":350,"height":200,"srcset":"https:\/\/i0.wp.com\/ccnews.com.ar\/prensa\/wp-content\/uploads\/2020\/05\/nota.jpg?fit=816%2C426&resize=350%2C200 1x, https:\/\/i0.wp.com\/ccnews.com.ar\/prensa\/wp-content\/uploads\/2020\/05\/nota.jpg?fit=816%2C426&resize=525%2C300 1,5x, https:\/\/i0.wp.com\/ccnews.com.ar\/prensa\/wp-content\/uploads\/2020\/05\/nota.jpg?fit=816%2C426&resize=700%2C400 2x"},"classes":[]},{"id":11753,"url":"http:\/\/ccnews.com.ar\/prensa\/el-proyecto-innovador-estudiantil-de-bajo-costo-para-el-estudio-avanzado-del-cerebro\/","url_meta":{"origin":3847,"position":3},"title":"El proyecto innovador estudiantil de bajo costo para el estudio avanzado del cerebro.","author":"admin","date":"13 junio, 2019","format":false,"excerpt":"Mat\u00edas Leonetti, alumno de la Facultad de Ingenier\u00eda de la Universidad del Salvador desarroll\u00f3 una Interfaz Cerebro-Computadora con Lector de Ondas Cerebrales de Bajo Costo, dando la posibilidad a una persona con alguna discapacidad de interactuar con un entorno determinado. Cada vez y con mayor frecuencia, las \u00e1reas de producci\u00f3n\u2026","rel":"","context":"En \u00abSustentabilidad\u00bb","block_context":{"text":"Sustentabilidad","link":"http:\/\/ccnews.com.ar\/prensa\/category\/sustentabilidad\/"},"img":{"alt_text":"","src":"https:\/\/i0.wp.com\/ccnews.com.ar\/prensa\/wp-content\/uploads\/2019\/06\/Sin-t%C3%ADtulo.png?fit=1200%2C675&resize=350%2C200","width":350,"height":200,"srcset":"https:\/\/i0.wp.com\/ccnews.com.ar\/prensa\/wp-content\/uploads\/2019\/06\/Sin-t%C3%ADtulo.png?fit=1200%2C675&resize=350%2C200 1x, https:\/\/i0.wp.com\/ccnews.com.ar\/prensa\/wp-content\/uploads\/2019\/06\/Sin-t%C3%ADtulo.png?fit=1200%2C675&resize=525%2C300 1,5x, https:\/\/i0.wp.com\/ccnews.com.ar\/prensa\/wp-content\/uploads\/2019\/06\/Sin-t%C3%ADtulo.png?fit=1200%2C675&resize=700%2C400 2x, https:\/\/i0.wp.com\/ccnews.com.ar\/prensa\/wp-content\/uploads\/2019\/06\/Sin-t%C3%ADtulo.png?fit=1200%2C675&resize=1050%2C600 3x"},"classes":[]},{"id":2377,"url":"http:\/\/ccnews.com.ar\/prensa\/eficiencia-energetica-y-gestion-en-plantas-industriales\/","url_meta":{"origin":3847,"position":4},"title":"Eficiencia energ\u00e9tica y gesti\u00f3n en plantas industriales","author":"CLUSTERciar","date":"26 noviembre, 2016","format":false,"excerpt":"El Centro Argentino de Ingenieros fue sede de una jornada sobre el tema, con exposiciones de Gonzalo Estivariz, Carlos Blanc, Fernando Rosa y Andrea Afranchi. En tiempos en los que la electricidad es noticia por los costos del servicio o por apagones, el Departamento T\u00e9cnico del Centro Argentino de Ingenieros\u2026","rel":"","context":"En \u00abEnerg\u00eda y Producci\u00f3n\u00bb","block_context":{"text":"Energ\u00eda y Producci\u00f3n","link":"http:\/\/ccnews.com.ar\/prensa\/category\/energia-y-produccion\/"},"img":{"alt_text":"","src":"https:\/\/i0.wp.com\/ccnews.com.ar\/prensa\/wp-content\/uploads\/2016\/11\/20161102_CAI-Energia-1.jpg?fit=800%2C533&resize=350%2C200","width":350,"height":200,"srcset":"https:\/\/i0.wp.com\/ccnews.com.ar\/prensa\/wp-content\/uploads\/2016\/11\/20161102_CAI-Energia-1.jpg?fit=800%2C533&resize=350%2C200 1x, https:\/\/i0.wp.com\/ccnews.com.ar\/prensa\/wp-content\/uploads\/2016\/11\/20161102_CAI-Energia-1.jpg?fit=800%2C533&resize=525%2C300 1,5x, https:\/\/i0.wp.com\/ccnews.com.ar\/prensa\/wp-content\/uploads\/2016\/11\/20161102_CAI-Energia-1.jpg?fit=800%2C533&resize=700%2C400 2x"},"classes":[]},{"id":15802,"url":"http:\/\/ccnews.com.ar\/prensa\/cuales-son-los-alcances-de-la-ingenieria-manana-cepsi-organiza-una-charla-online-gratuita\/","url_meta":{"origin":3847,"position":5},"title":"\u00bfCu\u00e1les son los alcances de la ingenier\u00eda? Ma\u00f1ana, CEPSI organiza una charla online  gratuita","author":"Editor","date":"1 julio, 2020","format":false,"excerpt":"El jueves 2 de julio tendr\u00e1 lugar la charla gratuita \"Alcances de Ingenier\u00eda\", donde se analizar\u00e1n los problemas m\u00e1s frecuentes que presentan los l\u00edmites difusos en las fases de los proyectos de ingenier\u00eda. El evento es organizado por CEPSI, la Comisi\u00f3n de Empresas Proveedoras de Servicios de Ingenier\u00eda del Centro\u2026","rel":"","context":"En \u00abEnerg\u00eda y Producci\u00f3n\u00bb","block_context":{"text":"Energ\u00eda y Producci\u00f3n","link":"http:\/\/ccnews.com.ar\/prensa\/category\/energia-y-produccion\/"},"img":{"alt_text":"","src":"https:\/\/i0.wp.com\/ccnews.com.ar\/prensa\/wp-content\/uploads\/2020\/07\/nota-1.jpg?fit=816%2C409&resize=350%2C200","width":350,"height":200,"srcset":"https:\/\/i0.wp.com\/ccnews.com.ar\/prensa\/wp-content\/uploads\/2020\/07\/nota-1.jpg?fit=816%2C409&resize=350%2C200 1x, https:\/\/i0.wp.com\/ccnews.com.ar\/prensa\/wp-content\/uploads\/2020\/07\/nota-1.jpg?fit=816%2C409&resize=525%2C300 1,5x, https:\/\/i0.wp.com\/ccnews.com.ar\/prensa\/wp-content\/uploads\/2020\/07\/nota-1.jpg?fit=816%2C409&resize=700%2C400 2x"},"classes":[]}],"jetpack_sharing_enabled":true,"_links":{"self":[{"href":"http:\/\/ccnews.com.ar\/prensa\/wp-json\/wp\/v2\/posts\/3847","targetHints":{"allow":["GET"]}}],"collection":[{"href":"http:\/\/ccnews.com.ar\/prensa\/wp-json\/wp\/v2\/posts"}],"about":[{"href":"http:\/\/ccnews.com.ar\/prensa\/wp-json\/wp\/v2\/types\/post"}],"author":[{"embeddable":true,"href":"http:\/\/ccnews.com.ar\/prensa\/wp-json\/wp\/v2\/users\/2"}],"replies":[{"embeddable":true,"href":"http:\/\/ccnews.com.ar\/prensa\/wp-json\/wp\/v2\/comments?post=3847"}],"version-history":[{"count":1,"href":"http:\/\/ccnews.com.ar\/prensa\/wp-json\/wp\/v2\/posts\/3847\/revisions"}],"predecessor-version":[{"id":3853,"href":"http:\/\/ccnews.com.ar\/prensa\/wp-json\/wp\/v2\/posts\/3847\/revisions\/3853"}],"wp:featuredmedia":[{"embeddable":true,"href":"http:\/\/ccnews.com.ar\/prensa\/wp-json\/wp\/v2\/media\/3849"}],"wp:attachment":[{"href":"http:\/\/ccnews.com.ar\/prensa\/wp-json\/wp\/v2\/media?parent=3847"}],"wp:term":[{"taxonomy":"category","embeddable":true,"href":"http:\/\/ccnews.com.ar\/prensa\/wp-json\/wp\/v2\/categories?post=3847"},{"taxonomy":"post_tag","embeddable":true,"href":"http:\/\/ccnews.com.ar\/prensa\/wp-json\/wp\/v2\/tags?post=3847"}],"curies":[{"name":"wp","href":"https:\/\/api.w.org\/{rel}","templated":true}]}}