{"id":386,"date":"2016-04-04T09:10:22","date_gmt":"2016-04-04T12:10:22","guid":{"rendered":"http:\/\/clusterciar.com.ar\/wp\/?p=386"},"modified":"2016-04-04T09:10:22","modified_gmt":"2016-04-04T12:10:22","slug":"gutierrez-conforme-por-la-continuacion-del-plan-con-energias-renovables","status":"publish","type":"post","link":"http:\/\/ccnews.com.ar\/prensa\/gutierrez-conforme-por-la-continuacion-del-plan-con-energias-renovables\/","title":{"rendered":"Guti\u00e9rrez: &#8220;Conforme por la continuaci\u00f3n del plan con energ\u00edas renovables.&#8221;"},"content":{"rendered":"<h2>El gobernador Guti\u00e9rrez expuso en la cumbre de la AmCham Argentina<\/h2>\n<p><img data-recalc-dims=\"1\" decoding=\"async\" class=\"alignleft\" src=\"https:\/\/i0.wp.com\/www.petrolnews.net\/pics\/gobernador280316.jpg?w=800\" alt=\"\" \/>Omar Guti\u00e9rrez particip\u00f3 en la Capital Federal de las actividades organizadas en el marco de la visita al pa\u00eds del presidente estadounidense Barack Obama. Junto a los gobernadores de C\u00f3rdoba, Salta y Santa Fe, el mandatario neuquino habl\u00f3 ante empresarios argentinos y del extranjero sobre el acuerdo con los holdouts e inversiones para el desarrollo econ\u00f3mico, y traz\u00f3 un panorama de la proyecci\u00f3n energ\u00e9tica en la provincia.<\/p>\n<p>El gobernador del Neuqu\u00e9n, Omar Guti\u00e9rrez, expuso en la cumbre de Amcham Argentina, una conferencia multidisciplinaria y una feria con foco en las oportunidades de desarrollo econ\u00f3mico argentino y las oportunidades de inversi\u00f3n de los Estados Unidos. La actividad form\u00f3 parte de la agenda organizada por Presidencia de la Naci\u00f3n en el marco de la visita a la Argentina del presidente estadounidense, Barack Obama.<\/p>\n<p>De la exposici\u00f3n participaron, adem\u00e1s, los gobernadores de C\u00f3rdoba, Juan Schiaretti; Salta, Juan Manuel Urtubey y Santa Fe, Miguel Lifschitz.<\/p>\n<p>En su participaci\u00f3n, Guti\u00e9rrez expuso sobre la conveniencia de que el Senado apruebe el acuerdo con los fondos buitres en el marco del programa econ\u00f3mico que lleva adelante la administraci\u00f3n nacional; y la posibilidad de desarrollo del pa\u00eds de la mano de inversiones del sector privado tanto nacional como extranjero. Tambi\u00e9n traz\u00f3 un panorama sobre la situaci\u00f3n actual del sector energ\u00e9tico provincial y las medidas que se est\u00e1n tomando para revitalizar el sector. Convoc\u00f3 a trabajar \u201cen equipo\u201d, porque \u201cson tiempos de unir al pa\u00eds, ponernos la camiseta y ponernos a trabajar\u201d.<\/p>\n<p>\u201cPor encima de los leg\u00edtimos intereses sectoriales est\u00e1 la responsabilidad colectiva de garantizar un desarrollo de todos los argentinos\u201d, resalt\u00f3 Guti\u00e9rrez.<\/p>\n<p>Con el acuerdo con los holdouts, dijo el gobernador, \u201cvamos a profundizar y recuperar r\u00e1pidamente el camino del progreso y el crecimiento para los argentinos. No es una medida aislada, sino que se da en el marco de un programa econ\u00f3mico que est\u00e1 llevando adelante el nuevo gobierno: la eliminaci\u00f3n de retenciones, la disminuci\u00f3n de retenciones, la unificaci\u00f3n del tipo de cambio, y el est\u00edmulo a las econom\u00edas regionales\u201d. Tambi\u00e9n opin\u00f3 que \u201cla visita del presidente de los Estados Unidos, Barack Obama es una se\u00f1al de una confianza hacia el pa\u00eds\u201d.<\/p>\n<p>El mandatario neuquino sostuvo que el desarrollo del pa\u00eds debe tener en foco tres elementos: la educaci\u00f3n, la energ\u00eda y los alimentos. En ese marco ponder\u00f3 los esfuerzos de la administraci\u00f3n del presidente Mauricio Macri de avanzar en la diversificaci\u00f3n de la matriz econ\u00f3mica. Se va a \u201cprofundizar el desarrollo de los recursos renovables y no renovables, fortalecer el desarrollo tur\u00edstico y productivo, y los parques industriales y los grandes proveedores de servicio\u201d, afirm\u00f3.<br \/>\nGremios y posibles conflictos<\/p>\n<p>Fue consultado sobre la relaci\u00f3n con los gremios y posibles conflictos. Explic\u00f3 que \u201cpodemos tener alguna diferencia con alg\u00fan sector, y tienen que ser solucionadas con m\u00e1s di\u00e1logo\u201d, y puso de ejemplo los acuerdos salariales a los que lleg\u00f3 la provincia con las distintas representaciones de los empleados estatales.<\/p>\n<p>El gobernador reiter\u00f3, luego, que \u201cno es una cuesti\u00f3n ideol\u00f3gica cerrar el cap\u00edtulo de los holdouts, es un paso necesario para que vengan las inversiones y acceder al financiamiento voluntario, no obligatorio. Cada uno ver\u00e1 si quiere y le conviene, pero lo que no podemos es tener las puertas cerradas a esas inversiones que est\u00e1n dando vueltas en el mundo. Las relaciones laborales, sindicales, empresariales se fortalecen y crecen de la mano de la inversi\u00f3n, no de la mano del ajuste\u201d.<\/p>\n<p>Destac\u00f3 que en colocaci\u00f3n de deuda se han obtenido mejores tasas, y que esto \u201crefleja una confianza y una expectativa en el pa\u00eds positiva. Que el Congreso cierre el cap\u00edtulo con los holdouts es muy importante. No hay plan B. Esta ley es m\u00e1s importante que la ley de presupuesto en estas instancias porque abre un horizonte nuevo para el pa\u00eds, en el cual la causa compartida es la unidad de los argentinos\u201d.<br \/>\n\u201cEl pa\u00eds tiene una oportunidad tremenda y la queremos capitalizar junto a ustedes, los empresarios. Necesitamos que los empresarios de nuestro pa\u00eds y los extranjeros echen a rodar estos sue\u00f1os, invirtiendo los capitales en un pa\u00eds que quiere garantizar previsibilidad econ\u00f3mica\u201d, les dijo a los presentes en la conferencia de AmCham.<\/p>\n<p>Energ\u00eda<\/p>\n<p>En el panel, Guti\u00e9rrez fue consultado sobre el papel del yacimiento Vaca Muerta en el futuro del pa\u00eds, explic\u00f3 que no es s\u00f3lo ese yacimiento, sino otros incipientes, como Los Molles. Inform\u00f3 que en los \u00faltimos tres a\u00f1os se han invertido en la provincia 15 mil millones de d\u00f3lares en la actividad, y que hay 12 desarrollos exploratorios que significar\u00e1n 4.500 millones de d\u00f3lares m\u00e1s de inversi\u00f3n. \u201cHay un sost\u00e9n del precio interno del petr\u00f3leo, y estamos a pocos d\u00edas de un reconocimiento de un mayor valor del gas en el mercado interno\u201d, indic\u00f3 y augur\u00f3 que esto permitir\u00e1 \u201cformalizar nuevos contratos para desarrollar inversiones, con trabajo y riqueza de inversi\u00f3n de Neuqu\u00e9n para el pa\u00eds\u201d.<\/p>\n<p>Adem\u00e1s, se mostr\u00f3 complacido por la continuidad del plan de promover las energ\u00edas de fuentes renovables, con metas de elevar al 7% para 2017 el porcentual generado por este tipo de energ\u00eda, y llegar a 2020 con un porcentual del 20. \u201cAcabamos de licitar la viabilidad de seis nuevas represas aguas arriba de Chihuido, que est\u00e1 avanzando, y tenemos siete proyectos e\u00f3licos en licitaci\u00f3n\u201d, inform\u00f3.<\/p>\n<p>Sobre AmCham<\/p>\n<p>Como parte de las actividades que se desarrollaron durante la visita al pa\u00eds del presidente de Estados Unidos, Barack Obama, AmCham Argentina, la C\u00e1mara de Comercio de Estados Unidos en Argentina, organiz\u00f3 una agenda de trabajo en el predio de la Rural que cont\u00f3 con oradores de diferentes temas. A la ma\u00f1ana, el ministro de Hacienda y Finanzas P\u00fablicas, Alfonso Prat Gay brind\u00f3 una conferencia sobre el panorama econ\u00f3mico de la Argentina, luego de la exposici\u00f3n del presidente de AmCham y DuPont de Am\u00e9rica Latina, Juan Vaquer.<\/p>\n<p>Hubo disertaciones relacionadas con tecnolog\u00eda, innovaci\u00f3n y \u2018entrepreneurship\u2019, de las que participaron los CEOs y fundadores de las grandes compa\u00f1\u00edas de negocios a nivel mundial, entre los que se destacan el CEO de IBM, Roberto Alexander; el CEO de Microsoft, Diego Bekerman; el CEO de Google, Federico Procaccini; el fundador y CEO de Mercadolibre.com, Marcos Galper\u00edn, y el CEO de Motorola Solutions, Pablo Orsei.<\/p>\n<p>Adem\u00e1s, la jornada cont\u00f3 con una exposici\u00f3n del ministro de Modernizaci\u00f3n de la Naci\u00f3n, Andr\u00e9s Ibarra y del de Transporte, Guillermo Dietrich.<\/p>\n<p>Seg\u00fan el cronograma previsto para la tarde, las actividades continuar\u00e1n con disertaciones vinculadas al \u00e1mbito energ\u00e9tico, cuyo principal orador ser\u00e1 el ministro de Energ\u00eda y Miner\u00eda de la Naci\u00f3n, Juan Jos\u00e9 Aranguren y el subsecretario de Energ\u00edas Renovables, Sebasti\u00e1n Kind.<\/p>\n<p>El ministro de Producci\u00f3n de la Naci\u00f3n, Francisco Cabrera, estar\u00e1 a cargo de la exposici\u00f3n sobre oportunidades de inversi\u00f3n, y a continuaci\u00f3n se escuchar\u00e1n las palabras de la secretaria de Comercio de los Estados Unidos, Penny Pritzker, y de CEOs de importantes empresas.<\/p>\n<p>El cierre de la jornada estar\u00e1 a cargo del CEO de AmCham, Alejandro D\u00edaz, quien realizar\u00e1 anuncios de inversiones junto a funcionarios de los gobiernos argentino y estadounidense.<\/p>\n<p>AmCham, es una organizaci\u00f3n no gubernamental, independiente y sin fines de lucro, con 98 a\u00f1os de trabajo dedicado a la promoci\u00f3n del comercio bilateral y la inversi\u00f3n entre los dos pa\u00edses.<\/p>\n<p>Fuente: Energy Press<\/p>\n<!-- AddThis Advanced Settings generic via filter on the_content -->","protected":false},"excerpt":{"rendered":"<p>El gobernador Guti\u00e9rrez expuso en la cumbre de la AmCham Argentina Omar Guti\u00e9rrez particip\u00f3 en la Capital Federal de las<!-- AddThis Advanced Settings generic via filter on get_the_excerpt --><\/p>\n","protected":false},"author":2,"featured_media":0,"comment_status":"closed","ping_status":"open","sticky":false,"template":"","format":"standard","meta":{"colormag_page_container_layout":"default_layout","colormag_page_sidebar_layout":"default_layout","jetpack_post_was_ever_published":false,"_jetpack_newsletter_access":"","_jetpack_dont_email_post_to_subs":false,"_jetpack_newsletter_tier_id":0,"_jetpack_memberships_contains_paywalled_content":false,"_jetpack_memberships_contains_paid_content":false,"footnotes":"","jetpack_publicize_message":"","jetpack_publicize_feature_enabled":true,"jetpack_social_post_already_shared":false,"jetpack_social_options":{"image_generator_settings":{"template":"highway","default_image_id":0,"font":"","enabled":false},"version":2}},"categories":[3],"tags":[17],"class_list":["post-386","post","type-post","status-publish","format-standard","hentry","category-sustentabilidad","tag-otros-medios"],"jetpack_publicize_connections":[],"jetpack_featured_media_url":"","jetpack_shortlink":"https:\/\/wp.me\/p7L1gj-6e","jetpack-related-posts":[{"id":4557,"url":"http:\/\/ccnews.com.ar\/prensa\/gutierrez-sobre-vaca-muerta-es-un-jugador-de-clase-mundial\/","url_meta":{"origin":386,"position":0},"title":"Guti\u00e9rrez, sobre Vaca Muerta: &#8220;Es un jugador de clase mundial&#8221;","author":"CLUSTERciar","date":"28 junio, 2017","format":false,"excerpt":"En la tercera cumbre anual Argentina Shale Gas and Oil Summit 2017, que se realiza en Buenos Aires, Omar Guti\u00e9rrez resalt\u00f3 las posibilidades de inversi\u00f3n que ofrece la provincia del Neuqu\u00e9n. \"Argentina cuenta en Neuqu\u00e9n con un jugador de clase mundial en la cadena de valor global del petr\u00f3leo y\u2026","rel":"","context":"En \u00abManagement\u00bb","block_context":{"text":"Management","link":"http:\/\/ccnews.com.ar\/prensa\/category\/management\/"},"img":{"alt_text":"","src":"https:\/\/i0.wp.com\/ccnews.com.ar\/prensa\/wp-content\/uploads\/2017\/06\/guitierrez260617.jpg?fit=250%2C250&resize=350%2C200","width":350,"height":200},"classes":[]},{"id":4551,"url":"http:\/\/ccnews.com.ar\/prensa\/omar-gutierrez-habra-un-multimillonario-anuncio-de-inversion-para-vaca-muerta\/","url_meta":{"origin":386,"position":1},"title":"Omar Guti\u00e9rrez: \u201cHabr\u00e1 un multimillonario anuncio de inversi\u00f3n\u201d para Vaca Muerta","author":"CLUSTERciar","date":"28 junio, 2017","format":false,"excerpt":"El gobernador se\u00f1al\u00f3 que se dar\u00e1 a conocer \u201cesta semana\u201d. Afirm\u00f3 que buscan \u201cgenerar una revoluci\u00f3n industrial en Neuqu\u00e9n\u201d. El gobernador de Neuqu\u00e9n, Omar Guti\u00e9rrez, anticip\u00f3 hoy que \u201cesta semana habr\u00e1 un nuevo anuncio y la pr\u00f3xima otro m\u00e1s, por cifras multimillonarias\u201d en materia de inversiones para el desarrollo de\u2026","rel":"","context":"En \u00abManagement\u00bb","block_context":{"text":"Management","link":"http:\/\/ccnews.com.ar\/prensa\/category\/management\/"},"img":{"alt_text":"","src":"https:\/\/i0.wp.com\/ccnews.com.ar\/prensa\/wp-content\/uploads\/2017\/06\/image_content_8545680_20170626191928.jpg?fit=660%2C370&resize=350%2C200","width":350,"height":200,"srcset":"https:\/\/i0.wp.com\/ccnews.com.ar\/prensa\/wp-content\/uploads\/2017\/06\/image_content_8545680_20170626191928.jpg?fit=660%2C370&resize=350%2C200 1x, https:\/\/i0.wp.com\/ccnews.com.ar\/prensa\/wp-content\/uploads\/2017\/06\/image_content_8545680_20170626191928.jpg?fit=660%2C370&resize=525%2C300 1,5x"},"classes":[]},{"id":3085,"url":"http:\/\/ccnews.com.ar\/prensa\/gutierrez-sobre-vaca-muerta-esto-es-generar-reglas-de-juego-claras\/","url_meta":{"origin":386,"position":2},"title":"Guti\u00e9rrez sobre Vaca Muerta: \u201cEsto es generar reglas de juego claras\u201d","author":"CLUSTERciar","date":"12 enero, 2017","format":false,"excerpt":"El gobernador de Neuqu\u00e9n valor\u00f3 que el plan para el desarrollo productivo de la zona se haya realizado desde un abordaje integral y destac\u00f3 la extensi\u00f3n del Plan Gas. El gobernador de Neuqu\u00e9n, Omar Guti\u00e9rrez, consider\u00f3 que el\u00a0plan de explotaci\u00f3n de Vaca Muerta\u00a0genera \u201creglas claras\u201d y valor\u00f3 que el mismo\u2026","rel":"","context":"En \u00abManagement\u00bb","block_context":{"text":"Management","link":"http:\/\/ccnews.com.ar\/prensa\/category\/management\/"},"img":{"alt_text":"","src":"","width":0,"height":0},"classes":[]},{"id":254,"url":"http:\/\/ccnews.com.ar\/prensa\/ypf-pondra-en-marcha-5-equipos-petroleros-de-los-21-que-habia-desactivado\/","url_meta":{"origin":386,"position":3},"title":"YPF pondr\u00e1 en marcha 5 equipos petroleros de los 21 que hab\u00eda desactivado","author":"CLUSTERciar","date":"17 marzo, 2016","format":false,"excerpt":"La decisi\u00f3n surgi\u00f3 luego de que el gobierno nacional se comprometiera a pagar la deuda que tiene con la petrolera por el subsidio del gas nuevo. Respecto al precio del gas \"es una decisi\u00f3n tomada\", dijo el gobernador Omar Guti\u00e9rrez. El gobierno nacional acord\u00f3 con la empresa YPF el pago\u2026","rel":"","context":"En \u00abSustentabilidad\u00bb","block_context":{"text":"Sustentabilidad","link":"http:\/\/ccnews.com.ar\/prensa\/category\/sustentabilidad\/"},"img":{"alt_text":"trace","src":"https:\/\/i0.wp.com\/clusterciar.com.ar\/wp\/wp-content\/uploads\/2016\/04\/trace-300x85.jpg?resize=350%2C200","width":350,"height":200},"classes":[]},{"id":9553,"url":"http:\/\/ccnews.com.ar\/prensa\/gutierrez-acordo-inversiones-con-el-presidente-chino\/","url_meta":{"origin":386,"position":4},"title":"Guti\u00e9rrez acord\u00f3 inversiones con el presidente chino","author":"CLUSTERciar","date":"5 diciembre, 2018","format":false,"excerpt":"El gobernador mantuvo un encuentro con Xi Jinping durante el almuerzo de honor que se realiz\u00f3 en Olivos. Capitales orientales desembarcar\u00e1n en proyectos el\u00e9ctricos y de video seguridad. El gobierno neuquino celebr\u00f3 ayer una serie de acuerdos con la administraci\u00f3n nacional china. Fue tras un encuentro que mantuvieron el gobernador\u2026","rel":"","context":"En \u00abEnerg\u00eda y Producci\u00f3n\u00bb","block_context":{"text":"Energ\u00eda y Producci\u00f3n","link":"http:\/\/ccnews.com.ar\/prensa\/category\/energia-y-produccion\/"},"img":{"alt_text":"","src":"https:\/\/i0.wp.com\/ccnews.com.ar\/prensa\/wp-content\/uploads\/2018\/12\/ccn-1.jpg?fit=660%2C370&resize=350%2C200","width":350,"height":200,"srcset":"https:\/\/i0.wp.com\/ccnews.com.ar\/prensa\/wp-content\/uploads\/2018\/12\/ccn-1.jpg?fit=660%2C370&resize=350%2C200 1x, https:\/\/i0.wp.com\/ccnews.com.ar\/prensa\/wp-content\/uploads\/2018\/12\/ccn-1.jpg?fit=660%2C370&resize=525%2C300 1,5x"},"classes":[]},{"id":5523,"url":"http:\/\/ccnews.com.ar\/prensa\/gutierrez-pide-acelerar-las-inversiones\/","url_meta":{"origin":386,"position":5},"title":"Guti\u00e9rrez pide acelerar las inversiones","author":"CLUSTERciar","date":"22 septiembre, 2017","format":false,"excerpt":"El gobernador neuquino apuesta a mantener el di\u00e1logo entre todos los sectores. Proyecta que el pr\u00f3ximo paso para Vaca Muerta ser\u00e1 la industrializaci\u00f3n en origen. Tambi\u00e9n considera que ahora la velocidad del desarrollo est\u00e1 en mano de las compa\u00f1\u00edas. El gobernador Omar Guti\u00e9rrez tom\u00f3 la posta de su antecesor, Jorge\u2026","rel":"","context":"En \u00abManagement\u00bb","block_context":{"text":"Management","link":"http:\/\/ccnews.com.ar\/prensa\/category\/management\/"},"img":{"alt_text":"","src":"https:\/\/i0.wp.com\/ccnews.com.ar\/prensa\/wp-content\/uploads\/2017\/09\/gutierrez210917.jpg?fit=250%2C250&resize=350%2C200","width":350,"height":200},"classes":[]}],"jetpack_sharing_enabled":true,"_links":{"self":[{"href":"http:\/\/ccnews.com.ar\/prensa\/wp-json\/wp\/v2\/posts\/386","targetHints":{"allow":["GET"]}}],"collection":[{"href":"http:\/\/ccnews.com.ar\/prensa\/wp-json\/wp\/v2\/posts"}],"about":[{"href":"http:\/\/ccnews.com.ar\/prensa\/wp-json\/wp\/v2\/types\/post"}],"author":[{"embeddable":true,"href":"http:\/\/ccnews.com.ar\/prensa\/wp-json\/wp\/v2\/users\/2"}],"replies":[{"embeddable":true,"href":"http:\/\/ccnews.com.ar\/prensa\/wp-json\/wp\/v2\/comments?post=386"}],"version-history":[{"count":0,"href":"http:\/\/ccnews.com.ar\/prensa\/wp-json\/wp\/v2\/posts\/386\/revisions"}],"wp:attachment":[{"href":"http:\/\/ccnews.com.ar\/prensa\/wp-json\/wp\/v2\/media?parent=386"}],"wp:term":[{"taxonomy":"category","embeddable":true,"href":"http:\/\/ccnews.com.ar\/prensa\/wp-json\/wp\/v2\/categories?post=386"},{"taxonomy":"post_tag","embeddable":true,"href":"http:\/\/ccnews.com.ar\/prensa\/wp-json\/wp\/v2\/tags?post=386"}],"curies":[{"name":"wp","href":"https:\/\/api.w.org\/{rel}","templated":true}]}}