{"id":3875,"date":"2017-04-25T08:00:07","date_gmt":"2017-04-25T11:00:07","guid":{"rendered":"http:\/\/clusterciarnews.com.ar\/prensa\/?p=3875"},"modified":"2017-04-25T16:24:02","modified_gmt":"2017-04-25T19:24:02","slug":"una-empresa-argentina-fue-presentada-como-caso-de-estudio-en-harvard-business-school","status":"publish","type":"post","link":"http:\/\/ccnews.com.ar\/prensa\/una-empresa-argentina-fue-presentada-como-caso-de-estudio-en-harvard-business-school\/","title":{"rendered":"Una empresa argentina fue presentada como caso de estudio en Harvard Business School"},"content":{"rendered":"<div class=\"itemIntroText\">\n<div class=\"tituloprincipal titulo\">Mat\u00edas Recchia, CEO de IguanaFix, relat\u00f3 a los alumnos de la prestigiosa escuela de negocios norteamericana c\u00f3mo escal\u00f3 su compa\u00f1\u00eda a cuatro pa\u00edses y lleg\u00f3 a m\u00e1s de 35.000 servicios prestados por mes en un mercado resistente a los cambios<\/div>\n<div class=\"firmaautornh\"><\/div>\n<div class=\"fotonotanh\">La plataforma argentina de servicios &#8220;on-demand&#8221; para hogar y autos, <strong>IguanaFix<\/strong>, fue seleccionada por los profesores Thomas Eisenmann (titular) y Jeffrey Rayport (Senior Lecturer) para ser presentada como un <strong>caso de estudio<\/strong> en la c\u00e1tedra &#8220;Scaling Tech Ventures&#8221;, en la\u00a0<strong>Harvard Business School<\/strong>.<\/div>\n<div class=\"fotonotanh\"><img data-recalc-dims=\"1\" loading=\"lazy\" decoding=\"async\" class=\"alignleft\" src=\"https:\/\/i0.wp.com\/dbiz.today\/images\/2016173705062720160627173652IguanaFix.jpg?resize=361%2C263\" alt=\"Resultado de imagen para mat\u00edas Recchia, CEO de IguanaFix,\" width=\"361\" height=\"263\" \/><\/div>\n<div class=\"contenidonotanh\">\n<div id=\"eplAdDivBanner_12_Inline_video\"><\/div>\n<p>El caso fue presentado el 11 de abril a un extenso grupo de alumnos por <strong>Mat\u00edas Recchia<\/strong>, CEO &amp; Co-founder de la empresa, quien dio cuenta del proceso de <strong>creaci\u00f3n y desarrollo <\/strong>de la compa\u00f1\u00eda desde su idea original hasta su actualidad en <strong>cuatro pa\u00edses de la regi\u00f3n<\/strong>, con 20.000 profesionales y m\u00e1s de 35.000 servicios prestados por mes.<\/p>\n<div id=\"eplAdDivBanner_7_Inline_video\">\u00a0El equipo de <strong>investigadores<\/strong> de la prestigiosa escuela de negocios pas\u00f3 varios <strong>meses analizando<\/strong> la trayectoria y el desarrollo de IguanaFix, adem\u00e1s de realizar <strong>entrevistas<\/strong> personales y virtuales a los fundadores de la empresa para el armado y la redacci\u00f3n final del caso presentado.<\/div>\n<p>El principal enfoque del estudio est\u00e1 dirigido a analizar el <strong>modelo de negocio<\/strong>, las <strong>estrategias<\/strong> de desarrollo, el <strong>liderazgo<\/strong> y el fuerte contenido de <strong>innovaci\u00f3n<\/strong> que ofrece la empresa dentro de un <strong>mercado muy tradicional<\/strong> y resistente a los cambios.<\/p>\n<p>&#8220;Creo que IguanaFix, como <strong>caso de estudio<\/strong>, es <strong>muy rico<\/strong>. Es un proyecto que se inici\u00f3 a partir de una necesidad que descubr\u00ed una vez que necesit\u00e9 mudarme y hoy se convirti\u00f3 en una <strong>empresa regional<\/strong> que brinda un servicio transparente y de calidad&#8221;, dijo Recchia.<\/p>\n<p>Y agreg\u00f3: &#8220;Sinceramente para m\u00ed y para todos los que hacemos IguanaFix es un <strong>gran orgullo<\/strong> poder contar nuestra historia en Harvard, ya que nos representa como personas y demuestra que con buenas ideas, trabajo y voluntad se pueden generar proyectos disruptivos que mejoran el d\u00eda a d\u00eda de las personas.&#8221;<\/p>\n<p>Fuente: IProfesional<\/p>\n<\/div>\n<\/div>\n<!-- AddThis Advanced Settings generic via filter on the_content -->","protected":false},"excerpt":{"rendered":"<p>Mat\u00edas Recchia, CEO de IguanaFix, relat\u00f3 a los alumnos de la prestigiosa escuela de negocios norteamericana c\u00f3mo escal\u00f3 su compa\u00f1\u00eda<!-- AddThis Advanced Settings generic via filter on get_the_excerpt --><\/p>\n","protected":false},"author":2,"featured_media":3877,"comment_status":"closed","ping_status":"closed","sticky":false,"template":"","format":"standard","meta":{"colormag_page_container_layout":"default_layout","colormag_page_sidebar_layout":"default_layout","jetpack_post_was_ever_published":false,"_jetpack_newsletter_access":"","_jetpack_dont_email_post_to_subs":false,"_jetpack_newsletter_tier_id":0,"_jetpack_memberships_contains_paywalled_content":false,"_jetpack_memberships_contains_paid_content":false,"footnotes":"","jetpack_publicize_message":"","jetpack_publicize_feature_enabled":true,"jetpack_social_post_already_shared":true,"jetpack_social_options":{"image_generator_settings":{"template":"highway","default_image_id":0,"font":"","enabled":false},"version":2}},"categories":[7],"tags":[17],"class_list":["post-3875","post","type-post","status-publish","format-standard","has-post-thumbnail","hentry","category-management","tag-otros-medios"],"jetpack_publicize_connections":[],"jetpack_featured_media_url":"https:\/\/i0.wp.com\/ccnews.com.ar\/prensa\/wp-content\/uploads\/2017\/04\/441638.jpg?fit=630%2C460","jetpack_shortlink":"https:\/\/wp.me\/p7L1gj-10v","jetpack-related-posts":[{"id":2421,"url":"http:\/\/ccnews.com.ar\/prensa\/nuestro-marco-regulatorio-se-va-a-estudiar-en-harvard\/","url_meta":{"origin":3875,"position":0},"title":"\u201cNuestro marco regulatorio se va a estudiar en Harvard\u201d","author":"CLUSTERciar","date":"4 diciembre, 2016","format":false,"excerpt":"El director de Energ\u00edas Renovables de Naci\u00f3n, Maximiliano Morrone, destac\u00f3 los avances de la ley Guinle en Argentina. El desarrollo de las energ\u00edas renovables es una cuesti\u00f3n de Estado. El director nacional de Promoci\u00f3n de Energ\u00edas Renovables, Maximiliano Morrone expuso en la Semana de Energ\u00eda E\u00f3lica de Cutral Co la\u2026","rel":"","context":"En \u00abSustentabilidad\u00bb","block_context":{"text":"Sustentabilidad","link":"http:\/\/ccnews.com.ar\/prensa\/category\/sustentabilidad\/"},"img":{"alt_text":"","src":"","width":0,"height":0},"classes":[]},{"id":16370,"url":"http:\/\/ccnews.com.ar\/prensa\/segun-un-estudio-internacional-argentina-lidera-en-la-region-por-su-nivel-de-ingles\/","url_meta":{"origin":3875,"position":1},"title":"Seg\u00fan un estudio internacional, Argentina lidera en la regi\u00f3n por su nivel de ingl\u00e9s","author":"Editor","date":"26 noviembre, 2020","format":false,"excerpt":"La edici\u00f3n 2020 del Indice de Dominio del Ingl\u00e9s coloc\u00f3 a nuestro pa\u00eds en el puesto 25 del ranking mundial.","rel":"","context":"En \u00abEducaci\u00f3n\/Sociedad\u00bb","block_context":{"text":"Educaci\u00f3n\/Sociedad","link":"http:\/\/ccnews.com.ar\/prensa\/category\/educacion-sociedad\/"},"img":{"alt_text":"","src":"","width":0,"height":0},"classes":[]},{"id":14296,"url":"http:\/\/ccnews.com.ar\/prensa\/ds-el-software-que-potencia-empresas-de-servicios-del-rubro-automotriz\/","url_meta":{"origin":3875,"position":2},"title":"D&#038;S: el software que potencia empresas de servicios del rubro automotriz","author":"admin","date":"16 enero, 2020","format":false,"excerpt":"D&S (detail & service)\u00a0es un software que optimiza procesos y suma valor a los servicios de\u00a0agencias de veh\u00edculos usados, concesionarios oficiales, talleres, empresas de mantenimiento de automotores y\u00a0compa\u00f1\u00edas\u00a0de\u00a0car detailing.\u00a0Fue\u00a0desarrollado por la firma Alit\u00e1Ware para ser comercializado\u00a0en Argentina y\u00a0se exporta a Estados Unidos. La transformaci\u00f3n digital tambi\u00e9n lleg\u00f3 a las empresas\u2026","rel":"","context":"En \u00abTransformaci\u00f3n digital\u00bb","block_context":{"text":"Transformaci\u00f3n digital","link":"http:\/\/ccnews.com.ar\/prensa\/category\/transformacion-digital\/"},"img":{"alt_text":"","src":"https:\/\/i0.wp.com\/ccnews.com.ar\/prensa\/wp-content\/uploads\/2020\/01\/nota-2.jpg?fit=816%2C426&resize=350%2C200","width":350,"height":200,"srcset":"https:\/\/i0.wp.com\/ccnews.com.ar\/prensa\/wp-content\/uploads\/2020\/01\/nota-2.jpg?fit=816%2C426&resize=350%2C200 1x, https:\/\/i0.wp.com\/ccnews.com.ar\/prensa\/wp-content\/uploads\/2020\/01\/nota-2.jpg?fit=816%2C426&resize=525%2C300 1,5x, https:\/\/i0.wp.com\/ccnews.com.ar\/prensa\/wp-content\/uploads\/2020\/01\/nota-2.jpg?fit=816%2C426&resize=700%2C400 2x"},"classes":[]},{"id":4211,"url":"http:\/\/ccnews.com.ar\/prensa\/clusterciar-resalto-la-participacion-argentina-en-houston\/","url_meta":{"origin":3875,"position":3},"title":"CLUSTERciar RESALT\u00d3 LA PARTICIPACI\u00d3N ARGENTINA EN HOUSTON","author":"CLUSTERciar","date":"17 mayo, 2017","format":false,"excerpt":"El director de Negocios y Relaciones Institucionales de CLUSTERciar, Jorge Petrocelli, destac\u00f3 la misi\u00f3n de empresarios locales en la OTC. \u201cEs un momento para poder hablar en qu\u00e9 est\u00e1n todos\u201d, precis\u00f3. Jorge Petrocelli, Director de Negocios y Relaciones Institucionales del CLUSTERciar fue uno de los representantes delas 35 organizaciones que\u2026","rel":"","context":"En \u00abManagement\u00bb","block_context":{"text":"Management","link":"http:\/\/ccnews.com.ar\/prensa\/category\/management\/"},"img":{"alt_text":"","src":"https:\/\/i0.wp.com\/ccnews.com.ar\/prensa\/wp-content\/uploads\/2017\/05\/IMG_2893.jpg?fit=1200%2C900&resize=350%2C200","width":350,"height":200,"srcset":"https:\/\/i0.wp.com\/ccnews.com.ar\/prensa\/wp-content\/uploads\/2017\/05\/IMG_2893.jpg?fit=1200%2C900&resize=350%2C200 1x, https:\/\/i0.wp.com\/ccnews.com.ar\/prensa\/wp-content\/uploads\/2017\/05\/IMG_2893.jpg?fit=1200%2C900&resize=525%2C300 1,5x, https:\/\/i0.wp.com\/ccnews.com.ar\/prensa\/wp-content\/uploads\/2017\/05\/IMG_2893.jpg?fit=1200%2C900&resize=700%2C400 2x, https:\/\/i0.wp.com\/ccnews.com.ar\/prensa\/wp-content\/uploads\/2017\/05\/IMG_2893.jpg?fit=1200%2C900&resize=1050%2C600 3x"},"classes":[]},{"id":8145,"url":"http:\/\/ccnews.com.ar\/prensa\/adelanto-radiografia-de-los-inversores-angeles-que-apuestan-por-las-startups-argentinas\/","url_meta":{"origin":3875,"position":4},"title":"Adelanto: radiograf\u00eda de los inversores \u00e1ngeles que apuestan por las startups argentinas","author":"admin","date":"24 junio, 2018","format":false,"excerpt":"ARCAP comparti\u00f3 el primer estudio sobre este segmento poco conocido del ecosistema emprendedor local. \u00bfDe d\u00f3nde vienen y cu\u00e1nto desembolsan? El panorama para obtener\u00a0financiamiento\u00a0para desarrollar un\u00a0emprendimiento\u00a0en la\u00a0Argentina\u00a0est\u00e1 cambiando, aunque muy lentamente. Con la Ley de Emprendedores se pens\u00f3 en abrir la posibilidad de obtener capital mediante\u00a0crowdfunding, algo que promet\u00eda a\u2026","rel":"","context":"En \u00abManagement\u00bb","block_context":{"text":"Management","link":"http:\/\/ccnews.com.ar\/prensa\/category\/management\/"},"img":{"alt_text":"","src":"https:\/\/i0.wp.com\/ccnews.com.ar\/prensa\/wp-content\/uploads\/2018\/06\/454168.jpg?fit=1200%2C876&resize=350%2C200","width":350,"height":200,"srcset":"https:\/\/i0.wp.com\/ccnews.com.ar\/prensa\/wp-content\/uploads\/2018\/06\/454168.jpg?fit=1200%2C876&resize=350%2C200 1x, https:\/\/i0.wp.com\/ccnews.com.ar\/prensa\/wp-content\/uploads\/2018\/06\/454168.jpg?fit=1200%2C876&resize=525%2C300 1,5x, https:\/\/i0.wp.com\/ccnews.com.ar\/prensa\/wp-content\/uploads\/2018\/06\/454168.jpg?fit=1200%2C876&resize=700%2C400 2x, https:\/\/i0.wp.com\/ccnews.com.ar\/prensa\/wp-content\/uploads\/2018\/06\/454168.jpg?fit=1200%2C876&resize=1050%2C600 3x"},"classes":[]},{"id":6723,"url":"http:\/\/ccnews.com.ar\/prensa\/argentina-avanzo-15-lugares-y-se-mete-entre-las-50-naciones-mas-competitivas-para-el-talento-global\/","url_meta":{"origin":3875,"position":5},"title":"Argentina avanz\u00f3 15 lugares y se mete entre las 50 naciones m\u00e1s competitivas para el talento global","author":"CLUSTERciar","date":"14 febrero, 2018","format":false,"excerpt":"El pa\u00eds mejor\u00f3 notablemente su performance en lo referido al crecimiento econ\u00f3mico como factor de atracci\u00f3n para el capital humano, seg\u00fan un \u00edndice presentado en el Foro de Davos\u00a0 \u00a0 \u00a0 \u00a0 \u00a0 \u00a0\u00a0 n una era definida por la incertidumbre y las divisiones crecientes, la\u00a0diversidad\u00a0del talento\u00a0impulsa la innovaci\u00f3n, ayuda\u2026","rel":"","context":"En \u00abManagement\u00bb","block_context":{"text":"Management","link":"http:\/\/ccnews.com.ar\/prensa\/category\/management\/"},"img":{"alt_text":"","src":"https:\/\/i0.wp.com\/ccnews.com.ar\/prensa\/wp-content\/uploads\/2018\/01\/435517.jpg?fit=630%2C460&resize=350%2C200","width":350,"height":200,"srcset":"https:\/\/i0.wp.com\/ccnews.com.ar\/prensa\/wp-content\/uploads\/2018\/01\/435517.jpg?fit=630%2C460&resize=350%2C200 1x, https:\/\/i0.wp.com\/ccnews.com.ar\/prensa\/wp-content\/uploads\/2018\/01\/435517.jpg?fit=630%2C460&resize=525%2C300 1,5x"},"classes":[]}],"jetpack_sharing_enabled":true,"_links":{"self":[{"href":"http:\/\/ccnews.com.ar\/prensa\/wp-json\/wp\/v2\/posts\/3875","targetHints":{"allow":["GET"]}}],"collection":[{"href":"http:\/\/ccnews.com.ar\/prensa\/wp-json\/wp\/v2\/posts"}],"about":[{"href":"http:\/\/ccnews.com.ar\/prensa\/wp-json\/wp\/v2\/types\/post"}],"author":[{"embeddable":true,"href":"http:\/\/ccnews.com.ar\/prensa\/wp-json\/wp\/v2\/users\/2"}],"replies":[{"embeddable":true,"href":"http:\/\/ccnews.com.ar\/prensa\/wp-json\/wp\/v2\/comments?post=3875"}],"version-history":[{"count":1,"href":"http:\/\/ccnews.com.ar\/prensa\/wp-json\/wp\/v2\/posts\/3875\/revisions"}],"predecessor-version":[{"id":3879,"href":"http:\/\/ccnews.com.ar\/prensa\/wp-json\/wp\/v2\/posts\/3875\/revisions\/3879"}],"wp:featuredmedia":[{"embeddable":true,"href":"http:\/\/ccnews.com.ar\/prensa\/wp-json\/wp\/v2\/media\/3877"}],"wp:attachment":[{"href":"http:\/\/ccnews.com.ar\/prensa\/wp-json\/wp\/v2\/media?parent=3875"}],"wp:term":[{"taxonomy":"category","embeddable":true,"href":"http:\/\/ccnews.com.ar\/prensa\/wp-json\/wp\/v2\/categories?post=3875"},{"taxonomy":"post_tag","embeddable":true,"href":"http:\/\/ccnews.com.ar\/prensa\/wp-json\/wp\/v2\/tags?post=3875"}],"curies":[{"name":"wp","href":"https:\/\/api.w.org\/{rel}","templated":true}]}}