{"id":3901,"date":"2017-05-05T08:00:37","date_gmt":"2017-05-05T11:00:37","guid":{"rendered":"http:\/\/clusterciarnews.com.ar\/prensa\/?p=3901"},"modified":"2017-05-05T09:50:41","modified_gmt":"2017-05-05T12:50:41","slug":"talento-en-clave-de-diversidad","status":"publish","type":"post","link":"http:\/\/ccnews.com.ar\/prensa\/talento-en-clave-de-diversidad\/","title":{"rendered":"Talento en clave de diversidad"},"content":{"rendered":"<h2>A partir de una iniciativa que surgi\u00f3 por parte de un empleado en Alemania, SAP implement\u00f3 un programa que promueve la inclusi\u00f3n de personas con trastornos del espectro autista en el mundo corporativo.<\/h2>\n<p>Cada vez m\u00e1s, las empresas reconocen que en la diversidad est\u00e1 el futuro. Con esto en vista, SAP aplic\u00f3 el programa &#8220;Autismo en el Trabajo&#8221;, que promueve la inclusi\u00f3n de personas con trastornos del espectro autista (TEA) en el mundo corporativo. Surgi\u00f3 en Alemania, cuando un empleado, padre de un ni\u00f1o autista, present\u00f3 el proyecto. Fue lanzado en 2012 y permiti\u00f3 sumar a m\u00e1s de 100 personas a la n\u00f3mina de empleados de siete pa\u00edses: EE.UU., Alemania, Canad\u00e1, Irlanda, India y Brasil, adem\u00e1s de la Argentina. &#8220;Nuestra meta es lograr que el 1% de nuestra fuerza laboral pertenezca a este grupo poblacional hacia 2020&#8221;, explica Constanza Qui\u00f1ones, directora de RR.HH. de SAP Argentina. A nivel local, SAP cont\u00f3 con la colaboraci\u00f3n de la Asociaci\u00f3n Argentina de Padres de Autistas (APAdeA) y Specialisterne, una organizaci\u00f3n que lidera la captaci\u00f3n de talentos autistas para el sector de tecnolog\u00eda. &#8220;Ambos nos dieron el soporte para profundizar acerca del autismo y seleccionar perfiles que pudieran cumplir las funciones de las vacantes, as\u00ed como en el proceso de selecci\u00f3n. Se incorporaron cuatro personas, dos de 20 a\u00f1os y dos de 30&#8221;, cuenta la ejecutiva. Tambi\u00e9n hay un mentor o buddy, que acompa\u00f1a y asiste.<br \/>\n&#8220;Uno de los aprendizajes se dio en los procesos de selecci\u00f3n, que no est\u00e1n pensandos para las personas con TEA o capacidades diferentes. En este caso, demand\u00f3 cerca de tres meses, cuando el promedio es de dos, e incluy\u00f3 actividades especiales, como ejercicios de programaci\u00f3n con Legos&#8221;, explica Qui\u00f1ones. Las personas contratadas cubrieron puestos que ya exist\u00edan. &#8220;Realizamos capacitaciones en la compa\u00f1\u00eda para comprender sus particularidades y tener en cuenta las necesidades. Por ejemplo, necesitan indicaciones concretas y literales, lo que nos obliga a ser m\u00e1s claros a la hora de comunicarnos&#8221;, a\u00f1ade la ejecutiva. Y concluye: &#8220;Una cultura diversa e inclusiva impulsa la innovaci\u00f3n, construye un mejor lugar de trabajo y genera un impacto positivo multiplicador en la sociedad&#8221;. F.R.<\/p>\n<p>&nbsp;<\/p>\n<p>Fuente: El Cronista<\/p>\n<!-- AddThis Advanced Settings generic via filter on the_content -->","protected":false},"excerpt":{"rendered":"<p>A partir de una iniciativa que surgi\u00f3 por parte de un empleado en Alemania, SAP implement\u00f3 un programa que promueve<!-- AddThis Advanced Settings generic via filter on get_the_excerpt --><\/p>\n","protected":false},"author":2,"featured_media":3903,"comment_status":"closed","ping_status":"closed","sticky":false,"template":"","format":"standard","meta":{"colormag_page_container_layout":"default_layout","colormag_page_sidebar_layout":"default_layout","jetpack_post_was_ever_published":false,"_jetpack_newsletter_access":"","_jetpack_dont_email_post_to_subs":false,"_jetpack_newsletter_tier_id":0,"_jetpack_memberships_contains_paywalled_content":false,"_jetpack_memberships_contains_paid_content":false,"footnotes":"","jetpack_publicize_message":"","jetpack_publicize_feature_enabled":true,"jetpack_social_post_already_shared":true,"jetpack_social_options":{"image_generator_settings":{"template":"highway","default_image_id":0,"font":"","enabled":false},"version":2}},"categories":[7],"tags":[17],"class_list":["post-3901","post","type-post","status-publish","format-standard","has-post-thumbnail","hentry","category-management","tag-otros-medios"],"jetpack_publicize_connections":[],"jetpack_featured_media_url":"https:\/\/i0.wp.com\/ccnews.com.ar\/prensa\/wp-content\/uploads\/2017\/04\/diversidad.jpg_258117318.jpg?fit=829%2C466","jetpack_shortlink":"https:\/\/wp.me\/p7L1gj-10V","jetpack-related-posts":[{"id":13322,"url":"http:\/\/ccnews.com.ar\/prensa\/autismo-recursos-herramientas-y-consejos-para-profesorado-y-familias\/","url_meta":{"origin":3901,"position":0},"title":"Autismo: recursos, herramientas y consejos para profesorado y familias","author":"admin","date":"21 octubre, 2019","format":false,"excerpt":"Estos art\u00edculos publicados en nuestra web pueden servir de ayuda al profesorado que trabaja con estudiantes con Trastorno del Espectro Autista (TEA). Se trata de consejos, herramientas y recursos para mejorar sus habilidades y colaborar con las familias. El Trastorno del Espectro Autista (TEA) es una alteraci\u00f3n del desarrollo que\u2026","rel":"","context":"En \u00abEducaci\u00f3n\/Sociedad\u00bb","block_context":{"text":"Educaci\u00f3n\/Sociedad","link":"http:\/\/ccnews.com.ar\/prensa\/category\/educacion-sociedad\/"},"img":{"alt_text":"","src":"https:\/\/i0.wp.com\/ccnews.com.ar\/prensa\/wp-content\/uploads\/2019\/10\/5b75494c740e7.jpg?fit=1000%2C562&resize=350%2C200","width":350,"height":200,"srcset":"https:\/\/i0.wp.com\/ccnews.com.ar\/prensa\/wp-content\/uploads\/2019\/10\/5b75494c740e7.jpg?fit=1000%2C562&resize=350%2C200 1x, https:\/\/i0.wp.com\/ccnews.com.ar\/prensa\/wp-content\/uploads\/2019\/10\/5b75494c740e7.jpg?fit=1000%2C562&resize=525%2C300 1,5x, https:\/\/i0.wp.com\/ccnews.com.ar\/prensa\/wp-content\/uploads\/2019\/10\/5b75494c740e7.jpg?fit=1000%2C562&resize=700%2C400 2x"},"classes":[]},{"id":2495,"url":"http:\/\/ccnews.com.ar\/prensa\/seres-premia-el-compromiso-con-el-empleo-la-inclusion-y-el-desarrollo-sostenible\/","url_meta":{"origin":3901,"position":1},"title":"Seres premia el compromiso con el empleo, la inclusi\u00f3n y el desarrollo sostenible","author":"CLUSTERciar","date":"24 noviembre, 2016","format":false,"excerpt":"Proyectos de Accenture, Disjob, Repsol y PRISA reciben el galard\u00f3n por su labor social Accenture, Disjob, la Fundaci\u00f3n Repsol y PRISA, grupo editor de este peri\u00f3dico, han recibido este jueves el premio Seres, que entrega la fundaci\u00f3n del mismo nombre y que reconoce la labor social de las empresas. La\u2026","rel":"","context":"En \u00abManagement\u00bb","block_context":{"text":"Management","link":"http:\/\/ccnews.com.ar\/prensa\/category\/management\/"},"img":{"alt_text":"","src":"https:\/\/i0.wp.com\/ccnews.com.ar\/prensa\/wp-content\/uploads\/2016\/11\/1477503175_439907_1477592107_noticia_normal_recorte1.jpg?fit=1200%2C722&resize=350%2C200","width":350,"height":200,"srcset":"https:\/\/i0.wp.com\/ccnews.com.ar\/prensa\/wp-content\/uploads\/2016\/11\/1477503175_439907_1477592107_noticia_normal_recorte1.jpg?fit=1200%2C722&resize=350%2C200 1x, https:\/\/i0.wp.com\/ccnews.com.ar\/prensa\/wp-content\/uploads\/2016\/11\/1477503175_439907_1477592107_noticia_normal_recorte1.jpg?fit=1200%2C722&resize=525%2C300 1,5x, https:\/\/i0.wp.com\/ccnews.com.ar\/prensa\/wp-content\/uploads\/2016\/11\/1477503175_439907_1477592107_noticia_normal_recorte1.jpg?fit=1200%2C722&resize=700%2C400 2x, https:\/\/i0.wp.com\/ccnews.com.ar\/prensa\/wp-content\/uploads\/2016\/11\/1477503175_439907_1477592107_noticia_normal_recorte1.jpg?fit=1200%2C722&resize=1050%2C600 3x"},"classes":[]},{"id":3907,"url":"http:\/\/ccnews.com.ar\/prensa\/cambiar-para-incluir-el-desafio-de-gestionar-organizaciones-diversas\/","url_meta":{"origin":3901,"position":2},"title":"Cambiar para incluir: el desaf\u00edo de gestionar organizaciones diversas","author":"CLUSTERciar","date":"10 mayo, 2017","format":false,"excerpt":"Hacerlo implica algo m\u00e1s que lograr porcentajes igualitarios. Significa primero construir una cultura organizacional inclusiva. Cu\u00e1les son los desaf\u00edos de las compa\u00f1\u00edas que ya est\u00e1n en ese proceso. El mundo se nos presenta cada vez menos homog\u00e9neo y m\u00e1s abierto a la diversidad. Poco a poco el hombre deja de\u2026","rel":"","context":"En \u00abManagement\u00bb","block_context":{"text":"Management","link":"http:\/\/ccnews.com.ar\/prensa\/category\/management\/"},"img":{"alt_text":"","src":"https:\/\/i0.wp.com\/ccnews.com.ar\/prensa\/wp-content\/uploads\/2017\/04\/nota-diversidad.jpg_258117318.jpg?fit=829%2C466&resize=350%2C200","width":350,"height":200,"srcset":"https:\/\/i0.wp.com\/ccnews.com.ar\/prensa\/wp-content\/uploads\/2017\/04\/nota-diversidad.jpg_258117318.jpg?fit=829%2C466&resize=350%2C200 1x, https:\/\/i0.wp.com\/ccnews.com.ar\/prensa\/wp-content\/uploads\/2017\/04\/nota-diversidad.jpg_258117318.jpg?fit=829%2C466&resize=525%2C300 1,5x, https:\/\/i0.wp.com\/ccnews.com.ar\/prensa\/wp-content\/uploads\/2017\/04\/nota-diversidad.jpg_258117318.jpg?fit=829%2C466&resize=700%2C400 2x"},"classes":[]},{"id":12981,"url":"http:\/\/ccnews.com.ar\/prensa\/la-importancia-de-la-educacion-especial-para-adaptarse-a-las-necesidades-del-alumnado\/","url_meta":{"origin":3901,"position":3},"title":"La importancia de la educaci\u00f3n especial para adaptarse a las necesidades del alumnado","author":"admin","date":"14 septiembre, 2019","format":false,"excerpt":"TDAH, dislexia o TEA son algunos de los trastornos del neurodesarrollo m\u00e1s comunes entre el alumnado y una de las causas m\u00e1s frecuentes de los problemas de aprendizaje y conducta. La educaci\u00f3n especial es esencial para evitar sus consecuencias. \u00bfSab\u00edas que m\u00e1s de un 30% de los estudiantes presentan alg\u00fan\u2026","rel":"","context":"En \u00abEducaci\u00f3n\/Sociedad\u00bb","block_context":{"text":"Educaci\u00f3n\/Sociedad","link":"http:\/\/ccnews.com.ar\/prensa\/category\/educacion-sociedad\/"},"img":{"alt_text":"","src":"https:\/\/i0.wp.com\/ccnews.com.ar\/prensa\/wp-content\/uploads\/2019\/09\/cropped-34090-696x392.jpg?fit=696%2C392&resize=350%2C200","width":350,"height":200,"srcset":"https:\/\/i0.wp.com\/ccnews.com.ar\/prensa\/wp-content\/uploads\/2019\/09\/cropped-34090-696x392.jpg?fit=696%2C392&resize=350%2C200 1x, https:\/\/i0.wp.com\/ccnews.com.ar\/prensa\/wp-content\/uploads\/2019\/09\/cropped-34090-696x392.jpg?fit=696%2C392&resize=525%2C300 1,5x"},"classes":[]},{"id":5403,"url":"http:\/\/ccnews.com.ar\/prensa\/mas-poder-para-los-mandos-intermedios\/","url_meta":{"origin":3901,"position":4},"title":"C\u00f3mo frenar la fuga de talentos en una empresa","author":"CLUSTERciar","date":"2 octubre, 2017","format":false,"excerpt":"El jefe de ventas de Laboratorios Quinton, un laboratorio que fabrica especialidades m\u00e9dicas con sede en Alicante, recibe peri\u00f3dicamente tentadoras ofertas de otras empresas para cambiar de trabajo. Siempre las rechaza, aunque impliquen una mejora significativa de su salario. No es el \u00fanico en Quinton que no quiere irse: \u201cNuestra\u2026","rel":"","context":"En \u00abManagement\u00bb","block_context":{"text":"Management","link":"http:\/\/ccnews.com.ar\/prensa\/category\/management\/"},"img":{"alt_text":"","src":"https:\/\/i0.wp.com\/ccnews.com.ar\/prensa\/wp-content\/uploads\/2017\/09\/image_content_8646687_20170907220954.jpg?fit=660%2C370&resize=350%2C200","width":350,"height":200,"srcset":"https:\/\/i0.wp.com\/ccnews.com.ar\/prensa\/wp-content\/uploads\/2017\/09\/image_content_8646687_20170907220954.jpg?fit=660%2C370&resize=350%2C200 1x, https:\/\/i0.wp.com\/ccnews.com.ar\/prensa\/wp-content\/uploads\/2017\/09\/image_content_8646687_20170907220954.jpg?fit=660%2C370&resize=525%2C300 1,5x"},"classes":[]},{"id":14652,"url":"http:\/\/ccnews.com.ar\/prensa\/el-factor-impensado-que-hace-mas-productivas-a-las-personas-en-el-trabajo\/","url_meta":{"origin":3901,"position":5},"title":"El factor impensado que hace m\u00e1s productivas a las personas en el trabajo","author":"admin","date":"24 febrero, 2020","format":false,"excerpt":"Un empleado destina en promedio 40 horas semanales a su trabajo. Cu\u00e1l es el componente que promueve el bienestar laboral. En promedio, una persona destina m\u00e1s de 40 horas semanales a su trabajo, quiz\u00e1s m\u00e1s. Y a pesar de que muchos pueden dejar atr\u00e1s su empleo cuando termina el horario\u2026","rel":"","context":"En \u00abManagement\u00bb","block_context":{"text":"Management","link":"http:\/\/ccnews.com.ar\/prensa\/category\/management\/"},"img":{"alt_text":"","src":"https:\/\/i0.wp.com\/ccnews.com.ar\/prensa\/wp-content\/uploads\/2020\/02\/ciber-software-company-denver-tech-center.jpg?fit=1152%2C769&resize=350%2C200","width":350,"height":200,"srcset":"https:\/\/i0.wp.com\/ccnews.com.ar\/prensa\/wp-content\/uploads\/2020\/02\/ciber-software-company-denver-tech-center.jpg?fit=1152%2C769&resize=350%2C200 1x, https:\/\/i0.wp.com\/ccnews.com.ar\/prensa\/wp-content\/uploads\/2020\/02\/ciber-software-company-denver-tech-center.jpg?fit=1152%2C769&resize=525%2C300 1,5x, https:\/\/i0.wp.com\/ccnews.com.ar\/prensa\/wp-content\/uploads\/2020\/02\/ciber-software-company-denver-tech-center.jpg?fit=1152%2C769&resize=700%2C400 2x, https:\/\/i0.wp.com\/ccnews.com.ar\/prensa\/wp-content\/uploads\/2020\/02\/ciber-software-company-denver-tech-center.jpg?fit=1152%2C769&resize=1050%2C600 3x"},"classes":[]}],"jetpack_sharing_enabled":true,"_links":{"self":[{"href":"http:\/\/ccnews.com.ar\/prensa\/wp-json\/wp\/v2\/posts\/3901","targetHints":{"allow":["GET"]}}],"collection":[{"href":"http:\/\/ccnews.com.ar\/prensa\/wp-json\/wp\/v2\/posts"}],"about":[{"href":"http:\/\/ccnews.com.ar\/prensa\/wp-json\/wp\/v2\/types\/post"}],"author":[{"embeddable":true,"href":"http:\/\/ccnews.com.ar\/prensa\/wp-json\/wp\/v2\/users\/2"}],"replies":[{"embeddable":true,"href":"http:\/\/ccnews.com.ar\/prensa\/wp-json\/wp\/v2\/comments?post=3901"}],"version-history":[{"count":1,"href":"http:\/\/ccnews.com.ar\/prensa\/wp-json\/wp\/v2\/posts\/3901\/revisions"}],"predecessor-version":[{"id":3905,"href":"http:\/\/ccnews.com.ar\/prensa\/wp-json\/wp\/v2\/posts\/3901\/revisions\/3905"}],"wp:featuredmedia":[{"embeddable":true,"href":"http:\/\/ccnews.com.ar\/prensa\/wp-json\/wp\/v2\/media\/3903"}],"wp:attachment":[{"href":"http:\/\/ccnews.com.ar\/prensa\/wp-json\/wp\/v2\/media?parent=3901"}],"wp:term":[{"taxonomy":"category","embeddable":true,"href":"http:\/\/ccnews.com.ar\/prensa\/wp-json\/wp\/v2\/categories?post=3901"},{"taxonomy":"post_tag","embeddable":true,"href":"http:\/\/ccnews.com.ar\/prensa\/wp-json\/wp\/v2\/tags?post=3901"}],"curies":[{"name":"wp","href":"https:\/\/api.w.org\/{rel}","templated":true}]}}