{"id":4033,"date":"2017-05-04T08:00:52","date_gmt":"2017-05-04T11:00:52","guid":{"rendered":"http:\/\/clusterciarnews.com.ar\/prensa\/?p=4033"},"modified":"2017-05-04T10:27:07","modified_gmt":"2017-05-04T13:27:07","slug":"tras-la-senda-de-pensilvania-y-houston","status":"publish","type":"post","link":"http:\/\/ccnews.com.ar\/prensa\/tras-la-senda-de-pensilvania-y-houston\/","title":{"rendered":"Tras la senda de Pensilvania y Houston"},"content":{"rendered":"<p><strong>Un grupo de empresarios neuquinos viaj\u00f3 a Estados Unidos para visitar los principales campos gas\u00edferos no convencionales. Participar\u00e1n de la Offshore Tecnology Conference y tomar\u00e1n cursos en la universidad local.<\/strong><\/p>\n<div class=\"paragraph\">\n<p>En Pensilvania se vive la gran fiebre del gas y un grupo de empresarios neuquinos le pondr\u00e1n el term\u00f3metro a la formaci\u00f3n Marcellus para pensar Vaca Muerta. En una misi\u00f3n organizada por el Centro Pyme-Adeneu, luego ir\u00e1n al Houston para participar de la feria Offshore Technology Conference (OTC) .<\/p>\n<p>Hoy y ma\u00f1ana unas 15 personas de Neuqu\u00e9n llegan a Williamsport, Pensilvania, y seg\u00fan adelant\u00f3 el coordinador del Programa Hidrocarburos del Centro Pyme, Juli\u00e1n Cervera, aprovechar\u00e1n una capacitaci\u00f3n de la universidad local. La misma instruye a \u00e1reas de gobierno en la tem\u00e1tica del shale gas, complejidades de su desarrollo y el impacto en la sociedad.<\/p>\n<p>\u201cTomamos contacto y planificamos capacitaciones intensivas y reuniones a campos donde se est\u00e9 desarrollando el shale gas\u201d, dijo Cervera. Cont\u00f3 que se abordar\u00e1n los temas: manejo del agua \u2013tanto abastecimiento, como deposici\u00f3n final\u2013, mano de obra y compresi\u00f3n de gas.<\/p>\n<p>En mano de obra estudiar\u00e1n qu\u00e9 habilidades se requieren y c\u00f3mo se generan. \u201cCuando empieza a traccionar la actividad la demanda de mano de obra se dispara y no ten\u00e9s el tiempo necesario para formarla. Es interesante analizar c\u00f3mo lo fueron formando ellos, para estar a la altura de la industria\u201d, dijo Cervera.<\/p>\n<p><img data-recalc-dims=\"1\" loading=\"lazy\" decoding=\"async\" class=\"alignleft\" src=\"https:\/\/i0.wp.com\/www.rionegro.com.ar\/documents\/1\/0\/660x439\/0c0\/660d370\/none\/12350\/GRKL\/image_content_8336502_20170426220837.jpg?resize=237%2C147\" alt=\"Capacitaci\u00f3n y experiencia es lo que los emisarios provinciales buscar\u00e1n de parte de sus pares norteamericanos.\" width=\"237\" height=\"147\" \/><\/p>\n<p>Los temas se definieron a trav\u00e9s de una encuesta a los empresarios. Si bien habr\u00e1 reuniones con referentes del sector, tambi\u00e9n visitar\u00e1n campos y \u00e1reas de desarrollo.<\/p>\n<p>Uno de los puntos m\u00e1s relevantes en el itinerario ser\u00e1 conocer las plantas de comprensi\u00f3n de gas m\u00f3viles. Cuando los tiempos de la explotaci\u00f3n van m\u00e1s r\u00e1pido que la capacidad instalada hay que pensar en alternativas y estos sistemas son una.<\/p>\n<p>\u201cRepresentan una salida hasta que se pueda llevar adelante la construcci\u00f3n de un gasoducto. Queremos conocer la tecnolog\u00eda, el costo para importarla y ofrecerla localmente\u201d, detall\u00f3.<\/p>\n<p><b><\/b><b><\/b><b>Visita a la OTC<\/b><\/p>\n<p><b><\/b><b><\/b>El lunes regresan a Houston para participar en la OTC. En la feria hay m\u00e1s de 2.000 expositores. Desde Neuqu\u00e9n, entre funcionarios y empresarios, hay 60 anotados y 40 confirmados.<\/p>\n<p>Desde el Centro Pyme se encargaron la agenda de actividades. \u201cLa idea es que participen en la feria. Tambi\u00e9n ver inversores interesados en contactar empresas de ac\u00e1, buscar proveedores, realizar representaciones comerciales y otras actividades complementarias\u201d, dijo Cervera.<\/p>\n<p>Habr\u00e1 adem\u00e1s un espacio neuquino sobre Vaca Muerta a trav\u00e9s de la Fundaci\u00f3n Exportar en el que estar\u00e1n las empresas.<\/p>\n<\/div>\n<div class=\"microformat_headline ant-text\"><strong>En n\u00fameros<\/strong><\/div>\n<div class=\"microformat_highlight_text ant-microformat_headline\"><strong>60\u00a0<\/strong>son los empresarios y funcionarios neuquinos que reservaron un espacio para participar de la gira.<\/div>\n<div class=\"microformat_highlight_text ant-microformat_text\"><strong>2.000\u00a0<\/strong>son los expositores que participar\u00e1n de las actividades de la OTC.<\/div>\n<div class=\"microformat_highlight_text ant-microformat_text\"><\/div>\n<div class=\"microformat_highlight_text ant-microformat_text\">Fuente: Diario Rio Negro<\/div>\n<!-- AddThis Advanced Settings generic via filter on the_content -->","protected":false},"excerpt":{"rendered":"<p>Un grupo de empresarios neuquinos viaj\u00f3 a Estados Unidos para visitar los principales campos gas\u00edferos no convencionales. Participar\u00e1n de la<!-- AddThis Advanced Settings generic via filter on get_the_excerpt --><\/p>\n","protected":false},"author":2,"featured_media":4035,"comment_status":"closed","ping_status":"closed","sticky":false,"template":"","format":"standard","meta":{"colormag_page_container_layout":"default_layout","colormag_page_sidebar_layout":"default_layout","jetpack_post_was_ever_published":false,"_jetpack_newsletter_access":"","_jetpack_dont_email_post_to_subs":true,"_jetpack_newsletter_tier_id":0,"_jetpack_memberships_contains_paywalled_content":false,"_jetpack_memberships_contains_paid_content":false,"footnotes":"","jetpack_publicize_message":"","jetpack_publicize_feature_enabled":true,"jetpack_social_post_already_shared":true,"jetpack_social_options":{"image_generator_settings":{"template":"highway","default_image_id":0,"font":"","enabled":false},"version":2}},"categories":[11],"tags":[17],"class_list":["post-4033","post","type-post","status-publish","format-standard","has-post-thumbnail","hentry","category-energia-y-produccion","tag-otros-medios"],"jetpack_publicize_connections":[],"jetpack_featured_media_url":"https:\/\/i0.wp.com\/ccnews.com.ar\/prensa\/wp-content\/uploads\/2017\/05\/image_content_8336502_20170426220837.jpg?fit=660%2C370","jetpack_shortlink":"https:\/\/wp.me\/p7L1gj-133","jetpack-related-posts":[{"id":7551,"url":"http:\/\/ccnews.com.ar\/prensa\/mas-de-70-empresarios-neuquinos-participaran-de-la-cuarta-mision-empresaria-a-houston\/","url_meta":{"origin":4033,"position":0},"title":"M\u00e1s de 70 empresarios neuquinos participar\u00e1n de la cuarta misi\u00f3n empresaria a Houston","author":"admin","date":"20 abril, 2018","format":false,"excerpt":"Desde el gobierno de la provincia del Neuqu\u00e9n, a trav\u00e9s del Centro PyME-Adeneu, se organiza la cuarta misi\u00f3n empresaria a Houston, de la cual participar\u00e1n m\u00e1s de 70 empresarios locales. Como en las ediciones anteriores, se visitar\u00e1n empresas y se llevar\u00e1n a cabo rondas de negocios, en el marco de\u2026","rel":"","context":"En \u00abManagement\u00bb","block_context":{"text":"Management","link":"http:\/\/ccnews.com.ar\/prensa\/category\/management\/"},"img":{"alt_text":"","src":"https:\/\/i0.wp.com\/ccnews.com.ar\/prensa\/wp-content\/uploads\/2018\/04\/Mision_Empresaria_OTC.jpg?fit=800%2C496&resize=350%2C200","width":350,"height":200,"srcset":"https:\/\/i0.wp.com\/ccnews.com.ar\/prensa\/wp-content\/uploads\/2018\/04\/Mision_Empresaria_OTC.jpg?fit=800%2C496&resize=350%2C200 1x, https:\/\/i0.wp.com\/ccnews.com.ar\/prensa\/wp-content\/uploads\/2018\/04\/Mision_Empresaria_OTC.jpg?fit=800%2C496&resize=525%2C300 1,5x, https:\/\/i0.wp.com\/ccnews.com.ar\/prensa\/wp-content\/uploads\/2018\/04\/Mision_Empresaria_OTC.jpg?fit=800%2C496&resize=700%2C400 2x"},"classes":[]},{"id":4185,"url":"http:\/\/ccnews.com.ar\/prensa\/mision-houston-35-empresas-argentinas-abren-caminos-en-el-exterior\/","url_meta":{"origin":4033,"position":1},"title":"Misi\u00f3n Houston: 35 empresas argentinas  abren caminos en el exterior","author":"CLUSTERciar","date":"16 mayo, 2017","format":false,"excerpt":"Por tercer a\u00f1o consecutivo, el Centro Pyme Adeneu organiz\u00f3 una misi\u00f3n de empresarios locales a la feria OTC de Houston, uno de los eventos m\u00e1s importantes del mundo en el sector de hidrocarburos. Entre el 1 y el 4 de mayo, en la capital mundial del petr\u00f3leo se desarroll\u00f3 la\u2026","rel":"","context":"En \u00abManagement\u00bb","block_context":{"text":"Management","link":"http:\/\/ccnews.com.ar\/prensa\/category\/management\/"},"img":{"alt_text":"","src":"https:\/\/i0.wp.com\/ccnews.com.ar\/prensa\/wp-content\/uploads\/2017\/05\/IMG_2930.jpg?fit=1200%2C635&resize=350%2C200","width":350,"height":200,"srcset":"https:\/\/i0.wp.com\/ccnews.com.ar\/prensa\/wp-content\/uploads\/2017\/05\/IMG_2930.jpg?fit=1200%2C635&resize=350%2C200 1x, https:\/\/i0.wp.com\/ccnews.com.ar\/prensa\/wp-content\/uploads\/2017\/05\/IMG_2930.jpg?fit=1200%2C635&resize=525%2C300 1,5x, https:\/\/i0.wp.com\/ccnews.com.ar\/prensa\/wp-content\/uploads\/2017\/05\/IMG_2930.jpg?fit=1200%2C635&resize=700%2C400 2x, https:\/\/i0.wp.com\/ccnews.com.ar\/prensa\/wp-content\/uploads\/2017\/05\/IMG_2930.jpg?fit=1200%2C635&resize=1050%2C600 3x"},"classes":[]},{"id":12937,"url":"http:\/\/ccnews.com.ar\/prensa\/vaca-muerta-en-el-evento-mas-esperado-del-rubro-oil-gas\/","url_meta":{"origin":4033,"position":2},"title":"Vaca Muerta en el evento m\u00e1s esperado del rubro oil &#038; gas","author":"admin","date":"13 septiembre, 2019","format":false,"excerpt":"El Cl\u00faster Vaca Muerta estar\u00e1 presente en la expo Argentina Oil & Gas 2019, que se celebrar\u00e1 en Buenos Aires del 23 al 26 de septiembre. Aqu\u00ed, un recorrido por los avances que viene logrando la agrupaci\u00f3n y algunos adelantos de lo que presentar\u00e1 en la expo. El Cl\u00faster Vaca\u2026","rel":"","context":"En \u00abManagement\u00bb","block_context":{"text":"Management","link":"http:\/\/ccnews.com.ar\/prensa\/category\/management\/"},"img":{"alt_text":"","src":"https:\/\/i0.wp.com\/ccnews.com.ar\/prensa\/wp-content\/uploads\/2019\/09\/e198de67-d6d0-43d9-a858-6b1a1af23cb8.jpg?fit=1200%2C756&resize=350%2C200","width":350,"height":200,"srcset":"https:\/\/i0.wp.com\/ccnews.com.ar\/prensa\/wp-content\/uploads\/2019\/09\/e198de67-d6d0-43d9-a858-6b1a1af23cb8.jpg?fit=1200%2C756&resize=350%2C200 1x, https:\/\/i0.wp.com\/ccnews.com.ar\/prensa\/wp-content\/uploads\/2019\/09\/e198de67-d6d0-43d9-a858-6b1a1af23cb8.jpg?fit=1200%2C756&resize=525%2C300 1,5x, https:\/\/i0.wp.com\/ccnews.com.ar\/prensa\/wp-content\/uploads\/2019\/09\/e198de67-d6d0-43d9-a858-6b1a1af23cb8.jpg?fit=1200%2C756&resize=700%2C400 2x, https:\/\/i0.wp.com\/ccnews.com.ar\/prensa\/wp-content\/uploads\/2019\/09\/e198de67-d6d0-43d9-a858-6b1a1af23cb8.jpg?fit=1200%2C756&resize=1050%2C600 3x"},"classes":[]},{"id":8307,"url":"http:\/\/ccnews.com.ar\/prensa\/nuevo-impulso-para-las-pymes-petroleras\/","url_meta":{"origin":4033,"position":3},"title":"Nuevo impulso para las pymes petroleras","author":"CLUSTERciar","date":"8 julio, 2018","format":false,"excerpt":"El gobierno neuquino crear\u00e1 el Cluster Vaca Muerta con el objetivo de fomentar el desarrollo del entramado empresarial y el empleo. El organismo ya nuclea a un centenar de firmas y ahora sumar\u00e1 a operadoras, gremios y universidades. El gobernador de Neuqu\u00e9n, Omar Guti\u00e9rrez, avanza en los detalles finales del\u2026","rel":"","context":"En \u00abEnerg\u00eda y Producci\u00f3n\u00bb","block_context":{"text":"Energ\u00eda y Producci\u00f3n","link":"http:\/\/ccnews.com.ar\/prensa\/category\/energia-y-produccion\/"},"img":{"alt_text":"","src":"https:\/\/i0.wp.com\/ccnews.com.ar\/prensa\/wp-content\/uploads\/2018\/07\/image_content_9861225_20180705012238.jpg?fit=660%2C370&resize=350%2C200","width":350,"height":200,"srcset":"https:\/\/i0.wp.com\/ccnews.com.ar\/prensa\/wp-content\/uploads\/2018\/07\/image_content_9861225_20180705012238.jpg?fit=660%2C370&resize=350%2C200 1x, https:\/\/i0.wp.com\/ccnews.com.ar\/prensa\/wp-content\/uploads\/2018\/07\/image_content_9861225_20180705012238.jpg?fit=660%2C370&resize=525%2C300 1,5x"},"classes":[]},{"id":8379,"url":"http:\/\/ccnews.com.ar\/prensa\/actualidad-domingo-08-07-2018-1444-tiempo-de-lectura-0223-478-palabras-el-cluster-vaca-muerta-dara-impulso-a-las-pymes-petroleras\/","url_meta":{"origin":4033,"position":4},"title":"Cl\u00faster Vaca Muerta: pymes desean ser aliados estrat\u00e9gicos de los gremios","author":"CLUSTERciar","date":"29 julio, 2018","format":false,"excerpt":"El gobierno neuquino crear\u00e1 el Cluster Vaca Muerta con el objetivo de fomentar el desarrollo del entramado empresarial y el empleo. El gobierno de la provincia de Neuqu\u00e9n prepara los detalles finales para dar forma al Cluster Vaca Muerta, un organismo desde el cual se impulsar\u00e1 el desarrollo del entramado\u2026","rel":"","context":"En \u00abManagement\u00bb","block_context":{"text":"Management","link":"http:\/\/ccnews.com.ar\/prensa\/category\/management\/"},"img":{"alt_text":"","src":"https:\/\/i0.wp.com\/ccnews.com.ar\/prensa\/wp-content\/uploads\/2018\/07\/20180708144401.jpg?fit=1190%2C531&resize=350%2C200","width":350,"height":200,"srcset":"https:\/\/i0.wp.com\/ccnews.com.ar\/prensa\/wp-content\/uploads\/2018\/07\/20180708144401.jpg?fit=1190%2C531&resize=350%2C200 1x, https:\/\/i0.wp.com\/ccnews.com.ar\/prensa\/wp-content\/uploads\/2018\/07\/20180708144401.jpg?fit=1190%2C531&resize=525%2C300 1,5x, https:\/\/i0.wp.com\/ccnews.com.ar\/prensa\/wp-content\/uploads\/2018\/07\/20180708144401.jpg?fit=1190%2C531&resize=700%2C400 2x, https:\/\/i0.wp.com\/ccnews.com.ar\/prensa\/wp-content\/uploads\/2018\/07\/20180708144401.jpg?fit=1190%2C531&resize=1050%2C600 3x"},"classes":[]},{"id":8835,"url":"http:\/\/ccnews.com.ar\/prensa\/siete-paises-ofrecen-becas-de-estudio-a-los-neuquinos\/","url_meta":{"origin":4033,"position":5},"title":"Siete pa\u00edses ofrecen becas de estudio a los neuquinos","author":"CLUSTERciar","date":"14 septiembre, 2018","format":false,"excerpt":"Son para encarar carreras de grado o posgrado en el exterior. Representantes de siete pa\u00edses vinieron a tentar a los j\u00f3venes de la zona para ir a estudiar al exterior. Hay opciones para cursar carreras y especializaciones en Jap\u00f3n, Alemania, Francia, Espa\u00f1a, Chile, Israel y Estados Unidos. En la mayor\u00eda\u2026","rel":"","context":"En \u00abEducaci\u00f3n\/Sociedad\u00bb","block_context":{"text":"Educaci\u00f3n\/Sociedad","link":"http:\/\/ccnews.com.ar\/prensa\/category\/educacion-sociedad\/"},"img":{"alt_text":"","src":"https:\/\/i0.wp.com\/ccnews.com.ar\/prensa\/wp-content\/uploads\/2018\/09\/0003249851.jpg?fit=770%2C433&resize=350%2C200","width":350,"height":200,"srcset":"https:\/\/i0.wp.com\/ccnews.com.ar\/prensa\/wp-content\/uploads\/2018\/09\/0003249851.jpg?fit=770%2C433&resize=350%2C200 1x, https:\/\/i0.wp.com\/ccnews.com.ar\/prensa\/wp-content\/uploads\/2018\/09\/0003249851.jpg?fit=770%2C433&resize=525%2C300 1,5x, https:\/\/i0.wp.com\/ccnews.com.ar\/prensa\/wp-content\/uploads\/2018\/09\/0003249851.jpg?fit=770%2C433&resize=700%2C400 2x"},"classes":[]}],"jetpack_sharing_enabled":true,"_links":{"self":[{"href":"http:\/\/ccnews.com.ar\/prensa\/wp-json\/wp\/v2\/posts\/4033","targetHints":{"allow":["GET"]}}],"collection":[{"href":"http:\/\/ccnews.com.ar\/prensa\/wp-json\/wp\/v2\/posts"}],"about":[{"href":"http:\/\/ccnews.com.ar\/prensa\/wp-json\/wp\/v2\/types\/post"}],"author":[{"embeddable":true,"href":"http:\/\/ccnews.com.ar\/prensa\/wp-json\/wp\/v2\/users\/2"}],"replies":[{"embeddable":true,"href":"http:\/\/ccnews.com.ar\/prensa\/wp-json\/wp\/v2\/comments?post=4033"}],"version-history":[{"count":1,"href":"http:\/\/ccnews.com.ar\/prensa\/wp-json\/wp\/v2\/posts\/4033\/revisions"}],"predecessor-version":[{"id":4037,"href":"http:\/\/ccnews.com.ar\/prensa\/wp-json\/wp\/v2\/posts\/4033\/revisions\/4037"}],"wp:featuredmedia":[{"embeddable":true,"href":"http:\/\/ccnews.com.ar\/prensa\/wp-json\/wp\/v2\/media\/4035"}],"wp:attachment":[{"href":"http:\/\/ccnews.com.ar\/prensa\/wp-json\/wp\/v2\/media?parent=4033"}],"wp:term":[{"taxonomy":"category","embeddable":true,"href":"http:\/\/ccnews.com.ar\/prensa\/wp-json\/wp\/v2\/categories?post=4033"},{"taxonomy":"post_tag","embeddable":true,"href":"http:\/\/ccnews.com.ar\/prensa\/wp-json\/wp\/v2\/tags?post=4033"}],"curies":[{"name":"wp","href":"https:\/\/api.w.org\/{rel}","templated":true}]}}