{"id":4091,"date":"2017-05-13T08:00:16","date_gmt":"2017-05-13T11:00:16","guid":{"rendered":"http:\/\/clusterciarnews.com.ar\/prensa\/?p=4091"},"modified":"2017-05-02T10:47:02","modified_gmt":"2017-05-02T13:47:02","slug":"las-torres-corporativas-deberan-incorporar-energias-limpias-a-fines-de-2017","status":"publish","type":"post","link":"http:\/\/ccnews.com.ar\/prensa\/las-torres-corporativas-deberan-incorporar-energias-limpias-a-fines-de-2017\/","title":{"rendered":"Las torres corporativas deber\u00e1n incorporar energ\u00edas limpias a fines de 2017"},"content":{"rendered":"<p><strong>La Ley de Energ\u00edas Renovables establece esta disposici\u00f3n tambi\u00e9n para plantas industriales e instalaciones comerciales como supermercados y shoppings<\/strong><\/p>\n<p>M\u00e1s del 50% de la poblaci\u00f3n argentina vive y trabaja en <strong>ciudades<\/strong>, que hoy representan m\u00e1s del <strong>80% del consumo energ\u00e9tico<\/strong> del pa\u00eds. Y los <strong>edificios s<\/strong>on <strong>responsables<\/strong> de m\u00e1s del <strong>30% de ese consumo<\/strong>.<\/p>\n<div id=\"eplAdDivBanner_12_Inline_video\"><\/div>\n<p>Pero la Ley 27.191 de Fomento para el Uso de Fuentes Energ\u00e9ticas Renovables establece que, para <strong>fines de este a\u00f1o<\/strong>, un <strong>8% del consumo el\u00e9ctrico <\/strong>nacional deber\u00e1 <strong>provenir de fuentes limpias<\/strong>, para alcanzar el 20% en 2025.<\/p>\n<div id=\"eplAdDivBanner_7_Inline_video\"><\/div>\n<p>La normativa obliga a los <strong>grandes consumidores<\/strong> -m\u00e1s de 300 kw de potencia- a proveerse de esa forma. En esta categor\u00eda est\u00e1n incluidos desde <strong>plantas industriales <\/strong>hasta <strong>instalaciones comerciales<\/strong> (supermercados, shoppings) y edificios corporativos con m\u00e1s de 20 pisos.<\/p>\n<p>Estos usuarios pueden <strong>generar energ\u00eda <\/strong>para su autoconsumo o para volcarla a la red, o<strong> comprando<\/strong> esa proporci\u00f3n de energ\u00eda limpia al <strong>distribuidor mayorista<\/strong>.<\/p>\n<p><img data-recalc-dims=\"1\" decoding=\"async\" src=\"https:\/\/i0.wp.com\/www.cronista.com\/__export\/1493085761529\/sites\/diarioelcronista\/img\/2017\/04\/25\/cc250417c024f10.jpg_418415744.jpg?w=800&#038;ssl=1\" alt=\"Resultado de imagen para Las torres corporativas deber\u00e1n incorporar energ\u00edas limpias a fines de 2017\" \/><\/p>\n<p>&#8220;Que un edificio pueda generar su propia energ\u00eda, a trav\u00e9s de<strong> paneles solares fotovoltaicos<\/strong> o<strong> t\u00e9rmicos <\/strong>(para calentar agua);<strong> intercambiadores geot\u00e9rmicos<\/strong> (que aprovechan el calor solar acumulado en la tierra para climatizaci\u00f3n), o incluso <strong>aerogeneradores<\/strong> en el Sur del pa\u00eds, es uno de los mayores desaf\u00edos en la construcci\u00f3n actual&#8221;, destac\u00f3 el ingeniero Roberto Policichio, presidente del Consejo Profesional de Ingenier\u00eda Civil.<\/p>\n<p>No obstante, &#8220;la cantidad de<strong> energ\u00eda solar <\/strong>que puede generar un edificio como la Torre Madero (27 pisos, 35.000 m2) alcanza para la<strong> iluminaci\u00f3n de las escaleras<\/strong>, pero <strong>no <\/strong>para el funcionamiento de los <strong>ascensores<\/strong> o la <strong>climatizaci\u00f3n <\/strong>e iluminaci\u00f3n de todas las oficinas&#8221;, ilustr\u00f3.<\/p>\n<p>El concepto <strong>&#8220;Net Zero&#8221;<\/strong>, de edificios que generan su propia energ\u00eda, viene creciendo en el mundo, seg\u00fan destac\u00f3 Pablo Swiecicki, del estudio de arquitectura Esarq. &#8220;En el pa\u00eds hay <strong>desarrollos<\/strong> interesantes <strong>en Salta<\/strong>, que adem\u00e1s de tener una buena insolaci\u00f3n para producir energ\u00eda fotovoltaica y termosolar, la legislaci\u00f3n local permite volcar a la red la energ\u00eda generada. En estos casos se logra <strong>abastecer hasta un 5%<\/strong> del consumo&#8221;, detall\u00f3.<\/p>\n<p>Por el momento, el autoabastecimiento energ\u00e9tico en edificios enfrenta varios <strong>desaf\u00edos<\/strong>. No alcanza la superficie de terraza para la cantidad de paneles solares que se deber\u00edan colocar. Por otra parte su costo es elevado porque, al ser un mercado incipiente, hay pocos proveedores.<\/p>\n<p>Sin embargo, los expertos coinciden en que &#8220;se <strong>puede ahorrar <\/strong>entre un <strong>60%<\/strong> y un <strong>70%<\/strong> de energ\u00eda utilizando termotanques solares para provisi\u00f3n de agua caliente&#8221;.<\/p>\n<p>La <strong>amortizaci\u00f3n<\/strong> de la inversi\u00f3n &#8220;se logra en <strong>cinco a\u00f1os<\/strong>, con el nuevo cuadro tarifario&#8221;, dijo Policichio a El Cronista. &#8220;Y en edificaciones de gran consumo, como clubes, hospitales y hoteles, el ahorro llega al 80%&#8221;, a\u00f1adi\u00f3.<\/p>\n<p>Fuente: IProfesional<\/p>\n<!-- AddThis Advanced Settings generic via filter on the_content -->","protected":false},"excerpt":{"rendered":"<p>La Ley de Energ\u00edas Renovables establece esta disposici\u00f3n tambi\u00e9n para plantas industriales e instalaciones comerciales como supermercados y shoppings M\u00e1s<!-- AddThis Advanced Settings generic via filter on get_the_excerpt --><\/p>\n","protected":false},"author":2,"featured_media":4093,"comment_status":"closed","ping_status":"closed","sticky":false,"template":"","format":"standard","meta":{"colormag_page_container_layout":"default_layout","colormag_page_sidebar_layout":"default_layout","jetpack_post_was_ever_published":false,"_jetpack_newsletter_access":"","_jetpack_dont_email_post_to_subs":false,"_jetpack_newsletter_tier_id":0,"_jetpack_memberships_contains_paywalled_content":false,"_jetpack_memberships_contains_paid_content":false,"footnotes":"","jetpack_publicize_message":"","jetpack_publicize_feature_enabled":true,"jetpack_social_post_already_shared":true,"jetpack_social_options":{"image_generator_settings":{"template":"highway","default_image_id":0,"font":"","enabled":false},"version":2}},"categories":[3],"tags":[17],"class_list":["post-4091","post","type-post","status-publish","format-standard","has-post-thumbnail","hentry","category-sustentabilidad","tag-otros-medios"],"jetpack_publicize_connections":[],"jetpack_featured_media_url":"https:\/\/i0.wp.com\/ccnews.com.ar\/prensa\/wp-content\/uploads\/2017\/05\/442085.jpg?fit=630%2C460","jetpack_shortlink":"https:\/\/wp.me\/p7L1gj-13Z","jetpack-related-posts":[{"id":5165,"url":"http:\/\/ccnews.com.ar\/prensa\/llegan-las-energias-renovables-para-los-grandes-usuarios\/","url_meta":{"origin":4091,"position":0},"title":"Llegan las energ\u00edas renovables para los grandes usuarios","author":"CLUSTERciar","date":"1 septiembre, 2017","format":false,"excerpt":"Naci\u00f3n habilit\u00f3 los contratos entre privados. Los grandes usuarios deber\u00e1n adquirir de fuentes limpias hasta el 8% de sus consumos. Los grandes usuarios de energ\u00eda ya pueden contratar de manera directa la provisi\u00f3n de energ\u00edas renovables. Esta semana el Ministerio de Energ\u00eda public\u00f3 la Resoluci\u00f3n 281 que reglamenta las condiciones\u2026","rel":"","context":"En \u00abEnerg\u00eda y Producci\u00f3n\u00bb","block_context":{"text":"Energ\u00eda y Producci\u00f3n","link":"http:\/\/ccnews.com.ar\/prensa\/category\/energia-y-produccion\/"},"img":{"alt_text":"","src":"https:\/\/i0.wp.com\/ccnews.com.ar\/prensa\/wp-content\/uploads\/2017\/08\/image_content_8753761_20170823215739.jpg?fit=660%2C370&resize=350%2C200","width":350,"height":200,"srcset":"https:\/\/i0.wp.com\/ccnews.com.ar\/prensa\/wp-content\/uploads\/2017\/08\/image_content_8753761_20170823215739.jpg?fit=660%2C370&resize=350%2C200 1x, https:\/\/i0.wp.com\/ccnews.com.ar\/prensa\/wp-content\/uploads\/2017\/08\/image_content_8753761_20170823215739.jpg?fit=660%2C370&resize=525%2C300 1,5x"},"classes":[]},{"id":15246,"url":"http:\/\/ccnews.com.ar\/prensa\/las-energias-renovables-prueban-su-inmunidad-al-covid-19\/","url_meta":{"origin":4091,"position":1},"title":"Las energ\u00edas renovables prueban su inmunidad al COVID-19","author":"admin","date":"15 abril, 2020","format":false,"excerpt":"El crecimiento de la industria de las energ\u00edas renovables se ha desacelerado en las \u00faltimas semanas, debido a la combinaci\u00f3n de tres factores: la pandemia, la contracci\u00f3n financiera resultante y el colapso en los precios del petr\u00f3leo. Los analistas esperan una contracci\u00f3n significativa a corto plazo, seguida por una recuperaci\u00f3n\u2026","rel":"","context":"En \u00abCovid-19\u00bb","block_context":{"text":"Covid-19","link":"http:\/\/ccnews.com.ar\/prensa\/category\/covid-19\/"},"img":{"alt_text":"","src":"https:\/\/i0.wp.com\/ccnews.com.ar\/prensa\/wp-content\/uploads\/2020\/04\/Las-energias-renovables-660x330.jpg?fit=660%2C330&resize=350%2C200","width":350,"height":200,"srcset":"https:\/\/i0.wp.com\/ccnews.com.ar\/prensa\/wp-content\/uploads\/2020\/04\/Las-energias-renovables-660x330.jpg?fit=660%2C330&resize=350%2C200 1x, https:\/\/i0.wp.com\/ccnews.com.ar\/prensa\/wp-content\/uploads\/2020\/04\/Las-energias-renovables-660x330.jpg?fit=660%2C330&resize=525%2C300 1,5x"},"classes":[]},{"id":408,"url":"http:\/\/ccnews.com.ar\/prensa\/reglamentan-la-ley-de-energias-renovables\/","url_meta":{"origin":4091,"position":2},"title":"Reglamentan la Ley de Energ\u00edas Renovables","author":"CLUSTERciar","date":"10 abril, 2016","format":false,"excerpt":"El decreto del Poder Ejecutivo fue publicado ayer en el Bolet\u00edn Oficial. Asign\u00f3 este a\u00f1o fondos para ese fin por $12 mil millones y estableci\u00f3 beneficios impositivos. Toma desde el e\u00f3lico en la punta de la torre, con una vista del Embalse R\u00edo Tercero y, al fondo, la Central Nuclear\u2026","rel":"","context":"En \u00abEnerg\u00eda y Producci\u00f3n\u00bb","block_context":{"text":"Energ\u00eda y Producci\u00f3n","link":"http:\/\/ccnews.com.ar\/prensa\/category\/energia-y-produccion\/"},"img":{"alt_text":"","src":"","width":0,"height":0},"classes":[]},{"id":4839,"url":"http:\/\/ccnews.com.ar\/prensa\/el-impacto-de-la-ley-de-energias-renovables\/","url_meta":{"origin":4091,"position":3},"title":"El impacto de la ley de energ\u00edas renovables","author":"CLUSTERciar","date":"7 agosto, 2017","format":false,"excerpt":"Ante la nueva normativa \u00bfQu\u00e9 deben tener en cuenta los facilities managers y las empresas? \u00bfCu\u00e1les son los pasos para lograr la eficiencia energ\u00e9tica? La utilizaci\u00f3n de energ\u00eda renovable ya no es una cuesti\u00f3n lejana ni una posibilidad remota. A partir del 1 de enero de 2018 entrar\u00e1 en vigencia\u2026","rel":"","context":"En \u00abEnerg\u00eda y Producci\u00f3n\u00bb","block_context":{"text":"Energ\u00eda y Producci\u00f3n","link":"http:\/\/ccnews.com.ar\/prensa\/category\/energia-y-produccion\/"},"img":{"alt_text":"","src":"https:\/\/i0.wp.com\/ccnews.com.ar\/prensa\/wp-content\/uploads\/2017\/07\/unbanco170717.jpg?fit=250%2C250&resize=350%2C200","width":350,"height":200},"classes":[]},{"id":1687,"url":"http:\/\/ccnews.com.ar\/prensa\/el-gobierno-lanzara-otra-licitacion-para-energias-renovables\/","url_meta":{"origin":4091,"position":4},"title":"El Gobierno lanzar\u00e1 otra licitaci\u00f3n para energ\u00edas renovables","author":"CLUSTERciar","date":"25 septiembre, 2016","format":false,"excerpt":"La avalancha de ofertas que recibi\u00f3 el Ministerio de Energ\u00eda en la primera licitaci\u00f3n de energ\u00edas renovables lanzada a fines de julio (6000 Mw ofertados, para un cupo de 1000 Mw fijado inicialmente), se concentr\u00f3 principalmente en e\u00f3lica y solar, mientras que los proyectos de biog\u00e1s y biomasa no alcanzaron\u2026","rel":"","context":"En \u00abSustentabilidad\u00bb","block_context":{"text":"Sustentabilidad","link":"http:\/\/ccnews.com.ar\/prensa\/category\/sustentabilidad\/"},"img":{"alt_text":"","src":"","width":0,"height":0},"classes":[]},{"id":4395,"url":"http:\/\/ccnews.com.ar\/prensa\/se-podra-comprar-y-vender-energia-renovable-entre-empresas-privadas\/","url_meta":{"origin":4091,"position":5},"title":"Se podr\u00e1 comprar y vender energ\u00eda renovable entre empresas privadas","author":"CLUSTERciar","date":"18 junio, 2017","format":false,"excerpt":"El borrador, que establece una serie de especificaciones y detalles de c\u00f3mo un privado puede comprar y vender energ\u00eda (principalmente de fuente solar y e\u00f3lica), pone el acento en la capacidad de transporte de energ\u00eda y el sistema de prioridades. El Gobierno Nacional puso a disposici\u00f3n del p\u00fablico en general\u2026","rel":"","context":"En \u00abEnerg\u00eda y Producci\u00f3n\u00bb","block_context":{"text":"Energ\u00eda y Producci\u00f3n","link":"http:\/\/ccnews.com.ar\/prensa\/category\/energia-y-produccion\/"},"img":{"alt_text":"","src":"https:\/\/i0.wp.com\/ccnews.com.ar\/prensa\/wp-content\/uploads\/2017\/06\/20170611105101.jpg?fit=1200%2C800&resize=350%2C200","width":350,"height":200,"srcset":"https:\/\/i0.wp.com\/ccnews.com.ar\/prensa\/wp-content\/uploads\/2017\/06\/20170611105101.jpg?fit=1200%2C800&resize=350%2C200 1x, https:\/\/i0.wp.com\/ccnews.com.ar\/prensa\/wp-content\/uploads\/2017\/06\/20170611105101.jpg?fit=1200%2C800&resize=525%2C300 1,5x, https:\/\/i0.wp.com\/ccnews.com.ar\/prensa\/wp-content\/uploads\/2017\/06\/20170611105101.jpg?fit=1200%2C800&resize=700%2C400 2x, https:\/\/i0.wp.com\/ccnews.com.ar\/prensa\/wp-content\/uploads\/2017\/06\/20170611105101.jpg?fit=1200%2C800&resize=1050%2C600 3x"},"classes":[]}],"jetpack_sharing_enabled":true,"_links":{"self":[{"href":"http:\/\/ccnews.com.ar\/prensa\/wp-json\/wp\/v2\/posts\/4091","targetHints":{"allow":["GET"]}}],"collection":[{"href":"http:\/\/ccnews.com.ar\/prensa\/wp-json\/wp\/v2\/posts"}],"about":[{"href":"http:\/\/ccnews.com.ar\/prensa\/wp-json\/wp\/v2\/types\/post"}],"author":[{"embeddable":true,"href":"http:\/\/ccnews.com.ar\/prensa\/wp-json\/wp\/v2\/users\/2"}],"replies":[{"embeddable":true,"href":"http:\/\/ccnews.com.ar\/prensa\/wp-json\/wp\/v2\/comments?post=4091"}],"version-history":[{"count":1,"href":"http:\/\/ccnews.com.ar\/prensa\/wp-json\/wp\/v2\/posts\/4091\/revisions"}],"predecessor-version":[{"id":4095,"href":"http:\/\/ccnews.com.ar\/prensa\/wp-json\/wp\/v2\/posts\/4091\/revisions\/4095"}],"wp:featuredmedia":[{"embeddable":true,"href":"http:\/\/ccnews.com.ar\/prensa\/wp-json\/wp\/v2\/media\/4093"}],"wp:attachment":[{"href":"http:\/\/ccnews.com.ar\/prensa\/wp-json\/wp\/v2\/media?parent=4091"}],"wp:term":[{"taxonomy":"category","embeddable":true,"href":"http:\/\/ccnews.com.ar\/prensa\/wp-json\/wp\/v2\/categories?post=4091"},{"taxonomy":"post_tag","embeddable":true,"href":"http:\/\/ccnews.com.ar\/prensa\/wp-json\/wp\/v2\/tags?post=4091"}],"curies":[{"name":"wp","href":"https:\/\/api.w.org\/{rel}","templated":true}]}}