{"id":419,"date":"2016-04-13T08:00:20","date_gmt":"2016-04-13T11:00:20","guid":{"rendered":"http:\/\/clusterciar.com.ar\/wp\/?p=419"},"modified":"2016-04-13T08:00:20","modified_gmt":"2016-04-13T11:00:20","slug":"como-educan-las-empresas","status":"publish","type":"post","link":"http:\/\/ccnews.com.ar\/prensa\/como-educan-las-empresas\/","title":{"rendered":"C\u00f3mo educan las empresas"},"content":{"rendered":"<h2>Ante la falta de programadores, varias compa\u00f1\u00edas optan por montar sus propias academias. Aqu\u00ed, la experiencia de tres firmas que incluyen a la capacitaci\u00f3n dentro del plan profesional de sus empleados.<\/h2>\n<p>La situaci\u00f3n es id\u00e9ntica para todas las empresas que necesitan contar con programadores: es dif\u00edcil encontrar la cantidad necesaria. Seg\u00fan la C\u00e1mara de Empresas de Software y Servicios Inform\u00e1ticos de Argentina (CESSI), el 80% del mercado requiere coders que dominen JAVA y .NET. Tambi\u00e9n son muy demandados los profesionales con conocimientos de Bases de Datos (lenguaje SQL) y conceptos como programaci\u00f3n orientada a objetos.<br \/>\nA pesar de esta situaci\u00f3n, hay empresas que no est\u00e1n dispuestas a perder proyectos por no contar con el personal necesario. Para salvar la situaci\u00f3n, cuentan con academias propias en donde forman a j\u00f3venes para que obtengan su primer empleo, y luego ofrecen cursos m\u00e1s espec\u00edficos para los que ya forman parte de la plantilla. Una de ellas es Softtek, un proveedor global de servicios orientados a procesos de TI que en Argentina emplea a m\u00e1s de 700 personas. Seg\u00fan Ignacio Ben\u00edtez, gerente de Capital Humano SSH (Argentina, Chile y Colombia), para su staff imparten cursos en su mayor\u00eda sobre JAVA, .NET, PL\/SQL, PHP que tienen una duraci\u00f3n de 4 semanas.<br \/>\n&#8220;Surgi\u00f3 un proyecto para llevar adelante un servicio JAVA para m\u00faltiples clientes el a\u00f1o pasado y necesit\u00e1bamos contar con 20 coders. En vez de salir a contratar a gente nueva, reunimos a candidatos con una base de Carreras en Sistemas y programaci\u00f3n en otras tecnolog\u00edas y se dict\u00f3 un curso intensivo de cuatro semanas. Tras este curso, los colaboradores pudieron sumarse al servicio, supervisados por profesionales. As\u00ed, no tuvimos que contratar personal adicional y logramos entregar el servicio en tiempo y forma&#8221;, recuerda el ejecutivo.<br \/>\nCon una facturaci\u00f3n de $ 800 millones en 2015, Grupo Atos en la Argentina ofrece servicios de desarrollo, implementaci\u00f3n, mantenimiento y operaci\u00f3n de plataformas de software. Carlos Fernando Abril, CEO para la Argentina, Colombia y Uruguay, explica que cuentan con &#8220;escuelitas&#8221; internas en donde imparten cursos. &#8220;Tardamos unos 6 meses en formar un recurso operativamente viable para asignarlo a un proyecto&#8221;, dice. B\u00e1sicamente, la firma est\u00e1 trabajando para desarrollar programadores Java y analistas SAP. Adem\u00e1s, dispone de una plataforma de e-learning corporativa llamada Atos University para formar analistas en diversos lenguajes con variada complejidad, m\u00e1s all\u00e1 de la formaci\u00f3n en idiomas, y habilidades varias de negociaci\u00f3n gesti\u00f3n de proyectos, entre otros.<br \/>\nDe todos modos, ante la demanda de talento la firma recurre a otras alternativas: &#8220;Para una automotriz deb\u00edamos montar un factory que requer\u00eda un ramp-up de casi 100 colaboradores en menos de 60 d\u00edas. Hicimos una b\u00fasqueda interna de recursos para staffear el core del proyecto, buscamos otros recursos del mercado y acordamos con el cliente armar una escuelita en sus dependencias para fidelizar a los recursos y mantener una reserva de reemplazos ante las eventuales bajas que siempre ocurren. Como la escuelita ten\u00eda recursos muy junior los fuimos incorporando a medida que el cliente los examinaba y les daba su aprobaci\u00f3n. Durante el per\u00edodo inicial, ten\u00edan una tarifa m\u00e1s baja lo que tambi\u00e9n benefici\u00f3 al cliente con la baja de costos&#8221;, recuerda el CEO.<br \/>\nGuillermo Willi, Chief People Officer de Globant, que cuenta con m\u00e1s de 4.700 empleados, explica que la firma tiene cursos especializados de las tecnolog\u00edas m\u00e1s solicitadas por los clientes, con una extensi\u00f3n de entre dos y tres semanas. &#8220;A su vez, desarrollamos la agilidad para crear capacitaciones para necesidades que surgen con el dinamismo de nuestra industria&#8221;, detalla. Adem\u00e1s, de los cursos intensivos, tambi\u00e9n tienen una plataforma de e-learning.<br \/>\nHoy, la firma imparte cursos de tecnolog\u00edas base como Web UI, JAVA, TAE, y tiene capacitaciones especializadas en Angular, C++, Unity, Puppet, Chef, Salesforce, entre otros. Al respecto, Willi recuerda: &#8220;A fin de diciembre, diversos clientes nos comenzaron a solicitar soluciones en base a Angular. Para poder responder a esta necesidad, deb\u00edamos contar con empleados especializados en esta tecnolog\u00eda. Al momento de buscar el perfil de empleado necesario para estos proyectos, observamos que tanto internamente, como en el mercado, no encontr\u00e1bamos las personas con las competencias necesarias. Por este motivo, decidimos generar capacitaciones enfocadas a desarrolladores front end con Java Script avanzado, tanto de fuente interna como del mercado. Al finalizar el curso pudimos resolver la necesidad de los clientes, generando capacidad en los participantes&#8221;. Dada la dispersi\u00f3n geogr\u00e1fica de esta empresa, la metodolog\u00eda que m\u00e1s utilizan es la de clases virtuales, a trav\u00e9s de los sistemas Cisco Webex y Google Hang Out. En 2015, la firma dict\u00f3 m\u00e1s de 100.000 horas de capacitaci\u00f3n, que alcanzaron a m\u00e1s de 4.000 personas.<br \/>\nOtro caso es el de Neoris, dedicada a la prestaci\u00f3n de servicios y soluciones de outsourcing de aplicaciones, y que emplea a unas 800 personas en seis oficinas ubicadas en distintos puntos del pa\u00eds. Sergio Donzelli, Business Director de Neoris Argentina, explica que destinaron $ 1,3 mill\u00f3n en 2014 al \u00e1rea de capacitaci\u00f3n. Forman a estudiantes del nivel terciario y universitario en cursos de cuatro semanas enfocados a tecnolog\u00edas Microsoft y SAP para que puedan acceder a su primer empleo dentro de la empresa. Y adem\u00e1s ense\u00f1an sobre Java y Testing.<br \/>\nCon 35 empleados y una facturaci\u00f3n de u$s 2 millones en 2015, QuadMinds es una firma enfocada en soluciones empresariales con foco en la Internet de las Cosas (IoT). &#8220;Muchos de nuestros coders son millennials, y al ingresar a la empresa pasan por varias etapas de capacitaci\u00f3n para incorporar herramientas y conocimientos espec\u00edfico de la arquitectura de la plataforma y de nuestros productos&#8221;, dice Javier Cast\u00e9, Project Director de la organizaci\u00f3n. Las capacitaciones no tienen una duraci\u00f3n preestablecida, sino que dependen de la performance del programador. &#8220;Un recurso que utilizamos es darle a los coders miniproyectos para el desarrollo de alguna herramienta, en donde debe aplicar lenguajes como como JavaScript, HTML5, PHP. Node.JS, Caja y C++&#8221;, narra.<\/p>\n<h3>Puntos en com\u00fan<\/h3>\n<p>Son muchas las caracter\u00edsticas similares entre las empresas entrevistadas. Por ejemplo, imparten las capacitaciones dentro de las oficinas, las cuales est\u00e1n equipadas con aulas. Adem\u00e1s, los docentes son empleados experimentados.<br \/>\nAlgunas tienen academias para personas muy j\u00f3venes, de manera tal que los mejores alumnos pueden acceder luego a su primer trabajo: Sofftek tiene un &#8220;Programa de Academias&#8221;, usualmente en JAVA, .NET, PL\/SQL, Testing entre otras, que tiene una duraci\u00f3n de 12 meses. &#8220;Asimismo los formamos a trav\u00e9s de capacitaciones en habilidades blandas. El cupo aproximado por academia de entre 15 a 18 colaboradores, en cuanto a programaci\u00f3n tenemos un plan anual de academias, ya calendarizadas previstas en funci\u00f3n de futuras necesidades y una cuota aparte on demand frente a nuevos proyectos o necesidades puntuales de clientes o pr\u00e1cticas&#8221;, detalla el ejecutivo de Softtek.<br \/>\nNeoris cuenta con una iniciativa similar: &#8220;Los mejores alumnos son incorporados a la empresa. Por ejemplo, el a\u00f1o pasado capacitaron a unos 200 j\u00f3venes, de los cuales contrataron a cerca de 50&#8221;, explica Donzelli.<br \/>\nPor otra parte, el plan de carrera de los empleados de todas las firmas consultadas incluye actividades de capacitaci\u00f3n per se, que puede ser en distintas disciplinas t\u00e9cnicas, para obtener certificaciones de los partners, o para desarrollar habilidades blandas tales como oratoria o redacci\u00f3n, entre otras. &#8220;Dentro de la evaluaci\u00f3n anual de cada empleado se estipula la cantidad de horas que debe capacitarse durante los pr\u00f3ximos meses&#8221;, dice el ejecutivo de Neoris, que en 2015 realiz\u00f3 un curso para altos ejecutivos en una universidad privada.<br \/>\nM\u00e1s all\u00e1 de esta estrategia para el desarrollo org\u00e1nico del personal, desde el \u00e1rea comercial van evaluando los proyectos que pueden llegar a concretarse para ir preparando al personal, as\u00ed, se plantea un plan para reubicar a los profesionales en caso de ser necesario.<br \/>\nTodos los entrevistados indican que los empleados valoran contar con estas capacitaciones ya que les permite estar al tanto de las \u00faltimas tecnolog\u00edas: &#8220;Es vital generar un valor agregado a cada colaborador, aportando desde la formaci\u00f3n a un crecimiento profesional y partir de estos nuevos conocimientos puedan crecer en posiciones y seniority. El 70% de nuestros colaboradores son generaci\u00f3n Y, valoran y demandan constantes formaciones para crecer en sus carreras&#8221;, ejemplifica Ben\u00edtez.<br \/>\nAnte la falta de recursos en el mercado local, en la Argentina est\u00e1n surgiendo propuestas como el coding school llamado Digital House, que forman coders en cursos inmersivos de cinco meses, basados en metodolog\u00edas te\u00f3rico-pr\u00e1cticas y pensados para que los egresados puedan sumarse al mercado laboral de inmediato. &#8220;La industria TI es tan din\u00e1mica que hay que capacitarse siempre. Adem\u00e1s, hay puestos que pueden cubrirse sin necesidad de contar con t\u00edtulos de grado&#8221;, concluye Donzelli.<\/p>\n<p>&nbsp;<\/p>\n<!-- AddThis Advanced Settings generic via filter on the_content -->","protected":false},"excerpt":{"rendered":"<p>Ante la falta de programadores, varias compa\u00f1\u00edas optan por montar sus propias academias. Aqu\u00ed, la experiencia de tres firmas que<!-- AddThis Advanced Settings generic via filter on get_the_excerpt --><\/p>\n","protected":false},"author":2,"featured_media":420,"comment_status":"closed","ping_status":"open","sticky":false,"template":"","format":"standard","meta":{"colormag_page_container_layout":"default_layout","colormag_page_sidebar_layout":"default_layout","jetpack_post_was_ever_published":false,"_jetpack_newsletter_access":"","_jetpack_dont_email_post_to_subs":false,"_jetpack_newsletter_tier_id":0,"_jetpack_memberships_contains_paywalled_content":false,"_jetpack_memberships_contains_paid_content":false,"footnotes":"","jetpack_publicize_message":"","jetpack_publicize_feature_enabled":true,"jetpack_social_post_already_shared":false,"jetpack_social_options":{"image_generator_settings":{"template":"highway","default_image_id":0,"font":"","enabled":false},"version":2}},"categories":[19],"tags":[17],"class_list":["post-419","post","type-post","status-publish","format-standard","has-post-thumbnail","hentry","category-educacion-sociedad","tag-otros-medios"],"jetpack_publicize_connections":[],"jetpack_featured_media_url":"","jetpack_shortlink":"https:\/\/wp.me\/p7L1gj-6L","jetpack-related-posts":[{"id":11745,"url":"http:\/\/ccnews.com.ar\/prensa\/por-que-es-valioso-contar-con-un-gabinete-psicolaboral-en-las-empresas\/","url_meta":{"origin":419,"position":0},"title":"Por qu\u00e9 es valioso contar  con un gabinete psicolaboral  en las empresas","author":"CLUSTERciar","date":"13 junio, 2019","format":false,"excerpt":"Cuidar la salud de los empleados es preservar un activo importante de toda organizaci\u00f3n, y mucho m\u00e1s cuando ese cuidado involucra aspectos emocionales relacionados con el trabajo. Aqu\u00ed, detalles sobre el gabinete psicolaboral que implementa la agrupaci\u00f3n de empresas CLUSTERciar, basado en una visi\u00f3n integral de las personas. La salud\u2026","rel":"","context":"En \u00abManagement\u00bb","block_context":{"text":"Management","link":"http:\/\/ccnews.com.ar\/prensa\/category\/management\/"},"img":{"alt_text":"","src":"https:\/\/i0.wp.com\/ccnews.com.ar\/prensa\/wp-content\/uploads\/2019\/06\/nota.jpg?fit=803%2C404&resize=350%2C200","width":350,"height":200,"srcset":"https:\/\/i0.wp.com\/ccnews.com.ar\/prensa\/wp-content\/uploads\/2019\/06\/nota.jpg?fit=803%2C404&resize=350%2C200 1x, https:\/\/i0.wp.com\/ccnews.com.ar\/prensa\/wp-content\/uploads\/2019\/06\/nota.jpg?fit=803%2C404&resize=525%2C300 1,5x, https:\/\/i0.wp.com\/ccnews.com.ar\/prensa\/wp-content\/uploads\/2019\/06\/nota.jpg?fit=803%2C404&resize=700%2C400 2x"},"classes":[]},{"id":15770,"url":"http:\/\/ccnews.com.ar\/prensa\/el-52-de-las-empresas-aumentara-el-gasto-en-transformacion-digital\/","url_meta":{"origin":419,"position":1},"title":"El 52% de las empresas aumentar\u00e1 el gasto en transformaci\u00f3n digital","author":"Editor","date":"1 julio, 2020","format":false,"excerpt":"Las personas preocupadas por la situaci\u00f3n econ\u00f3mica tienen un 20% m\u00e1s de probabilidades de planificar un mayor gasto en transformaci\u00f3n digital. Construcci\u00f3n es el sector que m\u00e1s invertir\u00e1, seguido por las empresas de tecnolog\u00eda de la informaci\u00f3n y de fabricaci\u00f3n. Las que menos, las industrias de energ\u00eda y retail.","rel":"","context":"En \u00abTransformaci\u00f3n digital\u00bb","block_context":{"text":"Transformaci\u00f3n digital","link":"http:\/\/ccnews.com.ar\/prensa\/category\/transformacion-digital\/"},"img":{"alt_text":"","src":"https:\/\/i0.wp.com\/ccnews.com.ar\/prensa\/wp-content\/uploads\/2020\/07\/transformacion-digital-2.jpg?fit=672%2C378&resize=350%2C200","width":350,"height":200,"srcset":"https:\/\/i0.wp.com\/ccnews.com.ar\/prensa\/wp-content\/uploads\/2020\/07\/transformacion-digital-2.jpg?fit=672%2C378&resize=350%2C200 1x, https:\/\/i0.wp.com\/ccnews.com.ar\/prensa\/wp-content\/uploads\/2020\/07\/transformacion-digital-2.jpg?fit=672%2C378&resize=525%2C300 1,5x"},"classes":[]},{"id":15276,"url":"http:\/\/ccnews.com.ar\/prensa\/como-adaptar-tu-estrategia-de-medios-en-la-situacion-del-covid-19\/","url_meta":{"origin":419,"position":2},"title":"C\u00f3mo adaptar tu estrategia de medios en la situaci\u00f3n del COVID-19","author":"Editor","date":"19 abril, 2020","format":false,"excerpt":"Las marcas se encuentran sumergidas en un dilema provocado por el Covid-19, plante\u00e1ndose c\u00f3mo mejorar su estrategia de medios. En esta situaci\u00f3n global de constante cambio, es dif\u00edcil saber cu\u00e1l deber\u00eda ser el pr\u00f3ximo movimiento de tu negocio. Uno de los muchos dilemas a los que se enfrentan las marcas\u2026","rel":"","context":"En \u00abCovid-19\u00bb","block_context":{"text":"Covid-19","link":"http:\/\/ccnews.com.ar\/prensa\/category\/covid-19\/"},"img":{"alt_text":"","src":"https:\/\/i0.wp.com\/ccnews.com.ar\/prensa\/wp-content\/uploads\/2020\/04\/estrategia-de-medios.png?fit=626%2C364&resize=350%2C200","width":350,"height":200,"srcset":"https:\/\/i0.wp.com\/ccnews.com.ar\/prensa\/wp-content\/uploads\/2020\/04\/estrategia-de-medios.png?fit=626%2C364&resize=350%2C200 1x, https:\/\/i0.wp.com\/ccnews.com.ar\/prensa\/wp-content\/uploads\/2020\/04\/estrategia-de-medios.png?fit=626%2C364&resize=525%2C300 1,5x"},"classes":[]},{"id":8887,"url":"http:\/\/ccnews.com.ar\/prensa\/los-programadores-tuvieron-su-encuentro-anual-en-neuquen\/","url_meta":{"origin":419,"position":3},"title":"Los programadores tuvieron su encuentro anual en Neuqu\u00e9n","author":"CLUSTERciar","date":"25 septiembre, 2018","format":false,"excerpt":"Alrededor de 150 developers o desarrolladores se capacitaron en las \u00faltimas tecnolog\u00edas. Un aula de la Universidad Nacional del Comahue (UNCo) parec\u00eda ejercer ayer un gran contraste con el clima calmo que se viv\u00eda en las calles internas de esa casa de estudios. Durante todo el d\u00eda, ese sector de\u2026","rel":"","context":"En \u00abTransformaci\u00f3n digital\u00bb","block_context":{"text":"Transformaci\u00f3n digital","link":"http:\/\/ccnews.com.ar\/prensa\/category\/transformacion-digital\/"},"img":{"alt_text":"","src":"https:\/\/i0.wp.com\/ccnews.com.ar\/prensa\/wp-content\/uploads\/2018\/09\/0003264931.jpg?fit=770%2C433&resize=350%2C200","width":350,"height":200,"srcset":"https:\/\/i0.wp.com\/ccnews.com.ar\/prensa\/wp-content\/uploads\/2018\/09\/0003264931.jpg?fit=770%2C433&resize=350%2C200 1x, https:\/\/i0.wp.com\/ccnews.com.ar\/prensa\/wp-content\/uploads\/2018\/09\/0003264931.jpg?fit=770%2C433&resize=525%2C300 1,5x, https:\/\/i0.wp.com\/ccnews.com.ar\/prensa\/wp-content\/uploads\/2018\/09\/0003264931.jpg?fit=770%2C433&resize=700%2C400 2x"},"classes":[]},{"id":16078,"url":"http:\/\/ccnews.com.ar\/prensa\/transformacion-digital-automatizar-en-tiempos-de-pandemia\/","url_meta":{"origin":419,"position":4},"title":"Transformaci\u00f3n digital: automatizar en tiempos de pandemia","author":"Editor","date":"22 septiembre, 2020","format":false,"excerpt":"Ya no es novedad decir que la actual crisis sanitaria precipit\u00f3 los tiempos de la digitalizaci\u00f3n y automatizaci\u00f3n en las empresas. Las herramientas de RPA se han vuelto esenciales para sobrellevar los cambios en el escenario de negocios que trajo el COVID-19.","rel":"","context":"En \u00abTransformaci\u00f3n digital\u00bb","block_context":{"text":"Transformaci\u00f3n digital","link":"http:\/\/ccnews.com.ar\/prensa\/category\/transformacion-digital\/"},"img":{"alt_text":"","src":"https:\/\/i0.wp.com\/ccnews.com.ar\/prensa\/wp-content\/uploads\/2020\/09\/dt.common.streams.StreamServer.jpg?fit=1024%2C610&resize=350%2C200","width":350,"height":200,"srcset":"https:\/\/i0.wp.com\/ccnews.com.ar\/prensa\/wp-content\/uploads\/2020\/09\/dt.common.streams.StreamServer.jpg?fit=1024%2C610&resize=350%2C200 1x, https:\/\/i0.wp.com\/ccnews.com.ar\/prensa\/wp-content\/uploads\/2020\/09\/dt.common.streams.StreamServer.jpg?fit=1024%2C610&resize=525%2C300 1,5x, https:\/\/i0.wp.com\/ccnews.com.ar\/prensa\/wp-content\/uploads\/2020\/09\/dt.common.streams.StreamServer.jpg?fit=1024%2C610&resize=700%2C400 2x"},"classes":[]},{"id":15260,"url":"http:\/\/ccnews.com.ar\/prensa\/la-crisis-por-el-coronavirus-dispara-la-demanda-de-expertos-en-cobol-un-lenguaje-informatico-de-1959\/","url_meta":{"origin":419,"position":5},"title":"La crisis por el coronavirus dispara la demanda de expertos en Cobol, un lenguaje inform\u00e1tico de 1959","author":"Editor","date":"17 abril, 2020","format":false,"excerpt":"En los Estados Unidos algunos distritos han comenzado a hacer un llamamiento desesperado para encontrar a expertos en Cobol, un lenguaje de programaci\u00f3n de hace 60 a\u00f1os. A pesar de su longevidad es vital en instituciones y empresas financieras, como los bancos y aseguradoras. Seg\u00fan inform\u00f3 el diario digital Mashable,\u2026","rel":"","context":"En \u00abCovid-19\u00bb","block_context":{"text":"Covid-19","link":"http:\/\/ccnews.com.ar\/prensa\/category\/covid-19\/"},"img":{"alt_text":"","src":"https:\/\/i0.wp.com\/ccnews.com.ar\/prensa\/wp-content\/uploads\/2020\/04\/469378.jpg?fit=880%2C495&resize=350%2C200","width":350,"height":200,"srcset":"https:\/\/i0.wp.com\/ccnews.com.ar\/prensa\/wp-content\/uploads\/2020\/04\/469378.jpg?fit=880%2C495&resize=350%2C200 1x, https:\/\/i0.wp.com\/ccnews.com.ar\/prensa\/wp-content\/uploads\/2020\/04\/469378.jpg?fit=880%2C495&resize=525%2C300 1,5x, https:\/\/i0.wp.com\/ccnews.com.ar\/prensa\/wp-content\/uploads\/2020\/04\/469378.jpg?fit=880%2C495&resize=700%2C400 2x"},"classes":[]}],"jetpack_sharing_enabled":true,"_links":{"self":[{"href":"http:\/\/ccnews.com.ar\/prensa\/wp-json\/wp\/v2\/posts\/419","targetHints":{"allow":["GET"]}}],"collection":[{"href":"http:\/\/ccnews.com.ar\/prensa\/wp-json\/wp\/v2\/posts"}],"about":[{"href":"http:\/\/ccnews.com.ar\/prensa\/wp-json\/wp\/v2\/types\/post"}],"author":[{"embeddable":true,"href":"http:\/\/ccnews.com.ar\/prensa\/wp-json\/wp\/v2\/users\/2"}],"replies":[{"embeddable":true,"href":"http:\/\/ccnews.com.ar\/prensa\/wp-json\/wp\/v2\/comments?post=419"}],"version-history":[{"count":0,"href":"http:\/\/ccnews.com.ar\/prensa\/wp-json\/wp\/v2\/posts\/419\/revisions"}],"wp:featuredmedia":[{"embeddable":true,"href":"http:\/\/ccnews.com.ar\/prensa\/wp-json\/"}],"wp:attachment":[{"href":"http:\/\/ccnews.com.ar\/prensa\/wp-json\/wp\/v2\/media?parent=419"}],"wp:term":[{"taxonomy":"category","embeddable":true,"href":"http:\/\/ccnews.com.ar\/prensa\/wp-json\/wp\/v2\/categories?post=419"},{"taxonomy":"post_tag","embeddable":true,"href":"http:\/\/ccnews.com.ar\/prensa\/wp-json\/wp\/v2\/tags?post=419"}],"curies":[{"name":"wp","href":"https:\/\/api.w.org\/{rel}","templated":true}]}}