{"id":4275,"date":"2017-06-16T08:00:25","date_gmt":"2017-06-16T11:00:25","guid":{"rendered":"http:\/\/clusterciarnews.com.ar\/prensa\/?p=4275"},"modified":"2017-06-16T08:09:46","modified_gmt":"2017-06-16T11:09:46","slug":"bibliotecas-digitales-la-revolucion-que-moderniza-la-educacion-universitaria","status":"publish","type":"post","link":"http:\/\/ccnews.com.ar\/prensa\/bibliotecas-digitales-la-revolucion-que-moderniza-la-educacion-universitaria\/","title":{"rendered":"Bibliotecas digitales: la revoluci\u00f3n que moderniza la educaci\u00f3n universitaria"},"content":{"rendered":"<p>Con una visi\u00f3n innovadora, las bibliotecas digitales rompen los l\u00edmites de disponibilidad de textos y acercan distancias. Son una forma efectiva de democratizar el acceso a los libros.<\/p>\n<div class=\"row\">\n<div class=\"col-xs-12 col-print-12\">\n<p class=\"element element-paragraph\">La biblioteca m\u00e1s moderna y completa del mundo cabe en la palma de la mano. Y, como en un sue\u00f1o borgeano, tiene miles de puertas: cualquier persona con una computadora, un tel\u00e9fono o una tablet puede ingresar en ella.<\/p>\n<\/div>\n<\/div>\n<div class=\"row\">\n<div class=\"col-xs-12 col-print-12\">\n<p class=\"element element-paragraph\">El modelo de bibliotecas digitales naci\u00f3 en Estados Unidos y se fue replicando en distintos pa\u00edses. Hoy, en Argentina, el proyecto de mayor madurez es <a href=\"https:\/\/www.bidi.la\/?utm_source=Referral&amp;utm_medium=Infobae&amp;utm_campaign=bibliotecasdigitales&amp;utm_term=GrandesLibros\">BiDi<\/a>, que se cre\u00f3 en 2015 y desde entonces ha desarrollado acuerdos con universidades, empresas, instituciones y sindicatos de Sudam\u00e9rica, M\u00e9xico y EE.UU.<\/p>\n<\/div>\n<\/div>\n<div class=\"row\">\n<div class=\"col-xs-12 col-print-12\">\n<p class=\"element element-paragraph\">&#8220;Las bibliotecas digitales&#8221;, dice Juan Pablo Bellini, product manager de BiDi, &#8220;no s\u00f3lo solucionan el acceso las 24 horas, sino que, en un pa\u00eds tan extenso y con realidades sociales tan distintas como el nuestro, la disponibilidad de t\u00edtulos es, adem\u00e1s, fundamentalmente un agente democratizador&#8221;.<\/p>\n<\/div>\n<\/div>\n<div id=\"\" class=\"wrapper clearfix pb-feature pb-layout-item pb-f-utilities-ad middle-1\" data-ad-exists=\"true\"><\/div>\n<div class=\"row\">\n<div class=\"col-xs-12 col-print-12\">\n<p class=\"element element-paragraph\">Si bien las BiDis no est\u00e1n apuntadas en exclusivo al \u00e1mbito acad\u00e9mico \u2014<strong>muchas empresas armaron bibliotecas de libros de literatura<\/strong> o management\u2014, una de las principales \u00e1reas de desarrollo es la universitaria. Actualmente, hay BiDis en m\u00e1s 30 universidades de la Argentina, que son utilizadas por alrededor de 115.000 alumnos. &#8220;Es un beneficio que la facultad le da a sus estudiantes&#8221;, explica Bellini, &#8220;ya que, al hacerse cargo de los costos, <strong>ellos pueden tener la<\/strong> <strong>bibliograf\u00eda obligatoria de manera gratuita<\/strong>&#8220;. Entre los casos de \u00e9xito se pueden mencionar a la UBA, la UCA, la Universidad Siglo 21, el ITBA, la escuela de postgrado IAE.<\/p>\n<\/div>\n<\/div>\n<div class=\"row\">\n<figure class=\"element element-image col-xs-12\">\n<div class=\"single-image\">\n<div class=\"shares\"><\/div>\n<p><img data-recalc-dims=\"1\" loading=\"lazy\" decoding=\"async\" id=\"OL5UJLIYWZFP3G6CKH77L2WMRM\" class=\"image-lazy\" src=\"https:\/\/i0.wp.com\/www.infobae.com\/new-resizer\/Qs_fDTmTbBKOXuzNogBbVVcj5mk%3D\/600x0\/s3.amazonaws.com\/arc-wordpress-client-uploads\/infobae-wp\/wp-content\/uploads\/2017\/05\/19173851\/libros-digitales.jpg?resize=750%2C0\" alt=\"\u201cUna biblioteca digital supone un acceso superlativo a la informaci\u00f3n imposible de alcanzar con bibliotecas de papel\u201d, dice Enzo Dimuro\" width=\"750\" height=\"0\" data-url=\"http:\/\/www.infobae.com\/grandes-libros\/2017\/05\/21\/bibliotecas-digitales-la-revolucion-que-moderniza-la-educacion-universitaria\/%23OL5UJLIYWZFP3G6CKH77L2WMRM\" data-original=\"http:\/\/www.infobae.com\/new-resizer\/Qs_fDTmTbBKOXuzNogBbVVcj5mk=\/600x0\/s3.amazonaws.com\/arc-wordpress-client-uploads\/infobae-wp\/wp-content\/uploads\/2017\/05\/19173851\/libros-digitales.jpg?token=bar\" \/><\/p>\n<\/div><figcaption class=\"\"><span class=\"credit\">\u201cUna biblioteca digital supone un acceso superlativo a la informaci\u00f3n imposible de alcanzar con bibliotecas de papel\u201d, dice Enzo Dimuro<\/span><\/figcaption><\/figure>\n<\/div>\n<div class=\"row\">\n<div class=\"col-xs-12 col-print-12\">\n<p class=\"element element-paragraph\">&#8220;La biblioteca digital&#8221;, se\u00f1ala Liliana Luchi, directora de la Biblioteca del IAE, &#8220;nos permiti\u00f3 incrementar de forma significativa nuestra colecci\u00f3n sin tener que preocuparnos por el espacio, un tema que aflige a todas las bibliotecas. Adem\u00e1s, <strong>el costo-beneficio es muy favorable<\/strong> ya que se accede a m\u00e1s material a un costo bastante menor. Y tambi\u00e9n nos permiti\u00f3 acercar nuestros recursos a los alumnos y antiguos alumnos (exalumnos) del interior y el exterior del pa\u00eds.&#8221;<\/p>\n<\/div>\n<\/div>\n<div class=\"row\">\n<div class=\"col-xs-12 col-print-12\">\n<p class=\"element element-paragraph\">Para Enzo Dimuro, subsecretario de la Biblioteca de la Facultad de Ciencias Econ\u00f3micas de la UBA, al eliminar la distancia entre el lector y el texto, una biblioteca digital supone un &#8220;acceso superlativo a la informaci\u00f3n imposible de alcanzar con bibliotecas de papel&#8221;. La elecci\u00f3n de BiDi para la facultad se bas\u00f3 en el dise\u00f1o del <strong>cat\u00e1logo <em>t\u00edtulo a t\u00edtulo<\/em> y en la protecci\u00f3n de la intimidad de sus alumnos<\/strong>:<\/p>\n<\/div>\n<\/div>\n<div class=\"row\">\n<div class=\"col-xs-12 col-print-12\">\n<p class=\"element element-paragraph\">&#8220;BiDi ofreci\u00f3 la posibilidad de armar <strong>una colecci\u00f3n personalizada de editoriales fuertes<\/strong>, a diferencia de otras plataformas en las que se ofrece un paquete de material del cual se hace uso efectivo de menos del 20% pero se paga por todo. Adem\u00e1s, se pudo implementar una soluci\u00f3n inform\u00e1tica a trav\u00e9s de la cual el alumno accede al material de BiDi exclusivamente desde el cat\u00e1logo de la biblioteca utilizando el usuario y la contrase\u00f1a que usa para los otros sistemas de la facultad, sin que esos datos est\u00e9n registrados en BiDi.&#8221;<\/p>\n<\/div>\n<\/div>\n<div class=\"row\">\n<figure class=\"element element-image col-xs-12\">\n<div class=\"single-image\">\n<div class=\"shares\"><\/div>\n<p><img data-recalc-dims=\"1\" loading=\"lazy\" decoding=\"async\" id=\"2G7U6U3EC5DW5HR65OD4PYDZAA\" class=\"image-lazy\" src=\"https:\/\/i0.wp.com\/www.infobae.com\/new-resizer\/kufUnP6PKdMY4b9HbVBVsKDjPAc%3D\/600x0\/s3.amazonaws.com\/arc-wordpress-client-uploads\/infobae-wp\/wp-content\/uploads\/2017\/04\/19134910\/MujerDigital3.jpg?resize=750%2C0\" alt=\"\u201cHoy los alumnos tienen lo mejor de los dos mundos\u201d, se entusiasma Lucchi\" width=\"750\" height=\"0\" data-url=\"http:\/\/www.infobae.com\/grandes-libros\/2017\/05\/21\/bibliotecas-digitales-la-revolucion-que-moderniza-la-educacion-universitaria\/%232G7U6U3EC5DW5HR65OD4PYDZAA\" data-original=\"http:\/\/www.infobae.com\/new-resizer\/kufUnP6PKdMY4b9HbVBVsKDjPAc=\/600x0\/s3.amazonaws.com\/arc-wordpress-client-uploads\/infobae-wp\/wp-content\/uploads\/2017\/04\/19134910\/MujerDigital3.jpg?token=bar\" \/><\/p>\n<\/div><figcaption class=\"\"><span class=\"credit\">\u201cHoy los alumnos tienen lo mejor de los dos mundos\u201d, se entusiasma Lucchi<\/span><\/figcaption><\/figure>\n<\/div>\n<div class=\"row\">\n<div class=\"col-xs-12 col-print-12\">\n<p class=\"element element-paragraph\">El pasaje del soporte papel al formato digital es un movimiento que ya se da sin esfuerzo. &#8220;Hoy los alumnos tienen lo mejor de los dos mundos&#8221;, se entusiasma Luchi, y se\u00f1ala que, si bien todav\u00eda hay parte de la bibliograf\u00eda espec\u00edfica que no est\u00e1 en digital, &#8220;<strong>los alumnos asumieron el libro digital con toda naturalidad<\/strong>, ya que los recursos de informaci\u00f3n como los journals, bases de datos de texto y estad\u00edsticas, etc., hace tiempo que son digitales&#8221;.<\/p>\n<\/div>\n<\/div>\n<div class=\"row\">\n<div class=\"col-xs-12 col-print-12\">\n<p class=\"element element-paragraph\">Dimuro, en tanto, considera que el juego entre e-book y libro tiene una retroalimentaci\u00f3n positiva. &#8220;Como se trata de una variable cultural&#8221;, dice, &#8220;las solicitudes de libros en papel siguen siendo muy altas, inclusive m\u00e1s que antes, y posiblemente motorizadas porque el usuario, al acceder al material electr\u00f3nico, se encuentra con m\u00e1s elementos de juicio para analizar sus necesidades y viene a la biblioteca a buscar el impreso que necesita&#8221;. Para \u00e9l, la implementaci\u00f3n de la <a href=\"https:\/\/www.bidi.la\/?utm_source=Referral&amp;utm_medium=Infobae&amp;utm_campaign=bibliotecasdigitales&amp;utm_term=GrandesLibros\">BiDi<\/a> ha sido altamente satisfactoria: &#8220;En el tiempo que la colecci\u00f3n digital est\u00e1 disponible, el crecimiento ha sido sostenido, lo que nos permite decir que <strong>la colecci\u00f3n digital potenci\u00f3 los h\u00e1bitos de lectura<\/strong> de nuestros usuarios y los increment\u00f3 en cantidad&#8221;.<\/p>\n<p class=\"element element-paragraph\">Fuente: Infotechnology<\/p>\n<\/div>\n<\/div>\n<!-- AddThis Advanced Settings generic via filter on the_content -->","protected":false},"excerpt":{"rendered":"<p>Con una visi\u00f3n innovadora, las bibliotecas digitales rompen los l\u00edmites de disponibilidad de textos y acercan distancias. Son una forma<!-- AddThis Advanced Settings generic via filter on get_the_excerpt --><\/p>\n","protected":false},"author":2,"featured_media":4277,"comment_status":"closed","ping_status":"closed","sticky":false,"template":"","format":"standard","meta":{"colormag_page_container_layout":"default_layout","colormag_page_sidebar_layout":"default_layout","jetpack_post_was_ever_published":false,"_jetpack_newsletter_access":"","_jetpack_dont_email_post_to_subs":false,"_jetpack_newsletter_tier_id":0,"_jetpack_memberships_contains_paywalled_content":false,"_jetpack_memberships_contains_paid_content":false,"footnotes":"","jetpack_publicize_message":"","jetpack_publicize_feature_enabled":true,"jetpack_social_post_already_shared":true,"jetpack_social_options":{"image_generator_settings":{"template":"highway","default_image_id":0,"font":"","enabled":false},"version":2}},"categories":[19],"tags":[17],"class_list":["post-4275","post","type-post","status-publish","format-standard","has-post-thumbnail","hentry","category-educacion-sociedad","tag-otros-medios"],"jetpack_publicize_connections":[],"jetpack_featured_media_url":"https:\/\/i0.wp.com\/ccnews.com.ar\/prensa\/wp-content\/uploads\/2017\/05\/2108970.jpg?fit=568%2C408","jetpack_shortlink":"https:\/\/wp.me\/p7L1gj-16X","jetpack-related-posts":[{"id":7957,"url":"http:\/\/ccnews.com.ar\/prensa\/nueva-biblioteca-del-tec-premiada-por-el-mejor-diseno-del-mundo\/","url_meta":{"origin":4275,"position":0},"title":"Nueva biblioteca del Tec, premiada por el mejor dise\u00f1o del mundo","author":"admin","date":"6 junio, 2018","format":false,"excerpt":"La nueva biblioteca del Tecnol\u00f3gico de Monterrey campus Monterrey fue galardonada por el mejor dise\u00f1o interior La nueva biblioteca del Tecnol\u00f3gico de Monterrey campus Monterrey fue galardonada por el mejor dise\u00f1o interior de una biblioteca acad\u00e9mica en los premios\u00a0Library Interior Design Awards,\u00a0que otorga la International Interior Design Association (IIDA) y\u2026","rel":"","context":"En \u00abEducaci\u00f3n\/Sociedad\u00bb","block_context":{"text":"Educaci\u00f3n\/Sociedad","link":"http:\/\/ccnews.com.ar\/prensa\/category\/educacion-sociedad\/"},"img":{"alt_text":"","src":"https:\/\/i0.wp.com\/ccnews.com.ar\/prensa\/wp-content\/uploads\/2018\/05\/NuevabibliotecadelTecdeMonterrey.png?fit=500%2C282&resize=350%2C200","width":350,"height":200},"classes":[]},{"id":6235,"url":"http:\/\/ccnews.com.ar\/prensa\/dos-nuevos-pasos-hacia-el-desarrollo-social\/","url_meta":{"origin":4275,"position":1},"title":"Dos nuevos pasos  hacia el desarrollo social","author":"CLUSTERciar","date":"28 noviembre, 2017","format":false,"excerpt":"\u00a0 En el marco de las actividades que realiza para fomentar el desarrollo social en la regi\u00f3n, Fundaci\u00f3n Potenciar integr\u00f3 el alcance de dos acciones: una conferencia del prestigioso orador Leo Piccioli y la campa\u00f1a solidaria \u201cDar para leer - Potenciando la lectura\u201d. Fundaci\u00f3n Potenciar organiz\u00f3 la conferencia del speaker\u2026","rel":"","context":"En \u00abEducaci\u00f3n\/Sociedad\u00bb","block_context":{"text":"Educaci\u00f3n\/Sociedad","link":"http:\/\/ccnews.com.ar\/prensa\/category\/educacion-sociedad\/"},"img":{"alt_text":"","src":"https:\/\/i0.wp.com\/ccnews.com.ar\/prensa\/wp-content\/uploads\/2017\/11\/LPI_5678.jpg?fit=800%2C533&resize=350%2C200","width":350,"height":200,"srcset":"https:\/\/i0.wp.com\/ccnews.com.ar\/prensa\/wp-content\/uploads\/2017\/11\/LPI_5678.jpg?fit=800%2C533&resize=350%2C200 1x, https:\/\/i0.wp.com\/ccnews.com.ar\/prensa\/wp-content\/uploads\/2017\/11\/LPI_5678.jpg?fit=800%2C533&resize=525%2C300 1,5x, https:\/\/i0.wp.com\/ccnews.com.ar\/prensa\/wp-content\/uploads\/2017\/11\/LPI_5678.jpg?fit=800%2C533&resize=700%2C400 2x"},"classes":[]},{"id":1261,"url":"http:\/\/ccnews.com.ar\/prensa\/lo-digital-transformo-la-educacion-pero-hace-falta-preparar-a-los-docentes-para-eso\/","url_meta":{"origin":4275,"position":2},"title":"Lo digital transform\u00f3 la educaci\u00f3n, pero hace falta preparar a los docentes para eso","author":"CLUSTERciar","date":"24 agosto, 2016","format":false,"excerpt":"Hace algo m\u00e1s de 200 a\u00f1os el mundo cambi\u00f3. El impacto de los cambios tecnol\u00f3gicos generados por la revoluci\u00f3n industrial alcanzaron a todos los aspectos de la sociedad. Se inici\u00f3 un mundo de crecimiento basado en el desarrollo de la tecnolog\u00eda anal\u00f3gica, donde la mec\u00e1nica y la electricidad permitieron una\u2026","rel":"","context":"En \u00abEducaci\u00f3n\/Sociedad\u00bb","block_context":{"text":"Educaci\u00f3n\/Sociedad","link":"http:\/\/ccnews.com.ar\/prensa\/category\/educacion-sociedad\/"},"img":{"alt_text":"","src":"","width":0,"height":0},"classes":[]},{"id":3269,"url":"http:\/\/ccnews.com.ar\/prensa\/educacion-y-tic-nuevas-formas-de-aprender-y-ensenar\/","url_meta":{"origin":4275,"position":3},"title":"Educaci\u00f3n y TIC: Nuevas formas de aprender y ense\u00f1ar","author":"CLUSTERciar","date":"27 febrero, 2017","format":false,"excerpt":"Conversamos con Cecilia Sagol de Educ.ar sobre acceso, apropiaci\u00f3n, uso y aprendizaje en el entorno de las tecnolog\u00edas digitales. Las nuevas tecnolog\u00edas digitales impactan en diversos aspectos de nuestra vida en sociedad. Principalmente por haber cambiado nuestras formas de informarnos, de entretenernos y tambi\u00e9n de comunicarnos entre nosotros. Pero sin\u2026","rel":"","context":"En \u00abEducaci\u00f3n\/Sociedad\u00bb","block_context":{"text":"Educaci\u00f3n\/Sociedad","link":"http:\/\/ccnews.com.ar\/prensa\/category\/educacion-sociedad\/"},"img":{"alt_text":"","src":"https:\/\/i0.wp.com\/ccnews.com.ar\/prensa\/wp-content\/uploads\/2017\/02\/435733.png?fit=627%2C460&resize=350%2C200","width":350,"height":200,"srcset":"https:\/\/i0.wp.com\/ccnews.com.ar\/prensa\/wp-content\/uploads\/2017\/02\/435733.png?fit=627%2C460&resize=350%2C200 1x, https:\/\/i0.wp.com\/ccnews.com.ar\/prensa\/wp-content\/uploads\/2017\/02\/435733.png?fit=627%2C460&resize=525%2C300 1,5x"},"classes":[]},{"id":16568,"url":"http:\/\/ccnews.com.ar\/prensa\/ensenanza-mixta-la-nueva-normalidad-de-la-educacion-superior\/","url_meta":{"origin":4275,"position":4},"title":"Ense\u00f1anza &#8220;mixta&#8221;: la nueva normalidad de la educaci\u00f3n superior","author":"Editor","date":"11 marzo, 2021","format":false,"excerpt":"La crisis sanitaria oblig\u00f3 a una acelerada adaptaci\u00f3n de la educaci\u00f3n para seguir adelante. A medida que se ensaya una nueva etapa, la combinaci\u00f3n de herramientas tecnol\u00f3gicas y la semipresencialidad se imponen en el escenario actual.","rel":"","context":"En \u00abEducaci\u00f3n\/Sociedad\u00bb","block_context":{"text":"Educaci\u00f3n\/Sociedad","link":"http:\/\/ccnews.com.ar\/prensa\/category\/educacion-sociedad\/"},"img":{"alt_text":"","src":"","width":0,"height":0},"classes":[]},{"id":15016,"url":"http:\/\/ccnews.com.ar\/prensa\/sociedades-digitalizadas-el-futuro-mas-cerca\/","url_meta":{"origin":4275,"position":5},"title":"Sociedades digitalizadas: el futuro, m\u00e1s cerca","author":"CLUSTERciar","date":"27 marzo, 2020","format":false,"excerpt":"El escenario actual de pandemia acelera la transformaci\u00f3n de la forma en la que vivimos y nos conectamos. Ebanking, aulas virtuales y negocios en l\u00ednea ganan protagonismo. A todos nos cambi\u00f3 la rutina. Empezamos a\u00a0hacer algunas de las actividades diarias de otra manera. Seg\u00fan varios especialistas, estos cambios forzados producto\u2026","rel":"","context":"En \u00abEducaci\u00f3n\/Sociedad\u00bb","block_context":{"text":"Educaci\u00f3n\/Sociedad","link":"http:\/\/ccnews.com.ar\/prensa\/category\/educacion-sociedad\/"},"img":{"alt_text":"","src":"https:\/\/i0.wp.com\/ccnews.com.ar\/prensa\/wp-content\/uploads\/2020\/03\/capital-humano-1_crop1571181477942.jpg_258117318.jpg?fit=829%2C466&resize=350%2C200","width":350,"height":200,"srcset":"https:\/\/i0.wp.com\/ccnews.com.ar\/prensa\/wp-content\/uploads\/2020\/03\/capital-humano-1_crop1571181477942.jpg_258117318.jpg?fit=829%2C466&resize=350%2C200 1x, https:\/\/i0.wp.com\/ccnews.com.ar\/prensa\/wp-content\/uploads\/2020\/03\/capital-humano-1_crop1571181477942.jpg_258117318.jpg?fit=829%2C466&resize=525%2C300 1,5x, https:\/\/i0.wp.com\/ccnews.com.ar\/prensa\/wp-content\/uploads\/2020\/03\/capital-humano-1_crop1571181477942.jpg_258117318.jpg?fit=829%2C466&resize=700%2C400 2x"},"classes":[]}],"jetpack_sharing_enabled":true,"_links":{"self":[{"href":"http:\/\/ccnews.com.ar\/prensa\/wp-json\/wp\/v2\/posts\/4275","targetHints":{"allow":["GET"]}}],"collection":[{"href":"http:\/\/ccnews.com.ar\/prensa\/wp-json\/wp\/v2\/posts"}],"about":[{"href":"http:\/\/ccnews.com.ar\/prensa\/wp-json\/wp\/v2\/types\/post"}],"author":[{"embeddable":true,"href":"http:\/\/ccnews.com.ar\/prensa\/wp-json\/wp\/v2\/users\/2"}],"replies":[{"embeddable":true,"href":"http:\/\/ccnews.com.ar\/prensa\/wp-json\/wp\/v2\/comments?post=4275"}],"version-history":[{"count":2,"href":"http:\/\/ccnews.com.ar\/prensa\/wp-json\/wp\/v2\/posts\/4275\/revisions"}],"predecessor-version":[{"id":4487,"href":"http:\/\/ccnews.com.ar\/prensa\/wp-json\/wp\/v2\/posts\/4275\/revisions\/4487"}],"wp:featuredmedia":[{"embeddable":true,"href":"http:\/\/ccnews.com.ar\/prensa\/wp-json\/wp\/v2\/media\/4277"}],"wp:attachment":[{"href":"http:\/\/ccnews.com.ar\/prensa\/wp-json\/wp\/v2\/media?parent=4275"}],"wp:term":[{"taxonomy":"category","embeddable":true,"href":"http:\/\/ccnews.com.ar\/prensa\/wp-json\/wp\/v2\/categories?post=4275"},{"taxonomy":"post_tag","embeddable":true,"href":"http:\/\/ccnews.com.ar\/prensa\/wp-json\/wp\/v2\/tags?post=4275"}],"curies":[{"name":"wp","href":"https:\/\/api.w.org\/{rel}","templated":true}]}}