{"id":4295,"date":"2017-06-07T08:00:34","date_gmt":"2017-06-07T11:00:34","guid":{"rendered":"http:\/\/clusterciarnews.com.ar\/prensa\/?p=4295"},"modified":"2017-06-07T08:34:18","modified_gmt":"2017-06-07T11:34:18","slug":"ingenieros-amigables-con-el-ambiente","status":"publish","type":"post","link":"http:\/\/ccnews.com.ar\/prensa\/ingenieros-amigables-con-el-ambiente\/","title":{"rendered":"Ingenieros amigables con el ambiente"},"content":{"rendered":"<p><strong>Cada vez m\u00e1s universidades nacionales ofrecen la carrera de ingenier\u00eda ambiental o incorporan maestr\u00edas, especializaciones y diplomaturas vinculadas con el desarrollo sustentable.<\/strong><\/p>\n<p>En algunos casos fue una respuesta a la demanda de los propios estudiantes y graduados. Mientras que varias de las alternativas directamente surgieron como una iniciativa planificada estrictamente por las universidades. Sea cual fuera el origen, el presente marca una tendencia irrefutable: la oferta acad\u00e9mica especializada en temas ambientales crece en opciones y en cantidad de matriculados. Ya son varias las casas de altos estudios que ofrecen ingenier\u00eda ambiental como una de sus carreras de grado y pr\u00e1cticamente todas las universidades incorporaron a lo largo de los \u00faltimos diez a\u00f1os alguna maestr\u00eda, especializaci\u00f3n o diplomatura para que ingenieros de distintas especialidades puedan perfilar su formaci\u00f3n a temas de sustentabilidad y cuidado del ambiente.<\/p>\n<p><img data-recalc-dims=\"1\" loading=\"lazy\" decoding=\"async\" data-attachment-id=\"4299\" data-permalink=\"http:\/\/ccnews.com.ar\/prensa\/ingenieros-amigables-con-el-ambiente\/attachment\/4\/\" data-orig-file=\"https:\/\/i0.wp.com\/ccnews.com.ar\/prensa\/wp-content\/uploads\/2017\/05\/4.jpg?fit=2186%2C1232\" data-orig-size=\"2186,1232\" data-comments-opened=\"0\" data-image-meta=\"{&quot;aperture&quot;:&quot;0&quot;,&quot;credit&quot;:&quot;&quot;,&quot;camera&quot;:&quot;&quot;,&quot;caption&quot;:&quot;&quot;,&quot;created_timestamp&quot;:&quot;0&quot;,&quot;copyright&quot;:&quot;&quot;,&quot;focal_length&quot;:&quot;0&quot;,&quot;iso&quot;:&quot;0&quot;,&quot;shutter_speed&quot;:&quot;0&quot;,&quot;title&quot;:&quot;&quot;,&quot;orientation&quot;:&quot;0&quot;}\" data-image-title=\"4\" data-image-description=\"\" data-image-caption=\"\" data-large-file=\"https:\/\/i0.wp.com\/ccnews.com.ar\/prensa\/wp-content\/uploads\/2017\/05\/4.jpg?fit=800%2C451\" class=\"aligncenter size-full wp-image-4299\" src=\"https:\/\/i0.wp.com\/clusterciarnews.com.ar\/prensa\/wp-content\/uploads\/2017\/05\/4.jpg?resize=800%2C451\" alt=\"4\" width=\"800\" height=\"451\" srcset=\"https:\/\/i0.wp.com\/ccnews.com.ar\/prensa\/wp-content\/uploads\/2017\/05\/4.jpg?w=2186 2186w, https:\/\/i0.wp.com\/ccnews.com.ar\/prensa\/wp-content\/uploads\/2017\/05\/4.jpg?resize=300%2C169 300w, https:\/\/i0.wp.com\/ccnews.com.ar\/prensa\/wp-content\/uploads\/2017\/05\/4.jpg?resize=768%2C433 768w, https:\/\/i0.wp.com\/ccnews.com.ar\/prensa\/wp-content\/uploads\/2017\/05\/4.jpg?resize=1024%2C577 1024w, https:\/\/i0.wp.com\/ccnews.com.ar\/prensa\/wp-content\/uploads\/2017\/05\/4.jpg?w=1600 1600w\" sizes=\"auto, (max-width: 800px) 100vw, 800px\" \/><\/p>\n<p>\u201cLa universidad presenta la potencialidad de un rol fundacional en la incorporaci\u00f3n y la divulgaci\u00f3n de connotaciones positivas vinculadas al concepto de sostenibilidad. Adem\u00e1s, el marco universitario puede influir tempranamente en la futura fuerza de trabajo a partir de la introducci\u00f3n de la sostenibilidad en las distintas \u00e1reas y en las actividades cotidianas que en ella se desarrollan\u201d, consider\u00f3 la ingeniera Rosana Iribarne, coor &#8211; dinadora de la especializaci\u00f3n y de la maestr\u00eda en tecnolog\u00edas urbanas sostenibles de la Facultad de Ingenier\u00eda de la UBA, opciones creadas en 2011 y 2014, respectivamente. Como ejemplo de la demanda creciente de la especializaci\u00f3n,\u00a0Iribarne grafic\u00f3 que en 2011 lo iniciaron 10 alumnos, mientras que para este a\u00f1o ya est\u00e1n anotadas 35 personas. La FIUBA adem\u00e1s ya ha iniciado el tr\u00e1mite para que la CONEAU apruebe la incorporaci\u00f3n de ingenier\u00eda ambiental como futura carrera de grado.<\/p>\n<p>La UCA es una de las universidades con mayor tradici\u00f3n en la formaci\u00f3n de ingenieros ambientales, dado que dicta la carrera desde 1995. El ingeniero Carlos Sacavini, director de la carrera, detall\u00f3 que ya se han graduado 450 especialistas y destac\u00f3 que \u201cla matr\u00edcula ha aumentado en los \u00faltimos ocho a\u00f1os\u201d. Mientras que traz\u00f3 los principales argumentos que lo hacen pensar que esa tendencia permanecer\u00e1 en el tiempo: \u201cEl mercado laboral se manifiesta creciente de manera sostenida debido a que las empresas generadoras de residuos, ya sean s\u00f3lidos, efluentes l\u00edquidos o efluentes gaseosos, deben cumplir requisitos legales cada vez m\u00e1s exigentes y m\u00e1s custodiados por las autoridades de aplicaci\u00f3n correspondientes. Se infiere entonces que la demanda de ingenieros ambientales en los pa\u00edses industrializados, entre ellos la Argentina, ser\u00e1 creciente por mucho tiempo\u201d.<\/p>\n<p><img data-recalc-dims=\"1\" loading=\"lazy\" decoding=\"async\" data-attachment-id=\"4301\" data-permalink=\"http:\/\/ccnews.com.ar\/prensa\/ingenieros-amigables-con-el-ambiente\/attachment\/1\/\" data-orig-file=\"https:\/\/i0.wp.com\/ccnews.com.ar\/prensa\/wp-content\/uploads\/2017\/05\/1.jpg?fit=607%2C2366\" data-orig-size=\"607,2366\" data-comments-opened=\"0\" data-image-meta=\"{&quot;aperture&quot;:&quot;0&quot;,&quot;credit&quot;:&quot;&quot;,&quot;camera&quot;:&quot;&quot;,&quot;caption&quot;:&quot;&quot;,&quot;created_timestamp&quot;:&quot;0&quot;,&quot;copyright&quot;:&quot;&quot;,&quot;focal_length&quot;:&quot;0&quot;,&quot;iso&quot;:&quot;0&quot;,&quot;shutter_speed&quot;:&quot;0&quot;,&quot;title&quot;:&quot;&quot;,&quot;orientation&quot;:&quot;0&quot;}\" data-image-title=\"1\" data-image-description=\"\" data-image-caption=\"\" data-large-file=\"https:\/\/i0.wp.com\/ccnews.com.ar\/prensa\/wp-content\/uploads\/2017\/05\/1.jpg?fit=263%2C1024\" class=\" wp-image-4301 alignleft\" src=\"https:\/\/i0.wp.com\/clusterciarnews.com.ar\/prensa\/wp-content\/uploads\/2017\/05\/1.jpg?resize=177%2C2183\" alt=\"1\" width=\"177\" height=\"2183\" \/><\/p>\n<p>Para el ingeniero Julio Sosa, coordinador de la carrera de ingenier\u00eda ambiental de la Universidad Nacional de Tres de Febrero (UNTREF), creada hace apenas una d\u00e9cada, existe un hito que marca el camino del incremento en la oferta formativa de ingenieros amigables con el ambiente: la reforma constitucional de 1994. \u201cAcompa\u00f1ando los compromisos internacionales acerca del cuidado del medio ambiente, nuestro pa\u00eds introduce estos conceptos en su carta magna, proclamando en su art\u00edculo 41 que \u2018las actividades productivas satisfagan las necesidades presentes sin comprometer las de las generaciones futuras\u2019. Cumplir con este compromiso requiere de la formaci\u00f3n de profesionales con s\u00f3lidos conocimientos que acompa\u00f1en este camino en diferentes \u00e1mbitos: el productivo, el de investigaci\u00f3n y el normativo\u201d. Para Sosa, los ingenieros especializados en temas ambientales tendr\u00e1n lugar para desempe\u00f1arse tanto en empresas como en el sector p\u00fablico, integrando organismos p\u00fablicos nacionales, provinciales y municipales.<\/p>\n<p>Pero no es \u00fanicamente la posibilidad de insertarse r\u00e1pidamente en el mercado laboral lo que mueve a todos los estudiantes a buscar una especialidad en temas ambientales. Existe una gran proporci\u00f3n de ingenieros que eligen una formaci\u00f3n acorde con sus ideales. \u201cEstudi\u00e9 ingenier\u00eda electr\u00f3nica casi por mandato familiar. Pero en 2009 decid\u00ed comprometerme m\u00e1s con la forma de vida que entiendo es la correcta y que tiene m\u00e1s que ver con mi conducta. Por eso y\u00a0pese a que s\u00f3lo me tomaron equivalencias de siete materias, decid\u00ed hacer la carrera de ingenier\u00eda ambiental en la UNTREF. Y sinceramente me apasion\u00f3 y me hizo comprometerme a\u00fan m\u00e1s con los temas ambientales\u201d, confi\u00f3 Oscar Gonz\u00e1lez, que ya como especialista en ambiente hizo algunos trabajos de mediciones de la calidad del aire en la Ciudad de Buenos Aires.<\/p>\n<p>El Instituto de Investigaciones e Ingenier\u00eda Ambiental de la Universidad Nacional de San Mart\u00edn es unas de las universidades que m\u00e1s oferta acad\u00e9mica sobre el tema tiene. Adem\u00e1s de la carrera de grado, sum\u00f3 un doctorado en ciencia y tecnolog\u00eda menci\u00f3n qu\u00edmica, una maestr\u00eda en control de plagas y su impacto ambiental, una maestr\u00eda en gesti\u00f3n ambiental y cuatro especializaciones: en evaluaci\u00f3n de contaminaci\u00f3n ambiental y su riesgo toxicol\u00f3gico, gesti\u00f3n ambiental, industria petroqu\u00edmica, y tecnolog\u00edas e impacto ambiental de materiales pl\u00e1sticos. \u201cCrecen las alternativas porque sabemos que los temas ambientales toman relevancia por la necesidad de avanzar pensando en no seguir pagando costos ambientales. Y porque las nuevas generaciones quieren hacer algo por un mundo mejor\u201d, opin\u00f3 la ingeniera Diana Mielnicki, que luego de hacer la maestr\u00eda en gesti\u00f3n ambiental en la UNSAM se convirti\u00f3 en coordinadora de la carrera de ingenier\u00eda ambiental de la universidad.<\/p>\n<p>En la regional Buenos Aires de la Universidad Tecnol\u00f3gica Nacional dictan hace 20 a\u00f1os la maestr\u00eda en ingenier\u00eda ambiental, pero remarcaron que mientras en a\u00f1os anteriores el promedio era de 16 alumnos, este a\u00f1o completaron el cupo de 23 estudiantes. Adem\u00e1s, tienen previsto ofrecer por primera vez en la regional la maestr\u00eda en energ\u00edas renovables, que ya sum\u00f3 36 matriculados. \u201cEl bienestar de la sociedad se encuentra amenazado por el mismo hombre debido a su acci\u00f3n sobre el ambiente. Los ingenieros, art\u00edfices de esta transformaci\u00f3n, son responsables de armonizar sus intervenciones con una nueva visi\u00f3n sustentable. As\u00ed, el posgrado en ingenier\u00eda ambiental profundiza los conocimientos de la ingenier\u00eda dise\u00f1ando soluciones tecnol\u00f3gicas que optimicen los recursos naturales, previniendo la emisi\u00f3n de contaminantes. Se pretende que el ingeniero gestione y seleccione las estrategias de remediaci\u00f3n m\u00e1s adecuada buscando la disposici\u00f3n segura de los residuos, la restauraci\u00f3n de sitios contaminados y el monitoreo de las instalaciones\u201d, consider\u00f3 el ingeniero Enrique Puliafito, director de la especializaci\u00f3n y maestr\u00eda en ingenier\u00eda ambiental.<\/p>\n<p>Independientemente de la oferta espec\u00edfica de ingenier\u00eda ambiental, muchas carreras de grado de otras especialidades sumaron contenidos y materias que apuntan a satisfacer una demanda creciente de los estudiantes por formarse como ingenieros amigables con el ambiente. \u201cLa coyuntura actual conlleva a que en los \u00faltimos a\u00f1os se haya manifestado un \u00e9nfasis especial en el alumnado en lo que respecta al cuidado del medio ambiente y en la sustentabilidad ambiental de los procesos, por lo que se dictan una serie de materias que abarcan esas tem\u00e1ticas por ejemplo en nuestra carrera de ingenier\u00eda qu\u00edmica\u201d, expuso el ingeniero Jorge Stripeikis, director de la carrera de ingenier\u00eda qu\u00edmica y director del Centro de Ingenier\u00eda del Medio Ambiente (CIMA) del Instituto Tecnol\u00f3gico de Buenos Aires, donde adem\u00e1s ofrecen maestr\u00edas en gesti\u00f3n ambiental, y en energ\u00eda y ambiente, adem\u00e1s de una diplomatura en gesti\u00f3n de energ\u00eda.<\/p>\n<p>Stripeikis detall\u00f3 que en ingenier\u00eda qu\u00edmica incorpor\u00f3 un conjunto de materias relacionadas con el quehacer ambiental, tales como seguridad ocupacional y ambiental, tratamiento de efluentes, introducci\u00f3n a la ingenier\u00eda ambiental, residuos s\u00f3lidos y peligrosos, y gesti\u00f3n de residuos, entre otras materias. En la regional Buenos Aires de la UTN, en tanto, incorporaron hace cinco a\u00f1os la c\u00e1tedra de energ\u00edas renovables como materia selectiva para los estudiantes de todas las carreras de la facultad. \u201cEn la FIUBA, diferentes asignaturas han ido incorporando la tem\u00e1tica de evaluaci\u00f3n de impactos ambientales asociados a los proyectos de ingenier\u00eda. Adem\u00e1s hay materias espec\u00edficas dictadas por docentes del Departamento de Ambiente y Trabajo\u201d, agreg\u00f3 Iribarne. \u201cEn la UCA, la Facultad de Ingenier\u00eda y Ciencias Agraria le ha dado una impronta ambiental a todas sus carreras de grado\u201d, asegur\u00f3 Sacavini.<\/p>\n<p>Finalmente, Iribarne reflexion\u00f3 en el rol que tiene la universidad en general en torno a los temas ambientales: \u201cLa universidad resulta un referente prestigioso para la sociedad en general por lo cual es de esperar un profundo impacto a trav\u00e9s de su papel ejemplificador y gu\u00eda para los distintos actores sociales para consumir menos y usar todos los recursos con m\u00e1xima eficiencia, elegir productos m\u00e1s durables, habitar en construcciones energ\u00e9ticamente m\u00e1s eficientes, consumir una fracci\u00f3n del agua que usan hoy, expandir el uso del transporte p\u00fablico y reciclar virtualmente todos los residuos. Para esto debe ser, adem\u00e1s de instituci\u00f3n de ense\u00f1anza e investigaci\u00f3n, una instituci\u00f3n de aprendizaje cotidiano y continuo, con \u00e9nfasis en la formaci\u00f3n de formadores\u201d.<\/p>\n<!-- AddThis Advanced Settings generic via filter on the_content -->","protected":false},"excerpt":{"rendered":"<p>Cada vez m\u00e1s universidades nacionales ofrecen la carrera de ingenier\u00eda ambiental o incorporan maestr\u00edas, especializaciones y diplomaturas vinculadas con el<!-- AddThis Advanced Settings generic via filter on get_the_excerpt --><\/p>\n","protected":false},"author":2,"featured_media":4297,"comment_status":"closed","ping_status":"closed","sticky":false,"template":"","format":"standard","meta":{"colormag_page_container_layout":"default_layout","colormag_page_sidebar_layout":"default_layout","jetpack_post_was_ever_published":false,"_jetpack_newsletter_access":"","_jetpack_dont_email_post_to_subs":false,"_jetpack_newsletter_tier_id":0,"_jetpack_memberships_contains_paywalled_content":false,"_jetpack_memberships_contains_paid_content":false,"footnotes":"","jetpack_publicize_message":"","jetpack_publicize_feature_enabled":true,"jetpack_social_post_already_shared":true,"jetpack_social_options":{"image_generator_settings":{"template":"highway","default_image_id":0,"font":"","enabled":false},"version":2}},"categories":[3],"tags":[17],"class_list":["post-4295","post","type-post","status-publish","format-standard","has-post-thumbnail","hentry","category-sustentabilidad","tag-otros-medios"],"jetpack_publicize_connections":[],"jetpack_featured_media_url":"https:\/\/i0.wp.com\/ccnews.com.ar\/prensa\/wp-content\/uploads\/2017\/05\/3.jpg?fit=2041%2C1271","jetpack_shortlink":"https:\/\/wp.me\/p7L1gj-17h","jetpack-related-posts":[{"id":8155,"url":"http:\/\/ccnews.com.ar\/prensa\/ingenieros-en-ambiente-profesionales-indispensables-para-los-tiempos-que-vienen\/","url_meta":{"origin":4295,"position":0},"title":"Ingenieros en Ambiente: profesionales indispensables para los tiempos que vienen","author":"admin","date":"25 junio, 2018","format":false,"excerpt":"Una nota de La Naci\u00f3n revista, publicada el 24 de diciembre de 2000, habla de la primera camada de \"ingenieros verdes\" del pa\u00eds. Una infancia de vacaciones en la monta\u00f1a, campamentos, vida al aire libre y una profesora de geograf\u00eda de secundaria que lo hizo conocer las problem\u00e1ticas ambientales. Algo\u2026","rel":"","context":"En \u00abSustentabilidad\u00bb","block_context":{"text":"Sustentabilidad","link":"http:\/\/ccnews.com.ar\/prensa\/category\/sustentabilidad\/"},"img":{"alt_text":"","src":"https:\/\/i0.wp.com\/ccnews.com.ar\/prensa\/wp-content\/uploads\/2018\/06\/2709248w1033.jpg?fit=1033%2C673&resize=350%2C200","width":350,"height":200,"srcset":"https:\/\/i0.wp.com\/ccnews.com.ar\/prensa\/wp-content\/uploads\/2018\/06\/2709248w1033.jpg?fit=1033%2C673&resize=350%2C200 1x, https:\/\/i0.wp.com\/ccnews.com.ar\/prensa\/wp-content\/uploads\/2018\/06\/2709248w1033.jpg?fit=1033%2C673&resize=525%2C300 1,5x, https:\/\/i0.wp.com\/ccnews.com.ar\/prensa\/wp-content\/uploads\/2018\/06\/2709248w1033.jpg?fit=1033%2C673&resize=700%2C400 2x"},"classes":[]},{"id":364,"url":"http:\/\/ccnews.com.ar\/prensa\/se-lanza-el-premio-pre-ingenieria\/","url_meta":{"origin":4295,"position":1},"title":"Se lanza el Premio Pre ingenier\u00eda","author":"CLUSTERciar","date":"4 abril, 2016","format":false,"excerpt":"Una vez m\u00e1s, el Centro Argentino de Ingenieros oficializa la inscripci\u00f3n para el Premio Pre Ingenier\u00eda, que, con nueva imagen en su edici\u00f3n n\u00famero 17, tiene como objetivo estimular a estudiantes interesados en la problem\u00e1tica de la ingenier\u00eda y la tecnolog\u00eda, a trav\u00e9s del desarrollo de la innovaci\u00f3n. Como en\u2026","rel":"","context":"En \u00abSustentabilidad\u00bb","block_context":{"text":"Sustentabilidad","link":"http:\/\/ccnews.com.ar\/prensa\/category\/sustentabilidad\/"},"img":{"alt_text":"","src":"","width":0,"height":0},"classes":[]},{"id":12085,"url":"http:\/\/ccnews.com.ar\/prensa\/estudiar-informatica-o-alguna-ingenieria-ofrece-mayor-empleabilidad\/","url_meta":{"origin":4295,"position":2},"title":"Estudiar inform\u00e1tica o alguna ingenier\u00eda ofrece mayor empleabilidad","author":"admin","date":"6 julio, 2019","format":false,"excerpt":"Seg\u00fan un informe de \u2018Inserci\u00f3n laboral de los titulados universitarios\u2019 en los cursos 2013 \u2013 2014, estudiar inform\u00e1tica o alguna ingeniera ofrece m\u00e1s posibilidades de un trabajo al terminar la carrera. El informe publicado de 'Inserci\u00f3n laboral de los titulados universitarios - Curso 2013-2014\u2019 por el Ministerio de Ciencia, Innovaci\u00f3n\u2026","rel":"","context":"En \u00abEducaci\u00f3n\/Sociedad\u00bb","block_context":{"text":"Educaci\u00f3n\/Sociedad","link":"http:\/\/ccnews.com.ar\/prensa\/category\/educacion-sociedad\/"},"img":{"alt_text":"","src":"https:\/\/i0.wp.com\/ccnews.com.ar\/prensa\/wp-content\/uploads\/2019\/07\/Empleabilidad.ingenieria1.jpg?fit=640%2C428&resize=350%2C200","width":350,"height":200,"srcset":"https:\/\/i0.wp.com\/ccnews.com.ar\/prensa\/wp-content\/uploads\/2019\/07\/Empleabilidad.ingenieria1.jpg?fit=640%2C428&resize=350%2C200 1x, https:\/\/i0.wp.com\/ccnews.com.ar\/prensa\/wp-content\/uploads\/2019\/07\/Empleabilidad.ingenieria1.jpg?fit=640%2C428&resize=525%2C300 1,5x"},"classes":[]},{"id":4045,"url":"http:\/\/ccnews.com.ar\/prensa\/se-definieron-los-paneles-para-la-semana-de-la-ingenieria\/","url_meta":{"origin":4295,"position":3},"title":"Se definieron los paneles para la Semana de la ingenier\u00eda","author":"CLUSTERciar","date":"8 mayo, 2017","format":false,"excerpt":"Bajo el lema \u201cConstruyendo una nueva identidad\u201d y presidida por el Ing. Sergio Kaufman, la Semana de la Ingenier\u00eda se realizar\u00e1 en dos jornadas, los d\u00edas 6 y 7 de junio entre las 8:30 y las 13:30hs. en el Centro Argentino de Ingenieros. Con un programa de conferencias y paneles\u2026","rel":"","context":"En \u00abSustentabilidad\u00bb","block_context":{"text":"Sustentabilidad","link":"http:\/\/ccnews.com.ar\/prensa\/category\/sustentabilidad\/"},"img":{"alt_text":"","src":"","width":0,"height":0},"classes":[]},{"id":14958,"url":"http:\/\/ccnews.com.ar\/prensa\/como-la-ingenieria-colabora-para-paliar-el-coronavirus-el-caso-de-la-uner\/","url_meta":{"origin":4295,"position":4},"title":"\u00bfC\u00f3mo la Ingenier\u00eda colabora para paliar el coronavirus? El caso de la UNER","author":"admin","date":"21 marzo, 2020","format":false,"excerpt":"El Covid 19, m\u00e1s conocido como Coronavirus, puso en emergencia sanitaria a todos los pa\u00edses del mundo, incluida la Argentina. En medio de la cuarentena dispuesta por el Gobierno Nacional, el rol de las universidades comenz\u00f3 a cobrar gran relevancia una vez m\u00e1s. Y no solo desde \u00e1reas exclusivamente de\u2026","rel":"","context":"En \u00abCovid-19\u00bb","block_context":{"text":"Covid-19","link":"http:\/\/ccnews.com.ar\/prensa\/category\/covid-19\/"},"img":{"alt_text":"","src":"https:\/\/i0.wp.com\/ccnews.com.ar\/prensa\/wp-content\/uploads\/2020\/03\/1579928257_278133_1579955776_noticia_fotograma.jpg?fit=980%2C552&resize=350%2C200","width":350,"height":200,"srcset":"https:\/\/i0.wp.com\/ccnews.com.ar\/prensa\/wp-content\/uploads\/2020\/03\/1579928257_278133_1579955776_noticia_fotograma.jpg?fit=980%2C552&resize=350%2C200 1x, https:\/\/i0.wp.com\/ccnews.com.ar\/prensa\/wp-content\/uploads\/2020\/03\/1579928257_278133_1579955776_noticia_fotograma.jpg?fit=980%2C552&resize=525%2C300 1,5x, https:\/\/i0.wp.com\/ccnews.com.ar\/prensa\/wp-content\/uploads\/2020\/03\/1579928257_278133_1579955776_noticia_fotograma.jpg?fit=980%2C552&resize=700%2C400 2x"},"classes":[]},{"id":6957,"url":"http:\/\/ccnews.com.ar\/prensa\/semillero-tecno-estudiantes-de-ingenieria-naval-ganaron-una-competencia-internacional\/","url_meta":{"origin":4295,"position":5},"title":"Semillero tecno: estudiantes de Ingenier\u00eda Naval ganaron una competencia internacional","author":"admin","date":"22 febrero, 2018","format":false,"excerpt":"Los alumnos de la UTN Buenos Aires participaron con un remolcador oce\u00e1nico para plataformas petrol\u00edferas, adaptado al mar del sur argentino. Martin Jacoby, Nicol\u00e1s Maslein, Ignacio Agust\u00edn Lozano y Federico Cascon, estudiantes de Ingenier\u00eda Naval de la UTN Buenos Aires,\u00a0lograron el primer lugar de la Competencia de dise\u00f1o de buques\u2026","rel":"","context":"En \u00abTransformaci\u00f3n digital\u00bb","block_context":{"text":"Transformaci\u00f3n digital","link":"http:\/\/ccnews.com.ar\/prensa\/category\/transformacion-digital\/"},"img":{"alt_text":"","src":"","width":0,"height":0},"classes":[]}],"jetpack_sharing_enabled":true,"_links":{"self":[{"href":"http:\/\/ccnews.com.ar\/prensa\/wp-json\/wp\/v2\/posts\/4295","targetHints":{"allow":["GET"]}}],"collection":[{"href":"http:\/\/ccnews.com.ar\/prensa\/wp-json\/wp\/v2\/posts"}],"about":[{"href":"http:\/\/ccnews.com.ar\/prensa\/wp-json\/wp\/v2\/types\/post"}],"author":[{"embeddable":true,"href":"http:\/\/ccnews.com.ar\/prensa\/wp-json\/wp\/v2\/users\/2"}],"replies":[{"embeddable":true,"href":"http:\/\/ccnews.com.ar\/prensa\/wp-json\/wp\/v2\/comments?post=4295"}],"version-history":[{"count":1,"href":"http:\/\/ccnews.com.ar\/prensa\/wp-json\/wp\/v2\/posts\/4295\/revisions"}],"predecessor-version":[{"id":4303,"href":"http:\/\/ccnews.com.ar\/prensa\/wp-json\/wp\/v2\/posts\/4295\/revisions\/4303"}],"wp:featuredmedia":[{"embeddable":true,"href":"http:\/\/ccnews.com.ar\/prensa\/wp-json\/wp\/v2\/media\/4297"}],"wp:attachment":[{"href":"http:\/\/ccnews.com.ar\/prensa\/wp-json\/wp\/v2\/media?parent=4295"}],"wp:term":[{"taxonomy":"category","embeddable":true,"href":"http:\/\/ccnews.com.ar\/prensa\/wp-json\/wp\/v2\/categories?post=4295"},{"taxonomy":"post_tag","embeddable":true,"href":"http:\/\/ccnews.com.ar\/prensa\/wp-json\/wp\/v2\/tags?post=4295"}],"curies":[{"name":"wp","href":"https:\/\/api.w.org\/{rel}","templated":true}]}}