{"id":43,"date":"2016-05-03T14:36:19","date_gmt":"2016-05-03T14:36:19","guid":{"rendered":"http:\/\/ccnews.com.ar\/prensa\/?p=43"},"modified":"2016-06-01T13:41:30","modified_gmt":"2016-06-01T13:41:30","slug":"formar-en-valores-una-necesidad-social","status":"publish","type":"post","link":"http:\/\/ccnews.com.ar\/prensa\/formar-en-valores-una-necesidad-social\/","title":{"rendered":"Formar en Valores, una necesidad social"},"content":{"rendered":"<p>En el marco del<strong> Programa Potenciar Valores de la Fundaci\u00f3n Potenciar<\/strong>, la\u00a0Licenciada en Servicio Social ,<strong>Carolina Di Pietro<\/strong> reflexion\u00f3 sobre el trabajo que\u00a0vienen realizando en clubes y barrios y la convicci\u00f3n de seguir sumando espacios\u00a0para el desarrollo de valores en los m\u00e1s peque\u00f1os.<\/p>\n<p>Con la frase de Pit\u00e1goras<strong> \u201cEduca a los ni\u00f1os y no ser\u00e1 necesario castigar a los\u00a0hombres\u201d<\/strong>, Carolina explic\u00f3 claramente cu\u00e1l es la pol\u00edtica del trabajo que impulsa\u00a0desde 2009 la fundaci\u00f3n y hacia d\u00f3nde apuntan todos sus esfuerzos. Y afirm\u00f3\u00a0que: <strong>\u201cDar herramientas a los m\u00e1s chicos para que puedan desenvolverse en el\u00a0futuro, es una obligaci\u00f3n que tenemos que asumir como\u00a0sociedad\u201d .<\/strong><\/p>\n<p>El deporte, es una gran v\u00eda para el desarrollo de valores, una de las piezas clave\u00a0para llegar cada vez a m\u00e1s ni\u00f1os en edad de categor\u00edas formativas, desde all\u00ed\u00a0pueden aprender todo lo necesario partiendo de la propia experiencia; por eso el\u00a0trabajo en equipo es el punto central desde donde parten las actividades que se\u00a0realizan.<\/p>\n<p>La constante demanda de los programas que presenta la fundaci\u00f3n, desde\u00a0nuevas instituciones y lugares, los empuja a seguir creciendo, por eso Carolina\u00a0explic\u00f3 que para el 2016 tienen desaf\u00edos grandes \u2013<strong>\u201cTenemos que unir lo p\u00fablico y\u00a0lo privado, para llegar a todos los barrios, y tambi\u00e9n a otras ciudades como\u00a0Comodoro Rivadavia\u201d<\/strong><\/p>\n<p>Llegar a las escuelas, tambi\u00e9n est\u00e1 dentro de los planes, por eso durante este a\u00f1o\u00a0realizar\u00e1n un diagn\u00f3stico que les permita planear de qu\u00e9 forma podr\u00edan trabajar\u00a0all\u00ed.<\/p>\n<p>La educaci\u00f3n es pasi\u00f3n para la Fundaci\u00f3n, por eso cada vez que Carolina cuenta\u00a0una an\u00e9cdota de alguien que particip\u00f3 del programa, se le ilumina la cara.<\/p>\n<!-- AddThis Advanced Settings generic via filter on the_content -->","protected":false},"excerpt":{"rendered":"<p>En el marco del Programa Potenciar Valores de la Fundaci\u00f3n Potenciar, la\u00a0Licenciada en Servicio Social ,Carolina Di Pietro reflexion\u00f3 sobre<!-- AddThis Advanced Settings generic via filter on get_the_excerpt --><\/p>\n","protected":false},"author":2,"featured_media":73,"comment_status":"open","ping_status":"open","sticky":false,"template":"","format":"standard","meta":{"colormag_page_container_layout":"default_layout","colormag_page_sidebar_layout":"default_layout","jetpack_post_was_ever_published":false,"_jetpack_newsletter_access":"","_jetpack_dont_email_post_to_subs":false,"_jetpack_newsletter_tier_id":0,"_jetpack_memberships_contains_paywalled_content":false,"_jetpack_memberships_contains_paid_content":false,"footnotes":"","jetpack_publicize_message":"","jetpack_publicize_feature_enabled":true,"jetpack_social_post_already_shared":false,"jetpack_social_options":{"image_generator_settings":{"template":"highway","default_image_id":0,"font":"","enabled":false},"version":2}},"categories":[19],"tags":[13],"class_list":["post-43","post","type-post","status-publish","format-standard","has-post-thumbnail","hentry","category-educacion-sociedad","tag-ccnews"],"jetpack_publicize_connections":[],"jetpack_featured_media_url":"https:\/\/i0.wp.com\/ccnews.com.ar\/prensa\/wp-content\/uploads\/2016\/05\/caro-1.jpg?fit=605%2C172","jetpack_shortlink":"https:\/\/wp.me\/p7L1gj-H","jetpack-related-posts":[{"id":6235,"url":"http:\/\/ccnews.com.ar\/prensa\/dos-nuevos-pasos-hacia-el-desarrollo-social\/","url_meta":{"origin":43,"position":0},"title":"Dos nuevos pasos  hacia el desarrollo social","author":"CLUSTERciar","date":"28 noviembre, 2017","format":false,"excerpt":"\u00a0 En el marco de las actividades que realiza para fomentar el desarrollo social en la regi\u00f3n, Fundaci\u00f3n Potenciar integr\u00f3 el alcance de dos acciones: una conferencia del prestigioso orador Leo Piccioli y la campa\u00f1a solidaria \u201cDar para leer - Potenciando la lectura\u201d. Fundaci\u00f3n Potenciar organiz\u00f3 la conferencia del speaker\u2026","rel":"","context":"En \u00abEducaci\u00f3n\/Sociedad\u00bb","block_context":{"text":"Educaci\u00f3n\/Sociedad","link":"http:\/\/ccnews.com.ar\/prensa\/category\/educacion-sociedad\/"},"img":{"alt_text":"","src":"https:\/\/i0.wp.com\/ccnews.com.ar\/prensa\/wp-content\/uploads\/2017\/11\/LPI_5678.jpg?fit=800%2C533&resize=350%2C200","width":350,"height":200,"srcset":"https:\/\/i0.wp.com\/ccnews.com.ar\/prensa\/wp-content\/uploads\/2017\/11\/LPI_5678.jpg?fit=800%2C533&resize=350%2C200 1x, https:\/\/i0.wp.com\/ccnews.com.ar\/prensa\/wp-content\/uploads\/2017\/11\/LPI_5678.jpg?fit=800%2C533&resize=525%2C300 1,5x, https:\/\/i0.wp.com\/ccnews.com.ar\/prensa\/wp-content\/uploads\/2017\/11\/LPI_5678.jpg?fit=800%2C533&resize=700%2C400 2x"},"classes":[]},{"id":10077,"url":"http:\/\/ccnews.com.ar\/prensa\/una-escuela-de-educacion-integral-se-abre-en-el-club-cipolletti\/","url_meta":{"origin":43,"position":1},"title":"Una escuela de educaci\u00f3n integral se abre en el Club Cipolletti","author":"CLUSTERciar","date":"24 enero, 2019","format":false,"excerpt":"Se trata del Instituto Potenciar Albinegro, una instituci\u00f3n educativa creada por Fundaci\u00f3n Potenciar y el Club Cipolletti, donde los alumnos se formar\u00e1n a trav\u00e9s de valores humanos, deportes, tecnolog\u00eda, innovaci\u00f3n e idioma. Las clases comienzan en marzo, y ya est\u00e1n abiertas las inscripciones. El Alto Valle del R\u00edo Negro celebra\u2026","rel":"","context":"En \u00abEducaci\u00f3n\/Sociedad\u00bb","block_context":{"text":"Educaci\u00f3n\/Sociedad","link":"http:\/\/ccnews.com.ar\/prensa\/category\/educacion-sociedad\/"},"img":{"alt_text":"","src":"https:\/\/i0.wp.com\/ccnews.com.ar\/prensa\/wp-content\/uploads\/2019\/01\/nota.jpg?fit=803%2C404&resize=350%2C200","width":350,"height":200,"srcset":"https:\/\/i0.wp.com\/ccnews.com.ar\/prensa\/wp-content\/uploads\/2019\/01\/nota.jpg?fit=803%2C404&resize=350%2C200 1x, https:\/\/i0.wp.com\/ccnews.com.ar\/prensa\/wp-content\/uploads\/2019\/01\/nota.jpg?fit=803%2C404&resize=525%2C300 1,5x, https:\/\/i0.wp.com\/ccnews.com.ar\/prensa\/wp-content\/uploads\/2019\/01\/nota.jpg?fit=803%2C404&resize=700%2C400 2x"},"classes":[]},{"id":3501,"url":"http:\/\/ccnews.com.ar\/prensa\/un-nuevo-desafio-se-suma-a-la-fundacion-potenciar-la-educacion-en-el-alto-valle\/","url_meta":{"origin":43,"position":2},"title":"Un nuevo desaf\u00edo se suma a la Fundaci\u00f3n: \u201cPotenciar la educaci\u00f3n en el Alto Valle\u201d","author":"CLUSTERciar","date":"6 marzo, 2017","format":false,"excerpt":"Andrea Segovia, Secretaria del Consejo de Administraci\u00f3n de Fundaci\u00f3n Potenciar, nos cuenta los desaf\u00edos para este 2017. El 22 de febrero Fundaci\u00f3n Potenciar realiz\u00f3 el brindis inaugural de su nueva Base Operativa en la ciudad de Cipolletti, este es el punta pie inicial de un gran desembarco educativo en esta\u2026","rel":"","context":"En \u00abEducaci\u00f3n\/Sociedad\u00bb","block_context":{"text":"Educaci\u00f3n\/Sociedad","link":"http:\/\/ccnews.com.ar\/prensa\/category\/educacion-sociedad\/"},"img":{"alt_text":"IMG_3556","src":"https:\/\/i0.wp.com\/clusterciarnews.com.ar\/prensa\/wp-content\/uploads\/2017\/03\/IMG_3556-300x200.jpg?resize=350%2C200","width":350,"height":200},"classes":[]},{"id":15356,"url":"http:\/\/ccnews.com.ar\/prensa\/dia-de-la-responsabilidad-social-como-seguir-adelante-en-tiempos-de-pandemia\/","url_meta":{"origin":43,"position":3},"title":"D\u00eda de la Responsabilidad Social: c\u00f3mo seguir adelante en tiempos de pandemia","author":"Editor","date":"23 abril, 2020","format":false,"excerpt":"En medio de la crisis por el COVID-19, hoy se celebra en la Argentina el D\u00eda de la Responsabilidad Social, y CCNews dialog\u00f3 con Andrea Segovia, Presidente y Directora Ejecutiva de Fundaci\u00f3n Potenciar, una instituci\u00f3n que canaliza la responsabilidad social de empresas.","rel":"","context":"En \u00abCovid-19\u00bb","block_context":{"text":"Covid-19","link":"http:\/\/ccnews.com.ar\/prensa\/category\/covid-19\/"},"img":{"alt_text":"","src":"https:\/\/i0.wp.com\/ccnews.com.ar\/prensa\/wp-content\/uploads\/2020\/04\/nota-4.jpg?fit=816%2C426&resize=350%2C200","width":350,"height":200,"srcset":"https:\/\/i0.wp.com\/ccnews.com.ar\/prensa\/wp-content\/uploads\/2020\/04\/nota-4.jpg?fit=816%2C426&resize=350%2C200 1x, https:\/\/i0.wp.com\/ccnews.com.ar\/prensa\/wp-content\/uploads\/2020\/04\/nota-4.jpg?fit=816%2C426&resize=525%2C300 1,5x, https:\/\/i0.wp.com\/ccnews.com.ar\/prensa\/wp-content\/uploads\/2020\/04\/nota-4.jpg?fit=816%2C426&resize=700%2C400 2x"},"classes":[]},{"id":1207,"url":"http:\/\/ccnews.com.ar\/prensa\/cluster-mas-que-un-concepto\/","url_meta":{"origin":43,"position":4},"title":"Cluster, m\u00e1s que un concepto","author":"CLUSTERciar","date":"18 agosto, 2016","format":false,"excerpt":"Francisco Rimmele y Jorge Petrocelli, directivos del CLUSTERciar, explicaron en esta nota, cu\u00e1les son las ventajas de este tipo de organizaciones. Comenz\u00f3 explicando Rimmele, que cuando hablan de CLUSTER, se vuelcan a la definici\u00f3n m\u00e1s conocida que es la de Michael Porter, quien defini\u00f3 a los clusters como \u0308una agrupaci\u00f3n\u2026","rel":"","context":"En \u00abManagement\u00bb","block_context":{"text":"Management","link":"http:\/\/ccnews.com.ar\/prensa\/category\/management\/"},"img":{"alt_text":"IMG_20150505_143415","src":"https:\/\/i0.wp.com\/clusterciarnews.com.ar\/prensa\/wp-content\/uploads\/2016\/08\/IMG_20150505_143415-300x198.jpg?resize=350%2C200","width":350,"height":200},"classes":[]},{"id":1507,"url":"http:\/\/ccnews.com.ar\/prensa\/educacion-en-valores-la-escuela-tiene-que-potenciar-lo-que-los-chicos-traen-de-la-casa-dice-especialista\/","url_meta":{"origin":43,"position":5},"title":"Educaci\u00f3n en valores: la escuela tiene que potenciar lo que los chicos traen de la casa, dice especialista","author":"CLUSTERciar","date":"9 septiembre, 2016","format":false,"excerpt":"El psic\u00f3logo social Gast\u00f3n Ieraci opin\u00f3 que \u201cla escuela tiene que potenciar lo que los chicos traen de la casa\u201d y consider\u00f3 que \u201clos pibes est\u00e1n cansados del marco te\u00f3rico, lo que quieren son hechos, no palabras\u201d. Lo afirm\u00f3 en el marco de la Jornada \u201cPor los Valores Fundamentales: Familia\u2026","rel":"","context":"En \u00abEducaci\u00f3n\/Sociedad\u00bb","block_context":{"text":"Educaci\u00f3n\/Sociedad","link":"http:\/\/ccnews.com.ar\/prensa\/category\/educacion-sociedad\/"},"img":{"alt_text":"","src":"","width":0,"height":0},"classes":[]}],"jetpack_sharing_enabled":true,"_links":{"self":[{"href":"http:\/\/ccnews.com.ar\/prensa\/wp-json\/wp\/v2\/posts\/43","targetHints":{"allow":["GET"]}}],"collection":[{"href":"http:\/\/ccnews.com.ar\/prensa\/wp-json\/wp\/v2\/posts"}],"about":[{"href":"http:\/\/ccnews.com.ar\/prensa\/wp-json\/wp\/v2\/types\/post"}],"author":[{"embeddable":true,"href":"http:\/\/ccnews.com.ar\/prensa\/wp-json\/wp\/v2\/users\/2"}],"replies":[{"embeddable":true,"href":"http:\/\/ccnews.com.ar\/prensa\/wp-json\/wp\/v2\/comments?post=43"}],"version-history":[{"count":1,"href":"http:\/\/ccnews.com.ar\/prensa\/wp-json\/wp\/v2\/posts\/43\/revisions"}],"predecessor-version":[{"id":47,"href":"http:\/\/ccnews.com.ar\/prensa\/wp-json\/wp\/v2\/posts\/43\/revisions\/47"}],"wp:featuredmedia":[{"embeddable":true,"href":"http:\/\/ccnews.com.ar\/prensa\/wp-json\/wp\/v2\/media\/73"}],"wp:attachment":[{"href":"http:\/\/ccnews.com.ar\/prensa\/wp-json\/wp\/v2\/media?parent=43"}],"wp:term":[{"taxonomy":"category","embeddable":true,"href":"http:\/\/ccnews.com.ar\/prensa\/wp-json\/wp\/v2\/categories?post=43"},{"taxonomy":"post_tag","embeddable":true,"href":"http:\/\/ccnews.com.ar\/prensa\/wp-json\/wp\/v2\/tags?post=43"}],"curies":[{"name":"wp","href":"https:\/\/api.w.org\/{rel}","templated":true}]}}