{"id":4331,"date":"2017-06-09T08:00:32","date_gmt":"2017-06-09T11:00:32","guid":{"rendered":"http:\/\/clusterciarnews.com.ar\/prensa\/?p=4331"},"modified":"2017-06-09T08:27:24","modified_gmt":"2017-06-09T11:27:24","slug":"como-los-tentaculos-de-facebook-se-extienden-mas-alla-de-lo-que-pensas","status":"publish","type":"post","link":"http:\/\/ccnews.com.ar\/prensa\/como-los-tentaculos-de-facebook-se-extienden-mas-alla-de-lo-que-pensas\/","title":{"rendered":"C\u00f3mo los tent\u00e1culos de Facebook se extienden m\u00e1s all\u00e1 de lo que pens\u00e1s"},"content":{"rendered":"<p class=\"primero\">on su capacidad para recolectar informaci\u00f3n, Facebook es una de las organizaciones m\u00e1s influyentes del mundo. Vladan Joler, profesor de la Universidad de Novi Sad, Serbia, cre\u00f3 un proyecto llamado <a class=\"link\" href=\"https:\/\/labs.rs\/en\/\" target=\"_blank\">Share Lab<\/a> para entender mejor la estructura social y las relaciones de poder dentro de la compa\u00f1\u00eda.<\/p>\n<aside class=\"banner caja2\" data-adpos=\"caja2\">\n<div id=\"eplAdDivcaja2\"><\/div>\n<\/aside>\n<p>Joler y su equipo quer\u00edan mirar &#8220;debajo de la cubierta&#8221; de los algoritmos y conexiones del gigante tecnol\u00f3gico. Y hace dos a\u00f1os empezaron a investigar el funcionamiento interno de la que es una de las corporaciones m\u00e1s poderosas del planeta.<\/p>\n<p><img data-recalc-dims=\"1\" decoding=\"async\" src=\"https:\/\/i0.wp.com\/bucket1.glanacion.com\/anexos\/fotos\/33\/2462233h765.jpg?w=800\" alt=\"Parte de un diagrama de flujo que muestra el mapeo de la influencia y las conexiones de Mark Zuckerberg \" \/><\/p>\n<p>El equipo, el cual incluye a expertos en an\u00e1lisis ciberforense y visualizaci\u00f3n de datos, mir\u00f3 dentro de lo que Joler llama &#8220;formas diferentes de infraestructuras invisibles&#8221; detr\u00e1s de los proveedores del servicio de Internet de Serbia.<\/p>\n<aside class=\"banner caja3\" data-adpos=\"caja3\">\n<div id=\"eplAdDivcaja3\"><\/div>\n<\/aside>\n<blockquote><p><q class=\"S aside-texto\">Si Facebook fuese un pa\u00eds, ser\u00eda m\u00e1s grande que China &#8220;<\/q><strong>ladan Joler, Share Lab<\/strong><\/p>\n<p>&nbsp;<\/p><\/blockquote>\n<p>Pero Joler y su equipo ten\u00edan los ojos puestos en un blanco m\u00e1s grande. &#8220;Si Facebook fuese un pa\u00eds, ser\u00eda m\u00e1s grande que China&#8221;, indica.<\/p>\n<aside class=\"banner caja4\" data-adpos=\"caja4\">\n<div id=\"eplAdDivcaja4\">El acad\u00e9mico recita los n\u00fameros que, aunque familiares siguen siendo asombrosos: la joven empresa de Silicon Valley almacena 300 petabytes de informaci\u00f3n, cuenta con casi 2000 millones de usuarios y, en 2016, recaud\u00f3 US$ 28.000 millones en ingresos.<\/div>\n<div><\/div>\n<\/aside>\n<p>Y todav\u00eda, Joler argumenta, no sabemos casi nada de lo que ocurre tras bambalinas, pese al hecho de que nosotros, como usuarios, estamos entregando la mayor parte del combustible para que la m\u00e1quina ruede y lo hacemos gratis.<\/p>\n<blockquote><p>&#8220;Todos, cuando publicamos algo, cuando etiquetamos personas con tags, cuando hacemos comentarios, estamos b\u00e1sicamente trabajando para Facebook&#8221;, indica.<\/p><\/blockquote>\n<h2>El combustible<\/h2>\n<p>Los datos que proporcionan nuestras interacciones alimenta los complejos algoritmos que impulsan la red social donde, como dice Joler, nuestro comportamiento se transforma en un producto.<\/p>\n<p>Intentar desentra\u00f1ar procesos que en gran medida est\u00e1n escondidos es una tarea gigantesca. &#8220;Intentamos mapear todas las entradas, los campos en los que interactuamos con Facebook y los resultados&#8221;, dice.<\/p>\n<p>Fuente: La Naci\u00f3n<\/p>\n<!-- AddThis Advanced Settings generic via filter on the_content -->","protected":false},"excerpt":{"rendered":"<p>on su capacidad para recolectar informaci\u00f3n, Facebook es una de las organizaciones m\u00e1s influyentes del mundo. Vladan Joler, profesor de<!-- AddThis Advanced Settings generic via filter on get_the_excerpt --><\/p>\n","protected":false},"author":2,"featured_media":4333,"comment_status":"closed","ping_status":"closed","sticky":false,"template":"","format":"standard","meta":{"colormag_page_container_layout":"default_layout","colormag_page_sidebar_layout":"default_layout","jetpack_post_was_ever_published":false,"_jetpack_newsletter_access":"","_jetpack_dont_email_post_to_subs":false,"_jetpack_newsletter_tier_id":0,"_jetpack_memberships_contains_paywalled_content":false,"_jetpack_memberships_contains_paid_content":false,"footnotes":"","jetpack_publicize_message":"","jetpack_publicize_feature_enabled":true,"jetpack_social_post_already_shared":true,"jetpack_social_options":{"image_generator_settings":{"template":"highway","default_image_id":0,"font":"","enabled":false},"version":2}},"categories":[7],"tags":[17],"class_list":["post-4331","post","type-post","status-publish","format-standard","has-post-thumbnail","hentry","category-management","tag-otros-medios"],"jetpack_publicize_connections":[],"jetpack_featured_media_url":"https:\/\/i0.wp.com\/ccnews.com.ar\/prensa\/wp-content\/uploads\/2017\/05\/2462232h765.jpg?fit=1360%2C765","jetpack_shortlink":"https:\/\/wp.me\/p7L1gj-17R","jetpack-related-posts":[{"id":10949,"url":"http:\/\/ccnews.com.ar\/prensa\/los-desafios-y-los-beneficios-de-pertenecer-a-un-grupo-virtual-de-trabajo-en-una-organizacion\/","url_meta":{"origin":4331,"position":0},"title":"Los desaf\u00edos y los beneficios de pertenecer a un grupo virtual de trabajo en una organizaci\u00f3n","author":"admin","date":"31 marzo, 2019","format":false,"excerpt":"Aquellas personas que pertenecen a un grupo de trabajo remoto pueden estar tan motivados y ser tan efectivos como los equipos que se ven en persona, siempre y cuando el l\u00edder y sus miembros se focalicen en ciertos aspectos para llegar al \u00e9xito. La mirada de un experto A las\u2026","rel":"","context":"En \u00abManagement\u00bb","block_context":{"text":"Management","link":"http:\/\/ccnews.com.ar\/prensa\/category\/management\/"},"img":{"alt_text":"","src":"https:\/\/i0.wp.com\/ccnews.com.ar\/prensa\/wp-content\/uploads\/2019\/03\/blockchain-SAP.jpg?fit=1200%2C675&resize=350%2C200","width":350,"height":200,"srcset":"https:\/\/i0.wp.com\/ccnews.com.ar\/prensa\/wp-content\/uploads\/2019\/03\/blockchain-SAP.jpg?fit=1200%2C675&resize=350%2C200 1x, https:\/\/i0.wp.com\/ccnews.com.ar\/prensa\/wp-content\/uploads\/2019\/03\/blockchain-SAP.jpg?fit=1200%2C675&resize=525%2C300 1,5x, https:\/\/i0.wp.com\/ccnews.com.ar\/prensa\/wp-content\/uploads\/2019\/03\/blockchain-SAP.jpg?fit=1200%2C675&resize=700%2C400 2x, https:\/\/i0.wp.com\/ccnews.com.ar\/prensa\/wp-content\/uploads\/2019\/03\/blockchain-SAP.jpg?fit=1200%2C675&resize=1050%2C600 3x"},"classes":[]},{"id":11243,"url":"http:\/\/ccnews.com.ar\/prensa\/liderazgo-y-reaccion-rapida-frente-a-adversidades\/","url_meta":{"origin":4331,"position":1},"title":"Liderazgo y reacci\u00f3n r\u00e1pida frente a adversidades","author":"admin","date":"30 abril, 2019","format":false,"excerpt":"Una de las tareas fundamentales en la gesti\u00f3n de equipos y proyectos es la referida al l\u00edder y la detecci\u00f3n temprana de problemas, especialmente cuando dichos problemas son premonitores de cambio. Una de las caracter\u00edsticas de los l\u00edderes es la facilidad y rapidez en la detecci\u00f3n de problemas, m\u00e1xime cuando\u2026","rel":"","context":"En \u00abManagement\u00bb","block_context":{"text":"Management","link":"http:\/\/ccnews.com.ar\/prensa\/category\/management\/"},"img":{"alt_text":"","src":"https:\/\/i0.wp.com\/ccnews.com.ar\/prensa\/wp-content\/uploads\/2019\/04\/Management1.jpg?fit=681%2C484&resize=350%2C200","width":350,"height":200,"srcset":"https:\/\/i0.wp.com\/ccnews.com.ar\/prensa\/wp-content\/uploads\/2019\/04\/Management1.jpg?fit=681%2C484&resize=350%2C200 1x, https:\/\/i0.wp.com\/ccnews.com.ar\/prensa\/wp-content\/uploads\/2019\/04\/Management1.jpg?fit=681%2C484&resize=525%2C300 1,5x"},"classes":[]},{"id":1793,"url":"http:\/\/ccnews.com.ar\/prensa\/el-desafio-de-educar-en-valores\/","url_meta":{"origin":4331,"position":2},"title":"El desaf\u00edo de educar en valores","author":"CLUSTERciar","date":"28 septiembre, 2016","format":false,"excerpt":"Desde el\u00a0\u00e1rea\u00a0PPV Deportes tenemos el orgullo de contar que seguimos sumando nuevas instituciones que d\u00eda a d\u00eda nos ayudan a crecer en el hermoso desaf\u00edo de educar en valores. Maracacinho en palabras de su presidente: \"Somos una escuela comunitaria de f\u00fatbol, fundada en el a\u00f1o 1997 por Rolando Sandoval en\u2026","rel":"","context":"En \u00abEducaci\u00f3n\/Sociedad\u00bb","block_context":{"text":"Educaci\u00f3n\/Sociedad","link":"http:\/\/ccnews.com.ar\/prensa\/category\/educacion-sociedad\/"},"img":{"alt_text":"","src":"","width":0,"height":0},"classes":[]},{"id":12662,"url":"http:\/\/ccnews.com.ar\/prensa\/que-es-lo-que-provoca-el-estres-mental-y-como-puedes-combatirlo\/","url_meta":{"origin":4331,"position":3},"title":"\u00bfQu\u00e9 es lo que provoca el estr\u00e9s mental y c\u00f3mo puedes combatirlo?","author":"admin","date":"28 agosto, 2019","format":false,"excerpt":"\"Dime, qu\u00e9 hiciste hoy en el trabajo?\" Esta simple pregunta puede sentirse como un derechazo directo a tu mente. Has estado coordinando los horarios para las reuniones, juntando las firmas para la tarjeta de cumplea\u00f1os para el jefe y te pasaste una hora, que no hab\u00edas contemplado, corrigiendo errores tipogr\u00e1ficos\u2026","rel":"","context":"En \u00abManagement\u00bb","block_context":{"text":"Management","link":"http:\/\/ccnews.com.ar\/prensa\/category\/management\/"},"img":{"alt_text":"","src":"https:\/\/i0.wp.com\/ccnews.com.ar\/prensa\/wp-content\/uploads\/2019\/08\/2017-05-23_Form-Storm-Norm-Perform_05_storming_r01.png?fit=1200%2C600&resize=350%2C200","width":350,"height":200,"srcset":"https:\/\/i0.wp.com\/ccnews.com.ar\/prensa\/wp-content\/uploads\/2019\/08\/2017-05-23_Form-Storm-Norm-Perform_05_storming_r01.png?fit=1200%2C600&resize=350%2C200 1x, https:\/\/i0.wp.com\/ccnews.com.ar\/prensa\/wp-content\/uploads\/2019\/08\/2017-05-23_Form-Storm-Norm-Perform_05_storming_r01.png?fit=1200%2C600&resize=525%2C300 1,5x, https:\/\/i0.wp.com\/ccnews.com.ar\/prensa\/wp-content\/uploads\/2019\/08\/2017-05-23_Form-Storm-Norm-Perform_05_storming_r01.png?fit=1200%2C600&resize=700%2C400 2x, https:\/\/i0.wp.com\/ccnews.com.ar\/prensa\/wp-content\/uploads\/2019\/08\/2017-05-23_Form-Storm-Norm-Perform_05_storming_r01.png?fit=1200%2C600&resize=1050%2C600 3x"},"classes":[]},{"id":12610,"url":"http:\/\/ccnews.com.ar\/prensa\/como-son-las-reuniones-laborales-en-empresas-como-amazon-google-facebook-y-apple\/","url_meta":{"origin":4331,"position":4},"title":"C\u00f3mo son las reuniones laborales en empresas como Amazon, Google, Facebook y Apple","author":"admin","date":"23 agosto, 2019","format":false,"excerpt":"Cu\u00e1les son las metodolog\u00edas que aplican las compa\u00f1\u00edas que lideran en su mercado a nivel global para que sus reuniones sean m\u00e1s productivas. Las reuniones laborales son una pieza fundamental para el desarrollo y comunicaci\u00f3n de una empresa, Aunque en muchas compa\u00f1\u00edas agendan m\u00e1s juntas de las que realmente necesitan\u2026","rel":"","context":"En \u00abManagement\u00bb","block_context":{"text":"Management","link":"http:\/\/ccnews.com.ar\/prensa\/category\/management\/"},"img":{"alt_text":"","src":"https:\/\/i0.wp.com\/ccnews.com.ar\/prensa\/wp-content\/uploads\/2019\/08\/482845_landscape.jpg?fit=640%2C360&resize=350%2C200","width":350,"height":200,"srcset":"https:\/\/i0.wp.com\/ccnews.com.ar\/prensa\/wp-content\/uploads\/2019\/08\/482845_landscape.jpg?fit=640%2C360&resize=350%2C200 1x, https:\/\/i0.wp.com\/ccnews.com.ar\/prensa\/wp-content\/uploads\/2019\/08\/482845_landscape.jpg?fit=640%2C360&resize=525%2C300 1,5x"},"classes":[]},{"id":3703,"url":"http:\/\/ccnews.com.ar\/prensa\/beneficios-comerciales-del-bim\/","url_meta":{"origin":4331,"position":5},"title":"Beneficios comerciales del BIM","author":"CLUSTERciar","date":"21 abril, 2017","format":false,"excerpt":"Dentro de cada uno de sus \u00e1mbitos, los usuarios del BIM (Building Information Modeling) ven numerosas oportunidades para reconocer su valor. Debido a que el BIM es un proceso emergente que ha comenzado a captar la atenci\u00f3n de la industria de la construcci\u00f3n en general, los usuarios est\u00e1n ansiosos por\u2026","rel":"","context":"En \u00abTransformaci\u00f3n digital\u00bb","block_context":{"text":"Transformaci\u00f3n digital","link":"http:\/\/ccnews.com.ar\/prensa\/category\/transformacion-digital\/"},"img":{"alt_text":"","src":"https:\/\/i0.wp.com\/ccnews.com.ar\/prensa\/wp-content\/uploads\/2017\/03\/beardsley_01.jpg?fit=448%2C336&resize=350%2C200","width":350,"height":200},"classes":[]}],"jetpack_sharing_enabled":true,"_links":{"self":[{"href":"http:\/\/ccnews.com.ar\/prensa\/wp-json\/wp\/v2\/posts\/4331","targetHints":{"allow":["GET"]}}],"collection":[{"href":"http:\/\/ccnews.com.ar\/prensa\/wp-json\/wp\/v2\/posts"}],"about":[{"href":"http:\/\/ccnews.com.ar\/prensa\/wp-json\/wp\/v2\/types\/post"}],"author":[{"embeddable":true,"href":"http:\/\/ccnews.com.ar\/prensa\/wp-json\/wp\/v2\/users\/2"}],"replies":[{"embeddable":true,"href":"http:\/\/ccnews.com.ar\/prensa\/wp-json\/wp\/v2\/comments?post=4331"}],"version-history":[{"count":1,"href":"http:\/\/ccnews.com.ar\/prensa\/wp-json\/wp\/v2\/posts\/4331\/revisions"}],"predecessor-version":[{"id":4335,"href":"http:\/\/ccnews.com.ar\/prensa\/wp-json\/wp\/v2\/posts\/4331\/revisions\/4335"}],"wp:featuredmedia":[{"embeddable":true,"href":"http:\/\/ccnews.com.ar\/prensa\/wp-json\/wp\/v2\/media\/4333"}],"wp:attachment":[{"href":"http:\/\/ccnews.com.ar\/prensa\/wp-json\/wp\/v2\/media?parent=4331"}],"wp:term":[{"taxonomy":"category","embeddable":true,"href":"http:\/\/ccnews.com.ar\/prensa\/wp-json\/wp\/v2\/categories?post=4331"},{"taxonomy":"post_tag","embeddable":true,"href":"http:\/\/ccnews.com.ar\/prensa\/wp-json\/wp\/v2\/tags?post=4331"}],"curies":[{"name":"wp","href":"https:\/\/api.w.org\/{rel}","templated":true}]}}