{"id":4395,"date":"2017-06-18T08:00:15","date_gmt":"2017-06-18T11:00:15","guid":{"rendered":"http:\/\/clusterciarnews.com.ar\/prensa\/?p=4395"},"modified":"2017-06-12T08:54:59","modified_gmt":"2017-06-12T11:54:59","slug":"se-podra-comprar-y-vender-energia-renovable-entre-empresas-privadas","status":"publish","type":"post","link":"http:\/\/ccnews.com.ar\/prensa\/se-podra-comprar-y-vender-energia-renovable-entre-empresas-privadas\/","title":{"rendered":"Se podr\u00e1 comprar y vender energ\u00eda renovable entre empresas privadas"},"content":{"rendered":"<div class=\"NotRes2\">El borrador, que establece una serie de especificaciones y detalles de c\u00f3mo un privado puede comprar y vender energ\u00eda (principalmente de fuente solar y e\u00f3lica), pone el acento en la capacidad de transporte de energ\u00eda y el sistema de prioridades.<\/div>\n<div class=\"NotTXT2\"><img data-recalc-dims=\"1\" loading=\"lazy\" decoding=\"async\" class=\"II alignleft\" src=\"https:\/\/i0.wp.com\/www.vacamuertanews.com.ar\/noticias\/2017\/06\/min\/20170611105101.jpg?resize=300%2C200\" width=\"300\" height=\"200\" border=\"1\" \/>El Gobierno Nacional puso a disposici\u00f3n del p\u00fablico en general el borrador de la resoluci\u00f3n que permite la compraventa de energ\u00eda renovable (PPA, por sus siglas en ingl\u00e9s) entre empresas privadas. El texto estar\u00e1 disponible durante tres semanas para recibir comentarios y consultas. En base a esos comentarios y consultas, luego el ministerio de Energ\u00eda y Miner\u00eda publicar\u00e1 la resoluci\u00f3n definitiva.<\/p>\n<p>El borrador de resoluci\u00f3n, denominado \u201cMercado a T\u00e9rmino de Energ\u00edas Renovables\u201d, tiene un total de23 p\u00e1ginas y fue publicado el lunes 5 de junio a \u00faltima hora por el ministerio que conduce Juan Jos\u00e9 Aranguren.<\/p>\n<p>Tiene como destinatario a los grandes usuarios de energ\u00eda el\u00e9ctrica (desde industrias hasta organismos p\u00fablicos) y les otorga el derecho de firmar contratos para comprar y vender energ\u00eda renovable.<\/p>\n<p>Al \u201cR\u00e9gimen del Mercado a T\u00e9rmino de Energ\u00eda El\u00e9ctrica de Fuentes Renovables\u201d, seg\u00fan lo denomina el borrador, podr\u00e1n acceder los usuarios privados (pymes y grandes empresas) que tengan una demanda igual o superior a 300 kilovatios (kw)<\/p>\n<p>La resoluci\u00f3n se encuadra en el marco de la Ley de Energ\u00edas Renovables (27.191), sancionada a fines de 2015 y reglamentada por el decreto 531\/16, donde se prev\u00e9 que Argentina alcance el 8% de energ\u00eda proveniente de fuentes renovables para 2018 y 20% para 2025.<\/p>\n<p>Como se recordar\u00e1, el Gobierno impuls\u00f3 el Programa RenovAR, donde estableci\u00f3 dos licitaciones (Ronda 1 y 1.5) para adjudicar proyectos de energ\u00eda renovable en todo el pa\u00eds. En este programa, CAMMESA (Compa\u00f1\u00eda Administradora del Mercado Mayorista El\u00e9ctrico) firma un contrato de venta de energ\u00eda con el adjudicatario de la licitaci\u00f3n. Es decir, un privado establece un contrato de compraventa de energ\u00eda renovable con el Estado (CAMMESA)<\/p>\n<p>Lo que va a permitir esta resoluci\u00f3n que el Gobierno public\u00f3 es que los contratos de compraventa de energ\u00eda sean entre privados. La idea del ejecutivo es que esta decisi\u00f3n agilice el desarrollo para alcanzar las metas de la ley de energ\u00edas renovables.<\/p>\n<p>El borrador, que establece una serie de especificaciones y detalles de c\u00f3mo un privado puede comprar y vender energ\u00eda (principalmente de fuente solar y e\u00f3lica), pone el acento en la capacidad de transporte de energ\u00eda y el sistema de prioridades.<\/p>\n<p>Por ley, en una misma zona del pa\u00eds la energ\u00eda de fuente renovable tiene prioridad sobre energ\u00eda no renovable. Pero si en un mismo nodo hay dos centrales de fuente de energ\u00eda renovable, este borrador que public\u00f3 el Gobierno le da prioridad de despacho a la primera fuente que accedi\u00f3 a la red (los compromisos de los adjudicatarios de la ronda 1 y 1.5). Es decir, la primera que se interrumpe es la fuente que entr\u00f3 \u00faltima a la red.<\/p>\n<p>El borrador estar\u00e1 disponible para recibir consultas, sugerencias y comentarios durante las pr\u00f3ximas tres semanas. Luego, si bien el texto no lo dice, el ministerio se va a tomar dos o tres semanas m\u00e1s para publicar mediante el bolet\u00edn oficial la resoluci\u00f3n definitiva.<\/p><\/div>\n<div class=\"NotTXT2\"><\/div>\n<div class=\"NotTXT2\">Fuente: Vaca Muerta News<\/div>\n<!-- AddThis Advanced Settings generic via filter on the_content -->","protected":false},"excerpt":{"rendered":"<p>El borrador, que establece una serie de especificaciones y detalles de c\u00f3mo un privado puede comprar y vender energ\u00eda (principalmente<!-- AddThis Advanced Settings generic via filter on get_the_excerpt --><\/p>\n","protected":false},"author":2,"featured_media":4397,"comment_status":"closed","ping_status":"closed","sticky":false,"template":"","format":"standard","meta":{"colormag_page_container_layout":"default_layout","colormag_page_sidebar_layout":"default_layout","jetpack_post_was_ever_published":false,"_jetpack_newsletter_access":"","_jetpack_dont_email_post_to_subs":false,"_jetpack_newsletter_tier_id":0,"_jetpack_memberships_contains_paywalled_content":false,"_jetpack_memberships_contains_paid_content":false,"footnotes":"","jetpack_publicize_message":"","jetpack_publicize_feature_enabled":true,"jetpack_social_post_already_shared":true,"jetpack_social_options":{"image_generator_settings":{"template":"highway","default_image_id":0,"font":"","enabled":false},"version":2}},"categories":[11],"tags":[17],"class_list":["post-4395","post","type-post","status-publish","format-standard","has-post-thumbnail","hentry","category-energia-y-produccion","tag-otros-medios"],"jetpack_publicize_connections":[],"jetpack_featured_media_url":"https:\/\/i0.wp.com\/ccnews.com.ar\/prensa\/wp-content\/uploads\/2017\/06\/20170611105101.jpg?fit=1500%2C1000","jetpack_shortlink":"https:\/\/wp.me\/p7L1gj-18T","jetpack-related-posts":[{"id":4839,"url":"http:\/\/ccnews.com.ar\/prensa\/el-impacto-de-la-ley-de-energias-renovables\/","url_meta":{"origin":4395,"position":0},"title":"El impacto de la ley de energ\u00edas renovables","author":"CLUSTERciar","date":"7 agosto, 2017","format":false,"excerpt":"Ante la nueva normativa \u00bfQu\u00e9 deben tener en cuenta los facilities managers y las empresas? \u00bfCu\u00e1les son los pasos para lograr la eficiencia energ\u00e9tica? La utilizaci\u00f3n de energ\u00eda renovable ya no es una cuesti\u00f3n lejana ni una posibilidad remota. A partir del 1 de enero de 2018 entrar\u00e1 en vigencia\u2026","rel":"","context":"En \u00abEnerg\u00eda y Producci\u00f3n\u00bb","block_context":{"text":"Energ\u00eda y Producci\u00f3n","link":"http:\/\/ccnews.com.ar\/prensa\/category\/energia-y-produccion\/"},"img":{"alt_text":"","src":"https:\/\/i0.wp.com\/ccnews.com.ar\/prensa\/wp-content\/uploads\/2017\/07\/unbanco170717.jpg?fit=250%2C250&resize=350%2C200","width":350,"height":200},"classes":[]},{"id":4833,"url":"http:\/\/ccnews.com.ar\/prensa\/convocatoria-a-proyectos-de-energias-renovables\/","url_meta":{"origin":4395,"position":1},"title":"Convocatoria a proyectos de energ\u00edas renovables","author":"CLUSTERciar","date":"2 agosto, 2017","format":false,"excerpt":"El programa tiene como objetivo reunir ideas, iniciativas y tierras disponibles para concretar iniciativas de generaci\u00f3n en el territorio santafesino. Autoridades de la Secretar\u00eda de Estado de la Energ\u00eda de la provincia de Santa Fe y la Agencia Santafesina de Inversiones Santa Fe Global presentaron este jueves en Buenos Aires\u2026","rel":"","context":"En \u00abEnerg\u00eda y Producci\u00f3n\u00bb","block_context":{"text":"Energ\u00eda y Producci\u00f3n","link":"http:\/\/ccnews.com.ar\/prensa\/category\/energia-y-produccion\/"},"img":{"alt_text":"","src":"https:\/\/i0.wp.com\/ccnews.com.ar\/prensa\/wp-content\/uploads\/2017\/07\/renovables170717.jpg?fit=250%2C250&resize=350%2C200","width":350,"height":200},"classes":[]},{"id":5165,"url":"http:\/\/ccnews.com.ar\/prensa\/llegan-las-energias-renovables-para-los-grandes-usuarios\/","url_meta":{"origin":4395,"position":2},"title":"Llegan las energ\u00edas renovables para los grandes usuarios","author":"CLUSTERciar","date":"1 septiembre, 2017","format":false,"excerpt":"Naci\u00f3n habilit\u00f3 los contratos entre privados. Los grandes usuarios deber\u00e1n adquirir de fuentes limpias hasta el 8% de sus consumos. Los grandes usuarios de energ\u00eda ya pueden contratar de manera directa la provisi\u00f3n de energ\u00edas renovables. Esta semana el Ministerio de Energ\u00eda public\u00f3 la Resoluci\u00f3n 281 que reglamenta las condiciones\u2026","rel":"","context":"En \u00abEnerg\u00eda y Producci\u00f3n\u00bb","block_context":{"text":"Energ\u00eda y Producci\u00f3n","link":"http:\/\/ccnews.com.ar\/prensa\/category\/energia-y-produccion\/"},"img":{"alt_text":"","src":"https:\/\/i0.wp.com\/ccnews.com.ar\/prensa\/wp-content\/uploads\/2017\/08\/image_content_8753761_20170823215739.jpg?fit=660%2C370&resize=350%2C200","width":350,"height":200,"srcset":"https:\/\/i0.wp.com\/ccnews.com.ar\/prensa\/wp-content\/uploads\/2017\/08\/image_content_8753761_20170823215739.jpg?fit=660%2C370&resize=350%2C200 1x, https:\/\/i0.wp.com\/ccnews.com.ar\/prensa\/wp-content\/uploads\/2017\/08\/image_content_8753761_20170823215739.jpg?fit=660%2C370&resize=525%2C300 1,5x"},"classes":[]},{"id":6015,"url":"http:\/\/ccnews.com.ar\/prensa\/firman-convenio-de-productividad-para-impulsar-empresas-de-energia-renovable\/","url_meta":{"origin":4395,"position":3},"title":"Firman convenio de productividad para impulsar empresas de energ\u00eda renovable","author":"CLUSTERciar","date":"1 noviembre, 2017","format":false,"excerpt":"Buscar\u00e1n un nuevo marco laboral con UOM, UOCRA y Luz y Fuerza. La industria de energ\u00eda renovable est\u00e1 despegando en el pa\u00eds. Y la construcci\u00f3n de partes para el sector todav\u00eda est\u00e1 en pa\u00f1ales. El Gobierno, las c\u00e1maras empresarias y los sindicatos firmaron un convenio de productividad, para que los\u2026","rel":"","context":"En \u00abEnerg\u00eda y Producci\u00f3n\u00bb","block_context":{"text":"Energ\u00eda y Producci\u00f3n","link":"http:\/\/ccnews.com.ar\/prensa\/category\/energia-y-produccion\/"},"img":{"alt_text":"","src":"https:\/\/i0.wp.com\/ccnews.com.ar\/prensa\/wp-content\/uploads\/2017\/11\/renovables311017.jpg?fit=250%2C250&resize=350%2C200","width":350,"height":200},"classes":[]},{"id":8585,"url":"http:\/\/ccnews.com.ar\/prensa\/ypf-proveera-energia-100-renovable-a-la-planta-de-toyota\/","url_meta":{"origin":4395,"position":4},"title":"YPF proveer\u00e1 energ\u00eda 100% renovable a la planta de Toyota","author":"CLUSTERciar","date":"9 agosto, 2018","format":false,"excerpt":"A partir de un acuerdo entre ambas compa\u00f1\u00edas, YPF Luz suministrar\u00e1 energ\u00eda e\u00f3lica para las operaciones de la Terminal automotriz por un plazo de 10 a\u00f1os. \u201cHoy YPF Luz es el socio confiable elegido por clientes industriales de primera l\u00ednea mundial\u201d, dijo Miguel Guti\u00e9rrez. El presidente de Toyota Argentina,\u00a0Daniel Herrero,\u2026","rel":"","context":"En \u00abManagement\u00bb","block_context":{"text":"Management","link":"http:\/\/ccnews.com.ar\/prensa\/category\/management\/"},"img":{"alt_text":"","src":"https:\/\/i0.wp.com\/ccnews.com.ar\/prensa\/wp-content\/uploads\/2018\/08\/ypf_luz_miguel-750x375.jpg?fit=750%2C375&resize=350%2C200","width":350,"height":200,"srcset":"https:\/\/i0.wp.com\/ccnews.com.ar\/prensa\/wp-content\/uploads\/2018\/08\/ypf_luz_miguel-750x375.jpg?fit=750%2C375&resize=350%2C200 1x, https:\/\/i0.wp.com\/ccnews.com.ar\/prensa\/wp-content\/uploads\/2018\/08\/ypf_luz_miguel-750x375.jpg?fit=750%2C375&resize=525%2C300 1,5x, https:\/\/i0.wp.com\/ccnews.com.ar\/prensa\/wp-content\/uploads\/2018\/08\/ypf_luz_miguel-750x375.jpg?fit=750%2C375&resize=700%2C400 2x"},"classes":[]},{"id":1571,"url":"http:\/\/ccnews.com.ar\/prensa\/neuquen-presento-a-nacion-siete-proyectos-de-energia-renovable\/","url_meta":{"origin":4395,"position":5},"title":"Neuqu\u00e9n present\u00f3 a Naci\u00f3n siete proyectos de energ\u00eda renovable","author":"CLUSTERciar","date":"14 septiembre, 2016","format":false,"excerpt":"Se recibieron 123 ofertas de todo el pa\u00eds. En total, las propuestas prev\u00e9n inversiones de hasta 2000 millones de d\u00f3lares y la generaci\u00f3n de entre 5000 y 8000 empleos. Ni el m\u00e1s entusiasta defensor de las energ\u00edas renovables en Argentina se hubiera imaginado que en la primera licitaci\u00f3n p\u00fablica realizada\u2026","rel":"","context":"En \u00abEnerg\u00eda y Producci\u00f3n\u00bb","block_context":{"text":"Energ\u00eda y Producci\u00f3n","link":"http:\/\/ccnews.com.ar\/prensa\/category\/energia-y-produccion\/"},"img":{"alt_text":"","src":"","width":0,"height":0},"classes":[]}],"jetpack_sharing_enabled":true,"_links":{"self":[{"href":"http:\/\/ccnews.com.ar\/prensa\/wp-json\/wp\/v2\/posts\/4395","targetHints":{"allow":["GET"]}}],"collection":[{"href":"http:\/\/ccnews.com.ar\/prensa\/wp-json\/wp\/v2\/posts"}],"about":[{"href":"http:\/\/ccnews.com.ar\/prensa\/wp-json\/wp\/v2\/types\/post"}],"author":[{"embeddable":true,"href":"http:\/\/ccnews.com.ar\/prensa\/wp-json\/wp\/v2\/users\/2"}],"replies":[{"embeddable":true,"href":"http:\/\/ccnews.com.ar\/prensa\/wp-json\/wp\/v2\/comments?post=4395"}],"version-history":[{"count":1,"href":"http:\/\/ccnews.com.ar\/prensa\/wp-json\/wp\/v2\/posts\/4395\/revisions"}],"predecessor-version":[{"id":4399,"href":"http:\/\/ccnews.com.ar\/prensa\/wp-json\/wp\/v2\/posts\/4395\/revisions\/4399"}],"wp:featuredmedia":[{"embeddable":true,"href":"http:\/\/ccnews.com.ar\/prensa\/wp-json\/wp\/v2\/media\/4397"}],"wp:attachment":[{"href":"http:\/\/ccnews.com.ar\/prensa\/wp-json\/wp\/v2\/media?parent=4395"}],"wp:term":[{"taxonomy":"category","embeddable":true,"href":"http:\/\/ccnews.com.ar\/prensa\/wp-json\/wp\/v2\/categories?post=4395"},{"taxonomy":"post_tag","embeddable":true,"href":"http:\/\/ccnews.com.ar\/prensa\/wp-json\/wp\/v2\/tags?post=4395"}],"curies":[{"name":"wp","href":"https:\/\/api.w.org\/{rel}","templated":true}]}}