{"id":4473,"date":"2017-06-13T09:39:45","date_gmt":"2017-06-13T12:39:45","guid":{"rendered":"http:\/\/clusterciarnews.com.ar\/prensa\/?p=4473"},"modified":"2017-06-13T09:39:45","modified_gmt":"2017-06-13T12:39:45","slug":"para-ypf-la-rentabilidad-de-vaca-muerta-ya-es-mas-alta-que-la-de-campos-maduros","status":"publish","type":"post","link":"http:\/\/ccnews.com.ar\/prensa\/para-ypf-la-rentabilidad-de-vaca-muerta-ya-es-mas-alta-que-la-de-campos-maduros\/","title":{"rendered":"Para YPF, la rentabilidad de Vaca Muerta ya es m\u00e1s alta que la de campos maduros"},"content":{"rendered":"<p>Por la optimizaci\u00f3n de los costos<\/p>\n<p>YPF est\u00e1 transformando su negocio de petr\u00f3leo en la Argentina. La petrolera bajo control del Estado est\u00e1 transfiriendo recursos desde sus yacimientos hist\u00f3ricos de crudo ubicados en Santa Cruz y Chubut \u2013e incluso en el norte de Neuqu\u00e9n- para acelerar el desarrollo de recursos no convencionales de Vaca Muerta. La raz\u00f3n es estrictamente econ\u00f3mica.<\/p>\n<p>Por la convergencia del valor local del crudo con la cotizaci\u00f3n internacional del barril -hoy amesetado en los 50 d\u00f3lares-, que en la pr\u00e1ctica signific\u00f3 un recorte del precio interno del hidrocarburo, no es rentable seguir perforando nuevos pozos en reservorios maduros que llevan d\u00e9cadas en explotaci\u00f3n. Yacimientos como Los Perales, Las Heras y Manantiales Behr, entre otros de YPF en el sur del pa\u00eds, producen una cantidad excesiva de agua que torna en antiecon\u00f3mica su producci\u00f3n.<\/p>\n<p>Ricardo Darr\u00e9, CEO de YPF, cuantific\u00f3 el problema. \u201cMedido en d\u00f3lares por barril, la perforaci\u00f3n de un pozo en Santa Cruz o Chubut nos cuesta US$ 30. A eso hay que sumarle otros veintipico en opex (operaci\u00f3n y mantenimiento), fundamentalmente por el costo del manejo del agua que se reinyecta en los campos (para arrastrar el petr\u00f3leo). M\u00e1s regal\u00edas e impuestos. A estos valores, necesitamos un barril de US$ 60 para que el negocio cierre\u201d, advirti\u00f3. Sin embargo, YPF cobra s\u00f3lo 47 d\u00f3lares por cada barril que extrae de esos campos. El camino por recorrer es largo. <\/p>\n<p>El directivo, cultor de un bajo perfil, recibi\u00f3 a un grupo de medios -entre los que se encontraba EconoJournal- en la base de operaciones en Loma Campana, el mayor campo no convencional de Vaca Muerta. Fue uno de sus primeras apariciones ante la prensa para mostrar las mejoras de la petrolera en Vaca Muerta. La optimizaci\u00f3n de los costos de desarrollo en los yacimientos no convencionales dio vuelta la ecuaci\u00f3n de YPF.<\/p>\n<p>Es usual escuchar en la industria petrolera que la explotaci\u00f3n de petr\u00f3leo en Vaca Muerta no es rentable por sus altos costos. Los n\u00fameros actuales de YPF desacreditan esas versiones. E incluso van m\u00e1s all\u00e1: con estos precios del barril, es m\u00e1s negocio extraer shale oil (petr\u00f3leo no convencional) que seguir perforando en campos convencionales. En d\u00f3lares, la tasa interna de retorno (TIR) \u2013un indicador para medir la rentabilidad de un proyecto- de una nueva perforaci\u00f3n en Loma Campana ronda el 19%, un nivel aceptable en la depreciada industria global del petr\u00f3leo. De hecho, la inversi\u00f3n de YPF en cada pozo horizontal en Vaca Muerta, que hoy promedia los US$ 8,1 millones, se repaga en tres a\u00f1os.<\/p>\n<p>Darr\u00e9 precis\u00f3 que el break even (punto de equilibrio) de Loma Campana, que produce cerca de 5000 metros c\u00fabicos diarios de shale oil y se convirti\u00f3 en el mayor campo petrol\u00edfero de YPF en el pa\u00eds, es inferior a los US$ 40 por barril. En los campos de Rinc\u00f3n de los Sauces, al norte de Neuqu\u00e9n, o Santa Cruz, ese indicador supera los 50 d\u00f3lares. Con ese mar de fondo, el CEO de YPF no descart\u00f3 desinvertir \u2013a trav\u00e9s de una venta parcial o total- su participaci\u00f3n en yacimientos maduros para financiar la explotaci\u00f3n de Vaca Muerta. Ante una consulta de EconoJournal, reconoci\u00f3 que \u201cYPF tiene costos adicionales, de I+D (investigaci\u00f3n y desarrollo) por ejemplo, que otras compa\u00f1\u00edas no tienen. Tal vez, una petrolera con menor escala logre bajar un 15% los costos de explotaci\u00f3n de ese tipo de campos\u201d, indic\u00f3. \u201cTenemos que acelerar el desarrollo de Vaca Muerta\u201d, agreg\u00f3.<\/p>\n<p>Fuente: Econojournal<\/p>\n<!-- AddThis Advanced Settings generic via filter on the_content -->","protected":false},"excerpt":{"rendered":"<p>Por la optimizaci\u00f3n de los costos YPF est\u00e1 transformando su negocio de petr\u00f3leo en la Argentina. La petrolera bajo control<!-- AddThis Advanced Settings generic via filter on get_the_excerpt --><\/p>\n","protected":false},"author":2,"featured_media":4475,"comment_status":"closed","ping_status":"closed","sticky":false,"template":"","format":"standard","meta":{"colormag_page_container_layout":"default_layout","colormag_page_sidebar_layout":"default_layout","jetpack_post_was_ever_published":false,"_jetpack_newsletter_access":"","_jetpack_dont_email_post_to_subs":false,"_jetpack_newsletter_tier_id":0,"_jetpack_memberships_contains_paywalled_content":false,"_jetpack_memberships_contains_paid_content":false,"footnotes":"","jetpack_publicize_message":"","jetpack_publicize_feature_enabled":true,"jetpack_social_post_already_shared":true,"jetpack_social_options":{"image_generator_settings":{"template":"highway","default_image_id":0,"font":"","enabled":false},"version":2}},"categories":[11],"tags":[17],"class_list":["post-4473","post","type-post","status-publish","format-standard","has-post-thumbnail","hentry","category-energia-y-produccion","tag-otros-medios"],"jetpack_publicize_connections":[],"jetpack_featured_media_url":"https:\/\/i0.wp.com\/ccnews.com.ar\/prensa\/wp-content\/uploads\/2017\/06\/darre050617.jpg?fit=250%2C250","jetpack_shortlink":"https:\/\/wp.me\/p7L1gj-1a9","jetpack-related-posts":[{"id":10261,"url":"http:\/\/ccnews.com.ar\/prensa\/los-desarrollos-de-vaca-muerta-empujaron-el-alza-en-la-produccion\/","url_meta":{"origin":4473,"position":0},"title":"Los desarrollos de Vaca muerta empujaron el alza en la producci\u00f3n","author":"admin","date":"8 febrero, 2019","format":false,"excerpt":"Neuqu\u00e9n cerr\u00f3 el 2018 con un incremento en la producci\u00f3n de gas y petr\u00f3leo. Los no convencionales permitieron absorber la ca\u00edda que registraron los campos convencionales. Los hidrocarburos no convencionales, en especial los provenientes de Vaca Muerta, permitieron mitigar la ca\u00edda que en la provincia de Neuqu\u00e9n registraron los campos\u2026","rel":"","context":"En \u00abEnerg\u00eda y Producci\u00f3n\u00bb","block_context":{"text":"Energ\u00eda y Producci\u00f3n","link":"http:\/\/ccnews.com.ar\/prensa\/category\/energia-y-produccion\/"},"img":{"alt_text":"","src":"https:\/\/i0.wp.com\/ccnews.com.ar\/prensa\/wp-content\/uploads\/2019\/02\/inspeccion1-1.jpg?fit=660%2C370&resize=350%2C200","width":350,"height":200,"srcset":"https:\/\/i0.wp.com\/ccnews.com.ar\/prensa\/wp-content\/uploads\/2019\/02\/inspeccion1-1.jpg?fit=660%2C370&resize=350%2C200 1x, https:\/\/i0.wp.com\/ccnews.com.ar\/prensa\/wp-content\/uploads\/2019\/02\/inspeccion1-1.jpg?fit=660%2C370&resize=525%2C300 1,5x"},"classes":[]},{"id":11971,"url":"http:\/\/ccnews.com.ar\/prensa\/el-podio-de-vaca-muerta-cuales-son-las-areas-que-mas-producen\/","url_meta":{"origin":4473,"position":1},"title":"El podio de Vaca Muerta: cu\u00e1les son las \u00e1reas que m\u00e1s producen","author":"admin","date":"27 junio, 2019","format":false,"excerpt":"YPF pisa fuerte en el segmento de la producci\u00f3n de petr\u00f3leo. En gas, Tecpetrol lleva la delantera pero tambi\u00e9n mide bien en crudo. La actividad en la b\u00fasqueda de los hidrocarburos que est\u00e1n atrapados en la roca generadora que es Vaca Muerta se increment\u00f3 considerablemente en el \u00faltimo a\u00f1o y\u2026","rel":"","context":"En \u00abEnerg\u00eda y Producci\u00f3n\u00bb","block_context":{"text":"Energ\u00eda y Producci\u00f3n","link":"http:\/\/ccnews.com.ar\/prensa\/category\/energia-y-produccion\/"},"img":{"alt_text":"","src":"https:\/\/i0.wp.com\/ccnews.com.ar\/prensa\/wp-content\/uploads\/2019\/06\/Imagen-CPF-11-1.jpg?fit=920%2C520&resize=350%2C200","width":350,"height":200,"srcset":"https:\/\/i0.wp.com\/ccnews.com.ar\/prensa\/wp-content\/uploads\/2019\/06\/Imagen-CPF-11-1.jpg?fit=920%2C520&resize=350%2C200 1x, https:\/\/i0.wp.com\/ccnews.com.ar\/prensa\/wp-content\/uploads\/2019\/06\/Imagen-CPF-11-1.jpg?fit=920%2C520&resize=525%2C300 1,5x, https:\/\/i0.wp.com\/ccnews.com.ar\/prensa\/wp-content\/uploads\/2019\/06\/Imagen-CPF-11-1.jpg?fit=920%2C520&resize=700%2C400 2x"},"classes":[]},{"id":5299,"url":"http:\/\/ccnews.com.ar\/prensa\/confian-en-generar-valor-agregado-a-partir-de-los-recursos-no-convencionales-de-vaca-muerta\/","url_meta":{"origin":4473,"position":2},"title":"Conf\u00edan en generar valor agregado a partir de los recursos no convencionales de Vaca Muerta","author":"CLUSTERciar","date":"12 septiembre, 2017","format":false,"excerpt":"El vicepresidente ejecutivo de Operaciones y Transformaci\u00f3n de YPF, Carlos Alfonsi, destac\u00f3 hoy la necesidad de aumentar \u201cla capacidad de agregar valor a los procesos, ante la oportunidad que existe en la Argentina con el desarrollo del shale oil y gas\u201d que se produce en la formaci\u00f3n neuquina de Vaca\u2026","rel":"","context":"En \u00abManagement\u00bb","block_context":{"text":"Management","link":"http:\/\/ccnews.com.ar\/prensa\/category\/management\/"},"img":{"alt_text":"","src":"https:\/\/i0.wp.com\/ccnews.com.ar\/prensa\/wp-content\/uploads\/2017\/09\/GTY_fracking_ml_140522_12x5_1600-2-e1504718991645.jpg?fit=600%2C251&resize=350%2C200","width":350,"height":200,"srcset":"https:\/\/i0.wp.com\/ccnews.com.ar\/prensa\/wp-content\/uploads\/2017\/09\/GTY_fracking_ml_140522_12x5_1600-2-e1504718991645.jpg?fit=600%2C251&resize=350%2C200 1x, https:\/\/i0.wp.com\/ccnews.com.ar\/prensa\/wp-content\/uploads\/2017\/09\/GTY_fracking_ml_140522_12x5_1600-2-e1504718991645.jpg?fit=600%2C251&resize=525%2C300 1,5x"},"classes":[]},{"id":6679,"url":"http:\/\/ccnews.com.ar\/prensa\/como-es-la-estrategia-de-galuccio-en-el-pais\/","url_meta":{"origin":4473,"position":3},"title":"C\u00f3mo es la estrategia de Galuccio en el pa\u00eds","author":"CLUSTERciar","date":"4 febrero, 2018","format":false,"excerpt":"La petrolera que dirige compr\u00f3 la participaci\u00f3n de Pampa Energ\u00eda en Petrolera Entre Lomas y va por la porci\u00f3n de Pluspetrol. Desembarc\u00f3 en la Cuenca Neuquina donde inici\u00f3 su plan estrat\u00e9gico con YPF. El \u201cMago\u201d fue el sobrenombre con el que se present\u00f3 a Miguel Galuccio cuando lo convoc\u00f3 el\u2026","rel":"","context":"En \u00abManagement\u00bb","block_context":{"text":"Management","link":"http:\/\/ccnews.com.ar\/prensa\/category\/management\/"},"img":{"alt_text":"","src":"https:\/\/i0.wp.com\/ccnews.com.ar\/prensa\/wp-content\/uploads\/2018\/01\/image_content_9276327_20180117222422.jpg?fit=660%2C370&resize=350%2C200","width":350,"height":200,"srcset":"https:\/\/i0.wp.com\/ccnews.com.ar\/prensa\/wp-content\/uploads\/2018\/01\/image_content_9276327_20180117222422.jpg?fit=660%2C370&resize=350%2C200 1x, https:\/\/i0.wp.com\/ccnews.com.ar\/prensa\/wp-content\/uploads\/2018\/01\/image_content_9276327_20180117222422.jpg?fit=660%2C370&resize=525%2C300 1,5x"},"classes":[]},{"id":12013,"url":"http:\/\/ccnews.com.ar\/prensa\/neuquen-alcanzo-la-produccion-de-petroleo-mas-alta-en-diez-anos\/","url_meta":{"origin":4473,"position":4},"title":"Neuqu\u00e9n alcanz\u00f3 la producci\u00f3n de petr\u00f3leo m\u00e1s alta en diez a\u00f1os","author":"admin","date":"28 junio, 2019","format":false,"excerpt":"El crudo no convencional de Vaca Muerta fue el gran responsable. Se bombearon m\u00e1s de 138.000 barriles por d\u00eda en mayo y se super\u00f3 la marca de 2009. La extracci\u00f3n de gas registr\u00f3 un incremento del 5,12% respecto a abril. La demanda local impuls\u00f3 los metros c\u00fabicos. La decisi\u00f3n de\u2026","rel":"","context":"En \u00abEnerg\u00eda y Producci\u00f3n\u00bb","block_context":{"text":"Energ\u00eda y Producci\u00f3n","link":"http:\/\/ccnews.com.ar\/prensa\/category\/energia-y-produccion\/"},"img":{"alt_text":"","src":"https:\/\/i0.wp.com\/ccnews.com.ar\/prensa\/wp-content\/uploads\/2019\/06\/articulos_7413_1_180830_135522.jpg?fit=1200%2C721&resize=350%2C200","width":350,"height":200,"srcset":"https:\/\/i0.wp.com\/ccnews.com.ar\/prensa\/wp-content\/uploads\/2019\/06\/articulos_7413_1_180830_135522.jpg?fit=1200%2C721&resize=350%2C200 1x, https:\/\/i0.wp.com\/ccnews.com.ar\/prensa\/wp-content\/uploads\/2019\/06\/articulos_7413_1_180830_135522.jpg?fit=1200%2C721&resize=525%2C300 1,5x, https:\/\/i0.wp.com\/ccnews.com.ar\/prensa\/wp-content\/uploads\/2019\/06\/articulos_7413_1_180830_135522.jpg?fit=1200%2C721&resize=700%2C400 2x, https:\/\/i0.wp.com\/ccnews.com.ar\/prensa\/wp-content\/uploads\/2019\/06\/articulos_7413_1_180830_135522.jpg?fit=1200%2C721&resize=1050%2C600 3x"},"classes":[]},{"id":2179,"url":"http:\/\/ccnews.com.ar\/prensa\/vaca-muerta-el-petroleo-sigue-siendo-su-principal-producto\/","url_meta":{"origin":4473,"position":5},"title":"Vaca Muerta: el petr\u00f3leo sigue siendo su principal producto","author":"CLUSTERciar","date":"3 noviembre, 2016","format":false,"excerpt":"A cinco a\u00f1os de que la formaci\u00f3n shale saltara a la fama, el petr\u00f3leo sigue siendo su principal producto y la oferta de gas de mediano plazo no evitar\u00e1 las importaciones. Fronteras opacas, rentabilidades ocultas y precios que obligan a abrir el debate. En mayo del 2011, YPF anunciaba que\u2026","rel":"","context":"En \u00abSustentabilidad\u00bb","block_context":{"text":"Sustentabilidad","link":"http:\/\/ccnews.com.ar\/prensa\/category\/sustentabilidad\/"},"img":{"alt_text":"","src":"","width":0,"height":0},"classes":[]}],"jetpack_sharing_enabled":true,"_links":{"self":[{"href":"http:\/\/ccnews.com.ar\/prensa\/wp-json\/wp\/v2\/posts\/4473","targetHints":{"allow":["GET"]}}],"collection":[{"href":"http:\/\/ccnews.com.ar\/prensa\/wp-json\/wp\/v2\/posts"}],"about":[{"href":"http:\/\/ccnews.com.ar\/prensa\/wp-json\/wp\/v2\/types\/post"}],"author":[{"embeddable":true,"href":"http:\/\/ccnews.com.ar\/prensa\/wp-json\/wp\/v2\/users\/2"}],"replies":[{"embeddable":true,"href":"http:\/\/ccnews.com.ar\/prensa\/wp-json\/wp\/v2\/comments?post=4473"}],"version-history":[{"count":1,"href":"http:\/\/ccnews.com.ar\/prensa\/wp-json\/wp\/v2\/posts\/4473\/revisions"}],"predecessor-version":[{"id":4477,"href":"http:\/\/ccnews.com.ar\/prensa\/wp-json\/wp\/v2\/posts\/4473\/revisions\/4477"}],"wp:featuredmedia":[{"embeddable":true,"href":"http:\/\/ccnews.com.ar\/prensa\/wp-json\/wp\/v2\/media\/4475"}],"wp:attachment":[{"href":"http:\/\/ccnews.com.ar\/prensa\/wp-json\/wp\/v2\/media?parent=4473"}],"wp:term":[{"taxonomy":"category","embeddable":true,"href":"http:\/\/ccnews.com.ar\/prensa\/wp-json\/wp\/v2\/categories?post=4473"},{"taxonomy":"post_tag","embeddable":true,"href":"http:\/\/ccnews.com.ar\/prensa\/wp-json\/wp\/v2\/tags?post=4473"}],"curies":[{"name":"wp","href":"https:\/\/api.w.org\/{rel}","templated":true}]}}