{"id":4527,"date":"2017-07-02T08:00:23","date_gmt":"2017-07-02T11:00:23","guid":{"rendered":"http:\/\/clusterciarnews.com.ar\/prensa\/?p=4527"},"modified":"2017-06-22T16:40:20","modified_gmt":"2017-06-22T19:40:20","slug":"pavimentos-y-edificios-descontaminantes-para-las-smartcities","status":"publish","type":"post","link":"http:\/\/ccnews.com.ar\/prensa\/pavimentos-y-edificios-descontaminantes-para-las-smartcities\/","title":{"rendered":"Pavimentos y edificios descontaminantes para las Smartcities"},"content":{"rendered":"<p>El impacto negativo del ser humano sobre el medioambiente est\u00e1 creciendo en los \u00faltimos a\u00f1os. De forma paralela, los m\u00e9todos, herramientas y tecnolog\u00edas que trabajan para <strong>frenar el deterioro del planeta<\/strong> han sufrido una profunda evoluci\u00f3n. Conceptos como <strong>Big Data<\/strong>, <strong>Internet de las Cosas <\/strong>(IoT),<strong> eMovility<\/strong> y, c\u00f3mo no,<strong> Smart City<\/strong>\u00a0 se han constituido como primordiales.<\/p>\n<p>&nbsp;<\/p>\n<p>Hoy se ha celebrado en <strong>Oviedo<\/strong> la jornada \u201c<strong>Fotocat\u00e1lisis Nuevos Materiales: Aliados de la naturaleza a favor de la salud y el bienestar<\/strong>\u201d, organizada por la Asociaci\u00f3n Ib\u00e9rica de Fotocat\u00e1lisis (AIF), en la que se ha profundizado sobre el funcionamiento de los materiales fotocatal\u00edticos y las ventajas de su aplicaci\u00f3n en las ciudades del futuro.<\/p>\n<p><strong>Fotocat\u00e1lisis<\/strong><\/p>\n<p>La fotocat\u00e1lisis es un proceso qu\u00edmico basado la aceleraci\u00f3n de la fotorreacci\u00f3n en presencia de un catalizador y es com\u00fanmente aplicado a diversas superficies permitiendo la descomposici\u00f3n de distintos compuestos. De esa forma, implementado sobre carreteras, aceras, fachadas o cubiertas, se consigue reducir hasta un 50% la emisi\u00f3n de \u00f3xidos de \u00a0nitr\u00f3geno al medioambiente, seg\u00fan los resultados de ensayos de laboratorio. Las islas fotocatal\u00edticas, constituidas enteramente con dichos materiales, son la m\u00e1xima expresi\u00f3n de estas innovaciones y permiten un nivel muy alto de limpieza del aire.<\/p>\n<p>Durante el encuentro, coordinado por la ingenier\u00eda espa\u00f1ola Eptisa, se han desarrollado sesiones y coloquios sobre las nuevas aplicaciones de estos materiales fotocatal\u00edticos en distintas estructuras con el fin de minimizar el impacto contaminante de la intervenci\u00f3n humana sobre el entorno. Algunas de las empresas pioneras en este campo, como es el caso de Eptisa, han compartido sus conocimientos y proyectos, generando un interesante debate en torno al desarrollo sostenible de la sociedad.<\/p>\n<p>Eptisa est\u00e1 posicionada a la vanguardia de innovaci\u00f3n en este tipo de proyectos, y durante la jornada ha compartido su experiencia en la instalaci\u00f3n de estos materiales en obras de car\u00e1cter p\u00fablico, destacando su amplia experiencia internacional y destacados casos de \u00e9xito en Espa\u00f1a, como el proyecto de control de la calidad del aire para el Ayuntamiento de Madrid, realizado sobre pavimentos fotocatal\u00edticos y auspiciado por el prototipo multiensayo \u00a0de control de eficiencia fotocatal\u00edtica, desarrollado por Eptisa, mediante un Proyecto de I+D+i financiado por el CDTi entre 2011 y 2013.<\/p>\n<p>Junto al uso de la fotocat\u00e1lisis, hay otras muchas tecnolog\u00edas que se est\u00e1n implementando actualmente en el desarrollo de las nuevas Smartcities. Sirva como ejemplo la actuaci\u00f3n de Eptisa en India, donde la compa\u00f1\u00eda lidera tres proyectos para desarrollar sendas Smart cities en, Indore Jaipur y Udaipur. En el \u00e1mbito nacional, resulta destacable el proyecto SmartLand Bajo Bidasoa, que bajo el consorcio con SmartLand Technologies, busca optimizar la gesti\u00f3n de los espacios p\u00fablicos a trav\u00e9s de modernas herramientas de tecnolog\u00edas de la informaci\u00f3n. La comarca Bajo Bidasoa, en Ir\u00fan, est\u00e1 siendo la primera localidad en beneficiarse de este proyecto,\u00a0 gracias a una aplicaci\u00f3n m\u00f3vil que permite actualizar en tiempo real las incidencias producidas en sus calles.<\/p>\n<p>Por otro lado, el uso del Big Data juega tambi\u00e9n un papel importante en la sostenibilidad de las ciudades del futuro y en la utilizaci\u00f3n de herramientas adaptadas a los cambios digitales del entorno. Eptisa tambi\u00e9n lleva a cabo una labor en este sentido, y destacable es el \u201cProyecto iPol-Inteligencia Policial\u201d. iPol es una aplicaci\u00f3n, desarrollada para el Ayuntamiento de Madrid, que facilita la persecuci\u00f3n y prevenci\u00f3n del cibercrimen mediante la geolocalizaci\u00f3n por generaci\u00f3n de mapas.<\/p>\n<p>A lo largo de la jornada, los asistentes pudieron conocer de primera mano la visi\u00f3n de la compa\u00f1\u00eda sobre estas cuestiones, as\u00ed como participar en un coloquio en el que se expusieron diferentes puntos de vista y propuestas de cara al futuro. La fotocat\u00e1lisis y las innovaciones propuestas para las smartcities se han colocado como principal foco de trabajo, destinadas a empresas y administraciones preocupadas por el impacto medioambiental.<\/p>\n<!-- AddThis Advanced Settings generic via filter on the_content -->","protected":false},"excerpt":{"rendered":"<p>El impacto negativo del ser humano sobre el medioambiente est\u00e1 creciendo en los \u00faltimos a\u00f1os. De forma paralela, los m\u00e9todos,<!-- AddThis Advanced Settings generic via filter on get_the_excerpt --><\/p>\n","protected":false},"author":2,"featured_media":4529,"comment_status":"closed","ping_status":"closed","sticky":false,"template":"","format":"standard","meta":{"colormag_page_container_layout":"default_layout","colormag_page_sidebar_layout":"default_layout","jetpack_post_was_ever_published":false,"_jetpack_newsletter_access":"","_jetpack_dont_email_post_to_subs":false,"_jetpack_newsletter_tier_id":0,"_jetpack_memberships_contains_paywalled_content":false,"_jetpack_memberships_contains_paid_content":false,"footnotes":"","jetpack_publicize_message":"","jetpack_publicize_feature_enabled":true,"jetpack_social_post_already_shared":true,"jetpack_social_options":{"image_generator_settings":{"template":"highway","default_image_id":0,"font":"","enabled":false},"version":2}},"categories":[3],"tags":[17],"class_list":["post-4527","post","type-post","status-publish","format-standard","has-post-thumbnail","hentry","category-sustentabilidad","tag-otros-medios"],"jetpack_publicize_connections":[],"jetpack_featured_media_url":"https:\/\/i0.wp.com\/ccnews.com.ar\/prensa\/wp-content\/uploads\/2017\/06\/SmartCities_2017.jpg?fit=512%2C225","jetpack_shortlink":"https:\/\/wp.me\/p7L1gj-1b1","jetpack-related-posts":[{"id":15896,"url":"http:\/\/ccnews.com.ar\/prensa\/apostar-por-la-sostenibilidad-en-la-empresa-sera-clave-para-la-recuperacion-de-la-crisis\/","url_meta":{"origin":4527,"position":0},"title":"Apostar por la sostenibilidad en la empresa ser\u00e1 clave para la recuperaci\u00f3n de la crisis","author":"Editor","date":"14 agosto, 2020","format":false,"excerpt":"La recuperaci\u00f3n de las empresas tras la crisis econ\u00f3mica generada por la pandemia es una de las principales preocupaciones actuales. En este contexto de re estructurar procesos y re pensar estrategias, la sostenibilidad no tiene por qu\u00e9 venir con un precio elevado. Cuando las compa\u00f1\u00edas optimizan sus operaciones -ya sea\u2026","rel":"","context":"En \u00abCovid-19\u00bb","block_context":{"text":"Covid-19","link":"http:\/\/ccnews.com.ar\/prensa\/category\/covid-19\/"},"img":{"alt_text":"","src":"https:\/\/i0.wp.com\/ccnews.com.ar\/prensa\/wp-content\/uploads\/2020\/08\/photo-1569227997603-33b9f12af927.jpeg?fit=1200%2C800&resize=350%2C200","width":350,"height":200,"srcset":"https:\/\/i0.wp.com\/ccnews.com.ar\/prensa\/wp-content\/uploads\/2020\/08\/photo-1569227997603-33b9f12af927.jpeg?fit=1200%2C800&resize=350%2C200 1x, https:\/\/i0.wp.com\/ccnews.com.ar\/prensa\/wp-content\/uploads\/2020\/08\/photo-1569227997603-33b9f12af927.jpeg?fit=1200%2C800&resize=525%2C300 1,5x, https:\/\/i0.wp.com\/ccnews.com.ar\/prensa\/wp-content\/uploads\/2020\/08\/photo-1569227997603-33b9f12af927.jpeg?fit=1200%2C800&resize=700%2C400 2x, https:\/\/i0.wp.com\/ccnews.com.ar\/prensa\/wp-content\/uploads\/2020\/08\/photo-1569227997603-33b9f12af927.jpeg?fit=1200%2C800&resize=1050%2C600 3x"},"classes":[]},{"id":8189,"url":"http:\/\/ccnews.com.ar\/prensa\/esta-es-la-plataforma-que-esta-revolucionando-la-educacion\/","url_meta":{"origin":4527,"position":1},"title":"Esta es la plataforma que est\u00e1 revolucionando la educaci\u00f3n","author":"CLUSTERciar","date":"1 julio, 2018","format":false,"excerpt":"'Aprendemos juntos' supera los cien millones de visualizaciones de sus v\u00eddeos en menos de cinco meses Hace poco m\u00e1s de cinco meses EL PA\u00cdS, BBVA y Santillana pusieron en marcha un proyecto educativo transversal. Quer\u00edan ofrecer una plataforma multimedia de referencia para acercar nuevas pedagog\u00edas, charlas con expertos, experiencias\u2026 Un\u2026","rel":"","context":"En \u00abEducaci\u00f3n\/Sociedad\u00bb","block_context":{"text":"Educaci\u00f3n\/Sociedad","link":"http:\/\/ccnews.com.ar\/prensa\/category\/educacion-sociedad\/"},"img":{"alt_text":"","src":"https:\/\/i0.wp.com\/ccnews.com.ar\/prensa\/wp-content\/uploads\/2018\/06\/1529502024_210144_1529502212_noticia_normal_recorte1.jpg?fit=1200%2C675&resize=350%2C200","width":350,"height":200,"srcset":"https:\/\/i0.wp.com\/ccnews.com.ar\/prensa\/wp-content\/uploads\/2018\/06\/1529502024_210144_1529502212_noticia_normal_recorte1.jpg?fit=1200%2C675&resize=350%2C200 1x, https:\/\/i0.wp.com\/ccnews.com.ar\/prensa\/wp-content\/uploads\/2018\/06\/1529502024_210144_1529502212_noticia_normal_recorte1.jpg?fit=1200%2C675&resize=525%2C300 1,5x, https:\/\/i0.wp.com\/ccnews.com.ar\/prensa\/wp-content\/uploads\/2018\/06\/1529502024_210144_1529502212_noticia_normal_recorte1.jpg?fit=1200%2C675&resize=700%2C400 2x, https:\/\/i0.wp.com\/ccnews.com.ar\/prensa\/wp-content\/uploads\/2018\/06\/1529502024_210144_1529502212_noticia_normal_recorte1.jpg?fit=1200%2C675&resize=1050%2C600 3x"},"classes":[]},{"id":12362,"url":"http:\/\/ccnews.com.ar\/prensa\/nuevo-metodo-para-disenar-placas-solares-mas-eficientes-y-estables\/","url_meta":{"origin":4527,"position":2},"title":"Nuevo m\u00e9todo para dise\u00f1ar placas solares m\u00e1s eficientes y estables","author":"admin","date":"30 julio, 2019","format":false,"excerpt":"La b\u00fasqueda de nuevos materiales para producir celdas (c\u00e9lulas) solares eficientes y poco costosas hace tiempo que est\u00e1 en marcha. Las perovskitas de haluros de metal se han postulado como los materiales estrella para captar la energ\u00eda solar, con un prometedor alto rendimiento (el r\u00e9cord de eficiencia actualmente se encuentra\u2026","rel":"","context":"En \u00abSustentabilidad\u00bb","block_context":{"text":"Sustentabilidad","link":"http:\/\/ccnews.com.ar\/prensa\/category\/sustentabilidad\/"},"img":{"alt_text":"","src":"https:\/\/i0.wp.com\/ccnews.com.ar\/prensa\/wp-content\/uploads\/2019\/07\/panel-2-13.jpg?fit=1200%2C628&resize=350%2C200","width":350,"height":200,"srcset":"https:\/\/i0.wp.com\/ccnews.com.ar\/prensa\/wp-content\/uploads\/2019\/07\/panel-2-13.jpg?fit=1200%2C628&resize=350%2C200 1x, https:\/\/i0.wp.com\/ccnews.com.ar\/prensa\/wp-content\/uploads\/2019\/07\/panel-2-13.jpg?fit=1200%2C628&resize=525%2C300 1,5x, https:\/\/i0.wp.com\/ccnews.com.ar\/prensa\/wp-content\/uploads\/2019\/07\/panel-2-13.jpg?fit=1200%2C628&resize=700%2C400 2x, https:\/\/i0.wp.com\/ccnews.com.ar\/prensa\/wp-content\/uploads\/2019\/07\/panel-2-13.jpg?fit=1200%2C628&resize=1050%2C600 3x"},"classes":[]},{"id":12735,"url":"http:\/\/ccnews.com.ar\/prensa\/asfaltos-inteligentes-con-materiales-magneticos-aumentan-la-seguridad-de-los-monopatines-electricos\/","url_meta":{"origin":4527,"position":3},"title":"Dise\u00f1an asfaltos inteligentes que aumentan la seguridad de los monopatines el\u00e9ctricos","author":"admin","date":"3 septiembre, 2019","format":false,"excerpt":"Cient\u00edficos de la Universidad de Granada (UGR) (Espa\u00f1a) han dise\u00f1ado asfaltos inteligentes, confeccionado con materiales magn\u00e9ticos, que aumentan notablemente la seguridad de los Veh\u00edculos de Movilidad Personal (VMP), y en particular, de los patinetes el\u00e9ctricos, en zonas urbanas. Su trabajo, que se enmarca en el \u00e1mbito de las \u201csmart cities\u201d\u2026","rel":"","context":"En \u00abSustentabilidad\u00bb","block_context":{"text":"Sustentabilidad","link":"http:\/\/ccnews.com.ar\/prensa\/category\/sustentabilidad\/"},"img":{"alt_text":"","src":"https:\/\/i0.wp.com\/ccnews.com.ar\/prensa\/wp-content\/uploads\/2019\/09\/2514_47127.jpg?fit=670%2C379&resize=350%2C200","width":350,"height":200,"srcset":"https:\/\/i0.wp.com\/ccnews.com.ar\/prensa\/wp-content\/uploads\/2019\/09\/2514_47127.jpg?fit=670%2C379&resize=350%2C200 1x, https:\/\/i0.wp.com\/ccnews.com.ar\/prensa\/wp-content\/uploads\/2019\/09\/2514_47127.jpg?fit=670%2C379&resize=525%2C300 1,5x"},"classes":[]},{"id":11265,"url":"http:\/\/ccnews.com.ar\/prensa\/como-las-soft-skills-preparan-para-el-futuro-laboral\/","url_meta":{"origin":4527,"position":4},"title":"C\u00f3mo las \u2018soft skills\u2019 preparan para el futuro laboral","author":"admin","date":"2 mayo, 2019","format":false,"excerpt":"La importancia del desarrollo de las \u2018soft skills\u2019 durante la etapa de formaci\u00f3n de los estudiantes, la repercusi\u00f3n de estas habilidades sociales en su futuro laboral y c\u00f3mo se est\u00e1n trabajando ya en los centros educativos. Estos son algunos de los aspectos que repasa Sabina Gata, docente de Secundaria y\u2026","rel":"","context":"En \u00abEducaci\u00f3n\/Sociedad\u00bb","block_context":{"text":"Educaci\u00f3n\/Sociedad","link":"http:\/\/ccnews.com.ar\/prensa\/category\/educacion-sociedad\/"},"img":{"alt_text":"","src":"https:\/\/i0.wp.com\/ccnews.com.ar\/prensa\/wp-content\/uploads\/2019\/05\/mercado-laboral-1-696x464.jpg?fit=696%2C464&resize=350%2C200","width":350,"height":200,"srcset":"https:\/\/i0.wp.com\/ccnews.com.ar\/prensa\/wp-content\/uploads\/2019\/05\/mercado-laboral-1-696x464.jpg?fit=696%2C464&resize=350%2C200 1x, https:\/\/i0.wp.com\/ccnews.com.ar\/prensa\/wp-content\/uploads\/2019\/05\/mercado-laboral-1-696x464.jpg?fit=696%2C464&resize=525%2C300 1,5x"},"classes":[]},{"id":14010,"url":"http:\/\/ccnews.com.ar\/prensa\/graciela-bertolino-las-ingenierias-ayudan-a-cambiar-el-mundo\/","url_meta":{"origin":4527,"position":5},"title":"Graciela Bertolino: \u201cLas ingenier\u00edas ayudan a cambiar el mundo\u201d","author":"admin","date":"20 diciembre, 2019","format":false,"excerpt":"La primera vicerrectora de las carreras de ingenier\u00eda en el Instituto Balseiro, la especialista en materiales Graciela Bertolino, habl\u00f3 con TSS sobre la importancia que tiene para el desarrollo tecnol\u00f3gico promover el estudio de las ingenier\u00edas. Los desaf\u00edos que enfrentar\u00e1 desde su nuevo cargo en la instituci\u00f3n y el rol\u2026","rel":"","context":"En \u00abSustentabilidad\u00bb","block_context":{"text":"Sustentabilidad","link":"http:\/\/ccnews.com.ar\/prensa\/category\/sustentabilidad\/"},"img":{"alt_text":"","src":"https:\/\/i0.wp.com\/ccnews.com.ar\/prensa\/wp-content\/uploads\/2019\/12\/bertolino1.jpg?fit=1080%2C598&resize=350%2C200","width":350,"height":200,"srcset":"https:\/\/i0.wp.com\/ccnews.com.ar\/prensa\/wp-content\/uploads\/2019\/12\/bertolino1.jpg?fit=1080%2C598&resize=350%2C200 1x, https:\/\/i0.wp.com\/ccnews.com.ar\/prensa\/wp-content\/uploads\/2019\/12\/bertolino1.jpg?fit=1080%2C598&resize=525%2C300 1,5x, https:\/\/i0.wp.com\/ccnews.com.ar\/prensa\/wp-content\/uploads\/2019\/12\/bertolino1.jpg?fit=1080%2C598&resize=700%2C400 2x, https:\/\/i0.wp.com\/ccnews.com.ar\/prensa\/wp-content\/uploads\/2019\/12\/bertolino1.jpg?fit=1080%2C598&resize=1050%2C600 3x"},"classes":[]}],"jetpack_sharing_enabled":true,"_links":{"self":[{"href":"http:\/\/ccnews.com.ar\/prensa\/wp-json\/wp\/v2\/posts\/4527","targetHints":{"allow":["GET"]}}],"collection":[{"href":"http:\/\/ccnews.com.ar\/prensa\/wp-json\/wp\/v2\/posts"}],"about":[{"href":"http:\/\/ccnews.com.ar\/prensa\/wp-json\/wp\/v2\/types\/post"}],"author":[{"embeddable":true,"href":"http:\/\/ccnews.com.ar\/prensa\/wp-json\/wp\/v2\/users\/2"}],"replies":[{"embeddable":true,"href":"http:\/\/ccnews.com.ar\/prensa\/wp-json\/wp\/v2\/comments?post=4527"}],"version-history":[{"count":1,"href":"http:\/\/ccnews.com.ar\/prensa\/wp-json\/wp\/v2\/posts\/4527\/revisions"}],"predecessor-version":[{"id":4531,"href":"http:\/\/ccnews.com.ar\/prensa\/wp-json\/wp\/v2\/posts\/4527\/revisions\/4531"}],"wp:featuredmedia":[{"embeddable":true,"href":"http:\/\/ccnews.com.ar\/prensa\/wp-json\/wp\/v2\/media\/4529"}],"wp:attachment":[{"href":"http:\/\/ccnews.com.ar\/prensa\/wp-json\/wp\/v2\/media?parent=4527"}],"wp:term":[{"taxonomy":"category","embeddable":true,"href":"http:\/\/ccnews.com.ar\/prensa\/wp-json\/wp\/v2\/categories?post=4527"},{"taxonomy":"post_tag","embeddable":true,"href":"http:\/\/ccnews.com.ar\/prensa\/wp-json\/wp\/v2\/tags?post=4527"}],"curies":[{"name":"wp","href":"https:\/\/api.w.org\/{rel}","templated":true}]}}