{"id":4845,"date":"2017-08-12T08:00:15","date_gmt":"2017-08-12T11:00:15","guid":{"rendered":"http:\/\/clusterciarnews.com.ar\/prensa\/?p=4845"},"modified":"2017-07-21T12:25:39","modified_gmt":"2017-07-21T15:25:39","slug":"buenos-aires-se-anota-en-la-moda-de-las-energias-renovables","status":"publish","type":"post","link":"http:\/\/ccnews.com.ar\/prensa\/buenos-aires-se-anota-en-la-moda-de-las-energias-renovables\/","title":{"rendered":"Buenos Aires se anota en la moda de las energ\u00edas renovables"},"content":{"rendered":"<p><strong>La provincia de Buenos Aires est\u00e1 dando sus primeros pasos en materia de energ\u00edas renovables.\u00a0<\/strong>En la actualidad se est\u00e1n construyendo en territorio bonaerense 6 parques solares y 8 e\u00f3licos 2 estar\u00e1n en la costa atl\u00e1ntica que producir\u00e1n energ\u00edas limpias, es decir, no contaminantes del medio ambiente.<\/p>\n<p>Con la puesta en marcha en mayo de 2016 del Programa nacional Renovar, se espera que en los pr\u00f3ximos a\u00f1os comiencen a funcionar parques solares en los municipios de General Arenales, General Villegas, Salto, Lincoln y 2 en Olavarr\u00eda.<\/p>\n<p>Adem\u00e1s est\u00e1n construyendo 8 parques e\u00f3licos: en Necochea, General Alvarado, Tres Arroyos, Villarino, Carmen de Patagones, Punta Alta y 2 en Bah\u00eda Blanca. Las obras ya fueron adjudicadas y tienen un plazo de ejecuci\u00f3n de entre 18 y 24 meses.<\/p>\n<p>\u201c<strong>Los parques e\u00f3licos est\u00e1n en una primera etapa<\/strong>, que es la realizaci\u00f3n del trabajo de campo; reci\u00e9n el mes que viene o el pr\u00f3ximo empezar\u00edan a ingresar las torres y las aspas de los molinos al puerto de Bah\u00eda Blanca\u201d, cont\u00f3 a LA CAPITAL la diputada bonaerense de Cambiemos, Ros\u00edo Antinori. \u201cTambi\u00e9n estamos llevando electricidad con paneles a jardines rurales de la Provincia\u201d, agreg\u00f3.<\/p>\n<p>Antinori es autora de un proyecto de Ley de Generaci\u00f3n Distribuida, una iniciativa basada en la propuesta de su par nacional y ecologista Juan Carlos Villalonga, que busca que los usuarios puedan generar su propia energ\u00eda renovable y vender el sobrante a la red (ver aparte).<strong><br \/>\n<\/strong><br \/>\nLa diputada oriunda de Tres Arroyos asegur\u00f3 adem\u00e1s que \u201capuntar a la energ\u00eda limpia es un cambio de paradigma, ya que la renovable no contamina y cuida el medio ambiente\u201d. \u201cEl Ministerio de Energ\u00eda de la Naci\u00f3n est\u00e1 apostando por diversificar la matriz. Esto quiere decir empezar a generar energ\u00eda de fuentes que no est\u00e1bamos aprovechando, como la solar, e\u00f3lica, h\u00eddrica, la biomasa o el biog\u00e1s\u201d, explic\u00f3.<\/p>\n<p>En ese sentido, Antinori destac\u00f3 que \u201cla provincia de Buenos Aires tiene los mejores recursos para esto; nuestras mediciones de sol son mejores que las de Alemania y las mediciones de vientos son muy buenas tambi\u00e9n\u201d.<\/p>\n<p><strong>\u201cEn Dinamarca se lleg\u00f3 al 100% de generaci\u00f3n de energ\u00eda renovable; Uruguay est\u00e1 en un 97% mientras que Argentina est\u00e1 en el 1,4%\u201d, remarc\u00f3 la diputada.\u00a0<\/strong>Explic\u00f3 que \u201clos cortes de luz tiene m\u00faltiples causas, desde la cantidad de obras de infraestructura que no se hicieron hasta la falta de energ\u00eda\u201d.<\/p>\n<p>\u201cHoy afrontamos una crisis energ\u00e9tica: compramos energ\u00eda a otros pa\u00edses cuando hace 20 a\u00f1os la vend\u00edamos. Ese cambio genera que hoy tengamos todos los problemas de cortes de luz\u201d,\u00a0finaliz\u00f3.<\/p>\n<p>&nbsp;<\/p>\n<p>Fuente: \u00a0Energia 16<\/p>\n<!-- AddThis Advanced Settings generic via filter on the_content -->","protected":false},"excerpt":{"rendered":"<p>La provincia de Buenos Aires est\u00e1 dando sus primeros pasos en materia de energ\u00edas renovables.\u00a0En la actualidad se est\u00e1n construyendo<!-- AddThis Advanced Settings generic via filter on get_the_excerpt --><\/p>\n","protected":false},"author":2,"featured_media":4847,"comment_status":"closed","ping_status":"closed","sticky":false,"template":"","format":"standard","meta":{"colormag_page_container_layout":"default_layout","colormag_page_sidebar_layout":"default_layout","jetpack_post_was_ever_published":false,"_jetpack_newsletter_access":"","_jetpack_dont_email_post_to_subs":false,"_jetpack_newsletter_tier_id":0,"_jetpack_memberships_contains_paywalled_content":false,"_jetpack_memberships_contains_paid_content":false,"footnotes":"","jetpack_publicize_message":"","jetpack_publicize_feature_enabled":true,"jetpack_social_post_already_shared":true,"jetpack_social_options":{"image_generator_settings":{"template":"highway","default_image_id":0,"font":"","enabled":false},"version":2}},"categories":[11],"tags":[17],"class_list":["post-4845","post","type-post","status-publish","format-standard","has-post-thumbnail","hentry","category-energia-y-produccion","tag-otros-medios"],"jetpack_publicize_connections":[],"jetpack_featured_media_url":"https:\/\/i0.wp.com\/ccnews.com.ar\/prensa\/wp-content\/uploads\/2017\/07\/1500397329_792129_1500397489_noticia_normal_recorte1-4.jpg?fit=640%2C360","jetpack_shortlink":"https:\/\/wp.me\/p7L1gj-1g9","jetpack-related-posts":[{"id":1267,"url":"http:\/\/ccnews.com.ar\/prensa\/cuanto-crecieron-las-energias-renovables-a-nivel-mundial-el-ano-pasado\/","url_meta":{"origin":4845,"position":0},"title":"\u00bfCu\u00e1nto crecieron las energ\u00edas renovables a nivel mundial el a\u00f1o pasado?","author":"CLUSTERciar","date":"25 agosto, 2016","format":false,"excerpt":"Las potencias del G-20 produjeron en 2015 un 8\u00a0por ciento\u00a0de la electricidad desde centrales de energ\u00eda ecol\u00f3gica. Siete de los miembros ya producen m\u00e1s del 10\u00a0por ciento. Alemania llega al 36 por ciento.\u00a0El uso de energ\u00edas renovables se increment\u00f3 un\u00a070 por ciento a nivel mundial El porcentaje de electricidad que\u2026","rel":"","context":"En \u00abEnerg\u00eda y Producci\u00f3n\u00bb","block_context":{"text":"Energ\u00eda y Producci\u00f3n","link":"http:\/\/ccnews.com.ar\/prensa\/category\/energia-y-produccion\/"},"img":{"alt_text":"","src":"https:\/\/i0.wp.com\/www.energiaestrategica.com\/wp-content\/uploads\/2016\/08\/nota-6-9.jpg?resize=350%2C200","width":350,"height":200},"classes":[]},{"id":11397,"url":"http:\/\/ccnews.com.ar\/prensa\/instalan-sistemas-solares-en-distintos-parques-nacionales\/","url_meta":{"origin":4845,"position":1},"title":"Instalan sistemas solares en distintos Parques Nacionales","author":"admin","date":"16 mayo, 2019","format":false,"excerpt":"En el marco del Programa de Fuentes de Energ\u00eda Renovable en \u00c1reas Protegidas Nacionales, la Administraci\u00f3n de Parques Nacionales lleva adelante desde 2018 la instalaci\u00f3n de sistemas solares en distintos Parques con el fin de promover la conversi\u00f3n de servicios energ\u00e9ticos hacia sistemas de generaci\u00f3n de fuentes renovables. En este\u2026","rel":"","context":"En \u00abSustentabilidad\u00bb","block_context":{"text":"Sustentabilidad","link":"http:\/\/ccnews.com.ar\/prensa\/category\/sustentabilidad\/"},"img":{"alt_text":"","src":"https:\/\/i0.wp.com\/ccnews.com.ar\/prensa\/wp-content\/uploads\/2019\/05\/paneles_solares_apn_05_ph-parques-nacionales-750x470.jpeg?fit=750%2C450&resize=350%2C200","width":350,"height":200,"srcset":"https:\/\/i0.wp.com\/ccnews.com.ar\/prensa\/wp-content\/uploads\/2019\/05\/paneles_solares_apn_05_ph-parques-nacionales-750x470.jpeg?fit=750%2C450&resize=350%2C200 1x, https:\/\/i0.wp.com\/ccnews.com.ar\/prensa\/wp-content\/uploads\/2019\/05\/paneles_solares_apn_05_ph-parques-nacionales-750x470.jpeg?fit=750%2C450&resize=525%2C300 1,5x, https:\/\/i0.wp.com\/ccnews.com.ar\/prensa\/wp-content\/uploads\/2019\/05\/paneles_solares_apn_05_ph-parques-nacionales-750x470.jpeg?fit=750%2C450&resize=700%2C400 2x"},"classes":[]},{"id":16530,"url":"http:\/\/ccnews.com.ar\/prensa\/el-2020-cerro-con-un-salto-del-63-en-la-generacion-renovable\/","url_meta":{"origin":4845,"position":2},"title":"El 2020 cerr\u00f3 con un salto del 63% en la generaci\u00f3n renovable","author":"Editor","date":"17 febrero, 2021","format":false,"excerpt":"En el acumulado del a\u00f1o el aporte de la energ\u00eda limpia tuvo un rendimiento m\u00e1s alto que en 2019. La tecnolog\u00eda e\u00f3lica y la solar fueron las principales responsables.","rel":"","context":"En \u00abEnerg\u00eda y Producci\u00f3n\u00bb","block_context":{"text":"Energ\u00eda y Producci\u00f3n","link":"http:\/\/ccnews.com.ar\/prensa\/category\/energia-y-produccion\/"},"img":{"alt_text":"","src":"","width":0,"height":0},"classes":[]},{"id":13406,"url":"http:\/\/ccnews.com.ar\/prensa\/500-escuelas-en-argentina-apuestan-por-energia-solar-y-mejoran-niveles-de-ensenanza\/","url_meta":{"origin":4845,"position":3},"title":"500 escuelas en Argentina apuestan por energ\u00eda solar y mejoran niveles de ense\u00f1anza","author":"admin","date":"28 octubre, 2019","format":false,"excerpt":"Con esta importante iniciativa se esta promoviendo el uso de energ\u00eda renovable en el sistema educativo y se esta promoviendo conciencia sobre temas como el cambio clim\u00e1tico y el desarrollo sostenible entre los futuros profesionales del pa\u00eds. M\u00e1s escuelas en Argentina cuentan con energ\u00eda limpia, segura y a bajos costos.\u2026","rel":"","context":"En \u00abSustentabilidad\u00bb","block_context":{"text":"Sustentabilidad","link":"http:\/\/ccnews.com.ar\/prensa\/category\/sustentabilidad\/"},"img":{"alt_text":"","src":"https:\/\/i0.wp.com\/ccnews.com.ar\/prensa\/wp-content\/uploads\/2019\/10\/nota-1569138-argentina-escuelas-energia-solar-catamarca-tucuman-buenos-aires-mendoza-910091.jpg?fit=1000%2C755&resize=350%2C200","width":350,"height":200,"srcset":"https:\/\/i0.wp.com\/ccnews.com.ar\/prensa\/wp-content\/uploads\/2019\/10\/nota-1569138-argentina-escuelas-energia-solar-catamarca-tucuman-buenos-aires-mendoza-910091.jpg?fit=1000%2C755&resize=350%2C200 1x, https:\/\/i0.wp.com\/ccnews.com.ar\/prensa\/wp-content\/uploads\/2019\/10\/nota-1569138-argentina-escuelas-energia-solar-catamarca-tucuman-buenos-aires-mendoza-910091.jpg?fit=1000%2C755&resize=525%2C300 1,5x, https:\/\/i0.wp.com\/ccnews.com.ar\/prensa\/wp-content\/uploads\/2019\/10\/nota-1569138-argentina-escuelas-energia-solar-catamarca-tucuman-buenos-aires-mendoza-910091.jpg?fit=1000%2C755&resize=700%2C400 2x"},"classes":[]},{"id":6753,"url":"http:\/\/ccnews.com.ar\/prensa\/dos-parques-eolicos-suman-viento-a-favor\/","url_meta":{"origin":4845,"position":4},"title":"Dos parques e\u00f3licos suman viento a favor","author":"admin","date":"5 febrero, 2018","format":false,"excerpt":"El gobierno nacional les otorg\u00f3 el status de agente generador, mejorando el potencial que tienen para ser licitados. La secretar\u00eda de Energ\u00eda El\u00e9ctrica de la Naci\u00f3n que conduce Alejandro Srouga, le dio un fuerte impulso a dos de los proyectos de parques e\u00f3licos que hay en la provincia, al reconocerlos\u2026","rel":"","context":"En \u00abSustentabilidad\u00bb","block_context":{"text":"Sustentabilidad","link":"http:\/\/ccnews.com.ar\/prensa\/category\/sustentabilidad\/"},"img":{"alt_text":"","src":"https:\/\/i0.wp.com\/ccnews.com.ar\/prensa\/wp-content\/uploads\/2018\/01\/Rio-negro-parques-eolicos.jpg?fit=550%2C346&resize=350%2C200","width":350,"height":200,"srcset":"https:\/\/i0.wp.com\/ccnews.com.ar\/prensa\/wp-content\/uploads\/2018\/01\/Rio-negro-parques-eolicos.jpg?fit=550%2C346&resize=350%2C200 1x, https:\/\/i0.wp.com\/ccnews.com.ar\/prensa\/wp-content\/uploads\/2018\/01\/Rio-negro-parques-eolicos.jpg?fit=550%2C346&resize=525%2C300 1,5x"},"classes":[]},{"id":9691,"url":"http:\/\/ccnews.com.ar\/prensa\/conoce-los-termotanques-solares-hechos-en-argentina\/","url_meta":{"origin":4845,"position":5},"title":"Conoc\u00e9 los termotanques solares hechos en Argentina","author":"CLUSTERciar","date":"17 diciembre, 2018","format":false,"excerpt":"Una firma de Rosario desarroll\u00f3 \u00edntegramente los equipos que hasta hace poco tiempo importaba. Desde el Instituto Nacional de Tecnolog\u00eda Industrial (INTI) fomentan varias iniciativas similares. Propusieron que los instaladores tengan un certificado especial. A la par del incremento tarifario en los servicios de gas y energ\u00eda el\u00e9ctrica, crece en\u2026","rel":"","context":"En \u00abSustentabilidad\u00bb","block_context":{"text":"Sustentabilidad","link":"http:\/\/ccnews.com.ar\/prensa\/category\/sustentabilidad\/"},"img":{"alt_text":"","src":"https:\/\/i0.wp.com\/ccnews.com.ar\/prensa\/wp-content\/uploads\/2018\/12\/ccn-2.jpg?fit=660%2C370&resize=350%2C200","width":350,"height":200,"srcset":"https:\/\/i0.wp.com\/ccnews.com.ar\/prensa\/wp-content\/uploads\/2018\/12\/ccn-2.jpg?fit=660%2C370&resize=350%2C200 1x, https:\/\/i0.wp.com\/ccnews.com.ar\/prensa\/wp-content\/uploads\/2018\/12\/ccn-2.jpg?fit=660%2C370&resize=525%2C300 1,5x"},"classes":[]}],"jetpack_sharing_enabled":true,"_links":{"self":[{"href":"http:\/\/ccnews.com.ar\/prensa\/wp-json\/wp\/v2\/posts\/4845","targetHints":{"allow":["GET"]}}],"collection":[{"href":"http:\/\/ccnews.com.ar\/prensa\/wp-json\/wp\/v2\/posts"}],"about":[{"href":"http:\/\/ccnews.com.ar\/prensa\/wp-json\/wp\/v2\/types\/post"}],"author":[{"embeddable":true,"href":"http:\/\/ccnews.com.ar\/prensa\/wp-json\/wp\/v2\/users\/2"}],"replies":[{"embeddable":true,"href":"http:\/\/ccnews.com.ar\/prensa\/wp-json\/wp\/v2\/comments?post=4845"}],"version-history":[{"count":1,"href":"http:\/\/ccnews.com.ar\/prensa\/wp-json\/wp\/v2\/posts\/4845\/revisions"}],"predecessor-version":[{"id":4849,"href":"http:\/\/ccnews.com.ar\/prensa\/wp-json\/wp\/v2\/posts\/4845\/revisions\/4849"}],"wp:featuredmedia":[{"embeddable":true,"href":"http:\/\/ccnews.com.ar\/prensa\/wp-json\/wp\/v2\/media\/4847"}],"wp:attachment":[{"href":"http:\/\/ccnews.com.ar\/prensa\/wp-json\/wp\/v2\/media?parent=4845"}],"wp:term":[{"taxonomy":"category","embeddable":true,"href":"http:\/\/ccnews.com.ar\/prensa\/wp-json\/wp\/v2\/categories?post=4845"},{"taxonomy":"post_tag","embeddable":true,"href":"http:\/\/ccnews.com.ar\/prensa\/wp-json\/wp\/v2\/tags?post=4845"}],"curies":[{"name":"wp","href":"https:\/\/api.w.org\/{rel}","templated":true}]}}