{"id":4863,"date":"2017-08-03T08:00:18","date_gmt":"2017-08-03T11:00:18","guid":{"rendered":"http:\/\/clusterciarnews.com.ar\/prensa\/?p=4863"},"modified":"2017-07-21T12:39:30","modified_gmt":"2017-07-21T15:39:30","slug":"las-extranas-reglas-que-todo-empleado-de-disney-debe-cumplir","status":"publish","type":"post","link":"http:\/\/ccnews.com.ar\/prensa\/las-extranas-reglas-que-todo-empleado-de-disney-debe-cumplir\/","title":{"rendered":"Las extra\u00f1as reglas que todo empleado de Disney debe cumplir"},"content":{"rendered":"<div class=\"row\">\n<div class=\"col-xs-12 col-print-12\">\n<p class=\"element element-paragraph\"><strong>Trabajar en Disneyland trae aparejada una normativa particular que la mayor\u00eda desconoce. Qu\u00e9 requisitos deben cumplir para estar dentro del parque m\u00e1s conocido del mundo<\/strong><\/p>\n<p class=\"element element-paragraph\">Disney es un lugar que siempre fue sin\u00f3nimo de felicidad para los miles de turistas que visitan cada d\u00eda los parques m\u00e1s famosos del globo terr\u00e1queo.<\/p>\n<\/div>\n<\/div>\n<div class=\"row\">\n<div class=\"col-xs-12 col-print-12\">\n<p class=\"element element-paragraph\">Muchos secretos fueron revelados acerca de este destino, sus pasajes secretos, incluso una c\u00e1rcel propia del parque, un patio de comidas en donde los empleados son los \u00fanicos que tienen acceso -ya que es m\u00e1s econ\u00f3mico- entre otras cosas, pero son pocos los datos acerca de los empleados que dedican horas y horas a trabajar en uno de los mejores lugares del mundo.<\/p>\n<\/div>\n<\/div>\n<div class=\"row\">\n<div class=\"col-xs-12 col-print-12\">\n<p class=\"element element-paragraph\"><strong>1.No pueden utilizar la frase\u00a0&#8220;no s\u00e9&#8221;<\/strong><\/p>\n<\/div>\n<\/div>\n<div class=\"row\">\n<figure class=\"element element-image col-xs-12\">\n<div class=\"single-image\">\n<div class=\"shares\"><\/div>\n<p><img data-recalc-dims=\"1\" decoding=\"async\" id=\"VSRCABFXSZF5ZKXSOE34QSJWZ4\" class=\"image-lazy\" src=\"https:\/\/i0.wp.com\/www.infobae.com\/new-resizer\/GoXVkCeEHxh1UnW9xF6GQp_UPRA%3D\/600x0\/s3.amazonaws.com\/arc-wordpress-client-uploads\/infobae-wp\/wp-content\/uploads\/2017\/07\/19111559\/Untitled-12.jpg?w=750\" alt=\"\"   data-url=\"http:\/\/www.infobae.com\/tendencias\/2017\/07\/20\/las-extranas-reglas-que-todo-empleado-de-disney-debe-cumplir\/%23VSRCABFXSZF5ZKXSOE34QSJWZ4\" data-original=\"http:\/\/www.infobae.com\/new-resizer\/GoXVkCeEHxh1UnW9xF6GQp_UPRA=\/600x0\/s3.amazonaws.com\/arc-wordpress-client-uploads\/infobae-wp\/wp-content\/uploads\/2017\/07\/19111559\/Untitled-12.jpg?token=bar\" \/><\/div><figcaption class=\"\"><\/figcaption><\/figure>\n<\/div>\n<div class=\"row\">\n<div class=\"col-xs-12 col-print-12\">\n<p class=\"element element-paragraph\">Todo el personal del parque tem\u00e1tico debe estar capacitado para responder cualquier pregunta, ya que no se les permite contestar con un &#8220;no s\u00e9&#8221;; incluso, cuando sea necesario, se tiene que llamar a la persona apta para responder cualquier duda o inquietud de alg\u00fan visitante.<\/p>\n<\/div>\n<\/div>\n<div class=\"row\">\n<div class=\"col-xs-12 col-print-12\">\n<p class=\"element element-paragraph\"><strong>2.No pueden se\u00f1alar<\/strong><\/p>\n<\/div>\n<\/div>\n<div class=\"row\">\n<figure class=\"element element-image col-xs-12\">\n<div class=\"single-image\">\n<div class=\"shares\"><\/div>\n<p><img data-recalc-dims=\"1\" decoding=\"async\" id=\"S2MK7KQGXFEXHKSOFT3S47BB3U\" class=\"image-lazy\" src=\"https:\/\/i0.wp.com\/www.infobae.com\/new-resizer\/ZHIkbQzx6KkXi-Verj-57brdc50%3D\/600x0\/s3.amazonaws.com\/arc-wordpress-client-uploads\/infobae-wp\/wp-content\/uploads\/2017\/07\/19111826\/Disney_minnie_mouse.jpg?w=750\" alt=\"\"   data-url=\"http:\/\/www.infobae.com\/tendencias\/2017\/07\/20\/las-extranas-reglas-que-todo-empleado-de-disney-debe-cumplir\/%23S2MK7KQGXFEXHKSOFT3S47BB3U\" data-original=\"http:\/\/www.infobae.com\/new-resizer\/ZHIkbQzx6KkXi-Verj-57brdc50=\/600x0\/s3.amazonaws.com\/arc-wordpress-client-uploads\/infobae-wp\/wp-content\/uploads\/2017\/07\/19111826\/Disney_minnie_mouse.jpg?token=bar\" \/><\/div><figcaption class=\"\"><\/figcaption><\/figure>\n<\/div>\n<div class=\"row\">\n<div class=\"col-xs-12 col-print-12\">\n<p class=\"element element-paragraph\">Cuando un empleado de Disney se\u00f1ala hacia un lugar, siempre lo har\u00e1 con la mano entera o en su defecto lo har\u00e1 apuntando con dos dedos, pero nunca con el gesto cl\u00e1sico de apuntar con un solo dedo hacia la direcci\u00f3n, ya que en algunas culturas eso se ve como un gesto de mal gusto.<\/p>\n<\/div>\n<\/div>\n<div class=\"row\">\n<div class=\"col-xs-12 col-print-12\">\n<p class=\"element element-paragraph\"><strong>3. Vello facial<\/strong><\/p>\n<\/div>\n<\/div>\n<div class=\"row\">\n<figure class=\"element element-image col-xs-12\">\n<div class=\"single-image\">\n<div class=\"shares\"><\/div>\n<p><img data-recalc-dims=\"1\" decoding=\"async\" id=\"XR34MHTEPVATRGUXKNE36WJVFI\" class=\"image-lazy\" src=\"https:\/\/i0.wp.com\/www.infobae.com\/new-resizer\/80aFDujdWrnYFvpzei69mGk7eio%3D\/600x0\/s3.amazonaws.com\/arc-wordpress-client-uploads\/infobae-wp\/wp-content\/uploads\/2017\/07\/19112031\/Untitled-2.jpg?w=750\" alt=\"\"   data-url=\"http:\/\/www.infobae.com\/tendencias\/2017\/07\/20\/las-extranas-reglas-que-todo-empleado-de-disney-debe-cumplir\/%23XR34MHTEPVATRGUXKNE36WJVFI\" data-original=\"http:\/\/www.infobae.com\/new-resizer\/80aFDujdWrnYFvpzei69mGk7eio=\/600x0\/s3.amazonaws.com\/arc-wordpress-client-uploads\/infobae-wp\/wp-content\/uploads\/2017\/07\/19112031\/Untitled-2.jpg?token=bar\" \/><\/div><figcaption class=\"\"><\/figcaption><\/figure>\n<\/div>\n<div class=\"row\">\n<div class=\"col-xs-12 col-print-12\">\n<p class=\"element element-paragraph\">El aspecto f\u00edsico es fundamental por lo que tienen medidas exactas para tener barba o bigote. En el caso de tener barba, tiene que estar siempre prolija y limpia, y, en caso de tener bigote, \u00e9ste no debe pasar de la nariz y m\u00e1s all\u00e1 de rodear los labios.<\/p>\n<\/div>\n<\/div>\n<div class=\"row\">\n<div class=\"col-xs-12 col-print-12\">\n<p class=\"element element-paragraph\"><strong>4. Cortes de pelo<\/strong><\/p>\n<\/div>\n<\/div>\n<div class=\"row\">\n<div class=\"col-xs-12 col-print-12\">\n<p class=\"element element-paragraph\">El cabello siempre debe estar bien recortado. No puede exceder las orejas ni tocar el cuello de una camisa y las mujeres deben traerlo muy bien peinado. Se permite usar\u00a0colitas pero sin ning\u00fan tipo de adorno en ella.<\/p>\n<\/div>\n<\/div>\n<div class=\"row\">\n<div class=\"col-xs-12 col-print-12\">\n<p class=\"element element-paragraph\"><strong>5. No cualquiera puede ser princesa<\/strong><\/p>\n<\/div>\n<\/div>\n<div class=\"row\">\n<figure class=\"element element-image col-xs-12\">\n<div class=\"single-image\">\n<div class=\"shares\"><\/div>\n<p><img data-recalc-dims=\"1\" decoding=\"async\" id=\"VPJCA5RH7JGPBGJ7STMBTCVSDY\" class=\"image-lazy\" src=\"https:\/\/i0.wp.com\/www.infobae.com\/new-resizer\/s0hMIUdiCvBUMmGY4D_C5--tfOY%3D\/600x0\/s3.amazonaws.com\/arc-wordpress-client-uploads\/infobae-wp\/wp-content\/uploads\/2017\/07\/19112352\/princesas-disney.jpg?w=750\" alt=\"\"   data-url=\"http:\/\/www.infobae.com\/tendencias\/2017\/07\/20\/las-extranas-reglas-que-todo-empleado-de-disney-debe-cumplir\/%23VPJCA5RH7JGPBGJ7STMBTCVSDY\" data-original=\"http:\/\/www.infobae.com\/new-resizer\/s0hMIUdiCvBUMmGY4D_C5--tfOY=\/600x0\/s3.amazonaws.com\/arc-wordpress-client-uploads\/infobae-wp\/wp-content\/uploads\/2017\/07\/19112352\/princesas-disney.jpg?token=bar\" \/><\/div><figcaption class=\"\"><\/figcaption><\/figure>\n<\/div>\n<div class=\"row\">\n<div class=\"col-xs-12 col-print-12\">\n<p class=\"element element-paragraph\">Para interpretar a los personajes, se deben tener caracter\u00edsticas muy espec\u00edficas; para las mujeres el m\u00ednimo de estatura para poder ser princesa es de 1,63 metros y el m\u00e1ximo de 1,73 metros, ni m\u00e1s ni menos.<\/p>\n<\/div>\n<\/div>\n<div class=\"row\">\n<div class=\"col-xs-12 col-print-12\">\n<p class=\"element element-paragraph\"><strong>6. No pueden pintarse las u\u00f1as<\/strong><\/p>\n<\/div>\n<\/div>\n<div class=\"row\">\n<div class=\"col-xs-12 col-print-12\">\n<p class=\"element element-paragraph\">En el caso de los hombres, no se les permite que las u\u00f1as sobresalgan de la curva del dedo y las mujeres tienen prohibido que midan m\u00e1s de un cent\u00edmetro o que traigan las u\u00f1as pintadas.<\/p>\n<\/div>\n<\/div>\n<div class=\"row\">\n<div class=\"col-xs-12 col-print-12\">\n<p class=\"element element-paragraph\"><strong>7. Tatuajes<\/strong><\/p>\n<\/div>\n<\/div>\n<div class=\"row\">\n<div class=\"col-xs-12 col-print-12\">\n<p class=\"element element-paragraph\">En el caso de los tatuajes, tienen totalmente prohibido traerlos visibles al p\u00fablico, lo mismo pasa con las perforaciones y los expansores.<\/p>\n<\/div>\n<\/div>\n<div class=\"row\">\n<div class=\"col-xs-12 col-print-12\">\n<p class=\"element element-paragraph\"><strong>8. Lentes<\/strong><\/p>\n<\/div>\n<\/div>\n<div class=\"row\">\n<figure class=\"element element-image col-xs-12\">\n<div class=\"single-image\">\n<div class=\"shares\"><\/div>\n<p><img data-recalc-dims=\"1\" decoding=\"async\" id=\"DHA32IZBVVEBTFNNAGDPBMOWAQ\" class=\"image-lazy\" src=\"https:\/\/i0.wp.com\/www.infobae.com\/new-resizer\/PSRur8Qyz9e00rvq-GcjX0sDN2k%3D\/600x0\/s3.amazonaws.com\/arc-wordpress-client-uploads\/infobae-wp\/wp-content\/uploads\/2017\/07\/19112743\/Untitled-31.jpg?w=750\" alt=\"\"   data-url=\"http:\/\/www.infobae.com\/tendencias\/2017\/07\/20\/las-extranas-reglas-que-todo-empleado-de-disney-debe-cumplir\/%23DHA32IZBVVEBTFNNAGDPBMOWAQ\" data-original=\"http:\/\/www.infobae.com\/new-resizer\/PSRur8Qyz9e00rvq-GcjX0sDN2k=\/600x0\/s3.amazonaws.com\/arc-wordpress-client-uploads\/infobae-wp\/wp-content\/uploads\/2017\/07\/19112743\/Untitled-31.jpg?token=bar\" \/><\/div><figcaption class=\"\"><\/figcaption><\/figure>\n<\/div>\n<div class=\"row\">\n<div class=\"col-xs-12 col-print-12\">\n<p class=\"element element-paragraph\">En caso de que un empleado necesite usar lentes, deben ser discretos, y sin marcas comerciales visibles. Adem\u00e1s, deben ser de tama\u00f1o y forma convencional.<\/p>\n<\/div>\n<\/div>\n<div class=\"row\">\n<div class=\"col-xs-12 col-print-12\">\n<p class=\"element element-paragraph\"><strong>9. Espejos en la entrada<\/strong><\/p>\n<\/div>\n<\/div>\n<div class=\"row\">\n<div class=\"col-xs-12 col-print-12\">\n<p class=\"element element-paragraph\">Cada entrada por la que tienen acceso los empleados cuenta con un espejo de cuerpo completo oculto, con el fin de que antes de salir pueden verse de arriba a bajo para ver si lucen perfecto. Adem\u00e1s, tienen frases motivadoras pegadas para que salgan sonriendo y con \u00e1nimo.<\/p>\n<\/div>\n<\/div>\n<div class=\"row\">\n<div class=\"col-xs-12 col-print-12\">\n<p class=\"element element-paragraph\"><strong>10. Limpieza<\/strong><\/p>\n<\/div>\n<\/div>\n<div class=\"row\">\n<figure class=\"element element-image col-xs-12\">\n<div class=\"single-image\">\n<div class=\"shares\"><\/div>\n<p><img data-recalc-dims=\"1\" decoding=\"async\" id=\"ZWKHJLTRHBCA7P2PB56GJIYQWQ\" class=\"image-lazy\" src=\"https:\/\/i0.wp.com\/www.infobae.com\/new-resizer\/M_p7LAggpk9DyDfHVTmtuK-Hq08%3D\/600x0\/s3.amazonaws.com\/arc-wordpress-client-uploads\/infobae-wp\/wp-content\/uploads\/2017\/07\/19113006\/08_0.jpeg?w=750\" alt=\"\"   data-url=\"http:\/\/www.infobae.com\/tendencias\/2017\/07\/20\/las-extranas-reglas-que-todo-empleado-de-disney-debe-cumplir\/%23ZWKHJLTRHBCA7P2PB56GJIYQWQ\" data-original=\"http:\/\/www.infobae.com\/new-resizer\/M_p7LAggpk9DyDfHVTmtuK-Hq08=\/600x0\/s3.amazonaws.com\/arc-wordpress-client-uploads\/infobae-wp\/wp-content\/uploads\/2017\/07\/19113006\/08_0.jpeg?token=bar\" \/><\/div><figcaption class=\"\"><\/figcaption><\/figure>\n<\/div>\n<div class=\"row\">\n<div class=\"col-xs-12 col-print-12\">\n<p class=\"element element-paragraph\">El secreto para que sus parques est\u00e9n impecables todo el tiempo, se debe a que hay una norma en la que dice que cualquier empleado que vea un papel en el suelo tiene que recogerlo. Se debe hacer con discreci\u00f3n, sin inclinarse a levantarlo. Deben hacerlo con una especie de cuchara especial.<\/p>\n<\/div>\n<\/div>\n<div class=\"row\">\n<div class=\"col-xs-12 col-print-12\">\n<p class=\"element element-paragraph\"><strong>11. Redes sociales<\/strong><\/p>\n<\/div>\n<\/div>\n<div class=\"row\">\n<div class=\"col-xs-12 col-print-12\">\n<p class=\"element element-paragraph\">Todo empleado de las empresas de Disney tiene prohibido decir en cualquier red social que trabaja ah\u00ed y no debe contar nada de lo que hace en la empresa aunque no diga el nombre.<\/p>\n<\/div>\n<\/div>\n<div class=\"row\">\n<div class=\"col-xs-12 col-print-12\">\n<p class=\"element element-paragraph\"><strong>12. Palabras secretas<\/strong><\/p>\n<\/div>\n<\/div>\n<div class=\"row\">\n<div class=\"col-xs-12 col-print-12\">\n<p class=\"element element-paragraph\">Tienen una clase de c\u00f3digos cuando se refieren a cosas desagradables que lleguen a ocurrir, y para evitar decir esas palabras delante de la gente, tienen claves que s\u00f3lo ellos entienden.<\/p>\n<\/div>\n<\/div>\n<div class=\"row\">\n<div class=\"col-xs-12 col-print-12\">\n<p class=\"element element-paragraph\"><strong>13. La regla del nombre<\/strong><\/p>\n<\/div>\n<\/div>\n<div class=\"row\">\n<figure class=\"element element-image col-xs-12\">\n<div class=\"single-image\">\n<div class=\"shares\"><\/div>\n<p><img data-recalc-dims=\"1\" decoding=\"async\" id=\"26ABK6YYXJFIDD3PNU7N6CY7QI\" class=\"image-lazy\" src=\"https:\/\/i0.wp.com\/www.infobae.com\/new-resizer\/PlzV0CqJH4kHhH9oKg_rNc7ofXY%3D\/600x0\/s3.amazonaws.com\/arc-wordpress-client-uploads\/infobae-wp\/wp-content\/uploads\/2017\/07\/19113409\/Untitled-4.jpg?w=750\" alt=\"\"   data-url=\"http:\/\/www.infobae.com\/tendencias\/2017\/07\/20\/las-extranas-reglas-que-todo-empleado-de-disney-debe-cumplir\/%2326ABK6YYXJFIDD3PNU7N6CY7QI\" data-original=\"http:\/\/www.infobae.com\/new-resizer\/PlzV0CqJH4kHhH9oKg_rNc7ofXY=\/600x0\/s3.amazonaws.com\/arc-wordpress-client-uploads\/infobae-wp\/wp-content\/uploads\/2017\/07\/19113409\/Untitled-4.jpg?token=bar\" \/><\/div><figcaption class=\"\"><\/figcaption><\/figure>\n<\/div>\n<div class=\"row\">\n<div class=\"col-xs-12 col-print-12\">\n<p class=\"element element-paragraph\">A Walt Disney le gustaba que lo llamaran simplemente Walt, y esta regla aplica para todos los empleados, ya que s\u00f3lo deben ser llamados por\u00a0un nombre, sin apellidos.<\/p>\n<\/div>\n<\/div>\n<div class=\"row\">\n<div class=\"col-xs-12 col-print-12\">\n<p class=\"element element-paragraph\"><strong>14. No pueden hablar en el parque<\/strong><\/p>\n<\/div>\n<\/div>\n<div class=\"row\">\n<div class=\"col-xs-12 col-print-12\">\n<p class=\"element element-paragraph\">Los personajes de Disney son mudos en el parque, ya que s\u00f3lo se les escucha hablar en las actuaciones con voces grabadas. Pero en las cabalgatas o cuando posan para la foto no deben hablar, aunque pueden hacer gestos o ruidos.<\/p>\n<\/div>\n<\/div>\n<div class=\"row\">\n<div class=\"col-xs-12 col-print-12\">\n<p class=\"element element-paragraph\"><strong>15. Siempre permanecen\u00a0en su personaje<\/strong><\/p>\n<\/div>\n<\/div>\n<div class=\"row\">\n<div class=\"col-xs-12 col-print-12\">\n<p class=\"element element-paragraph\">Disney requiere actores que permanezcan en su personaje en todo momento, pero cuando se les pregunta cualquier cosa fuera de Disney deben actuar como si ellos no supieran de lo que les est\u00e1n hablando.<\/p>\n<\/div>\n<p class=\"element element-paragraph\">Fuente: Infobae<\/p>\n<\/div>\n<!-- AddThis Advanced Settings generic via filter on the_content -->","protected":false},"excerpt":{"rendered":"<p>Trabajar en Disneyland trae aparejada una normativa particular que la mayor\u00eda desconoce. Qu\u00e9 requisitos deben cumplir para estar dentro del<!-- AddThis Advanced Settings generic via filter on get_the_excerpt --><\/p>\n","protected":false},"author":2,"featured_media":4865,"comment_status":"closed","ping_status":"closed","sticky":false,"template":"","format":"standard","meta":{"colormag_page_container_layout":"default_layout","colormag_page_sidebar_layout":"default_layout","jetpack_post_was_ever_published":false,"_jetpack_newsletter_access":"","_jetpack_dont_email_post_to_subs":false,"_jetpack_newsletter_tier_id":0,"_jetpack_memberships_contains_paywalled_content":false,"_jetpack_memberships_contains_paid_content":false,"footnotes":"","jetpack_publicize_message":"","jetpack_publicize_feature_enabled":true,"jetpack_social_post_already_shared":true,"jetpack_social_options":{"image_generator_settings":{"template":"highway","default_image_id":0,"font":"","enabled":false},"version":2}},"categories":[7],"tags":[17],"class_list":["post-4863","post","type-post","status-publish","format-standard","has-post-thumbnail","hentry","category-management","tag-otros-medios"],"jetpack_publicize_connections":[],"jetpack_featured_media_url":"https:\/\/i0.wp.com\/ccnews.com.ar\/prensa\/wp-content\/uploads\/2017\/07\/1500397329_792129_1500397489_noticia_normal_recorte1-7.jpg?fit=600%2C338","jetpack_shortlink":"https:\/\/wp.me\/p7L1gj-1gr","jetpack-related-posts":[{"id":967,"url":"http:\/\/ccnews.com.ar\/prensa\/gerencia-de-la-felicidad-un-nuevo-paradigma-en-relaciones-humanas\/","url_meta":{"origin":4863,"position":0},"title":"Gerencia de la Felicidad: Un nuevo paradigma en Relaciones Humanas","author":"CLUSTERciar","date":"3 agosto, 2016","format":false,"excerpt":"\u201c\u00bfJugamos un partidito antes de empezar?\u201d, dice al entrar a un lugar donde hay una mesa de ping-pong, unos sillones y un ventanal por el que se cuela el sol. S\u00ed, ac\u00e1 trabaja Daniel Cerezo. Un ambiente distendido que ayud\u00f3 a crear desde que lo ascendieron a \u201cgerente de Felicidad\u2026","rel":"","context":"En \u00abManagement\u00bb","block_context":{"text":"Management","link":"http:\/\/ccnews.com.ar\/prensa\/category\/management\/"},"img":{"alt_text":"","src":"","width":0,"height":0},"classes":[]},{"id":3219,"url":"http:\/\/ccnews.com.ar\/prensa\/esto-paso-en-suecia-con-el-experimento-de-reducir-a-6-horas-la-jornada-laboral\/","url_meta":{"origin":4863,"position":1},"title":"Esto pas\u00f3 en Suecia con el experimento de reducir a 6 horas la jornada laboral","author":"CLUSTERciar","date":"21 febrero, 2017","format":false,"excerpt":"Hicieron el experimento durante dos a\u00f1os con trabajadores que tienen la oportunidad de mantener su salario completo pese a la reducci\u00f3n del horario La\u00a0enfermera asistente Emilie Telander, de 26 a\u00f1os, felicita a uno de sus pacientes de un hogar de ancianos en Svartedalen, Gotemburgo, cuando le sale un seis en\u2026","rel":"","context":"En \u00abManagement\u00bb","block_context":{"text":"Management","link":"http:\/\/ccnews.com.ar\/prensa\/category\/management\/"},"img":{"alt_text":"","src":"https:\/\/i0.wp.com\/ccnews.com.ar\/prensa\/wp-content\/uploads\/2017\/02\/438355.jpg?fit=630%2C460&resize=350%2C200","width":350,"height":200,"srcset":"https:\/\/i0.wp.com\/ccnews.com.ar\/prensa\/wp-content\/uploads\/2017\/02\/438355.jpg?fit=630%2C460&resize=350%2C200 1x, https:\/\/i0.wp.com\/ccnews.com.ar\/prensa\/wp-content\/uploads\/2017\/02\/438355.jpg?fit=630%2C460&resize=525%2C300 1,5x"},"classes":[]},{"id":14652,"url":"http:\/\/ccnews.com.ar\/prensa\/el-factor-impensado-que-hace-mas-productivas-a-las-personas-en-el-trabajo\/","url_meta":{"origin":4863,"position":2},"title":"El factor impensado que hace m\u00e1s productivas a las personas en el trabajo","author":"admin","date":"24 febrero, 2020","format":false,"excerpt":"Un empleado destina en promedio 40 horas semanales a su trabajo. Cu\u00e1l es el componente que promueve el bienestar laboral. En promedio, una persona destina m\u00e1s de 40 horas semanales a su trabajo, quiz\u00e1s m\u00e1s. Y a pesar de que muchos pueden dejar atr\u00e1s su empleo cuando termina el horario\u2026","rel":"","context":"En \u00abManagement\u00bb","block_context":{"text":"Management","link":"http:\/\/ccnews.com.ar\/prensa\/category\/management\/"},"img":{"alt_text":"","src":"https:\/\/i0.wp.com\/ccnews.com.ar\/prensa\/wp-content\/uploads\/2020\/02\/ciber-software-company-denver-tech-center.jpg?fit=1152%2C769&resize=350%2C200","width":350,"height":200,"srcset":"https:\/\/i0.wp.com\/ccnews.com.ar\/prensa\/wp-content\/uploads\/2020\/02\/ciber-software-company-denver-tech-center.jpg?fit=1152%2C769&resize=350%2C200 1x, https:\/\/i0.wp.com\/ccnews.com.ar\/prensa\/wp-content\/uploads\/2020\/02\/ciber-software-company-denver-tech-center.jpg?fit=1152%2C769&resize=525%2C300 1,5x, https:\/\/i0.wp.com\/ccnews.com.ar\/prensa\/wp-content\/uploads\/2020\/02\/ciber-software-company-denver-tech-center.jpg?fit=1152%2C769&resize=700%2C400 2x, https:\/\/i0.wp.com\/ccnews.com.ar\/prensa\/wp-content\/uploads\/2020\/02\/ciber-software-company-denver-tech-center.jpg?fit=1152%2C769&resize=1050%2C600 3x"},"classes":[]},{"id":4373,"url":"http:\/\/ccnews.com.ar\/prensa\/la-flexibilidad-clave-para-lograr-objetivos-laborales\/","url_meta":{"origin":4863,"position":3},"title":"La flexibilidad, clave para lograr objetivos laborales","author":"CLUSTERciar","date":"24 junio, 2017","format":false,"excerpt":"El trabajo flexible beneficia a empleados y empleadores. A algunos les preocupa que los a\u00edslen u olviden cuando ellos trabajan en \u201cremoto\u201d. Tambi\u00e9n se escucha la preocupaci\u00f3n de no sentirse parte del equipo cuando no se est\u00e1 f\u00edsicamente con los dem\u00e1s. Para construir esta confianza es necesario cambiar la percepci\u00f3n\u2026","rel":"","context":"En \u00abManagement\u00bb","block_context":{"text":"Management","link":"http:\/\/ccnews.com.ar\/prensa\/category\/management\/"},"img":{"alt_text":"","src":"","width":0,"height":0},"classes":[]},{"id":14358,"url":"http:\/\/ccnews.com.ar\/prensa\/cuales-son-los-riesgos-de-no-tomarse-vacaciones\/","url_meta":{"origin":4863,"position":4},"title":"\u00bfCu\u00e1les son los riesgos de no tomarse vacaciones?","author":"admin","date":"20 enero, 2020","format":false,"excerpt":"Adecco Argentina, filial de la empresa l\u00edder en el mundo en consultor\u00eda integral en Recursos Humanos, explica por qu\u00e9 es importante tomarse vacaciones, tanto para los empleados como para las empresas donde ellos desarrollan sus tareas. Si bien el primer beneficiado con la llegada de las vacaciones es directamente el\u2026","rel":"","context":"En \u00abManagement\u00bb","block_context":{"text":"Management","link":"http:\/\/ccnews.com.ar\/prensa\/category\/management\/"},"img":{"alt_text":"","src":"https:\/\/i0.wp.com\/ccnews.com.ar\/prensa\/wp-content\/uploads\/2020\/01\/puentes-oficiales-2016.png?fit=1024%2C518&resize=350%2C200","width":350,"height":200,"srcset":"https:\/\/i0.wp.com\/ccnews.com.ar\/prensa\/wp-content\/uploads\/2020\/01\/puentes-oficiales-2016.png?fit=1024%2C518&resize=350%2C200 1x, https:\/\/i0.wp.com\/ccnews.com.ar\/prensa\/wp-content\/uploads\/2020\/01\/puentes-oficiales-2016.png?fit=1024%2C518&resize=525%2C300 1,5x, https:\/\/i0.wp.com\/ccnews.com.ar\/prensa\/wp-content\/uploads\/2020\/01\/puentes-oficiales-2016.png?fit=1024%2C518&resize=700%2C400 2x"},"classes":[]},{"id":5621,"url":"http:\/\/ccnews.com.ar\/prensa\/coworking-la-nueva-tendencia-en-desarrollo-urbano\/","url_meta":{"origin":4863,"position":5},"title":"Coworking: la nueva tendencia en desarrollo urbano","author":"CLUSTERciar","date":"7 octubre, 2017","format":false,"excerpt":"Concepto de comunidad y eficiencia. Dos de las ventajas del trabajo colaborativo. Afianzado en el mundo desde hace diez a\u00f1os, en Argentina comienza a crecer en las grandes ciudades. Datos El a\u00f1o en que naci\u00f3 el concepto de coworking con la primera oficina compartida en San Francisco, EE. UU. 2005\u00a0Las\u2026","rel":"","context":"En \u00abManagement\u00bb","block_context":{"text":"Management","link":"http:\/\/ccnews.com.ar\/prensa\/category\/management\/"},"img":{"alt_text":"","src":"https:\/\/i0.wp.com\/ccnews.com.ar\/prensa\/wp-content\/uploads\/2017\/09\/image_content_8827326_20170911222119.jpg?fit=660%2C370&resize=350%2C200","width":350,"height":200,"srcset":"https:\/\/i0.wp.com\/ccnews.com.ar\/prensa\/wp-content\/uploads\/2017\/09\/image_content_8827326_20170911222119.jpg?fit=660%2C370&resize=350%2C200 1x, https:\/\/i0.wp.com\/ccnews.com.ar\/prensa\/wp-content\/uploads\/2017\/09\/image_content_8827326_20170911222119.jpg?fit=660%2C370&resize=525%2C300 1,5x"},"classes":[]}],"jetpack_sharing_enabled":true,"_links":{"self":[{"href":"http:\/\/ccnews.com.ar\/prensa\/wp-json\/wp\/v2\/posts\/4863","targetHints":{"allow":["GET"]}}],"collection":[{"href":"http:\/\/ccnews.com.ar\/prensa\/wp-json\/wp\/v2\/posts"}],"about":[{"href":"http:\/\/ccnews.com.ar\/prensa\/wp-json\/wp\/v2\/types\/post"}],"author":[{"embeddable":true,"href":"http:\/\/ccnews.com.ar\/prensa\/wp-json\/wp\/v2\/users\/2"}],"replies":[{"embeddable":true,"href":"http:\/\/ccnews.com.ar\/prensa\/wp-json\/wp\/v2\/comments?post=4863"}],"version-history":[{"count":1,"href":"http:\/\/ccnews.com.ar\/prensa\/wp-json\/wp\/v2\/posts\/4863\/revisions"}],"predecessor-version":[{"id":4867,"href":"http:\/\/ccnews.com.ar\/prensa\/wp-json\/wp\/v2\/posts\/4863\/revisions\/4867"}],"wp:featuredmedia":[{"embeddable":true,"href":"http:\/\/ccnews.com.ar\/prensa\/wp-json\/wp\/v2\/media\/4865"}],"wp:attachment":[{"href":"http:\/\/ccnews.com.ar\/prensa\/wp-json\/wp\/v2\/media?parent=4863"}],"wp:term":[{"taxonomy":"category","embeddable":true,"href":"http:\/\/ccnews.com.ar\/prensa\/wp-json\/wp\/v2\/categories?post=4863"},{"taxonomy":"post_tag","embeddable":true,"href":"http:\/\/ccnews.com.ar\/prensa\/wp-json\/wp\/v2\/tags?post=4863"}],"curies":[{"name":"wp","href":"https:\/\/api.w.org\/{rel}","templated":true}]}}