{"id":4919,"date":"2017-08-14T08:00:25","date_gmt":"2017-08-14T11:00:25","guid":{"rendered":"http:\/\/clusterciarnews.com.ar\/prensa\/?p=4919"},"modified":"2017-08-14T08:48:48","modified_gmt":"2017-08-14T11:48:48","slug":"zuckerberg-cree-que-esta-app-argentina-es-la-mas-innovadora-de-america-latina","status":"publish","type":"post","link":"http:\/\/ccnews.com.ar\/prensa\/zuckerberg-cree-que-esta-app-argentina-es-la-mas-innovadora-de-america-latina\/","title":{"rendered":"ZUCKERBERG CREE QUE ESTA APP ARGENTINA ES LA M\u00c1S INNOVADORA DE AM\u00c9RICA LATINA"},"content":{"rendered":"<p><em>FUE CREADA POR DOS ARGENTINOS HACE TRES A\u00d1OS Y ESTE A\u00d1O VAN A FACTURAR M\u00c1S DE UN MILL\u00d3N DE PESOS.<\/em><\/p>\n<p>Innovar es solucionar un problema u ofrecer una soluci\u00f3n a un interrogante antes que nadie. Eso fue lo que hizo el emprendimiento nacional ReservaTurno, pensado para\u00a0coordinar c\u00f3mo y cu\u00e1ndo los clientes tienen cita con las peluquer\u00edas y los salones de belleza. &#8220;La idea naci\u00f3 porque mi socia perd\u00eda mucho tiempo de trabajo llamando para hacer reservas en la peluquer\u00eda y no atend\u00edan o tardaba mucho. Lo que nos hizo hacer el click fue cuando, trabajando lejos de su zona,\u00a0\u00a0necesitaba ir a un sal\u00f3n de belleza y entendi\u00f3 que no hab\u00eda forma&#8221;, explica\u00a0\u00a0Ianir Sonis, co fundador de ReservaTurno.<\/p>\n<p>Los dos socios que conforman la empresa empezaron a investigar el mercado y se sorprendieron por su tama\u00f1o. Explican que el ticket promedio es alto y que el rubro crece en econom\u00edas en contextos de crisis, lo que lo hace muy sustentable.\u00a0&#8220;Adem\u00e1s tenia un atraso tecnol\u00f3gico importante, los restaurantes ten\u00edan Gu\u00eda Oleo por ejemplo, pero los salones de est\u00e9tica no se pod\u00edan googlear\u00a0siquiera.\u00a0La idea era cerrar el gap tecnol\u00f3gico&#8221;, explica el emprendedor.<\/p>\n<p><img data-recalc-dims=\"1\" loading=\"lazy\" decoding=\"async\" class=\"alignleft\" src=\"https:\/\/i0.wp.com\/www.infotechnology.com\/__export\/1499874984852\/sites\/revistait\/img\/2017\/07\/12\/gggg_crop1499874984625.jpg_1484051676.jpg?resize=344%2C248\" alt=\"Zuckerberg cree que esta App argentina es la m\u00e1s innovadora de Am\u00e9rica latina\" width=\"344\" height=\"248\" \/><\/p>\n<p>La aplicaci\u00f3n funciona recogiendo el\u00a0tr\u00e1fico y envi\u00e1ndolo\u00a0a los sitios que se listaban en la App para poder reservar.\u00a0La idea nunca detr\u00e1s del software no cambio demasiado, pero Sonis si intent\u00f3 con diferentes\u00a0modelos de negocios, durante un tiempo\u00a0cobraron\u00a0por reserva, pero lo que mas les cerr\u00f3 es cobrar comisi\u00f3n a los locales que aparecen. El fee que cobran no es fijo, sino que var\u00eda\u00a0por zona, pero ronda el 10%.\u00a0&#8220;A fin de mes le cobro al cliente por cada turno que le llega por nosotros. Es un win-win&#8221;, dice Sonis. La App no tiene publicidad\u00a0digital tradicional y no planea tenerla porque empeora la experiencia de usuario.\u00a0&#8220;Estamos por agregar algunas cosas pero no publicidad, sino algo parecido a que las marcas pueda tener un espacio en\u00a0ciertos salones donde est\u00e9n presentes&#8221;, adelante el co fundador..<\/p>\n<p>Esta estrategia se tradujo en 9.000 turnos semanales procedentes de los 300 locales que trabajan con ellos en el pa\u00eds,\u00a0\u00a0y\u00a0a una facturaci\u00f3n de m\u00e1s de $ 1 mill\u00f3n para este a\u00f1o. Adem\u00e1s, fueron elegidos en la FbStart, el certamen mundial de emprendimientos de\u00a0Facebook, como la empresa m\u00e1s innovadora de Am\u00e9rica latina.<\/p>\n<p>&nbsp;<\/p>\n<blockquote><p><strong>La FbStart\u00a0incluye a 900\u00a0inscripciones\u00a0de 87 pa\u00edses.\u00a0Los\u00a0criterios\u00a0para seleccionar a los ganadores se basaron en su actual\u00a0desempe\u00f1o, proyecci\u00f3n de\u00a0crecimiento, experiencia del usuario,\u00a0dise\u00f1o\u00a0y la estrategia en el\u00a0uso\u00a0de las herramientas de\u00a0Facebook\u00a0para generar mayor interacci\u00f3n.<\/strong><\/p><\/blockquote>\n<p>&nbsp;<\/p>\n<p>Si los salones de belleza no son los \u00fanicos rubros que se beneficiar\u00edan de la transformaci\u00f3n digital, \u00bfse podr\u00e1 pedir turno para el m\u00e9dico o para el carnicero con ReservaTurno? &#8220;Hoy nuestro emprendimiento\u00a0tiene su foco, que es y va a seguir siendo el de salones de belleza. Somos un marketplace de servicios de belleza, todo lo que es depilaci\u00f3n, est\u00e9tica, spa, etc\u00e9tera, este mes nos vamos a M\u00e9xico y pensamos en el exterior&#8221;, desliza Sonis, por lo que no aparecer\u00e1n nuevos rubros en la aplicaci\u00f3n por el momento. Adem\u00e1s, los dos socios fundadores de la compa\u00f1\u00eda hoy ponen el foco en el negocio de los datos. &#8220;Nuestro negocio explota la informaci\u00f3n y los datos. Nosotros tambi\u00e9n generamos reportes para empresas&#8221;, finaliza Sonis.<\/p>\n<p>&nbsp;<\/p>\n<p><strong>ReservaTurno\u00a0en n\u00fameros<\/strong><\/p>\n<p>Fundaci\u00f3n: 2014<br \/>\nSocios: 2<br \/>\nInversi\u00f3n inicial: US$ 70.000<br \/>\nOrigen: fondos propios<br \/>\nFacturaci\u00f3n: $1.2 millones\u00a0para 2017<\/p>\n<p>&nbsp;<\/p>\n<p>Fuente: Infotechnology<\/p>\n<!-- AddThis Advanced Settings generic via filter on the_content -->","protected":false},"excerpt":{"rendered":"<p>FUE CREADA POR DOS ARGENTINOS HACE TRES A\u00d1OS Y ESTE A\u00d1O VAN A FACTURAR M\u00c1S DE UN MILL\u00d3N DE PESOS.<!-- AddThis Advanced Settings generic via filter on get_the_excerpt --><\/p>\n","protected":false},"author":2,"featured_media":4921,"comment_status":"closed","ping_status":"closed","sticky":false,"template":"","format":"standard","meta":{"colormag_page_container_layout":"default_layout","colormag_page_sidebar_layout":"default_layout","jetpack_post_was_ever_published":false,"_jetpack_newsletter_access":"","_jetpack_dont_email_post_to_subs":false,"_jetpack_newsletter_tier_id":0,"_jetpack_memberships_contains_paywalled_content":false,"_jetpack_memberships_contains_paid_content":false,"footnotes":"","jetpack_publicize_message":"","jetpack_publicize_feature_enabled":true,"jetpack_social_post_already_shared":true,"jetpack_social_options":{"image_generator_settings":{"template":"highway","default_image_id":0,"font":"","enabled":false},"version":2}},"categories":[5],"tags":[17],"class_list":["post-4919","post","type-post","status-publish","format-standard","has-post-thumbnail","hentry","category-transformacion-digital","tag-otros-medios"],"jetpack_publicize_connections":[],"jetpack_featured_media_url":"https:\/\/i0.wp.com\/ccnews.com.ar\/prensa\/wp-content\/uploads\/2017\/07\/gggg_crop1499874984625.jpg_1484051676.jpg?fit=875%2C471","jetpack_shortlink":"https:\/\/wp.me\/p7L1gj-1hl","jetpack-related-posts":[{"id":1075,"url":"http:\/\/ccnews.com.ar\/prensa\/miguel-san-martin-y-la-conexion-con-el-futuro\/","url_meta":{"origin":4919,"position":0},"title":"Miguel San Mart\u00edn y la conexi\u00f3n con el futuro","author":"CLUSTERciar","date":"11 agosto, 2016","format":false,"excerpt":"Form\u00f3 parte de Curiosity, la misi\u00f3n que hizo pie en Marte, y ahora de un equipo que planea llegar a J\u00fapiter. El ingeniero argentino que trabaja hace 31 a\u00f1os en la NASA cuenta su historia y habla de los pr\u00f3ximos desaf\u00edos Camina por lo que fue su barrio, a pocas\u2026","rel":"","context":"En \u00abEducaci\u00f3n\/Sociedad\u00bb","block_context":{"text":"Educaci\u00f3n\/Sociedad","link":"http:\/\/ccnews.com.ar\/prensa\/category\/educacion-sociedad\/"},"img":{"alt_text":"","src":"","width":0,"height":0},"classes":[]},{"id":9949,"url":"http:\/\/ccnews.com.ar\/prensa\/miguel-gutierrez-nunca-aceptaria-que-el-gobierno-me-imponga-precios-a-combustibles\/","url_meta":{"origin":4919,"position":1},"title":"Miguel Guti\u00e9rrez \u201cNunca aceptar\u00eda que el Gobierno me imponga precios a combustibles\u201d","author":"admin","date":"14 enero, 2019","format":false,"excerpt":"El presidente de YPF hizo referencia al valor de los combustibles y al reciente fallo en el juicio de la empresa en Estados Unidos. Repas\u00e1 sus palabras en la nota. Miguel Guti\u00e9rrez, presidente de YPF, hizo un completo an\u00e1lisis de la situaci\u00f3n que vive la empresa y respondi\u00f3 todas las\u2026","rel":"","context":"En \u00abEnerg\u00eda y Producci\u00f3n\u00bb","block_context":{"text":"Energ\u00eda y Producci\u00f3n","link":"http:\/\/ccnews.com.ar\/prensa\/category\/energia-y-produccion\/"},"img":{"alt_text":"","src":"https:\/\/i0.wp.com\/ccnews.com.ar\/prensa\/wp-content\/uploads\/2019\/01\/inspeccion.jpg?fit=1170%2C658&resize=350%2C200","width":350,"height":200,"srcset":"https:\/\/i0.wp.com\/ccnews.com.ar\/prensa\/wp-content\/uploads\/2019\/01\/inspeccion.jpg?fit=1170%2C658&resize=350%2C200 1x, https:\/\/i0.wp.com\/ccnews.com.ar\/prensa\/wp-content\/uploads\/2019\/01\/inspeccion.jpg?fit=1170%2C658&resize=525%2C300 1,5x, https:\/\/i0.wp.com\/ccnews.com.ar\/prensa\/wp-content\/uploads\/2019\/01\/inspeccion.jpg?fit=1170%2C658&resize=700%2C400 2x, https:\/\/i0.wp.com\/ccnews.com.ar\/prensa\/wp-content\/uploads\/2019\/01\/inspeccion.jpg?fit=1170%2C658&resize=1050%2C600 3x"},"classes":[]},{"id":2335,"url":"http:\/\/ccnews.com.ar\/prensa\/el-otro-mundo-de-jennifer-dahlgren-ser-diferente-es-dificil-y-puede-ser-extraordinario\/","url_meta":{"origin":4919,"position":2},"title":"El otro mundo de Jennifer Dahlgren: &#8220;Ser diferente es dif\u00edcil&#8230; y puede ser extraordinario&#8221;","author":"CLUSTERciar","date":"16 noviembre, 2016","format":false,"excerpt":"Cuando eligi\u00f3 ser lanzadora de martillo, Jennifer Dahlgren no lo pens\u00f3. Lo eligi\u00f3 porque amaba hacerlo. Lo cierto es que tambi\u00e9n lo hizo muy bien. Gracias a eso, fue becada por la Universidad de Georgia. Decidi\u00f3 estudiar lo que m\u00e1s le satisfac\u00eda fuera del atletismo, que era la lectura, y\u2026","rel":"","context":"En \u00abEducaci\u00f3n\/Sociedad\u00bb","block_context":{"text":"Educaci\u00f3n\/Sociedad","link":"http:\/\/ccnews.com.ar\/prensa\/category\/educacion-sociedad\/"},"img":{"alt_text":"","src":"","width":0,"height":0},"classes":[]},{"id":8155,"url":"http:\/\/ccnews.com.ar\/prensa\/ingenieros-en-ambiente-profesionales-indispensables-para-los-tiempos-que-vienen\/","url_meta":{"origin":4919,"position":3},"title":"Ingenieros en Ambiente: profesionales indispensables para los tiempos que vienen","author":"admin","date":"25 junio, 2018","format":false,"excerpt":"Una nota de La Naci\u00f3n revista, publicada el 24 de diciembre de 2000, habla de la primera camada de \"ingenieros verdes\" del pa\u00eds. Una infancia de vacaciones en la monta\u00f1a, campamentos, vida al aire libre y una profesora de geograf\u00eda de secundaria que lo hizo conocer las problem\u00e1ticas ambientales. Algo\u2026","rel":"","context":"En \u00abSustentabilidad\u00bb","block_context":{"text":"Sustentabilidad","link":"http:\/\/ccnews.com.ar\/prensa\/category\/sustentabilidad\/"},"img":{"alt_text":"","src":"https:\/\/i0.wp.com\/ccnews.com.ar\/prensa\/wp-content\/uploads\/2018\/06\/2709248w1033.jpg?fit=1033%2C673&resize=350%2C200","width":350,"height":200,"srcset":"https:\/\/i0.wp.com\/ccnews.com.ar\/prensa\/wp-content\/uploads\/2018\/06\/2709248w1033.jpg?fit=1033%2C673&resize=350%2C200 1x, https:\/\/i0.wp.com\/ccnews.com.ar\/prensa\/wp-content\/uploads\/2018\/06\/2709248w1033.jpg?fit=1033%2C673&resize=525%2C300 1,5x, https:\/\/i0.wp.com\/ccnews.com.ar\/prensa\/wp-content\/uploads\/2018\/06\/2709248w1033.jpg?fit=1033%2C673&resize=700%2C400 2x"},"classes":[]},{"id":13918,"url":"http:\/\/ccnews.com.ar\/prensa\/a-seis-meses-del-apagon-la-historia-del-pueblo-que-se-salvo-por-la-cascara-de-mani\/","url_meta":{"origin":4919,"position":4},"title":"A seis meses del apag\u00f3n, la historia del pueblo que se salv\u00f3 por la c\u00e1scara de man\u00ed","author":"admin","date":"13 diciembre, 2019","format":false,"excerpt":"Cuando en junio casi todo el pa\u00eds se qued\u00f3 sin luz, un solo pueblo no se enter\u00f3: Ticino. Queda en C\u00f3rdoba y gracias a ese episodio se hizo famoso. Un equipo de periodistas reconstruy\u00f3 en el lugar c\u00f3mo se vivi\u00f3 el hecho aquel d\u00eda y el gran proyecto que lo\u2026","rel":"","context":"En \u00abEducaci\u00f3n\/Sociedad\u00bb","block_context":{"text":"Educaci\u00f3n\/Sociedad","link":"http:\/\/ccnews.com.ar\/prensa\/category\/educacion-sociedad\/"},"img":{"alt_text":"","src":"https:\/\/i0.wp.com\/ccnews.com.ar\/prensa\/wp-content\/uploads\/2019\/12\/ticino-es-un-pueblo-cordobes___bx_0Guce_720x0__1.jpg?fit=720%2C540&resize=350%2C200","width":350,"height":200,"srcset":"https:\/\/i0.wp.com\/ccnews.com.ar\/prensa\/wp-content\/uploads\/2019\/12\/ticino-es-un-pueblo-cordobes___bx_0Guce_720x0__1.jpg?fit=720%2C540&resize=350%2C200 1x, https:\/\/i0.wp.com\/ccnews.com.ar\/prensa\/wp-content\/uploads\/2019\/12\/ticino-es-un-pueblo-cordobes___bx_0Guce_720x0__1.jpg?fit=720%2C540&resize=525%2C300 1,5x, https:\/\/i0.wp.com\/ccnews.com.ar\/prensa\/wp-content\/uploads\/2019\/12\/ticino-es-un-pueblo-cordobes___bx_0Guce_720x0__1.jpg?fit=720%2C540&resize=700%2C400 2x"},"classes":[]},{"id":3089,"url":"http:\/\/ccnews.com.ar\/prensa\/coaching-consultivo\/","url_meta":{"origin":4919,"position":5},"title":"Coaching Consultivo","author":"CLUSTERciar","date":"20 enero, 2017","format":false,"excerpt":"Entrevista a Juan Manuel Romero. Desde el Programa Potenciar Valores de la Fundaci\u00f3n Potenciar nos preocupamos y ocupamos por el \u201ctrabajo en equipo\u201d.\u00a0 A trav\u00e9s del coaching se busca servir de ayuda y apoyo al equipo en su propio desarrollo. Se optimiza y potencia el desempe\u00f1o del empleado en su\u2026","rel":"","context":"En \u00abManagement\u00bb","block_context":{"text":"Management","link":"http:\/\/ccnews.com.ar\/prensa\/category\/management\/"},"img":{"alt_text":"20161017_093205","src":"https:\/\/i0.wp.com\/clusterciarnews.com.ar\/prensa\/wp-content\/uploads\/2017\/01\/20161017_093205-300x258.jpg?resize=350%2C200","width":350,"height":200},"classes":[]}],"jetpack_sharing_enabled":true,"_links":{"self":[{"href":"http:\/\/ccnews.com.ar\/prensa\/wp-json\/wp\/v2\/posts\/4919","targetHints":{"allow":["GET"]}}],"collection":[{"href":"http:\/\/ccnews.com.ar\/prensa\/wp-json\/wp\/v2\/posts"}],"about":[{"href":"http:\/\/ccnews.com.ar\/prensa\/wp-json\/wp\/v2\/types\/post"}],"author":[{"embeddable":true,"href":"http:\/\/ccnews.com.ar\/prensa\/wp-json\/wp\/v2\/users\/2"}],"replies":[{"embeddable":true,"href":"http:\/\/ccnews.com.ar\/prensa\/wp-json\/wp\/v2\/comments?post=4919"}],"version-history":[{"count":1,"href":"http:\/\/ccnews.com.ar\/prensa\/wp-json\/wp\/v2\/posts\/4919\/revisions"}],"predecessor-version":[{"id":4923,"href":"http:\/\/ccnews.com.ar\/prensa\/wp-json\/wp\/v2\/posts\/4919\/revisions\/4923"}],"wp:featuredmedia":[{"embeddable":true,"href":"http:\/\/ccnews.com.ar\/prensa\/wp-json\/wp\/v2\/media\/4921"}],"wp:attachment":[{"href":"http:\/\/ccnews.com.ar\/prensa\/wp-json\/wp\/v2\/media?parent=4919"}],"wp:term":[{"taxonomy":"category","embeddable":true,"href":"http:\/\/ccnews.com.ar\/prensa\/wp-json\/wp\/v2\/categories?post=4919"},{"taxonomy":"post_tag","embeddable":true,"href":"http:\/\/ccnews.com.ar\/prensa\/wp-json\/wp\/v2\/tags?post=4919"}],"curies":[{"name":"wp","href":"https:\/\/api.w.org\/{rel}","templated":true}]}}