{"id":5153,"date":"2017-08-22T08:45:28","date_gmt":"2017-08-22T11:45:28","guid":{"rendered":"http:\/\/clusterciarnews.com.ar\/prensa\/?p=5153"},"modified":"2017-08-22T08:45:28","modified_gmt":"2017-08-22T11:45:28","slug":"sellaron-una-compra-clave-para-tener-mas-gas-en-la-provincia","status":"publish","type":"post","link":"http:\/\/ccnews.com.ar\/prensa\/sellaron-una-compra-clave-para-tener-mas-gas-en-la-provincia\/","title":{"rendered":"Sellaron una compra clave para tener m\u00e1s gas en la provincia"},"content":{"rendered":"<p><strong>Energ\u00eda adquiri\u00f3 los motocompresores para los gasoductos Cordillerano y Costa Atl\u00e1ntica.<\/strong><\/p>\n<p>El Ministerio de Energ\u00eda de la Naci\u00f3n anunci\u00f3 ayer que se firm\u00f3 el contrato de compra de los motocompresores para el gasoducto Cordillerano Patag\u00f3nico, que provee a Neuqu\u00e9n, R\u00edo Negro y Chubut. La empresa proveedora del material ser\u00e1 Juan F. Secco Sociedad An\u00f3nima. La compra se llev\u00f3 a cabo en conjunto, tanto para el gasoducto de la Patagonia como para el de la costa atl\u00e1ntica, en la Provincia de Buenos Aires.<\/p>\n<p>El contrato se sell\u00f3 por un monto total de 8.161.307,11 d\u00f3lares. En el mismo proceso licitatorio, convocado por la Resoluci\u00f3n 120\/2017, se recibieron las ofertas econ\u00f3micas para el montaje de ca\u00f1er\u00edas en tres gasoductos que permitir\u00e1n la incorporaci\u00f3n de 140.000 usuarios al servicio de gas natural. Siete grupos presentaron 18 ofertas, 12 de las cuales est\u00e1n por debajo del presupuesto oficial, estim\u00e1ndose que una vez concluidos los an\u00e1lisis para las adjudicaciones se obtendr\u00e1 un ahorro global cercano al 15 por ciento.<\/p>\n<p>El inicio de las obras est\u00e1 previsto para septiembre, se inform\u00f3 desde la cartera que conduce Juan Jos\u00e9 Aranguren.<\/p>\n<p>La obra sobre el gasoducto Cordillerano dentro del territorio neuquino tiene un presupuesto de $443.189.317,40, mientras que la del tramo del Cordillerano-Patag\u00f3nico que comprende Chubut, R\u00edo Negro y Neuqu\u00e9n, asciende a $693.193.547,73. Con la ampliaci\u00f3n, el sistema tendr\u00e1 nuevos refuerzos para atender una demanda proyectada de 22.000 usuarios adicionales en varias localidades de su trazado.<\/p>\n<p>Fuente: La Ma\u00f1ana de Neuqu\u00e9n<\/p>\n<!-- AddThis Advanced Settings generic via filter on the_content -->","protected":false},"excerpt":{"rendered":"<p>Energ\u00eda adquiri\u00f3 los motocompresores para los gasoductos Cordillerano y Costa Atl\u00e1ntica. El Ministerio de Energ\u00eda de la Naci\u00f3n anunci\u00f3 ayer<!-- AddThis Advanced Settings generic via filter on get_the_excerpt --><\/p>\n","protected":false},"author":2,"featured_media":5155,"comment_status":"closed","ping_status":"closed","sticky":false,"template":"","format":"standard","meta":{"colormag_page_container_layout":"default_layout","colormag_page_sidebar_layout":"default_layout","jetpack_post_was_ever_published":false,"_jetpack_newsletter_access":"","_jetpack_dont_email_post_to_subs":false,"_jetpack_newsletter_tier_id":0,"_jetpack_memberships_contains_paywalled_content":false,"_jetpack_memberships_contains_paid_content":false,"footnotes":"","jetpack_publicize_message":"","jetpack_publicize_feature_enabled":true,"jetpack_social_post_already_shared":true,"jetpack_social_options":{"image_generator_settings":{"template":"highway","default_image_id":0,"font":"","enabled":false},"version":2}},"categories":[11],"tags":[17],"class_list":["post-5153","post","type-post","status-publish","format-standard","has-post-thumbnail","hentry","category-energia-y-produccion","tag-otros-medios"],"jetpack_publicize_connections":[],"jetpack_featured_media_url":"https:\/\/i0.wp.com\/ccnews.com.ar\/prensa\/wp-content\/uploads\/2017\/08\/sellaron170817.jpg?fit=250%2C250","jetpack_shortlink":"https:\/\/wp.me\/p7L1gj-1l7","jetpack-related-posts":[{"id":9855,"url":"http:\/\/ccnews.com.ar\/prensa\/ampliacion-del-gasoducto-cordillerano-el-rol-fundamental-de-la-inspeccion-tecnica\/","url_meta":{"origin":5153,"position":0},"title":"Ampliaci\u00f3n del gasoducto cordillerano: el rol fundamental de la inspecci\u00f3n t\u00e9cnica","author":"CLUSTERciar","date":"9 enero, 2019","format":false,"excerpt":"Esta obra es clave para contribuir a un mayor desarrollo de la zona cordillerana patag\u00f3nica, y la inspecci\u00f3n t\u00e9cnica garantiz\u00f3 el cumplimiento de los est\u00e1ndares de calidad, seguridad y medioambiente durante su realizaci\u00f3n. La empresa neuquina Trace Group particip\u00f3 en la inspecci\u00f3n y en la supervisi\u00f3n. El 3 de enero,\u2026","rel":"","context":"En \u00abEnerg\u00eda y Producci\u00f3n\u00bb","block_context":{"text":"Energ\u00eda y Producci\u00f3n","link":"http:\/\/ccnews.com.ar\/prensa\/category\/energia-y-produccion\/"},"img":{"alt_text":"","src":"https:\/\/i0.wp.com\/ccnews.com.ar\/prensa\/wp-content\/uploads\/2019\/01\/nota-principal-2.jpg?fit=803%2C404&resize=350%2C200","width":350,"height":200,"srcset":"https:\/\/i0.wp.com\/ccnews.com.ar\/prensa\/wp-content\/uploads\/2019\/01\/nota-principal-2.jpg?fit=803%2C404&resize=350%2C200 1x, https:\/\/i0.wp.com\/ccnews.com.ar\/prensa\/wp-content\/uploads\/2019\/01\/nota-principal-2.jpg?fit=803%2C404&resize=525%2C300 1,5x, https:\/\/i0.wp.com\/ccnews.com.ar\/prensa\/wp-content\/uploads\/2019\/01\/nota-principal-2.jpg?fit=803%2C404&resize=700%2C400 2x"},"classes":[]},{"id":14086,"url":"http:\/\/ccnews.com.ar\/prensa\/el-shale-suma-gasoductos\/","url_meta":{"origin":5153,"position":1},"title":"El shale suma gasoductos","author":"admin","date":"30 diciembre, 2019","format":false,"excerpt":"TGS culmin\u00f3 una obra central para el transporte del futuro. Las operadoras Vista Oil & Gas y PAE tienen proyectos y obras para llevar a destino su producci\u00f3n. Transportadora Gas del Sur (TGS) concluy\u00f3 la construcci\u00f3n de su gasoducto de captaci\u00f3n en Tratay\u00e9n, junto una planta de acondicionamiento. Al mismo\u2026","rel":"","context":"En \u00abEnerg\u00eda y Producci\u00f3n\u00bb","block_context":{"text":"Energ\u00eda y Producci\u00f3n","link":"http:\/\/ccnews.com.ar\/prensa\/category\/energia-y-produccion\/"},"img":{"alt_text":"","src":"https:\/\/i0.wp.com\/ccnews.com.ar\/prensa\/wp-content\/uploads\/2019\/12\/20191222114801-1024x484.jpg?fit=1024%2C484&resize=350%2C200","width":350,"height":200,"srcset":"https:\/\/i0.wp.com\/ccnews.com.ar\/prensa\/wp-content\/uploads\/2019\/12\/20191222114801-1024x484.jpg?fit=1024%2C484&resize=350%2C200 1x, https:\/\/i0.wp.com\/ccnews.com.ar\/prensa\/wp-content\/uploads\/2019\/12\/20191222114801-1024x484.jpg?fit=1024%2C484&resize=525%2C300 1,5x, https:\/\/i0.wp.com\/ccnews.com.ar\/prensa\/wp-content\/uploads\/2019\/12\/20191222114801-1024x484.jpg?fit=1024%2C484&resize=700%2C400 2x"},"classes":[]},{"id":10089,"url":"http:\/\/ccnews.com.ar\/prensa\/vaca-muerta-se-prepara-para-sumar-redes\/","url_meta":{"origin":5153,"position":2},"title":"Vaca Muerta se prepara para sumar redes","author":"admin","date":"24 enero, 2019","format":false,"excerpt":"Transportadora Gas del Sur (TGS) prev\u00e9 inaugurar en tres meses el gasoducto Tramo Sur, parte del Tramo Norte y la planta de tratamiento de Tratay\u00e9n. A fin de a\u00f1o el nuevo sistema permitir\u00e1 transportar hasta 56 millones de metros c\u00fabicos de gas natural. Los cuellos de botella para el transporte\u2026","rel":"","context":"En \u00abEnerg\u00eda y Producci\u00f3n\u00bb","block_context":{"text":"Energ\u00eda y Producci\u00f3n","link":"http:\/\/ccnews.com.ar\/prensa\/category\/energia-y-produccion\/"},"img":{"alt_text":"","src":"https:\/\/i0.wp.com\/ccnews.com.ar\/prensa\/wp-content\/uploads\/2019\/01\/Insp1.jpg?fit=660%2C370&resize=350%2C200","width":350,"height":200,"srcset":"https:\/\/i0.wp.com\/ccnews.com.ar\/prensa\/wp-content\/uploads\/2019\/01\/Insp1.jpg?fit=660%2C370&resize=350%2C200 1x, https:\/\/i0.wp.com\/ccnews.com.ar\/prensa\/wp-content\/uploads\/2019\/01\/Insp1.jpg?fit=660%2C370&resize=525%2C300 1,5x"},"classes":[]},{"id":11443,"url":"http:\/\/ccnews.com.ar\/prensa\/ampliacion-del-gasoducto-pilcaniyeu-bariloche-las-claves-de-una-obra-atipica\/","url_meta":{"origin":5153,"position":3},"title":"Ampliaci\u00f3n del gasoducto  Pilcaniyeu-Bariloche:  las claves de una obra at\u00edpica","author":"CLUSTERciar","date":"20 mayo, 2019","format":false,"excerpt":"El trabajo implic\u00f3 desviar el cauce de un r\u00edo, una maniobra de alta complejidad que es poco habitual en la industria y requiri\u00f3 el trabajo integrado del Ministerio de Energ\u00eda de la Naci\u00f3n junto a las empresas Contreras Hnos., Camuzzi Gas del Sur y Trace Group. Con el objetivo de\u2026","rel":"","context":"En \u00abEnerg\u00eda y Producci\u00f3n\u00bb","block_context":{"text":"Energ\u00eda y Producci\u00f3n","link":"http:\/\/ccnews.com.ar\/prensa\/category\/energia-y-produccion\/"},"img":{"alt_text":"","src":"https:\/\/i0.wp.com\/ccnews.com.ar\/prensa\/wp-content\/uploads\/2019\/05\/nota.jpg?fit=803%2C404&resize=350%2C200","width":350,"height":200,"srcset":"https:\/\/i0.wp.com\/ccnews.com.ar\/prensa\/wp-content\/uploads\/2019\/05\/nota.jpg?fit=803%2C404&resize=350%2C200 1x, https:\/\/i0.wp.com\/ccnews.com.ar\/prensa\/wp-content\/uploads\/2019\/05\/nota.jpg?fit=803%2C404&resize=525%2C300 1,5x, https:\/\/i0.wp.com\/ccnews.com.ar\/prensa\/wp-content\/uploads\/2019\/05\/nota.jpg?fit=803%2C404&resize=700%2C400 2x"},"classes":[]},{"id":8969,"url":"http:\/\/ccnews.com.ar\/prensa\/nacion-avanza-en-liberar-el-negocio-del-midstream\/","url_meta":{"origin":5153,"position":4},"title":"Naci\u00f3n avanza en liberar el negocio del midstream","author":"CLUSTERciar","date":"8 octubre, 2018","format":false,"excerpt":"La Secretar\u00eda de Energ\u00eda busca sumar m\u00e1s actores a la construcci\u00f3n de los sistemas de transporte y procesamiento. Ante el escenario de crecimiento acelerado de la producci\u00f3n de gas y petr\u00f3leo, el secretario de Energ\u00eda de la Naci\u00f3n, Javier Iguacel, avanza en un ambicioso plan para modificar de forma radical\u2026","rel":"","context":"En \u00abSustentabilidad\u00bb","block_context":{"text":"Sustentabilidad","link":"http:\/\/ccnews.com.ar\/prensa\/category\/sustentabilidad\/"},"img":{"alt_text":"","src":"https:\/\/i0.wp.com\/ccnews.com.ar\/prensa\/wp-content\/uploads\/2018\/10\/ccn-1.jpg?fit=660%2C370&resize=350%2C200","width":350,"height":200,"srcset":"https:\/\/i0.wp.com\/ccnews.com.ar\/prensa\/wp-content\/uploads\/2018\/10\/ccn-1.jpg?fit=660%2C370&resize=350%2C200 1x, https:\/\/i0.wp.com\/ccnews.com.ar\/prensa\/wp-content\/uploads\/2018\/10\/ccn-1.jpg?fit=660%2C370&resize=525%2C300 1,5x"},"classes":[]},{"id":9795,"url":"http:\/\/ccnews.com.ar\/prensa\/el-presidente-inauguro-la-ampliacion-de-un-gasoducto-en-chubut\/","url_meta":{"origin":5153,"position":5},"title":"El Presidente inaugur\u00f3 la ampliaci\u00f3n de un gasoducto en Chubut","author":"CLUSTERciar","date":"4 enero, 2019","format":false,"excerpt":"\"Esta obra es un s\u00edmbolo de la esperanza de una Argentina que empieza a levantarse\", asegur\u00f3. El presidente Mauricio Macri encabez\u00f3 el acto de inauguraci\u00f3n de un nuevo tramo del gasoducto Cordillerano-Patag\u00f3nico, que permitir\u00e1 que miles de hogares se sumen al servicio de red y subray\u00f3 que obras de ese\u2026","rel":"","context":"En \u00abEnerg\u00eda y Producci\u00f3n\u00bb","block_context":{"text":"Energ\u00eda y Producci\u00f3n","link":"http:\/\/ccnews.com.ar\/prensa\/category\/energia-y-produccion\/"},"img":{"alt_text":"","src":"https:\/\/i0.wp.com\/ccnews.com.ar\/prensa\/wp-content\/uploads\/2019\/01\/macri_bariloche3.jpg?fit=1200%2C829&resize=350%2C200","width":350,"height":200,"srcset":"https:\/\/i0.wp.com\/ccnews.com.ar\/prensa\/wp-content\/uploads\/2019\/01\/macri_bariloche3.jpg?fit=1200%2C829&resize=350%2C200 1x, https:\/\/i0.wp.com\/ccnews.com.ar\/prensa\/wp-content\/uploads\/2019\/01\/macri_bariloche3.jpg?fit=1200%2C829&resize=525%2C300 1,5x, https:\/\/i0.wp.com\/ccnews.com.ar\/prensa\/wp-content\/uploads\/2019\/01\/macri_bariloche3.jpg?fit=1200%2C829&resize=700%2C400 2x, https:\/\/i0.wp.com\/ccnews.com.ar\/prensa\/wp-content\/uploads\/2019\/01\/macri_bariloche3.jpg?fit=1200%2C829&resize=1050%2C600 3x"},"classes":[]}],"jetpack_sharing_enabled":true,"_links":{"self":[{"href":"http:\/\/ccnews.com.ar\/prensa\/wp-json\/wp\/v2\/posts\/5153","targetHints":{"allow":["GET"]}}],"collection":[{"href":"http:\/\/ccnews.com.ar\/prensa\/wp-json\/wp\/v2\/posts"}],"about":[{"href":"http:\/\/ccnews.com.ar\/prensa\/wp-json\/wp\/v2\/types\/post"}],"author":[{"embeddable":true,"href":"http:\/\/ccnews.com.ar\/prensa\/wp-json\/wp\/v2\/users\/2"}],"replies":[{"embeddable":true,"href":"http:\/\/ccnews.com.ar\/prensa\/wp-json\/wp\/v2\/comments?post=5153"}],"version-history":[{"count":1,"href":"http:\/\/ccnews.com.ar\/prensa\/wp-json\/wp\/v2\/posts\/5153\/revisions"}],"predecessor-version":[{"id":5157,"href":"http:\/\/ccnews.com.ar\/prensa\/wp-json\/wp\/v2\/posts\/5153\/revisions\/5157"}],"wp:featuredmedia":[{"embeddable":true,"href":"http:\/\/ccnews.com.ar\/prensa\/wp-json\/wp\/v2\/media\/5155"}],"wp:attachment":[{"href":"http:\/\/ccnews.com.ar\/prensa\/wp-json\/wp\/v2\/media?parent=5153"}],"wp:term":[{"taxonomy":"category","embeddable":true,"href":"http:\/\/ccnews.com.ar\/prensa\/wp-json\/wp\/v2\/categories?post=5153"},{"taxonomy":"post_tag","embeddable":true,"href":"http:\/\/ccnews.com.ar\/prensa\/wp-json\/wp\/v2\/tags?post=5153"}],"curies":[{"name":"wp","href":"https:\/\/api.w.org\/{rel}","templated":true}]}}