{"id":5187,"date":"2017-09-06T08:00:55","date_gmt":"2017-09-06T11:00:55","guid":{"rendered":"http:\/\/clusterciarnews.com.ar\/prensa\/?p=5187"},"modified":"2017-09-06T08:19:41","modified_gmt":"2017-09-06T11:19:41","slug":"vaca-muerta-ypf-firmo-un-acuerdo-de-exploracion-conjunta-con-la-empresa-noruega-statoil","status":"publish","type":"post","link":"http:\/\/ccnews.com.ar\/prensa\/vaca-muerta-ypf-firmo-un-acuerdo-de-exploracion-conjunta-con-la-empresa-noruega-statoil\/","title":{"rendered":"Vaca Muerta: YPF firm\u00f3 un acuerdo de exploraci\u00f3n conjunta con la empresa noruega Statoil"},"content":{"rendered":"<p>El gigante petrolero ingresar\u00e1 al bloque Bajo del Toro como socia, con una participaci\u00f3n del 50%; mientras que la compa\u00f1\u00eda argentina mantendr\u00e1 el 50% restante<\/p>\n<p>La\u00a0empresa\u00a0<a class=\"tema topico ypf\" title=\"Ver todas las notas de YPF\" href=\"http:\/\/www.lanacion.com.ar\/ypf-t3059\">YPF<\/a>\u00a0anunci\u00f3 hoy que firm\u00f3 un acuerdo con la compa\u00f1\u00eda noruega Statoil en la ciudad suiza de Ginebra para la exploraci\u00f3n conjunta en el bloque Bajo del Toro, ubicado en la formaci\u00f3n neuquina de hidrocarburos no convencionales de\u00a0<a class=\"tema topico vaca-muerta\" title=\"Ver todas las notas de Vaca Muerta\" href=\"http:\/\/www.lanacion.com.ar\/vaca-muerta-t58732\">Vaca<\/a>\u00a0Muerta.<\/p>\n<p>&#8220;La firma de este acuerdo preliminar (term sheet) entre ambas compa\u00f1\u00edas se llev\u00f3 a cabo ayer entre el vicepresidente ejecutivo de Exploraci\u00f3n de Statoil, Tim Dodson, y el vicepresidente de Desarrollo de Negocios de YPF, Sergio Giorgi&#8221;, precis\u00f3 un comunicado difundido hoy.<\/p>\n<p>El presidente de la petrolera nacional con mayor\u00eda de capital estatal, Miguel Angel Guti\u00e9rrez, afirm\u00f3 que &#8220;recibir a una nueva compa\u00f1\u00eda internacional como Statoil en nuestro pa\u00eds demuestra confianza en el potencial de Vaca Muerta como play no convencional, y en YPF como operador l\u00edder&#8221;.<\/p>\n<p>&#8220;Estamos contentos de expandir la alianza entre ambas compa\u00f1\u00edas&#8221;, afirm\u00f3 Guti\u00e9rrez, seg\u00fan consigna el comunicado.<\/p>\n<p>El \u00e1rea exploratoria Bajo del Toro abarca una superficie de 157 kil\u00f3metros cuadrados, y est\u00e1 ubicada en la Cuenca Neuquina.<\/p>\n<p>Statoil ingresar\u00e1 al bloque como socio, con una participaci\u00f3n del 50%; mientras YPF, que ser\u00e1 el operador, mantendr\u00e1 el 50% restante.<\/p>\n<p>A la vez, la firma noruega reconocer\u00e1 a la petrolera nacional los costos incurridos hasta el momento en el bloque, y &#8220;financiar\u00e1 100% de ciertas actividades que puedan desarrollarse a futuro&#8221;.<\/p>\n<p>Fuente: La Naci\u00f3n<\/p>\n<!-- AddThis Advanced Settings generic via filter on the_content -->","protected":false},"excerpt":{"rendered":"<p>El gigante petrolero ingresar\u00e1 al bloque Bajo del Toro como socia, con una participaci\u00f3n del 50%; mientras que la compa\u00f1\u00eda<!-- AddThis Advanced Settings generic via filter on get_the_excerpt --><\/p>\n","protected":false},"author":2,"featured_media":5189,"comment_status":"closed","ping_status":"closed","sticky":false,"template":"","format":"standard","meta":{"colormag_page_container_layout":"default_layout","colormag_page_sidebar_layout":"default_layout","jetpack_post_was_ever_published":false,"_jetpack_newsletter_access":"","_jetpack_dont_email_post_to_subs":false,"_jetpack_newsletter_tier_id":0,"_jetpack_memberships_contains_paywalled_content":false,"_jetpack_memberships_contains_paid_content":false,"footnotes":"","jetpack_publicize_message":"","jetpack_publicize_feature_enabled":true,"jetpack_social_post_already_shared":true,"jetpack_social_options":{"image_generator_settings":{"template":"highway","default_image_id":0,"font":"","enabled":false},"version":2}},"categories":[11],"tags":[17],"class_list":["post-5187","post","type-post","status-publish","format-standard","has-post-thumbnail","hentry","category-energia-y-produccion","tag-otros-medios"],"jetpack_publicize_connections":[],"jetpack_featured_media_url":"https:\/\/i0.wp.com\/ccnews.com.ar\/prensa\/wp-content\/uploads\/2017\/08\/ccn-4.jpg?fit=1360%2C765","jetpack_shortlink":"https:\/\/wp.me\/p7L1gj-1lF","jetpack-related-posts":[{"id":5599,"url":"http:\/\/ccnews.com.ar\/prensa\/vaca-muerta-la-segunda-ola-suma-nuevos-jugadores\/","url_meta":{"origin":5187,"position":0},"title":"Vaca Muerta: la segunda ola suma nuevos jugadores","author":"CLUSTERciar","date":"10 octubre, 2017","format":false,"excerpt":"Adem\u00e1s de gigantes como la noruega Statoil, aparecen las independientes que participaron del boom norteamericano. El boom del shale norteamericano reconoce como precursores a las peque\u00f1as compa\u00f1\u00edas independientes que perforaron, a un alt\u00edsimo riesgo, cuando las grandes empresas petroleras miraban con desconfianza los no convencionales. Sin embargo las \u201cmajors\u201d no\u2026","rel":"","context":"En \u00abSustentabilidad\u00bb","block_context":{"text":"Sustentabilidad","link":"http:\/\/ccnews.com.ar\/prensa\/category\/sustentabilidad\/"},"img":{"alt_text":"","src":"https:\/\/i0.wp.com\/ccnews.com.ar\/prensa\/wp-content\/uploads\/2017\/09\/image_content_8857385_20170920234955.jpg?fit=660%2C370&resize=350%2C200","width":350,"height":200,"srcset":"https:\/\/i0.wp.com\/ccnews.com.ar\/prensa\/wp-content\/uploads\/2017\/09\/image_content_8857385_20170920234955.jpg?fit=660%2C370&resize=350%2C200 1x, https:\/\/i0.wp.com\/ccnews.com.ar\/prensa\/wp-content\/uploads\/2017\/09\/image_content_8857385_20170920234955.jpg?fit=660%2C370&resize=525%2C300 1,5x"},"classes":[]},{"id":3735,"url":"http:\/\/ccnews.com.ar\/prensa\/entre-vaca-muerta-y-las-heras-ypf-anuncia-tareas-de-exploracion\/","url_meta":{"origin":5187,"position":1},"title":"Entre Vaca Muerta y Las Heras, YPF anuncia tareas de exploraci\u00f3n","author":"CLUSTERciar","date":"14 abril, 2017","format":false,"excerpt":"En Santa Cruz apostar\u00e1 a la investigaci\u00f3n en tres formaciones poco trabajadas para conocer su potencial hidrocarbur\u00edfero y en el futuro convertirlo en nuevos proyectos. As\u00ed lo piensan en la Torre de Puerto Madero. Llegar a las formaciones Neocomiano, Castillo Inferior y D-129 desde la provincia Santa Cruz -famosa porque\u2026","rel":"","context":"En \u00abEnerg\u00eda y Producci\u00f3n\u00bb","block_context":{"text":"Energ\u00eda y Producci\u00f3n","link":"http:\/\/ccnews.com.ar\/prensa\/category\/energia-y-produccion\/"},"img":{"alt_text":"","src":"https:\/\/i0.wp.com\/ccnews.com.ar\/prensa\/wp-content\/uploads\/2017\/04\/0011313391-1.jpg?fit=766%2C471&resize=350%2C200","width":350,"height":200,"srcset":"https:\/\/i0.wp.com\/ccnews.com.ar\/prensa\/wp-content\/uploads\/2017\/04\/0011313391-1.jpg?fit=766%2C471&resize=350%2C200 1x, https:\/\/i0.wp.com\/ccnews.com.ar\/prensa\/wp-content\/uploads\/2017\/04\/0011313391-1.jpg?fit=766%2C471&resize=525%2C300 1,5x, https:\/\/i0.wp.com\/ccnews.com.ar\/prensa\/wp-content\/uploads\/2017\/04\/0011313391-1.jpg?fit=766%2C471&resize=700%2C400 2x"},"classes":[]},{"id":2041,"url":"http:\/\/ccnews.com.ar\/prensa\/gyp-abre-la-puerta-a-mas-inversores-en-vaca-muerta\/","url_meta":{"origin":5187,"position":2},"title":"GyP abre la puerta a m\u00e1s inversores en Vaca Muerta","author":"CLUSTERciar","date":"24 octubre, 2016","format":false,"excerpt":"Se firm\u00f3 un acuerdo por m\u00e1s de 450 millones de d\u00f3lares. El gobernador Omar Guti\u00e9rrez firm\u00f3 ayer un acta acuerdo entre la provincia y las empresas YPF, YSUR y Gas y Petr\u00f3leo del Neuqu\u00e9n (GyP) para la ejecuci\u00f3n de dos nuevos pilotos no convencionales y nueve contratos de exploraci\u00f3n por\u2026","rel":"","context":"En \u00abManagement\u00bb","block_context":{"text":"Management","link":"http:\/\/ccnews.com.ar\/prensa\/category\/management\/"},"img":{"alt_text":"","src":"https:\/\/i0.wp.com\/ccnews.com.ar\/prensa\/wp-content\/uploads\/2016\/10\/plantilla-24.jpg?fit=770%2C433&resize=350%2C200","width":350,"height":200,"srcset":"https:\/\/i0.wp.com\/ccnews.com.ar\/prensa\/wp-content\/uploads\/2016\/10\/plantilla-24.jpg?fit=770%2C433&resize=350%2C200 1x, https:\/\/i0.wp.com\/ccnews.com.ar\/prensa\/wp-content\/uploads\/2016\/10\/plantilla-24.jpg?fit=770%2C433&resize=525%2C300 1,5x, https:\/\/i0.wp.com\/ccnews.com.ar\/prensa\/wp-content\/uploads\/2016\/10\/plantilla-24.jpg?fit=770%2C433&resize=700%2C400 2x"},"classes":[]},{"id":2297,"url":"http:\/\/ccnews.com.ar\/prensa\/amplian-acuerdo-para-inversion-en-vaca-muerta\/","url_meta":{"origin":5187,"position":3},"title":"Ampl\u00edan acuerdo para inversi\u00f3n en Vaca Muerta","author":"CLUSTERciar","date":"9 noviembre, 2016","format":false,"excerpt":"Una segunda parte del contrato entre YPF y Petronas para la explotaci\u00f3n petrolera shale se firmar\u00e1 en las pr\u00f3ximas semanas. Es por u$s 300 millones. La explotaci\u00f3n conjunta de YPF y Petronas est\u00e1 en La Amarga Chica.Sebastian Fari\u00f1a Petersen Neuqu\u00e9n.- YPF y Petronas firmar\u00e1n en las pr\u00f3ximas semanas una ampliaci\u00f3n\u2026","rel":"","context":"En \u00abSustentabilidad\u00bb","block_context":{"text":"Sustentabilidad","link":"http:\/\/ccnews.com.ar\/prensa\/category\/sustentabilidad\/"},"img":{"alt_text":"La explotaci\u00f3n conjunta de YPF y Petronas est\u00e1 en La Amarga Chica.","src":"https:\/\/i0.wp.com\/media.lmneuquen.com\/adjuntos\/195\/imagenes\/002\/261\/0002261245.jpg?resize=350%2C200&ssl=1","width":350,"height":200,"srcset":"https:\/\/i0.wp.com\/media.lmneuquen.com\/adjuntos\/195\/imagenes\/002\/261\/0002261245.jpg?resize=350%2C200&ssl=1 1x, https:\/\/i0.wp.com\/media.lmneuquen.com\/adjuntos\/195\/imagenes\/002\/261\/0002261245.jpg?resize=525%2C300&ssl=1 1,5x, https:\/\/i0.wp.com\/media.lmneuquen.com\/adjuntos\/195\/imagenes\/002\/261\/0002261245.jpg?resize=700%2C400&ssl=1 2x"},"classes":[]},{"id":8169,"url":"http:\/\/ccnews.com.ar\/prensa\/rio-negro-firmo-con-ypf-el-contrato-para-la-exploracion-del-area-cerro-manrique\/","url_meta":{"origin":5187,"position":4},"title":"R\u00cdO NEGRO FIRM\u00d3 CON YPF EL CONTRATO PARA LA EXPLORACI\u00d3N DEL \u00c1REA CERRO MANRIQUE","author":"CLUSTERciar","date":"28 junio, 2018","format":false,"excerpt":"All\u00ed se establecieron las condiciones de la adjudicaci\u00f3n del permiso exploratorio lanzado por el Gobierno Provincial a trav\u00e9s de una licitaci\u00f3n p\u00fablica nacional e internacional que tuvo como oferentes a Capex y a YPF. El bloque Cerro Manrique tiene 293 km2 y se ubica sobre la barda inmediatamente al norte\u2026","rel":"","context":"En \u00abSustentabilidad\u00bb","block_context":{"text":"Sustentabilidad","link":"http:\/\/ccnews.com.ar\/prensa\/category\/sustentabilidad\/"},"img":{"alt_text":"","src":"https:\/\/i0.wp.com\/ccnews.com.ar\/prensa\/wp-content\/uploads\/2018\/06\/20180618000101.jpg?fit=924%2C616&resize=350%2C200","width":350,"height":200,"srcset":"https:\/\/i0.wp.com\/ccnews.com.ar\/prensa\/wp-content\/uploads\/2018\/06\/20180618000101.jpg?fit=924%2C616&resize=350%2C200 1x, https:\/\/i0.wp.com\/ccnews.com.ar\/prensa\/wp-content\/uploads\/2018\/06\/20180618000101.jpg?fit=924%2C616&resize=525%2C300 1,5x, https:\/\/i0.wp.com\/ccnews.com.ar\/prensa\/wp-content\/uploads\/2018\/06\/20180618000101.jpg?fit=924%2C616&resize=700%2C400 2x"},"classes":[]},{"id":1319,"url":"http:\/\/ccnews.com.ar\/prensa\/ypf-firma-acuerdo-de-exploracion-con-ypfb\/","url_meta":{"origin":5187,"position":5},"title":"YPF firma acuerdo de exploraci\u00f3n con YPFB","author":"CLUSTERciar","date":"19 agosto, 2016","format":false,"excerpt":"La petrolera argentina YPF dijo el mi\u00e9rcoles que firm\u00f3 un acuerdo con Yacimientos Petrol\u00edferos Fiscales Bolivianos (YPFB) para la exploraci\u00f3n de hidrocarburos en el \u00e1rea Charagua de Santa Cruz de la Sierra, en el pa\u00eds mediterr\u00e1neo. El bloque tiene una superficie de 99.250 hect\u00e1reas y podr\u00eda tener recursos por unos\u2026","rel":"","context":"En \u00abEnerg\u00eda y Producci\u00f3n\u00bb","block_context":{"text":"Energ\u00eda y Producci\u00f3n","link":"http:\/\/ccnews.com.ar\/prensa\/category\/energia-y-produccion\/"},"img":{"alt_text":"","src":"https:\/\/i0.wp.com\/revistapetroquimica.com\/wp-content\/uploads\/2016\/07\/acuerdop.jpg?resize=350%2C200","width":350,"height":200},"classes":[]}],"jetpack_sharing_enabled":true,"_links":{"self":[{"href":"http:\/\/ccnews.com.ar\/prensa\/wp-json\/wp\/v2\/posts\/5187","targetHints":{"allow":["GET"]}}],"collection":[{"href":"http:\/\/ccnews.com.ar\/prensa\/wp-json\/wp\/v2\/posts"}],"about":[{"href":"http:\/\/ccnews.com.ar\/prensa\/wp-json\/wp\/v2\/types\/post"}],"author":[{"embeddable":true,"href":"http:\/\/ccnews.com.ar\/prensa\/wp-json\/wp\/v2\/users\/2"}],"replies":[{"embeddable":true,"href":"http:\/\/ccnews.com.ar\/prensa\/wp-json\/wp\/v2\/comments?post=5187"}],"version-history":[{"count":1,"href":"http:\/\/ccnews.com.ar\/prensa\/wp-json\/wp\/v2\/posts\/5187\/revisions"}],"predecessor-version":[{"id":5191,"href":"http:\/\/ccnews.com.ar\/prensa\/wp-json\/wp\/v2\/posts\/5187\/revisions\/5191"}],"wp:featuredmedia":[{"embeddable":true,"href":"http:\/\/ccnews.com.ar\/prensa\/wp-json\/wp\/v2\/media\/5189"}],"wp:attachment":[{"href":"http:\/\/ccnews.com.ar\/prensa\/wp-json\/wp\/v2\/media?parent=5187"}],"wp:term":[{"taxonomy":"category","embeddable":true,"href":"http:\/\/ccnews.com.ar\/prensa\/wp-json\/wp\/v2\/categories?post=5187"},{"taxonomy":"post_tag","embeddable":true,"href":"http:\/\/ccnews.com.ar\/prensa\/wp-json\/wp\/v2\/tags?post=5187"}],"curies":[{"name":"wp","href":"https:\/\/api.w.org\/{rel}","templated":true}]}}