{"id":5223,"date":"2017-09-05T08:00:53","date_gmt":"2017-09-05T11:00:53","guid":{"rendered":"http:\/\/clusterciarnews.com.ar\/prensa\/?p=5223"},"modified":"2017-09-05T08:59:31","modified_gmt":"2017-09-05T11:59:31","slug":"sustentabilidad-ambiental-una-busqueda-necesaria","status":"publish","type":"post","link":"http:\/\/ccnews.com.ar\/prensa\/sustentabilidad-ambiental-una-busqueda-necesaria\/","title":{"rendered":"Sustentabilidad ambiental: una b\u00fasqueda necesaria"},"content":{"rendered":"<p><strong>C\u00f3mo la ingenier\u00eda contribuy\u00f3 a llegar al punto en el que estamos. Desigualdad y pobreza, barreras para el desarrollo sostenible. Marco normativo y herramientas de gesti\u00f3n en Argentina.<\/strong><\/p>\n<p>Existen animales que trastocan su entorno adem\u00e1s de lo humanos. Un ejemplo cl\u00e1sico es el castor, que tala \u00e1rboles para usarlos como represas. En su hacer beneficia a la biodiversidad con la que convive, siendo ganadores animales vecinos, plantas, etc. Pero el hombre es la \u00fanica especie capaz de transformar completamente la naturaleza y no siempre con resultados positivos para el ecosistema. La humanidad cambi\u00f3 su manera de vivir desde el desarrollo tecnol\u00f3gico que supuso la Revoluci\u00f3n Industrial en la segunda mitad del siglo XVIII. Y dicho avance no fue acompa\u00f1ado por un cuidado adecuado del medio ambiente.<\/p>\n<p>Desde esa \u00e9poca se produjo un incremento estimado del 40% en la concentraci\u00f3n de di\u00f3xido de carbono (CO2) en la atm\u00f3sfera por emisiones antropog\u00e9nicas. La acumulaci\u00f3n exponencial de gases de efecto invernadero (GEI) alter\u00f3 la composici\u00f3n de nuestra atm\u00f3sfera y gener\u00f3 el Cambio Clim\u00e1tico (CC). La ingenier\u00eda tambi\u00e9n fue parte de esos cambios. Con el fin de alcanzar beneficios para la poblaci\u00f3n contribuy\u00f3 con lo que, para una \u00f3ptica ambiental y social, pudo volverse insostenible. La creaci\u00f3n de motores de combusti\u00f3n f\u00f3siles, por ejemplo, tuvo un positivo impacto en la evoluci\u00f3n social pero relativamente hace pocos a\u00f1os se comprob\u00f3 que el uso prolongado en el tiempo es uno de los causantes del calentamiento global y que contamina el aire. Lo mismo ocurri\u00f3 con otras tecnolog\u00edas.<\/p>\n<p>\u201cEn la historia de la humanidad hay causas ambientales directas o indirectas en el colapso de grupos humanos, demostrables en todos los continentes y asociadas con fallas en el desarrollo\u201d, aport\u00f3 Pablo Canziani, doctor en ciencias f\u00edsicas, investigador del CONICET y director de unidad de investigaci\u00f3n y desarrollo de las Ingenier\u00edas de la UTN Buenos Aires. \u201cHoy estamos a un nivel m\u00e1s grave porque el impacto alcanza a todo el planeta\u201d, sum\u00f3. Entonces: \u00bfPuede la mano del hombre arreglar lo que gener\u00f3?<\/p>\n<p><strong>Buscar la sustentabilidad <\/strong><\/p>\n<p>Los expertos coinciden en que s\u00ed. Pero hay que actuar con urgencia o se alcanzar\u00e1 un punto de no retorno en el da\u00f1o. La empresa no es sencilla, ya que encontrar una manera sustentable de organizaci\u00f3n implica la participaci\u00f3n de pol\u00edticos, empresas y profesionales, pero tambi\u00e9n un cambio a nivel dom\u00e9stico y mental. \u201cLa sustentabilidad ambiental tiene un significado \u00e9tico y moral que trasciende lo estrictamente tecnol\u00f3gico, y no puede medirse solamente por la mejora en la eficiencia energ\u00e9tica, la disminuci\u00f3n de las emisiones de GEI, o por la reducci\u00f3n en la generaci\u00f3n de residuos\u201d, clarific\u00f3 el ingeniero Osvaldo Postiglioni, presidente de la Comisi\u00f3n de Ingenier\u00eda Ambiental y Desarrollo Sustentable del Centro Argentino de Ingenieros (CAI). \u201cEs razonable pensar que la estructura social y econ\u00f3mica que rige en el mundo no es la m\u00e1s apropiada para lograrlo. La desigualdad, la inequidad y los altos niveles de pobreza constituyen el principal obst\u00e1culo para el desarrollo sostenible\u201d, continu\u00f3. Seg\u00fan explic\u00f3, hay que pensar globalmente y actuar localmente.<\/p>\n<p>\u201cLa ingenier\u00eda, en colaboraci\u00f3n con las ciencias sociales y expertos econ\u00f3micos, tienen un rol esencial en el objetivo de reducci\u00f3n de la brecha planteada\u201d, estim\u00f3 Postiglioni.<\/p>\n<p><strong>Desaf\u00edos y marco normativo en Argentina <\/strong><\/p>\n<p>La promulgaci\u00f3n de la Constituci\u00f3n Nacional de 1994 jerarquiz\u00f3 el derecho a un ambiente sano, la obligaci\u00f3n de preservarlo y de recomponer los da\u00f1os. A partir de all\u00ed se promulgaron numerosas normas ambientales. La Ley General de Ambiente 25.675 (2002) establece la b\u00fasqueda de \u201cuna gesti\u00f3n sustentable y adecuada del ambiente, la preservaci\u00f3n y protecci\u00f3n de la diversidad biol\u00f3gica, y la implementaci\u00f3n del desarrollo sustentable\u201d. En base a esto, Postiglioni estima que los desaf\u00edos pueden agruparse seg\u00fan \u201clos derivados del marco normativo vigente, los que tienen relaci\u00f3n con los aspectos institucionales, o bien los vinculados a las tem\u00e1ticas espec\u00edficas de las actividades humanas en sectores productivos o de servicios, potencialmente m\u00e1s riesgosos\u201d. En cuanto a lo normativo \u201cel desaf\u00edo es la clarificaci\u00f3n de los procedimientos para la participaci\u00f3n de la comunidad organizada\u201d. En lo institucional, \u201cest\u00e1 focalizado en dotar a los organismos de aplicaci\u00f3n los recursos necesarios para cumplir con su misi\u00f3n de control de las regulaciones vigentes\u201d. En este punto, Canziani coincide, y aclara que \u201ctenemos el problema de que nos fascina hacer leyes, pero despu\u00e9s no las usamos\u201d. \u201cLa Justicia no cumple con su funci\u00f3n controladora de la ejecuci\u00f3n, falta el poder de polic\u00eda y sobra la corrupci\u00f3n\u201d, dispar\u00f3.<\/p>\n<p><strong>Herramientas de gesti\u00f3n <\/strong><\/p>\n<p>La normativa ambiental tambi\u00e9n fija herramientas de gesti\u00f3n a la hora de autorizar una actividad. En la fase previa, se debe efectuar un Estudio de Impacto Ambiental (EIA) o en un Estudio de Riesgo Ambiental (ERA). \u201cEn estos se incluyen las medidas de mitigaci\u00f3n para reducir o eliminar los impactos negativos identificados. El responsable del proyecto debe recurrir al asesoramiento del grupo interdisciplinario que le aporte las sugerencias y advertencias de la posible incidencia ambiental en las distintas etapas del proyecto\u201d, termin\u00f3 Postiglioni sobre el trabajo del ingeniero.<\/p>\n<blockquote><p>La ingenier\u00eda buscar\u00e1 equilibrios entre las necesidades de desarrollo y la normativa ambiental.<\/p><\/blockquote>\n<p>Fuente: CAI<\/p>\n<!-- AddThis Advanced Settings generic via filter on the_content -->","protected":false},"excerpt":{"rendered":"<p>C\u00f3mo la ingenier\u00eda contribuy\u00f3 a llegar al punto en el que estamos. Desigualdad y pobreza, barreras para el desarrollo sostenible.<!-- AddThis Advanced Settings generic via filter on get_the_excerpt --><\/p>\n","protected":false},"author":2,"featured_media":5225,"comment_status":"closed","ping_status":"closed","sticky":false,"template":"","format":"standard","meta":{"colormag_page_container_layout":"default_layout","colormag_page_sidebar_layout":"default_layout","jetpack_post_was_ever_published":false,"_jetpack_newsletter_access":"","_jetpack_dont_email_post_to_subs":true,"_jetpack_newsletter_tier_id":0,"_jetpack_memberships_contains_paywalled_content":false,"_jetpack_memberships_contains_paid_content":false,"footnotes":"","jetpack_publicize_message":"","jetpack_publicize_feature_enabled":true,"jetpack_social_post_already_shared":true,"jetpack_social_options":{"image_generator_settings":{"template":"highway","default_image_id":0,"font":"","enabled":false},"version":2}},"categories":[3],"tags":[17],"class_list":["post-5223","post","type-post","status-publish","format-standard","has-post-thumbnail","hentry","category-sustentabilidad","tag-otros-medios"],"jetpack_publicize_connections":[],"jetpack_featured_media_url":"https:\/\/i0.wp.com\/ccnews.com.ar\/prensa\/wp-content\/uploads\/2017\/08\/ccn-9.jpg?fit=829%2C466","jetpack_shortlink":"https:\/\/wp.me\/p7L1gj-1mf","jetpack-related-posts":[{"id":15216,"url":"http:\/\/ccnews.com.ar\/prensa\/ser-sustentable-en-2020-clave-para-evitar-el-fracaso-de-las-empresas\/","url_meta":{"origin":5223,"position":0},"title":"Ser sustentable en 2020: clave para evitar el fracaso de las empresas","author":"admin","date":"11 abril, 2020","format":false,"excerpt":"Cada vez m\u00e1s en el mundo, sobre todo en estos momentos de alta tensi\u00f3n, la sociedad valora que las empresas sean sustentables. Un estilo de gestionar que puede evitar fracasar en este 2020 que luce tan incierto como desafiante. Se considera que una empresa es sustentable cuando busca su excelencia\u2026","rel":"","context":"En \u00abEducaci\u00f3n\/Sociedad\u00bb","block_context":{"text":"Educaci\u00f3n\/Sociedad","link":"http:\/\/ccnews.com.ar\/prensa\/category\/educacion-sociedad\/"},"img":{"alt_text":"","src":"https:\/\/i0.wp.com\/ccnews.com.ar\/prensa\/wp-content\/uploads\/2020\/04\/494690.jpg?fit=880%2C587&resize=350%2C200","width":350,"height":200,"srcset":"https:\/\/i0.wp.com\/ccnews.com.ar\/prensa\/wp-content\/uploads\/2020\/04\/494690.jpg?fit=880%2C587&resize=350%2C200 1x, https:\/\/i0.wp.com\/ccnews.com.ar\/prensa\/wp-content\/uploads\/2020\/04\/494690.jpg?fit=880%2C587&resize=525%2C300 1,5x, https:\/\/i0.wp.com\/ccnews.com.ar\/prensa\/wp-content\/uploads\/2020\/04\/494690.jpg?fit=880%2C587&resize=700%2C400 2x"},"classes":[]},{"id":16582,"url":"http:\/\/ccnews.com.ar\/prensa\/sustentabilidad-e-innovacion-el-rol-de-las-empresas-en-la-postpandemia\/","url_meta":{"origin":5223,"position":1},"title":"Sustentabilidad e innovacion, el rol de las empresas en la postpandemia","author":"Editor","date":"11 marzo, 2021","format":false,"excerpt":"Por: VIRGINIA GILLIGAN Si bien los indicadores de la econom\u00eda mundial elaborados por los expertos contemplan una\u00a0paulatina recuperaci\u00f3n de la actividad, todav\u00eda hay numerosas incertidumbres que el planeta debe enfrentar, en lo que podr\u00eda calificarse como una\u00a0etapa post pandemia. Durante el a\u00f1o 2020 hubo una ca\u00edda global del PBI del\u2026","rel":"","context":"En \u00abSustentabilidad\u00bb","block_context":{"text":"Sustentabilidad","link":"http:\/\/ccnews.com.ar\/prensa\/category\/sustentabilidad\/"},"img":{"alt_text":"","src":"","width":0,"height":0},"classes":[]},{"id":14596,"url":"http:\/\/ccnews.com.ar\/prensa\/sustentabilidad-un-estilo-de-vida\/","url_meta":{"origin":5223,"position":2},"title":"Sustentabilidad, un estilo de vida","author":"admin","date":"16 febrero, 2020","format":false,"excerpt":"En Mendoza la movida va ganando fuerza. Hay Pymes que van creciendo de la mano de la econom\u00eda circular- Los diez pa\u00edses m\u00e1s sustentables son europeos. Esto no quiere decir que debamos mudarnos a Suiza, Luxemburgo, Austria, Singapur, Alemania, Espa\u00f1a, Rep\u00fablica Checa, Austria, Suecia o Noruega para poder llevar una\u2026","rel":"","context":"En \u00abEducaci\u00f3n\/Sociedad\u00bb","block_context":{"text":"Educaci\u00f3n\/Sociedad","link":"http:\/\/ccnews.com.ar\/prensa\/category\/educacion-sociedad\/"},"img":{"alt_text":"","src":"https:\/\/i0.wp.com\/ccnews.com.ar\/prensa\/wp-content\/uploads\/2020\/02\/economia-circular-1024x679.png?fit=1024%2C679&resize=350%2C200","width":350,"height":200,"srcset":"https:\/\/i0.wp.com\/ccnews.com.ar\/prensa\/wp-content\/uploads\/2020\/02\/economia-circular-1024x679.png?fit=1024%2C679&resize=350%2C200 1x, https:\/\/i0.wp.com\/ccnews.com.ar\/prensa\/wp-content\/uploads\/2020\/02\/economia-circular-1024x679.png?fit=1024%2C679&resize=525%2C300 1,5x, https:\/\/i0.wp.com\/ccnews.com.ar\/prensa\/wp-content\/uploads\/2020\/02\/economia-circular-1024x679.png?fit=1024%2C679&resize=700%2C400 2x"},"classes":[]},{"id":15546,"url":"http:\/\/ccnews.com.ar\/prensa\/crearon-el-cuerpo-de-guardias-ambientales-en-la-ciudad-de-neuquen\/","url_meta":{"origin":5223,"position":3},"title":"Crearon el Cuerpo de Guardias Ambientales en la ciudad de Neuqu\u00e9n","author":"Editor","date":"21 mayo, 2020","format":false,"excerpt":"El Concejo Deliberante de Neuqu\u00e9n aprob\u00f3 por unanimidad la creaci\u00f3n de un Cuerpo de Guardias Ambientales con el fin de \u201cpreservar y prevenir la flora y fauna aut\u00f3ctona y de controlar las intervenciones que puedan afectar el medioambiente\u201d.","rel":"","context":"En \u00abSustentabilidad\u00bb","block_context":{"text":"Sustentabilidad","link":"http:\/\/ccnews.com.ar\/prensa\/category\/sustentabilidad\/"},"img":{"alt_text":"","src":"https:\/\/i0.wp.com\/ccnews.com.ar\/prensa\/wp-content\/uploads\/2020\/05\/f608x342-261789_291512_4.jpg?fit=608%2C342&resize=350%2C200","width":350,"height":200,"srcset":"https:\/\/i0.wp.com\/ccnews.com.ar\/prensa\/wp-content\/uploads\/2020\/05\/f608x342-261789_291512_4.jpg?fit=608%2C342&resize=350%2C200 1x, https:\/\/i0.wp.com\/ccnews.com.ar\/prensa\/wp-content\/uploads\/2020\/05\/f608x342-261789_291512_4.jpg?fit=608%2C342&resize=525%2C300 1,5x"},"classes":[]},{"id":15778,"url":"http:\/\/ccnews.com.ar\/prensa\/se-adaptan-sobre-la-marcha-los-planes-de-sustentabilidad\/","url_meta":{"origin":5223,"position":4},"title":"Se adaptan (sobre la marcha) los planes de sustentabilidad","author":"Editor","date":"1 julio, 2020","format":false,"excerpt":"La agencia creativa done!, comprometida con generar un cambio social y ambiental positivo, present\u00f3 su informe \u201cLa sustentabilidad en tiempos de pandemia\u201d que tuvo por objetivo conocer c\u00f3mo el Covid-19 impact\u00f3 en los planes de sustentabilidad de las empresas.","rel":"","context":"En \u00abSustentabilidad\u00bb","block_context":{"text":"Sustentabilidad","link":"http:\/\/ccnews.com.ar\/prensa\/category\/sustentabilidad\/"},"img":{"alt_text":"","src":"https:\/\/i0.wp.com\/ccnews.com.ar\/prensa\/wp-content\/uploads\/2020\/07\/1552336515_archive_0_sustentabilidad1.jpg?fit=800%2C550&resize=350%2C200","width":350,"height":200,"srcset":"https:\/\/i0.wp.com\/ccnews.com.ar\/prensa\/wp-content\/uploads\/2020\/07\/1552336515_archive_0_sustentabilidad1.jpg?fit=800%2C550&resize=350%2C200 1x, https:\/\/i0.wp.com\/ccnews.com.ar\/prensa\/wp-content\/uploads\/2020\/07\/1552336515_archive_0_sustentabilidad1.jpg?fit=800%2C550&resize=525%2C300 1,5x, https:\/\/i0.wp.com\/ccnews.com.ar\/prensa\/wp-content\/uploads\/2020\/07\/1552336515_archive_0_sustentabilidad1.jpg?fit=800%2C550&resize=700%2C400 2x"},"classes":[]},{"id":16522,"url":"http:\/\/ccnews.com.ar\/prensa\/vacaciones-tips-para-ser-un-viajero-sustentable-en-cualquier-destino\/","url_meta":{"origin":5223,"position":5},"title":"Vacaciones: tips para ser un viajero sustentable en cualquier destino","author":"Editor","date":"17 febrero, 2021","format":false,"excerpt":"No importa si es una gran ciudad o un pueblo perdido, la forma de interactuar con el entorno es la clave","rel":"","context":"En \u00abSustentabilidad\u00bb","block_context":{"text":"Sustentabilidad","link":"http:\/\/ccnews.com.ar\/prensa\/category\/sustentabilidad\/"},"img":{"alt_text":"","src":"","width":0,"height":0},"classes":[]}],"jetpack_sharing_enabled":true,"_links":{"self":[{"href":"http:\/\/ccnews.com.ar\/prensa\/wp-json\/wp\/v2\/posts\/5223","targetHints":{"allow":["GET"]}}],"collection":[{"href":"http:\/\/ccnews.com.ar\/prensa\/wp-json\/wp\/v2\/posts"}],"about":[{"href":"http:\/\/ccnews.com.ar\/prensa\/wp-json\/wp\/v2\/types\/post"}],"author":[{"embeddable":true,"href":"http:\/\/ccnews.com.ar\/prensa\/wp-json\/wp\/v2\/users\/2"}],"replies":[{"embeddable":true,"href":"http:\/\/ccnews.com.ar\/prensa\/wp-json\/wp\/v2\/comments?post=5223"}],"version-history":[{"count":1,"href":"http:\/\/ccnews.com.ar\/prensa\/wp-json\/wp\/v2\/posts\/5223\/revisions"}],"predecessor-version":[{"id":5227,"href":"http:\/\/ccnews.com.ar\/prensa\/wp-json\/wp\/v2\/posts\/5223\/revisions\/5227"}],"wp:featuredmedia":[{"embeddable":true,"href":"http:\/\/ccnews.com.ar\/prensa\/wp-json\/wp\/v2\/media\/5225"}],"wp:attachment":[{"href":"http:\/\/ccnews.com.ar\/prensa\/wp-json\/wp\/v2\/media?parent=5223"}],"wp:term":[{"taxonomy":"category","embeddable":true,"href":"http:\/\/ccnews.com.ar\/prensa\/wp-json\/wp\/v2\/categories?post=5223"},{"taxonomy":"post_tag","embeddable":true,"href":"http:\/\/ccnews.com.ar\/prensa\/wp-json\/wp\/v2\/tags?post=5223"}],"curies":[{"name":"wp","href":"https:\/\/api.w.org\/{rel}","templated":true}]}}