{"id":5285,"date":"2017-09-06T09:18:17","date_gmt":"2017-09-06T12:18:17","guid":{"rendered":"http:\/\/clusterciarnews.com.ar\/prensa\/?p=5285"},"modified":"2017-09-06T09:18:17","modified_gmt":"2017-09-06T12:18:17","slug":"proponen-la-creacion-de-una-agencia-especial-para-vaca-muerta","status":"publish","type":"post","link":"http:\/\/ccnews.com.ar\/prensa\/proponen-la-creacion-de-una-agencia-especial-para-vaca-muerta\/","title":{"rendered":"Proponen la creaci\u00f3n de una agencia especial para Vaca Muerta"},"content":{"rendered":"<p><strong>La senadora nacional por el MPN, Lucila Crexell, propone la creaci\u00f3n de una agencia especial del gobierno neuquino para acelerar las inversiones en Vaca Muerta.<\/strong><\/p>\n<p>Luego de analizar la situaci\u00f3n actual de la industria petrolera, la senadora consider\u00f3 necesaria la existencia de una \u201cventanilla \u00fanica\u201d que \u201ctenga la potestad de coordinar con Naci\u00f3n las pol\u00edticas de planificaci\u00f3n e infraestructura que faciliten el desarrollo de la industria, como as\u00ed tambi\u00e9n facilitar la llegada de inversiones\u201d, seg\u00fan public\u00f3 La Ma\u00f1ana de Neuqu\u00e9n.<\/p>\n<p>Para Crexell \u201cser\u00eda de gran utilidad impulsar desde la provincia del Neuqu\u00e9n, una agencia que reciba los asuntos referidos a la explotaci\u00f3n de hidrocarburos\u201d y \u201cque sirva para optimizar y unificar en un solo punto de ingreso todos los tr\u00e1mites gubernamentales relacionados con la industria\u201d.<\/p>\n<p>En la actualidad, la gesti\u00f3n de los proyectos hidrocarbur\u00edferos est\u00e1 repartida en varias \u00e1reas del gobierno provincial y nacional, \u201clo que deriva en una mayor complejidad en tr\u00e1mites y dilaciones innecesarias, que muchas veces obstaculizan la concreci\u00f3n de inversiones\u201d, seg\u00fan indic\u00f3 la senadora del MPN.<\/p>\n<p>Crexell ya se reuni\u00f3 con referentes del sector energ\u00e9tico como las autoridades del Instituto Argentino del Petr\u00f3leo y el Gas (IAPG) y en las \u00faltimas horas expres\u00f3 su preocupaci\u00f3n por la necesidad de ordenar el proceso de desarrollo de Vaca Muerta, porque \u201csi bien el potencial geol\u00f3gico y los yacimientos no convencionales de la cuenca Neuquina son comparables con las cuencas productivas de Eagle Ford o Permian, en Estados Unidos, estamos todav\u00eda muy lejos de tener el nivel de eficiencia en la gesti\u00f3n del recurso\u201d.<\/p>\n<p>\u201cPara concretar las expectativas que se anuncian tanto desde Naci\u00f3n como de Provincia, se debe trabajar fuertemente en las condiciones que garanticen la seguridad jur\u00eddica, y ello implica cumplir las condiciones pactadas, garantizar la cooperaci\u00f3n de los sectores gremiales que permitan el desarrollo sostenido del sector, facilitar las condiciones de inversi\u00f3n removiendo obst\u00e1culos burocr\u00e1ticos, para garantizar la oferta de insumos y la importaci\u00f3n de tecnolog\u00edas, es decir, debemos trabajar en un conjunto de cuestiones que hagan lo suficientemente atractiva la inversi\u00f3n\u201d\u201d, detall\u00f3.<\/p>\n<p>Fuente: Econojournal<\/p>\n<!-- AddThis Advanced Settings generic via filter on the_content -->","protected":false},"excerpt":{"rendered":"<p>La senadora nacional por el MPN, Lucila Crexell, propone la creaci\u00f3n de una agencia especial del gobierno neuquino para acelerar<!-- AddThis Advanced Settings generic via filter on get_the_excerpt --><\/p>\n","protected":false},"author":2,"featured_media":5287,"comment_status":"closed","ping_status":"closed","sticky":false,"template":"","format":"standard","meta":{"colormag_page_container_layout":"default_layout","colormag_page_sidebar_layout":"default_layout","jetpack_post_was_ever_published":false,"_jetpack_newsletter_access":"","_jetpack_dont_email_post_to_subs":false,"_jetpack_newsletter_tier_id":0,"_jetpack_memberships_contains_paywalled_content":false,"_jetpack_memberships_contains_paid_content":false,"footnotes":"","jetpack_publicize_message":"","jetpack_publicize_feature_enabled":true,"jetpack_social_post_already_shared":true,"jetpack_social_options":{"image_generator_settings":{"template":"highway","default_image_id":0,"font":"","enabled":false},"version":2}},"categories":[7],"tags":[17],"class_list":["post-5285","post","type-post","status-publish","format-standard","has-post-thumbnail","hentry","category-management","tag-otros-medios"],"jetpack_publicize_connections":[],"jetpack_featured_media_url":"https:\/\/i0.wp.com\/ccnews.com.ar\/prensa\/wp-content\/uploads\/2017\/09\/proponen040917.jpg?fit=250%2C250","jetpack_shortlink":"https:\/\/wp.me\/p7L1gj-1nf","jetpack-related-posts":[{"id":10147,"url":"http:\/\/ccnews.com.ar\/prensa\/las-inversiones-extranjeras-hacen-foco-en-vaca-muerta\/","url_meta":{"origin":5285,"position":0},"title":"Las inversiones extranjeras hacen foco en Vaca Muerta","author":"admin","date":"29 enero, 2019","format":false,"excerpt":"Entre 2016 y 2018 Neuqu\u00e9n fue la segunda provincia en recibir la mayor cantidad de aportes. Los anuncios de empresas for\u00e1neas sumaron 20.800 millones de d\u00f3lares. La provincia de Neuqu\u00e9n se ubic\u00f3 como la segunda jurisdicci\u00f3n del pa\u00eds es recibir m\u00e1s inversiones de empresas extranjeras en el trie\u00f1o que va\u2026","rel":"","context":"En \u00abEnerg\u00eda y Producci\u00f3n\u00bb","block_context":{"text":"Energ\u00eda y Producci\u00f3n","link":"http:\/\/ccnews.com.ar\/prensa\/category\/energia-y-produccion\/"},"img":{"alt_text":"","src":"https:\/\/i0.wp.com\/ccnews.com.ar\/prensa\/wp-content\/uploads\/2019\/01\/Inspeccion1.jpg?fit=660%2C400&resize=350%2C200","width":350,"height":200,"srcset":"https:\/\/i0.wp.com\/ccnews.com.ar\/prensa\/wp-content\/uploads\/2019\/01\/Inspeccion1.jpg?fit=660%2C400&resize=350%2C200 1x, https:\/\/i0.wp.com\/ccnews.com.ar\/prensa\/wp-content\/uploads\/2019\/01\/Inspeccion1.jpg?fit=660%2C400&resize=525%2C300 1,5x"},"classes":[]},{"id":8643,"url":"http:\/\/ccnews.com.ar\/prensa\/las-inversiones-en-vaca-muerta-subieron-un-31\/","url_meta":{"origin":5285,"position":1},"title":"Las inversiones en Vaca Muerta subieron un 31%","author":"CLUSTERciar","date":"19 agosto, 2018","format":false,"excerpt":"En el a\u00f1o se estima que se volcar\u00e1n en la provincia 4.539 millones de d\u00f3lares. El 92% tiene destino no convencional. \u00a0La joya de los no convencionales que Neuqu\u00e9n tiene enterrada bajo gran parte de su territorio, cada vez gusta m\u00e1s. Las inversiones para desarrollar los recursos de Vaca Muerta\u2026","rel":"","context":"En \u00abEnerg\u00eda y Producci\u00f3n\u00bb","block_context":{"text":"Energ\u00eda y Producci\u00f3n","link":"http:\/\/ccnews.com.ar\/prensa\/category\/energia-y-produccion\/"},"img":{"alt_text":"","src":"https:\/\/i0.wp.com\/ccnews.com.ar\/prensa\/wp-content\/uploads\/2018\/08\/image_content_9978791_20180808210030.jpg?fit=660%2C370&resize=350%2C200","width":350,"height":200,"srcset":"https:\/\/i0.wp.com\/ccnews.com.ar\/prensa\/wp-content\/uploads\/2018\/08\/image_content_9978791_20180808210030.jpg?fit=660%2C370&resize=350%2C200 1x, https:\/\/i0.wp.com\/ccnews.com.ar\/prensa\/wp-content\/uploads\/2018\/08\/image_content_9978791_20180808210030.jpg?fit=660%2C370&resize=525%2C300 1,5x"},"classes":[]},{"id":16004,"url":"http:\/\/ccnews.com.ar\/prensa\/jose-luis-sureda-si-queremos-exportar-con-vaca-muerta-tenemos-que-entrar-al-mundo-con-las-reglas-que-el-mundo-tiene\/","url_meta":{"origin":5285,"position":2},"title":"Jos\u00e9 Luis Sureda: &#8220;Si queremos exportar con Vaca Muerta, tenemos que entrar al mundo con las reglas que el mundo tiene&#8221;","author":"Editor","date":"20 agosto, 2020","format":false,"excerpt":"El Analista y Exsecretario de Hidrocarburos de la Naci\u00f3n habl\u00f3 en la conferencia \u201cArgentina y Vaca Muerta en el escenario energ\u00e9tico global\u201d junto con otros destacados oradores: Jorge Castro, Analista Internacional y Presidente del Instituto de Planeamiento Estrat\u00e9gico (IPE); Jorge Petrocelli, Business Development Manager y VP de CLUSTERciar; y Jos\u00e9\u2026","rel":"","context":"En \u00abEnerg\u00eda y Producci\u00f3n\u00bb","block_context":{"text":"Energ\u00eda y Producci\u00f3n","link":"http:\/\/ccnews.com.ar\/prensa\/category\/energia-y-produccion\/"},"img":{"alt_text":"","src":"https:\/\/i0.wp.com\/ccnews.com.ar\/prensa\/wp-content\/uploads\/2020\/08\/nota-1.jpg?fit=816%2C409&resize=350%2C200","width":350,"height":200,"srcset":"https:\/\/i0.wp.com\/ccnews.com.ar\/prensa\/wp-content\/uploads\/2020\/08\/nota-1.jpg?fit=816%2C409&resize=350%2C200 1x, https:\/\/i0.wp.com\/ccnews.com.ar\/prensa\/wp-content\/uploads\/2020\/08\/nota-1.jpg?fit=816%2C409&resize=525%2C300 1,5x, https:\/\/i0.wp.com\/ccnews.com.ar\/prensa\/wp-content\/uploads\/2020\/08\/nota-1.jpg?fit=816%2C409&resize=700%2C400 2x"},"classes":[]},{"id":1899,"url":"http:\/\/ccnews.com.ar\/prensa\/que-le-reclamaran-las-petroleras-a-aranguren-para-elevar-inversiones-en-vaca-muerta\/","url_meta":{"origin":5285,"position":3},"title":"Qu\u00e9 le reclamar\u00e1n las petroleras a Aranguren para elevar inversiones en Vaca Muerta","author":"CLUSTERciar","date":"12 octubre, 2016","format":false,"excerpt":"El ministro de Energ\u00eda, Juan Jos\u00e9 Aranguren, recibir\u00e1 hoy a los principales referentes de la industria petrolera para avanzar en la discusi\u00f3n en torno al nuevo Convenio Colectivo de Trabajo (CCT) que se aplicar\u00e1 para el desarrollo de proyectos no convencionales de hidrocarburos, entendidos como la explotaci\u00f3n de tight gas,\u2026","rel":"","context":"En \u00abEnerg\u00eda y Producci\u00f3n\u00bb","block_context":{"text":"Energ\u00eda y Producci\u00f3n","link":"http:\/\/ccnews.com.ar\/prensa\/category\/energia-y-produccion\/"},"img":{"alt_text":"Resultado de imagen para Aranguren","src":"https:\/\/i0.wp.com\/static0.misionesonline.net\/wp-content\/uploads\/2016\/06\/aranguren-1-69knmsm0ltm0.jpg?resize=350%2C200","width":350,"height":200},"classes":[]},{"id":13514,"url":"http:\/\/ccnews.com.ar\/prensa\/neuquen-adjudico-el-area-maldita-de-vaca-muerta\/","url_meta":{"origin":5285,"position":4},"title":"Neuqu\u00e9n adjudic\u00f3 el \u00e1rea &#8220;maldita&#8221; de Vaca Muerta","author":"admin","date":"7 noviembre, 2019","format":false,"excerpt":"Se trata de Parva Negra Oeste, un bloque que cuenta con una larga historia de reversiones. GyP firm\u00f3 el convenio con Capex que busca incrementar su producci\u00f3n de gas. La empresa provincial Gas y Petr\u00f3leo (GyP) firm\u00f3 con Capex el contrato para la exploraci\u00f3n, desarrollo y producci\u00f3n del \u00e1rea Parva\u2026","rel":"","context":"En \u00abEnerg\u00eda y Producci\u00f3n\u00bb","block_context":{"text":"Energ\u00eda y Producci\u00f3n","link":"http:\/\/ccnews.com.ar\/prensa\/category\/energia-y-produccion\/"},"img":{"alt_text":"","src":"https:\/\/i0.wp.com\/ccnews.com.ar\/prensa\/wp-content\/uploads\/2019\/11\/AAG.NQN-6.11.18-FOTO-YAMIL-REGULES-NOTA-LOCACION-VACA-MUERTA-04.jpg?fit=920%2C517&resize=350%2C200","width":350,"height":200,"srcset":"https:\/\/i0.wp.com\/ccnews.com.ar\/prensa\/wp-content\/uploads\/2019\/11\/AAG.NQN-6.11.18-FOTO-YAMIL-REGULES-NOTA-LOCACION-VACA-MUERTA-04.jpg?fit=920%2C517&resize=350%2C200 1x, https:\/\/i0.wp.com\/ccnews.com.ar\/prensa\/wp-content\/uploads\/2019\/11\/AAG.NQN-6.11.18-FOTO-YAMIL-REGULES-NOTA-LOCACION-VACA-MUERTA-04.jpg?fit=920%2C517&resize=525%2C300 1,5x, https:\/\/i0.wp.com\/ccnews.com.ar\/prensa\/wp-content\/uploads\/2019\/11\/AAG.NQN-6.11.18-FOTO-YAMIL-REGULES-NOTA-LOCACION-VACA-MUERTA-04.jpg?fit=920%2C517&resize=700%2C400 2x"},"classes":[]},{"id":13426,"url":"http:\/\/ccnews.com.ar\/prensa\/neuquen-impulsa-un-plan-para-evitar-la-caida-de-las-inversiones-en-vaca-muerta\/","url_meta":{"origin":5285,"position":5},"title":"Neuqu\u00e9n impulsa un plan para evitar la ca\u00edda de las inversiones en Vaca Muerta","author":"admin","date":"31 octubre, 2019","format":false,"excerpt":"La iniciativa contempla tanto el precio del petr\u00f3leo, los combustibles y el gas natural. Busca generar herramientas que permitan amortiguar saltos tarifarios y generar una nueva tarifa social para los sectores m\u00e1s carenciados. El gobierno neuquino elabor\u00f3 un plan para mitigar la crisis que hoy enfrenta Vaca Muerta a partir\u2026","rel":"","context":"En \u00abEnerg\u00eda y Producci\u00f3n\u00bb","block_context":{"text":"Energ\u00eda y Producci\u00f3n","link":"http:\/\/ccnews.com.ar\/prensa\/category\/energia-y-produccion\/"},"img":{"alt_text":"","src":"https:\/\/i0.wp.com\/ccnews.com.ar\/prensa\/wp-content\/uploads\/2019\/10\/Imagen-AAG.NQN-10.01.jpg?fit=920%2C517&resize=350%2C200","width":350,"height":200,"srcset":"https:\/\/i0.wp.com\/ccnews.com.ar\/prensa\/wp-content\/uploads\/2019\/10\/Imagen-AAG.NQN-10.01.jpg?fit=920%2C517&resize=350%2C200 1x, https:\/\/i0.wp.com\/ccnews.com.ar\/prensa\/wp-content\/uploads\/2019\/10\/Imagen-AAG.NQN-10.01.jpg?fit=920%2C517&resize=525%2C300 1,5x, https:\/\/i0.wp.com\/ccnews.com.ar\/prensa\/wp-content\/uploads\/2019\/10\/Imagen-AAG.NQN-10.01.jpg?fit=920%2C517&resize=700%2C400 2x"},"classes":[]}],"jetpack_sharing_enabled":true,"_links":{"self":[{"href":"http:\/\/ccnews.com.ar\/prensa\/wp-json\/wp\/v2\/posts\/5285","targetHints":{"allow":["GET"]}}],"collection":[{"href":"http:\/\/ccnews.com.ar\/prensa\/wp-json\/wp\/v2\/posts"}],"about":[{"href":"http:\/\/ccnews.com.ar\/prensa\/wp-json\/wp\/v2\/types\/post"}],"author":[{"embeddable":true,"href":"http:\/\/ccnews.com.ar\/prensa\/wp-json\/wp\/v2\/users\/2"}],"replies":[{"embeddable":true,"href":"http:\/\/ccnews.com.ar\/prensa\/wp-json\/wp\/v2\/comments?post=5285"}],"version-history":[{"count":1,"href":"http:\/\/ccnews.com.ar\/prensa\/wp-json\/wp\/v2\/posts\/5285\/revisions"}],"predecessor-version":[{"id":5289,"href":"http:\/\/ccnews.com.ar\/prensa\/wp-json\/wp\/v2\/posts\/5285\/revisions\/5289"}],"wp:featuredmedia":[{"embeddable":true,"href":"http:\/\/ccnews.com.ar\/prensa\/wp-json\/wp\/v2\/media\/5287"}],"wp:attachment":[{"href":"http:\/\/ccnews.com.ar\/prensa\/wp-json\/wp\/v2\/media?parent=5285"}],"wp:term":[{"taxonomy":"category","embeddable":true,"href":"http:\/\/ccnews.com.ar\/prensa\/wp-json\/wp\/v2\/categories?post=5285"},{"taxonomy":"post_tag","embeddable":true,"href":"http:\/\/ccnews.com.ar\/prensa\/wp-json\/wp\/v2\/tags?post=5285"}],"curies":[{"name":"wp","href":"https:\/\/api.w.org\/{rel}","templated":true}]}}