{"id":5335,"date":"2017-09-17T08:00:39","date_gmt":"2017-09-17T11:00:39","guid":{"rendered":"http:\/\/clusterciarnews.com.ar\/prensa\/?p=5335"},"modified":"2017-09-07T14:58:48","modified_gmt":"2017-09-07T17:58:48","slug":"las-olas-de-mar-del-plata-prometen-luz","status":"publish","type":"post","link":"http:\/\/ccnews.com.ar\/prensa\/las-olas-de-mar-del-plata-prometen-luz\/","title":{"rendered":"Las olas de Mar del Plata prometen luz"},"content":{"rendered":"<h2 class=\"subheadline font-2 fs16\">Una firma bonaerense financiar\u00e1 la instalaci\u00f3n de boyas flotantes para la generaci\u00f3n de energ\u00eda renovable. Se trata de un modelo desarrollado por la UTN que permitir\u00eda abastecer a 5.000 hogares. El sistema es aplicable a todas las costas nacionales.<\/h2>\n<div class=\"paragraph\">\n<p>Cuando se habla de energ\u00edas renovables y no contaminantes se piensa inmediatamente en el sol y el viento, pero muy poco en el mar. Sin embargo, la Argentina tiene m\u00e1s de 5.000 kil\u00f3metros de costa que podr\u00edan aprovecharse a trav\u00e9s de las mareas (energ\u00eda mareomotriz) y el oleaje (energ\u00eda undimotriz).<\/p>\n<p>Con una inversi\u00f3n de cuatro millones de pesos, la empresa marplatense QM Equipment acaba de lanzar el primer proyecto a escala del pa\u00eds para la generaci\u00f3n de energ\u00eda aprovechando el oleaje del mar. Lo har\u00e1 en conjunto con la Universidad Tecnol\u00f3gica Nacional (UTN).<\/p>\n<p>\u201cSe trata del primer parque de convertidores que transforman ondas marinas en energ\u00eda el\u00e9ctrica, constar\u00e1 de 200 boyas de tres metros de di\u00e1metro y se generar\u00e1n 6 MW de potencia, suficientes para abastecer a 5.000 hogares\u201d, precis\u00f3 Sof\u00eda D\u00edaz V\u00e9lez, a cargo del proyecto.<\/p>\n<p>En 2016 se form\u00f3 en QM un equipo interdisciplinario de investigaci\u00f3n y desarrollo compuesto por cinco ingenieros con el objetivo de estudiar el desarrollo de la energ\u00eda undimotriz a nivel mundial y analizar las ventajas y desventajas de cada tecnolog\u00eda. Se lleg\u00f3 a la conclusi\u00f3n de que lo m\u00e1s adecuado para Mar del Plata es el convertidor undimotriz dise\u00f1ado por la UTN. Luego de firmar un convenio, la empresa aportar\u00e1 la inversi\u00f3n y sus recursos para fabricar, instalar y operar la planta.<\/p>\n<p>D\u00edaz V\u00e9lez explic\u00f3 que \u201cla energ\u00eda de las ondas marinas tiene mejor densidad, es cinco veces m\u00e1s concentrada que la e\u00f3lica y diez veces m\u00e1s concentrada que la solar\u201d y destac\u00f3 que el agua \u201ces un extraordinario vector energ\u00e9tico por su capacidad de acumulaci\u00f3n y transporte de energ\u00eda durante largas distancias con m\u00ednimas p\u00e9rdidas\u201d. El potencial energ\u00e9tico del pa\u00eds var\u00eda entre 9 y 25 Kw por metro de frente de onda.<\/p>\n<p>Por la diferencia de altura que se produce con el paso de las olas, las boyas suben y bajan accionando el movimiento de un brazo que hace girar el eje del generador, por medio del cual se obtiene energ\u00eda el\u00e9ctrica. Esa energ\u00eda se puede trasladar a trav\u00e9s de cableado submarino. En este caso el convertidor se instalar\u00e1 sobre una escollera, lo que facilitar\u00e1 el transporte de energ\u00eda para luego ser inyectada al sistema.<\/p>\n<p>\u201cLas boyas se pueden instalar en cualquier zona costera con olas de m\u00e1s de 50 cent\u00edmetros, desde San Clemente a Tierra del Fuego\u201d, detall\u00f3 D\u00edaz V\u00e9lez y agreg\u00f3 que el proyecto \u201ces un prototipo adaptado al tipo de oleaje local, que se basa en boyas flotantes, diferentes a las que se fabrican en Australia, que van sumergidas a 30 metros\u201d.<\/p>\n<p>Coment\u00f3 que a\u00fan no cerraron el convenio para instalar el convertidor \u201cpero existe buena predisposici\u00f3n de la empresa marplatense Obras Sanitarias para colaborar con el proyecto\u201d. Esta empresa ya instal\u00f3 un emisario submarino que cuenta con una escollera de protecci\u00f3n, la cual no interfiere con la vida tur\u00edstica ni con las rutas de navegaci\u00f3n.<\/p>\n<\/div>\n<div class=\"microformat_headline ant-text\"><strong>En n\u00fameros<\/strong><\/div>\n<div class=\"microformat_highlight_text ant-microformat_headline\"><strong>6 MW\u00a0<\/strong>es la potencia instalada que tendr\u00e1 el parque que se montar\u00e1 frente a las costas \u00a0de la ciudad bonaerense.<\/div>\n<div class=\"microformat_highlight_text ant-microformat_text\"><strong>200\u00a0<\/strong>boyas de tres metros de di\u00e1metro son las que se colocar\u00e1n en el proyecto.<\/div>\n<div class=\"paragraph\">\n<p>QM Equipment es una empresa marplatense con m\u00e1s de diez a\u00f1os de trayectoria en la provisi\u00f3n de equipamiento de servicio para pozos petroleros (fractura, cementaci\u00f3n y estimulaci\u00f3n), adem\u00e1s de equipos para almacenamiento y transporte de gases criog\u00e9nicos. Tiene 150 empleados.<\/p>\n<p>Desde 2015 comenz\u00f3 a ampliar su negocio hacia las energ\u00edas renovables con el dise\u00f1o y fabricaci\u00f3n de plantas de biog\u00e1s, fabricaci\u00f3n de torres e\u00f3licas y soportes de sistemas solares. El proyecto m\u00e1s reciente y novedoso es el de una planta de generaci\u00f3n de energ\u00eda undimotriz, aprovechando el oleaje del mar.<\/p>\n<p>\u201cLa primera experiencia ser\u00e1 una planta de 10 o 20 kW que esperamos tener instalada el pr\u00f3ximo a\u00f1o. El proyecto a futuro es de una granja de 6 MW, que implicar\u00eda instalar 100 convertidores con dos boyas cada uno, capaz de abastecer de energ\u00eda a 20.000 personas\u201d, explic\u00f3 Sof\u00eda D\u00edaz V\u00e9lez, a cargo del proyecto, que requerir\u00e1 durante toda su duraci\u00f3n el trabajo de aproximadamente cien personas.<\/p>\n<p>La firma marplatense aportar\u00e1 cuatro millones de pesos y los recursos t\u00e9cnicos para fabricar la planta, mientras que el dise\u00f1o del convertidor pertenece a la Universidad Tecnol\u00f3gica Nacional (Facultad Regional Buenos Aires). Por parte de la casa de estudios, con la cual se firm\u00f3 un convenio, los ingenieros responsables del proyecto son Mario Pelissero y Alejandro Haim.<\/p>\n<\/div>\n<p>Fuente: Diario Rio Negro<\/p>\n<!-- AddThis Advanced Settings generic via filter on the_content -->","protected":false},"excerpt":{"rendered":"<p>Una firma bonaerense financiar\u00e1 la instalaci\u00f3n de boyas flotantes para la generaci\u00f3n de energ\u00eda renovable. Se trata de un modelo<!-- AddThis Advanced Settings generic via filter on get_the_excerpt --><\/p>\n","protected":false},"author":2,"featured_media":5337,"comment_status":"closed","ping_status":"closed","sticky":false,"template":"","format":"standard","meta":{"colormag_page_container_layout":"default_layout","colormag_page_sidebar_layout":"default_layout","jetpack_post_was_ever_published":false,"_jetpack_newsletter_access":"","_jetpack_dont_email_post_to_subs":false,"_jetpack_newsletter_tier_id":0,"_jetpack_memberships_contains_paywalled_content":false,"_jetpack_memberships_contains_paid_content":false,"footnotes":"","jetpack_publicize_message":"","jetpack_publicize_feature_enabled":true,"jetpack_social_post_already_shared":true,"jetpack_social_options":{"image_generator_settings":{"template":"highway","default_image_id":0,"font":"","enabled":false},"version":2}},"categories":[3],"tags":[17],"class_list":["post-5335","post","type-post","status-publish","format-standard","has-post-thumbnail","hentry","category-sustentabilidad","tag-otros-medios"],"jetpack_publicize_connections":[],"jetpack_featured_media_url":"https:\/\/i0.wp.com\/ccnews.com.ar\/prensa\/wp-content\/uploads\/2017\/09\/image_content_8771914_20170830223220.jpg?fit=660%2C370","jetpack_shortlink":"https:\/\/wp.me\/p7L1gj-1o3","jetpack-related-posts":[{"id":7577,"url":"http:\/\/ccnews.com.ar\/prensa\/satisfaccion-en-la-facultad-regional-de-la-utn-por-la-inscripcion-de-mujeres-en-ingenieria\/","url_meta":{"origin":5335,"position":0},"title":"Satisfacci\u00f3n en la Facultad Regional de la UTN por la inscripci\u00f3n de mujeres en Ingenier\u00eda","author":"admin","date":"26 abril, 2018","format":false,"excerpt":"En total, la FRTL UTN cuenta con el 40 % de la matr\u00edcula femenina en Ingenier\u00eda, imponi\u00e9ndose en el primer lugar Un relevamiento de la UTN a nivel nacional dej\u00f3 al descubierto una noticia que llen\u00f3 de orgullo a la Facultad Regional Trenque Lauquen porque tiene el mayor porcentaje de\u2026","rel":"","context":"En \u00abSustentabilidad\u00bb","block_context":{"text":"Sustentabilidad","link":"http:\/\/ccnews.com.ar\/prensa\/category\/sustentabilidad\/"},"img":{"alt_text":"","src":"https:\/\/i0.wp.com\/ccnews.com.ar\/prensa\/wp-content\/uploads\/2018\/04\/dona-ci%C3%A8ncia.jpg?fit=1000%2C586&resize=350%2C200","width":350,"height":200,"srcset":"https:\/\/i0.wp.com\/ccnews.com.ar\/prensa\/wp-content\/uploads\/2018\/04\/dona-ci%C3%A8ncia.jpg?fit=1000%2C586&resize=350%2C200 1x, https:\/\/i0.wp.com\/ccnews.com.ar\/prensa\/wp-content\/uploads\/2018\/04\/dona-ci%C3%A8ncia.jpg?fit=1000%2C586&resize=525%2C300 1,5x, https:\/\/i0.wp.com\/ccnews.com.ar\/prensa\/wp-content\/uploads\/2018\/04\/dona-ci%C3%A8ncia.jpg?fit=1000%2C586&resize=700%2C400 2x"},"classes":[]},{"id":16530,"url":"http:\/\/ccnews.com.ar\/prensa\/el-2020-cerro-con-un-salto-del-63-en-la-generacion-renovable\/","url_meta":{"origin":5335,"position":1},"title":"El 2020 cerr\u00f3 con un salto del 63% en la generaci\u00f3n renovable","author":"Editor","date":"17 febrero, 2021","format":false,"excerpt":"En el acumulado del a\u00f1o el aporte de la energ\u00eda limpia tuvo un rendimiento m\u00e1s alto que en 2019. La tecnolog\u00eda e\u00f3lica y la solar fueron las principales responsables.","rel":"","context":"En \u00abEnerg\u00eda y Producci\u00f3n\u00bb","block_context":{"text":"Energ\u00eda y Producci\u00f3n","link":"http:\/\/ccnews.com.ar\/prensa\/category\/energia-y-produccion\/"},"img":{"alt_text":"","src":"","width":0,"height":0},"classes":[]},{"id":15688,"url":"http:\/\/ccnews.com.ar\/prensa\/la-demanda-energetica-industrial-cayo-un-23-en-mayo\/","url_meta":{"origin":5335,"position":2},"title":"La demanda energ\u00e9tica industrial cay\u00f3 un 23% en mayo","author":"Editor","date":"19 junio, 2020","format":false,"excerpt":"Los guarismos reflejaron una paulatina reactivaci\u00f3n pero a\u00fan muestran el alcance de la cuarentena. La generaci\u00f3n de energ\u00eda el\u00e9ctrica del pa\u00eds tambi\u00e9n baj\u00f3 en mayo.","rel":"","context":"En \u00abEnerg\u00eda y Producci\u00f3n\u00bb","block_context":{"text":"Energ\u00eda y Producci\u00f3n","link":"http:\/\/ccnews.com.ar\/prensa\/category\/energia-y-produccion\/"},"img":{"alt_text":"","src":"https:\/\/i0.wp.com\/ccnews.com.ar\/prensa\/wp-content\/uploads\/2020\/06\/Imagen-Nqn-MR-inversiones-ALEJANDRO-CASTA-11192032.jpg?fit=920%2C517&resize=350%2C200","width":350,"height":200,"srcset":"https:\/\/i0.wp.com\/ccnews.com.ar\/prensa\/wp-content\/uploads\/2020\/06\/Imagen-Nqn-MR-inversiones-ALEJANDRO-CASTA-11192032.jpg?fit=920%2C517&resize=350%2C200 1x, https:\/\/i0.wp.com\/ccnews.com.ar\/prensa\/wp-content\/uploads\/2020\/06\/Imagen-Nqn-MR-inversiones-ALEJANDRO-CASTA-11192032.jpg?fit=920%2C517&resize=525%2C300 1,5x, https:\/\/i0.wp.com\/ccnews.com.ar\/prensa\/wp-content\/uploads\/2020\/06\/Imagen-Nqn-MR-inversiones-ALEJANDRO-CASTA-11192032.jpg?fit=920%2C517&resize=700%2C400 2x"},"classes":[]},{"id":13500,"url":"http:\/\/ccnews.com.ar\/prensa\/inauguraron-el-estacionamiento-solar-mas-grande-de-argentina\/","url_meta":{"origin":5335,"position":3},"title":"Inauguraron el estacionamiento solar m\u00e1s grande de Argentina","author":"admin","date":"7 noviembre, 2019","format":false,"excerpt":"Las autoridades de la Universidad Cat\u00f3lica de Salta (UCASAL) inauguraron el estacionamiento solar m\u00e1s grande de la Argentina. El proyecto se realiz\u00f3 en el marco del Programa UCASAL Sustentable y permiti\u00f3 la colocaci\u00f3n de 720 paneles solares, que captan la luz solar generando energ\u00eda el\u00e9ctrica que abastece una parte del\u2026","rel":"","context":"En \u00abSustentabilidad\u00bb","block_context":{"text":"Sustentabilidad","link":"http:\/\/ccnews.com.ar\/prensa\/category\/sustentabilidad\/"},"img":{"alt_text":"","src":"https:\/\/i0.wp.com\/ccnews.com.ar\/prensa\/wp-content\/uploads\/2019\/11\/estacionamiento-solar-960x570.jpg?fit=960%2C570&resize=350%2C200","width":350,"height":200,"srcset":"https:\/\/i0.wp.com\/ccnews.com.ar\/prensa\/wp-content\/uploads\/2019\/11\/estacionamiento-solar-960x570.jpg?fit=960%2C570&resize=350%2C200 1x, https:\/\/i0.wp.com\/ccnews.com.ar\/prensa\/wp-content\/uploads\/2019\/11\/estacionamiento-solar-960x570.jpg?fit=960%2C570&resize=525%2C300 1,5x, https:\/\/i0.wp.com\/ccnews.com.ar\/prensa\/wp-content\/uploads\/2019\/11\/estacionamiento-solar-960x570.jpg?fit=960%2C570&resize=700%2C400 2x"},"classes":[]},{"id":6957,"url":"http:\/\/ccnews.com.ar\/prensa\/semillero-tecno-estudiantes-de-ingenieria-naval-ganaron-una-competencia-internacional\/","url_meta":{"origin":5335,"position":4},"title":"Semillero tecno: estudiantes de Ingenier\u00eda Naval ganaron una competencia internacional","author":"admin","date":"22 febrero, 2018","format":false,"excerpt":"Los alumnos de la UTN Buenos Aires participaron con un remolcador oce\u00e1nico para plataformas petrol\u00edferas, adaptado al mar del sur argentino. Martin Jacoby, Nicol\u00e1s Maslein, Ignacio Agust\u00edn Lozano y Federico Cascon, estudiantes de Ingenier\u00eda Naval de la UTN Buenos Aires,\u00a0lograron el primer lugar de la Competencia de dise\u00f1o de buques\u2026","rel":"","context":"En \u00abTransformaci\u00f3n digital\u00bb","block_context":{"text":"Transformaci\u00f3n digital","link":"http:\/\/ccnews.com.ar\/prensa\/category\/transformacion-digital\/"},"img":{"alt_text":"","src":"","width":0,"height":0},"classes":[]},{"id":4493,"url":"http:\/\/ccnews.com.ar\/prensa\/el-gobierno-espera-que-la-energia-hidroelectrica-crezca-un-165-en-2018\/","url_meta":{"origin":5335,"position":5},"title":"El Gobierno espera que la energ\u00eda hidroel\u00e9ctrica crezca un 165% en 2018","author":"CLUSTERciar","date":"28 junio, 2017","format":false,"excerpt":"El Ministerio de Energ\u00eda y Miner\u00eda de la Naci\u00f3n prev\u00e9 contar hacia fines de a\u00f1o con una \u201cvisi\u00f3n cr\u00edtica\u201d del conjunto de proyectos de generaci\u00f3n hidroel\u00e9ctrica -m\u00e1s de medio centenar en todo el pa\u00eds- a fin de poder fijar prioridades y un cronograma de construcci\u00f3n de los futuros aprovechamientos h\u00eddricos\u2026","rel":"","context":"En \u00abEnerg\u00eda y Producci\u00f3n\u00bb","block_context":{"text":"Energ\u00eda y Producci\u00f3n","link":"http:\/\/ccnews.com.ar\/prensa\/category\/energia-y-produccion\/"},"img":{"alt_text":"","src":"https:\/\/i0.wp.com\/ccnews.com.ar\/prensa\/wp-content\/uploads\/2017\/06\/elgobierno220617.jpg?fit=250%2C250&resize=350%2C200","width":350,"height":200},"classes":[]}],"jetpack_sharing_enabled":true,"_links":{"self":[{"href":"http:\/\/ccnews.com.ar\/prensa\/wp-json\/wp\/v2\/posts\/5335","targetHints":{"allow":["GET"]}}],"collection":[{"href":"http:\/\/ccnews.com.ar\/prensa\/wp-json\/wp\/v2\/posts"}],"about":[{"href":"http:\/\/ccnews.com.ar\/prensa\/wp-json\/wp\/v2\/types\/post"}],"author":[{"embeddable":true,"href":"http:\/\/ccnews.com.ar\/prensa\/wp-json\/wp\/v2\/users\/2"}],"replies":[{"embeddable":true,"href":"http:\/\/ccnews.com.ar\/prensa\/wp-json\/wp\/v2\/comments?post=5335"}],"version-history":[{"count":1,"href":"http:\/\/ccnews.com.ar\/prensa\/wp-json\/wp\/v2\/posts\/5335\/revisions"}],"predecessor-version":[{"id":5339,"href":"http:\/\/ccnews.com.ar\/prensa\/wp-json\/wp\/v2\/posts\/5335\/revisions\/5339"}],"wp:featuredmedia":[{"embeddable":true,"href":"http:\/\/ccnews.com.ar\/prensa\/wp-json\/wp\/v2\/media\/5337"}],"wp:attachment":[{"href":"http:\/\/ccnews.com.ar\/prensa\/wp-json\/wp\/v2\/media?parent=5335"}],"wp:term":[{"taxonomy":"category","embeddable":true,"href":"http:\/\/ccnews.com.ar\/prensa\/wp-json\/wp\/v2\/categories?post=5335"},{"taxonomy":"post_tag","embeddable":true,"href":"http:\/\/ccnews.com.ar\/prensa\/wp-json\/wp\/v2\/tags?post=5335"}],"curies":[{"name":"wp","href":"https:\/\/api.w.org\/{rel}","templated":true}]}}