{"id":541,"date":"2016-05-06T08:00:40","date_gmt":"2016-05-06T11:00:40","guid":{"rendered":"http:\/\/clusterciar.com.ar\/wp\/?p=541"},"modified":"2016-06-01T13:38:31","modified_gmt":"2016-06-01T13:38:31","slug":"educacion-promueve-el-tag-rugby-en-las-escuelas-para-fomentar-los-valores-de-convivencia","status":"publish","type":"post","link":"http:\/\/ccnews.com.ar\/prensa\/educacion-promueve-el-tag-rugby-en-las-escuelas-para-fomentar-los-valores-de-convivencia\/","title":{"rendered":"EDUCACI\u00d3N PROMUEVE EL &#8220;TAG&#8221; RUGBY EN LAS ESCUELAS PARA FOMENTAR LOS VALORES DE CONVIVENCIA"},"content":{"rendered":"<p>El Ministerio de Educaci\u00f3n y Derechos Humanos, a trav\u00e9s de la Direcci\u00f3n de Educaci\u00f3n F\u00edsica, Art\u00edstica, Deportes, Cultura y Clubes Escolares, desarroll\u00f3 la primera experiencia de &#8220;Tag&#8221; rugby en escuelas rionegrinas. Fue en la localidad de San Javier y participaron 25 alumnos que cursan s\u00e9ptimo grado en la escuela primaria N\u00ba 3.<\/p>\n<p>El responsable de la Direcci\u00f3n que impulsa esta experiencia, Mat\u00edas Pessoa, explic\u00f3 que el objetivo de &#8220;trabajar a partir del rugby, es replicar los valores de este deporte inclusivo, que no discrimina, mejora lo actitudinal, la convivencia y, por sobre todo, el desempe\u00f1o en equipo.&#8221;<\/p>\n<p>El Tag rugby es una modalidad de rugby adaptado, en el cual no existe el contacto f\u00edsico, pero se respetan sus reglas b\u00e1sicas.<\/p>\n<p>&#8220;Lo bueno que tiene esto son las posibilidades de iniciaci\u00f3n en el deporte. Es por eso que lo instrumentaremos en Viedma, a partir de los Clubes Escolares, y en el resto de la Provincia, a partir de convenios con clubes de rugby, referentes propios y otras instituciones de la comunidad&#8221;, adelant\u00f3 Pessoa.<\/p>\n<p>Fuente:\u00a0Gobierno de RN<\/p>\n<!-- AddThis Advanced Settings generic via filter on the_content -->","protected":false},"excerpt":{"rendered":"<p>El Ministerio de Educaci\u00f3n y Derechos Humanos, a trav\u00e9s de la Direcci\u00f3n de Educaci\u00f3n F\u00edsica, Art\u00edstica, Deportes, Cultura y Clubes<!-- AddThis Advanced Settings generic via filter on get_the_excerpt --><\/p>\n","protected":false},"author":2,"featured_media":687,"comment_status":"closed","ping_status":"open","sticky":false,"template":"","format":"standard","meta":{"colormag_page_container_layout":"default_layout","colormag_page_sidebar_layout":"default_layout","jetpack_post_was_ever_published":false,"_jetpack_newsletter_access":"","_jetpack_dont_email_post_to_subs":false,"_jetpack_newsletter_tier_id":0,"_jetpack_memberships_contains_paywalled_content":false,"_jetpack_memberships_contains_paid_content":false,"footnotes":"","jetpack_publicize_message":"","jetpack_publicize_feature_enabled":true,"jetpack_social_post_already_shared":false,"jetpack_social_options":{"image_generator_settings":{"template":"highway","default_image_id":0,"font":"","enabled":false},"version":2}},"categories":[19],"tags":[17],"class_list":["post-541","post","type-post","status-publish","format-standard","has-post-thumbnail","hentry","category-educacion-sociedad","tag-otros-medios"],"jetpack_publicize_connections":[],"jetpack_featured_media_url":"https:\/\/i0.wp.com\/ccnews.com.ar\/prensa\/wp-content\/uploads\/2016\/05\/cip.jpg?fit=605%2C172","jetpack_shortlink":"https:\/\/wp.me\/p7L1gj-8J","jetpack-related-posts":[{"id":3757,"url":"http:\/\/ccnews.com.ar\/prensa\/el-rugby-en-la-carcel-bajo-la-reincidencia-y-los-presos-piden-por-mas-educacion\/","url_meta":{"origin":541,"position":0},"title":"El rugby en la c\u00e1rcel: baj\u00f3 la reincidencia y los presos piden por m\u00e1s educaci\u00f3n","author":"CLUSTERciar","date":"5 abril, 2017","format":false,"excerpt":"Motivados por la obra de una cancha de c\u00e9sped sint\u00e9tico, 200 reclusos del penal San Mart\u00edn quieren estudiar, pero hay s\u00f3lo 70 vacantes y tres maestros Al concluir uno de los entrenamientos, el tono afable de Eduardo \"Coco\" Oderigo mut\u00f3 con un \u00e9nfasis inusual: \"A partir de ahora -dijo el\u2026","rel":"","context":"En \u00abEducaci\u00f3n\/Sociedad\u00bb","block_context":{"text":"Educaci\u00f3n\/Sociedad","link":"http:\/\/ccnews.com.ar\/prensa\/category\/educacion-sociedad\/"},"img":{"alt_text":"","src":"https:\/\/i0.wp.com\/ccnews.com.ar\/prensa\/wp-content\/uploads\/2017\/04\/carceles-en-la-argentina-2404895w620.jpg?fit=620%2C412&resize=350%2C200","width":350,"height":200,"srcset":"https:\/\/i0.wp.com\/ccnews.com.ar\/prensa\/wp-content\/uploads\/2017\/04\/carceles-en-la-argentina-2404895w620.jpg?fit=620%2C412&resize=350%2C200 1x, https:\/\/i0.wp.com\/ccnews.com.ar\/prensa\/wp-content\/uploads\/2017\/04\/carceles-en-la-argentina-2404895w620.jpg?fit=620%2C412&resize=525%2C300 1,5x"},"classes":[]},{"id":8417,"url":"http:\/\/ccnews.com.ar\/prensa\/como-convertir-grupos-en-equipos-juan-segonds-dara-una-charla-inspirada-en-logros\/","url_meta":{"origin":541,"position":1},"title":"C\u00f3mo convertir grupos en equipos: Juan Segonds dar\u00e1 una charla  inspirada en logros","author":"CLUSTERciar","date":"18 julio, 2018","format":false,"excerpt":"El pr\u00f3ximo 16 de agosto, el coach hol\u00edstico Juan Bautista Segonds ofrecer\u00e1 en Neuqu\u00e9n la conferencia S\u00f3lo cambi\u00e9 mi actitud y todo cambi\u00f3. El evento, organizado por Fundaci\u00f3n Potenciar y abierto a toda la comunidad, tiene vacantes limitadas. Jug\u00f3 toda su vida al rugby, trabaj\u00f3 en el \u00e1mbito empresarial y\u2026","rel":"","context":"En \u00abEducaci\u00f3n\/Sociedad\u00bb","block_context":{"text":"Educaci\u00f3n\/Sociedad","link":"http:\/\/ccnews.com.ar\/prensa\/category\/educacion-sociedad\/"},"img":{"alt_text":"","src":"https:\/\/i0.wp.com\/ccnews.com.ar\/prensa\/wp-content\/uploads\/2018\/07\/SEGONDS.jpg?fit=803%2C404&resize=350%2C200","width":350,"height":200,"srcset":"https:\/\/i0.wp.com\/ccnews.com.ar\/prensa\/wp-content\/uploads\/2018\/07\/SEGONDS.jpg?fit=803%2C404&resize=350%2C200 1x, https:\/\/i0.wp.com\/ccnews.com.ar\/prensa\/wp-content\/uploads\/2018\/07\/SEGONDS.jpg?fit=803%2C404&resize=525%2C300 1,5x, https:\/\/i0.wp.com\/ccnews.com.ar\/prensa\/wp-content\/uploads\/2018\/07\/SEGONDS.jpg?fit=803%2C404&resize=700%2C400 2x"},"classes":[]},{"id":1467,"url":"http:\/\/ccnews.com.ar\/prensa\/todos-x-juan-una-nueva-muestra-del-rugby-solidario\/","url_meta":{"origin":541,"position":2},"title":"&#8220;Todos x Juan&#8221;, una nueva muestra del rugby solidario","author":"CLUSTERciar","date":"1 septiembre, 2016","format":false,"excerpt":"Hay un m\u00fasculo que el rugby tiene entrenado especialmente: el de la solidaridad. Hace unos d\u00edas, se perdi\u00f3 un jugador de la M14 de Olivos e, inmediatamente, se organiz\u00f3 a trav\u00e9s de las redes sociales y de los clubes una b\u00fasqueda que tuvo su efecto positivo pocas horas despu\u00e9s. La\u2026","rel":"","context":"En \u00abEducaci\u00f3n\/Sociedad\u00bb","block_context":{"text":"Educaci\u00f3n\/Sociedad","link":"http:\/\/ccnews.com.ar\/prensa\/category\/educacion-sociedad\/"},"img":{"alt_text":"Resultado de imagen para Juan Gastaldi,","src":"https:\/\/i0.wp.com\/www.entornointeligente.com\/images-noticias\/2016\/08\/francisco-velasquez-gago-Gastaldi--el-que-sigue-dando-pelea.jpg?resize=350%2C200","width":350,"height":200},"classes":[]},{"id":43,"url":"http:\/\/ccnews.com.ar\/prensa\/formar-en-valores-una-necesidad-social\/","url_meta":{"origin":541,"position":3},"title":"Formar en Valores, una necesidad social","author":"CLUSTERciar","date":"3 mayo, 2016","format":false,"excerpt":"En el marco del Programa Potenciar Valores de la Fundaci\u00f3n Potenciar, la\u00a0Licenciada en Servicio Social ,Carolina Di Pietro reflexion\u00f3 sobre el trabajo que\u00a0vienen realizando en clubes y barrios y la convicci\u00f3n de seguir sumando espacios\u00a0para el desarrollo de valores en los m\u00e1s peque\u00f1os. Con la frase de Pit\u00e1goras \u201cEduca a\u2026","rel":"","context":"En \u00abEducaci\u00f3n\/Sociedad\u00bb","block_context":{"text":"Educaci\u00f3n\/Sociedad","link":"http:\/\/ccnews.com.ar\/prensa\/category\/educacion-sociedad\/"},"img":{"alt_text":"","src":"","width":0,"height":0},"classes":[]},{"id":1507,"url":"http:\/\/ccnews.com.ar\/prensa\/educacion-en-valores-la-escuela-tiene-que-potenciar-lo-que-los-chicos-traen-de-la-casa-dice-especialista\/","url_meta":{"origin":541,"position":4},"title":"Educaci\u00f3n en valores: la escuela tiene que potenciar lo que los chicos traen de la casa, dice especialista","author":"CLUSTERciar","date":"9 septiembre, 2016","format":false,"excerpt":"El psic\u00f3logo social Gast\u00f3n Ieraci opin\u00f3 que \u201cla escuela tiene que potenciar lo que los chicos traen de la casa\u201d y consider\u00f3 que \u201clos pibes est\u00e1n cansados del marco te\u00f3rico, lo que quieren son hechos, no palabras\u201d. Lo afirm\u00f3 en el marco de la Jornada \u201cPor los Valores Fundamentales: Familia\u2026","rel":"","context":"En \u00abEducaci\u00f3n\/Sociedad\u00bb","block_context":{"text":"Educaci\u00f3n\/Sociedad","link":"http:\/\/ccnews.com.ar\/prensa\/category\/educacion-sociedad\/"},"img":{"alt_text":"","src":"","width":0,"height":0},"classes":[]},{"id":16264,"url":"http:\/\/ccnews.com.ar\/prensa\/por-una-educacion-de-calidad-y-con-inclusion\/","url_meta":{"origin":541,"position":5},"title":"Por una educaci\u00f3n de calidad y con inclusi\u00f3n","author":"Editor","date":"30 octubre, 2020","format":false,"excerpt":"En este siglo el crecimiento econ\u00f3mico de las naciones depende cada vez m\u00e1s de la acumulaci\u00f3n de capital humano, es decir, del hombre mismo y de sus conocimientos.","rel":"","context":"En \u00abEducaci\u00f3n\/Sociedad\u00bb","block_context":{"text":"Educaci\u00f3n\/Sociedad","link":"http:\/\/ccnews.com.ar\/prensa\/category\/educacion-sociedad\/"},"img":{"alt_text":"","src":"https:\/\/i0.wp.com\/ccnews.com.ar\/prensa\/wp-content\/uploads\/2020\/10\/ocho-millones-alumnos-vuelven-lo-largo-esta-semana-clases-espana-pese-los-rebrotes-coronavirus.jpg?fit=690%2C460&resize=350%2C200","width":350,"height":200,"srcset":"https:\/\/i0.wp.com\/ccnews.com.ar\/prensa\/wp-content\/uploads\/2020\/10\/ocho-millones-alumnos-vuelven-lo-largo-esta-semana-clases-espana-pese-los-rebrotes-coronavirus.jpg?fit=690%2C460&resize=350%2C200 1x, https:\/\/i0.wp.com\/ccnews.com.ar\/prensa\/wp-content\/uploads\/2020\/10\/ocho-millones-alumnos-vuelven-lo-largo-esta-semana-clases-espana-pese-los-rebrotes-coronavirus.jpg?fit=690%2C460&resize=525%2C300 1,5x"},"classes":[]}],"jetpack_sharing_enabled":true,"_links":{"self":[{"href":"http:\/\/ccnews.com.ar\/prensa\/wp-json\/wp\/v2\/posts\/541","targetHints":{"allow":["GET"]}}],"collection":[{"href":"http:\/\/ccnews.com.ar\/prensa\/wp-json\/wp\/v2\/posts"}],"about":[{"href":"http:\/\/ccnews.com.ar\/prensa\/wp-json\/wp\/v2\/types\/post"}],"author":[{"embeddable":true,"href":"http:\/\/ccnews.com.ar\/prensa\/wp-json\/wp\/v2\/users\/2"}],"replies":[{"embeddable":true,"href":"http:\/\/ccnews.com.ar\/prensa\/wp-json\/wp\/v2\/comments?post=541"}],"version-history":[{"count":1,"href":"http:\/\/ccnews.com.ar\/prensa\/wp-json\/wp\/v2\/posts\/541\/revisions"}],"predecessor-version":[{"id":639,"href":"http:\/\/ccnews.com.ar\/prensa\/wp-json\/wp\/v2\/posts\/541\/revisions\/639"}],"wp:featuredmedia":[{"embeddable":true,"href":"http:\/\/ccnews.com.ar\/prensa\/wp-json\/wp\/v2\/media\/687"}],"wp:attachment":[{"href":"http:\/\/ccnews.com.ar\/prensa\/wp-json\/wp\/v2\/media?parent=541"}],"wp:term":[{"taxonomy":"category","embeddable":true,"href":"http:\/\/ccnews.com.ar\/prensa\/wp-json\/wp\/v2\/categories?post=541"},{"taxonomy":"post_tag","embeddable":true,"href":"http:\/\/ccnews.com.ar\/prensa\/wp-json\/wp\/v2\/tags?post=541"}],"curies":[{"name":"wp","href":"https:\/\/api.w.org\/{rel}","templated":true}]}}