{"id":556,"date":"2016-05-03T12:11:24","date_gmt":"2016-05-03T15:11:24","guid":{"rendered":"http:\/\/clusterciar.com.ar\/wp\/?p=556"},"modified":"2016-05-03T12:11:24","modified_gmt":"2016-05-03T15:11:24","slug":"ypf-buscara-petroleo-y-gas-cerca-del-alto-valle","status":"publish","type":"post","link":"http:\/\/ccnews.com.ar\/prensa\/ypf-buscara-petroleo-y-gas-cerca-del-alto-valle\/","title":{"rendered":"YPF buscar\u00e1 petr\u00f3leo y gas cerca del Alto Valle"},"content":{"rendered":"<p>El gobierno provincial le adjudic\u00f3 el \u00e1rea Chelfor\u00f3, para hacer exploraci\u00f3n.<\/p>\n<p>El Gobierno adjudic\u00f3 el \u00e1rea hidrocarbur\u00edfera Chelfor\u00f3 a la empresa YPF para que ponga en marcha un proyecto exploratorio, que pasa a ser ahora un \u00e1rea nueva que se incorpora al mapa hidrocarbur\u00edfero provincial, con unos 6800 km2. La determinaci\u00f3n ampl\u00eda el v\u00ednculo entre la Provincia y la petrolera nacional, que lidera la actividad en R\u00edo Negro.<\/p>\n<p>&nbsp;<\/p>\n<p>&#8220;El l\u00edmite de esta superficie comienza en la barda norte, por encima de lo que se conoce como valle productivo hasta las inmediaciones del r\u00edo Colorado&#8221;, detall\u00f3 el secretario de Energ\u00eda, Sebasti\u00e1n Caldiero.<\/p>\n<p>&nbsp;<\/p>\n<p>La adjudicaci\u00f3n se realiz\u00f3 a trav\u00e9s de un proceso de licitaci\u00f3n p\u00fablica y, seg\u00fan inform\u00f3 el funcionario rionegrino, &#8220;forma parte de la estrategia provincial para consolidar a R\u00edo Negro dentro del conjunto de provincias con mayor potencial hidrocarbur\u00edfero, a partir de la posibilidad de seguir sumando a nuestras ya importantes reservas&#8221;.<\/p>\n<p>&nbsp;<\/p>\n<p>El campamento petrolero abarca una extensa porci\u00f3n de la geograf\u00eda provincial, en cercan\u00edas a Villa Regina, lo que motiv\u00f3 cr\u00edticas de los chacareros. Sin embargo, el l\u00edmite impuesto a YPF le impedir\u00e1 hacer exploraciones cerca de las tierras en producci\u00f3n.<\/p>\n<p>&nbsp;<\/p>\n<p>&#8220;En R\u00edo Negro tenemos el privilegio de contar con gas y petr\u00f3leo en nuestro suelo, lo cual no s\u00f3lo nos obliga a desarrollarlo con responsabilidad y en forma eficiente, sino que tambi\u00e9n debemos propiciar a trav\u00e9s de pol\u00edticas claras un mayor esfuerzo exploratorio por parte de las compa\u00f1\u00edas para ampliar nuestro conocimiento geol\u00f3gico, lo cual nos llevar\u00e1 a incorporar nuevas \u00e1reas productivas&#8221;, reflexion\u00f3 Caldiero.<br \/>\nEl plan de trabajo propuesto por YPF para los pr\u00f3ximos tres a\u00f1os significar\u00e1 inversiones por casi u$s 8.000.000. Caldiero explic\u00f3 que durante ese per\u00edodo no est\u00e1 prevista la realizaci\u00f3n de pozos.<\/p>\n<p>Fuente: Noticias Net<\/p>\n<!-- AddThis Advanced Settings generic via filter on the_content -->","protected":false},"excerpt":{"rendered":"<p>El gobierno provincial le adjudic\u00f3 el \u00e1rea Chelfor\u00f3, para hacer exploraci\u00f3n. El Gobierno adjudic\u00f3 el \u00e1rea hidrocarbur\u00edfera Chelfor\u00f3 a la<!-- AddThis Advanced Settings generic via filter on get_the_excerpt --><\/p>\n","protected":false},"author":2,"featured_media":697,"comment_status":"closed","ping_status":"open","sticky":false,"template":"","format":"standard","meta":{"colormag_page_container_layout":"default_layout","colormag_page_sidebar_layout":"default_layout","jetpack_post_was_ever_published":false,"_jetpack_newsletter_access":"","_jetpack_dont_email_post_to_subs":false,"_jetpack_newsletter_tier_id":0,"_jetpack_memberships_contains_paywalled_content":false,"_jetpack_memberships_contains_paid_content":false,"footnotes":"","jetpack_publicize_message":"","jetpack_publicize_feature_enabled":true,"jetpack_social_post_already_shared":false,"jetpack_social_options":{"image_generator_settings":{"template":"highway","default_image_id":0,"font":"","enabled":false},"version":2}},"categories":[11],"tags":[17],"class_list":["post-556","post","type-post","status-publish","format-standard","has-post-thumbnail","hentry","category-energia-y-produccion","tag-otros-medios"],"jetpack_publicize_connections":[],"jetpack_featured_media_url":"https:\/\/i0.wp.com\/ccnews.com.ar\/prensa\/wp-content\/uploads\/2016\/05\/plantilla-9.jpg?fit=605%2C172","jetpack_shortlink":"https:\/\/wp.me\/p7L1gj-8Y","jetpack-related-posts":[{"id":8169,"url":"http:\/\/ccnews.com.ar\/prensa\/rio-negro-firmo-con-ypf-el-contrato-para-la-exploracion-del-area-cerro-manrique\/","url_meta":{"origin":556,"position":0},"title":"R\u00cdO NEGRO FIRM\u00d3 CON YPF EL CONTRATO PARA LA EXPLORACI\u00d3N DEL \u00c1REA CERRO MANRIQUE","author":"CLUSTERciar","date":"28 junio, 2018","format":false,"excerpt":"All\u00ed se establecieron las condiciones de la adjudicaci\u00f3n del permiso exploratorio lanzado por el Gobierno Provincial a trav\u00e9s de una licitaci\u00f3n p\u00fablica nacional e internacional que tuvo como oferentes a Capex y a YPF. El bloque Cerro Manrique tiene 293 km2 y se ubica sobre la barda inmediatamente al norte\u2026","rel":"","context":"En \u00abSustentabilidad\u00bb","block_context":{"text":"Sustentabilidad","link":"http:\/\/ccnews.com.ar\/prensa\/category\/sustentabilidad\/"},"img":{"alt_text":"","src":"https:\/\/i0.wp.com\/ccnews.com.ar\/prensa\/wp-content\/uploads\/2018\/06\/20180618000101.jpg?fit=924%2C616&resize=350%2C200","width":350,"height":200,"srcset":"https:\/\/i0.wp.com\/ccnews.com.ar\/prensa\/wp-content\/uploads\/2018\/06\/20180618000101.jpg?fit=924%2C616&resize=350%2C200 1x, https:\/\/i0.wp.com\/ccnews.com.ar\/prensa\/wp-content\/uploads\/2018\/06\/20180618000101.jpg?fit=924%2C616&resize=525%2C300 1,5x, https:\/\/i0.wp.com\/ccnews.com.ar\/prensa\/wp-content\/uploads\/2018\/06\/20180618000101.jpg?fit=924%2C616&resize=700%2C400 2x"},"classes":[]},{"id":4969,"url":"http:\/\/ccnews.com.ar\/prensa\/rio-negro-anuncio-una-millonaria-inversion-para-una-nueva-area-hidrocarburifera\/","url_meta":{"origin":556,"position":1},"title":"R\u00edo Negro anunci\u00f3 una millonaria inversi\u00f3n para una nueva \u00e1rea hidrocarbur\u00edfera","author":"CLUSTERciar","date":"17 agosto, 2017","format":false,"excerpt":"Se trata del \u00e1rea hidrocarbur\u00edfera Cerro Manrique, el cual se licitar\u00e1 mediante la figura de iniciativa privada, a partir de una propuesta presentada por la empresa de bandera YPF, tal cual ocurri\u00f3 el a\u00f1o pasado con el \u00e1rea Chelfor\u00f3. As\u00ed lo anunci\u00f3 el mi\u00e9rcoles 9 de agosto el secretario de\u2026","rel":"","context":"En \u00abEnerg\u00eda y Producci\u00f3n\u00bb","block_context":{"text":"Energ\u00eda y Producci\u00f3n","link":"http:\/\/ccnews.com.ar\/prensa\/category\/energia-y-produccion\/"},"img":{"alt_text":"","src":"https:\/\/i0.wp.com\/ccnews.com.ar\/prensa\/wp-content\/uploads\/2017\/08\/ccn.jpg?fit=924%2C616&resize=350%2C200","width":350,"height":200,"srcset":"https:\/\/i0.wp.com\/ccnews.com.ar\/prensa\/wp-content\/uploads\/2017\/08\/ccn.jpg?fit=924%2C616&resize=350%2C200 1x, https:\/\/i0.wp.com\/ccnews.com.ar\/prensa\/wp-content\/uploads\/2017\/08\/ccn.jpg?fit=924%2C616&resize=525%2C300 1,5x, https:\/\/i0.wp.com\/ccnews.com.ar\/prensa\/wp-content\/uploads\/2017\/08\/ccn.jpg?fit=924%2C616&resize=700%2C400 2x"},"classes":[]},{"id":2331,"url":"http:\/\/ccnews.com.ar\/prensa\/rio-negro-espera-inversiones-petroleras-por-mas-de-us400-millones-en-2017\/","url_meta":{"origin":556,"position":2},"title":"R\u00edo Negro espera inversiones petroleras por m\u00e1s de US$400 millones en 2017","author":"CLUSTERciar","date":"15 noviembre, 2016","format":false,"excerpt":"Las empresas del sector que operan en la provincia buscar\u00e1n aumentar la producci\u00f3n de hidrocarburos, seg\u00fan la previsi\u00f3n del secretario de Energ\u00eda Sebasti\u00e1n Caldiero, quien precis\u00f3 a T\u00e9lam que a fin de este a\u00f1o se registrar\u00e1 un crecimiento anual de 10% en la extracci\u00f3n de gas en el distrito. \"Las\u2026","rel":"","context":"En \u00abEnerg\u00eda y Producci\u00f3n\u00bb","block_context":{"text":"Energ\u00eda y Producci\u00f3n","link":"http:\/\/ccnews.com.ar\/prensa\/category\/energia-y-produccion\/"},"img":{"alt_text":"","src":"","width":0,"height":0},"classes":[]},{"id":9449,"url":"http:\/\/ccnews.com.ar\/prensa\/rio-negro-adjudico-seis-nuevas-areas-hidrocarburiferas-con-el-objetivo-de-ampliar-sus-reservas\/","url_meta":{"origin":556,"position":3},"title":"R\u00edo Negro adjudic\u00f3 seis nuevas \u00e1reas hidrocarbur\u00edferas con el objetivo de ampliar sus reservas","author":"CLUSTERciar","date":"25 noviembre, 2018","format":false,"excerpt":"El Gobierno Provincial adjudic\u00f3 seis nuevas \u00e1reas para obtener m\u00e1s reservas. Las empresas President y Aconcagua Energ\u00eda, se asociar\u00e1n con la estatal EDHIPSA e invertir\u00e1n U$S 68 millones en los pr\u00f3ximos 5 a\u00f1os. Las empresas President y Aconcagua se asociar\u00e1n con la estatal EDHIPSA para explotar los recursos del subsuelo\u2026","rel":"","context":"En \u00abEnerg\u00eda y Producci\u00f3n\u00bb","block_context":{"text":"Energ\u00eda y Producci\u00f3n","link":"http:\/\/ccnews.com.ar\/prensa\/category\/energia-y-produccion\/"},"img":{"alt_text":"","src":"https:\/\/i0.wp.com\/ccnews.com.ar\/prensa\/wp-content\/uploads\/2018\/11\/20181114064301.jpg?fit=640%2C480&resize=350%2C200","width":350,"height":200,"srcset":"https:\/\/i0.wp.com\/ccnews.com.ar\/prensa\/wp-content\/uploads\/2018\/11\/20181114064301.jpg?fit=640%2C480&resize=350%2C200 1x, https:\/\/i0.wp.com\/ccnews.com.ar\/prensa\/wp-content\/uploads\/2018\/11\/20181114064301.jpg?fit=640%2C480&resize=525%2C300 1,5x"},"classes":[]},{"id":13514,"url":"http:\/\/ccnews.com.ar\/prensa\/neuquen-adjudico-el-area-maldita-de-vaca-muerta\/","url_meta":{"origin":556,"position":4},"title":"Neuqu\u00e9n adjudic\u00f3 el \u00e1rea &#8220;maldita&#8221; de Vaca Muerta","author":"admin","date":"7 noviembre, 2019","format":false,"excerpt":"Se trata de Parva Negra Oeste, un bloque que cuenta con una larga historia de reversiones. GyP firm\u00f3 el convenio con Capex que busca incrementar su producci\u00f3n de gas. La empresa provincial Gas y Petr\u00f3leo (GyP) firm\u00f3 con Capex el contrato para la exploraci\u00f3n, desarrollo y producci\u00f3n del \u00e1rea Parva\u2026","rel":"","context":"En \u00abEnerg\u00eda y Producci\u00f3n\u00bb","block_context":{"text":"Energ\u00eda y Producci\u00f3n","link":"http:\/\/ccnews.com.ar\/prensa\/category\/energia-y-produccion\/"},"img":{"alt_text":"","src":"https:\/\/i0.wp.com\/ccnews.com.ar\/prensa\/wp-content\/uploads\/2019\/11\/AAG.NQN-6.11.18-FOTO-YAMIL-REGULES-NOTA-LOCACION-VACA-MUERTA-04.jpg?fit=920%2C517&resize=350%2C200","width":350,"height":200,"srcset":"https:\/\/i0.wp.com\/ccnews.com.ar\/prensa\/wp-content\/uploads\/2019\/11\/AAG.NQN-6.11.18-FOTO-YAMIL-REGULES-NOTA-LOCACION-VACA-MUERTA-04.jpg?fit=920%2C517&resize=350%2C200 1x, https:\/\/i0.wp.com\/ccnews.com.ar\/prensa\/wp-content\/uploads\/2019\/11\/AAG.NQN-6.11.18-FOTO-YAMIL-REGULES-NOTA-LOCACION-VACA-MUERTA-04.jpg?fit=920%2C517&resize=525%2C300 1,5x, https:\/\/i0.wp.com\/ccnews.com.ar\/prensa\/wp-content\/uploads\/2019\/11\/AAG.NQN-6.11.18-FOTO-YAMIL-REGULES-NOTA-LOCACION-VACA-MUERTA-04.jpg?fit=920%2C517&resize=700%2C400 2x"},"classes":[]},{"id":823,"url":"http:\/\/ccnews.com.ar\/prensa\/ypf-y-pampa-entre-las-firmas-que-eligio-el-gobierno-para-aportar-nueva-energia\/","url_meta":{"origin":556,"position":5},"title":"YPF y Pampa, entre las firmas que eligi\u00f3 el Gobierno para aportar nueva energ\u00eda","author":"CLUSTERciar","date":"16 julio, 2016","format":false,"excerpt":"El ministerio de Energ\u00eda recibi\u00f3 20 propuestas para invertir US$ 1.500 millones. Tambi\u00e9n est\u00e1n Genneia, Albanesi, Sullair y Secco. Pampa, YPF, Albanesi y Genneia son algunas de las empresas que se adjudicaron la licitaci\u00f3n para proveer de energ\u00eda el\u00e9ctrica que encar\u00f3 el Gobierno, seg\u00fan se public\u00f3 hoy en el Bolet\u00edn\u2026","rel":"","context":"En \u00abEnerg\u00eda y Producci\u00f3n\u00bb","block_context":{"text":"Energ\u00eda y Producci\u00f3n","link":"http:\/\/ccnews.com.ar\/prensa\/category\/energia-y-produccion\/"},"img":{"alt_text":"","src":"","width":0,"height":0},"classes":[]}],"jetpack_sharing_enabled":true,"_links":{"self":[{"href":"http:\/\/ccnews.com.ar\/prensa\/wp-json\/wp\/v2\/posts\/556","targetHints":{"allow":["GET"]}}],"collection":[{"href":"http:\/\/ccnews.com.ar\/prensa\/wp-json\/wp\/v2\/posts"}],"about":[{"href":"http:\/\/ccnews.com.ar\/prensa\/wp-json\/wp\/v2\/types\/post"}],"author":[{"embeddable":true,"href":"http:\/\/ccnews.com.ar\/prensa\/wp-json\/wp\/v2\/users\/2"}],"replies":[{"embeddable":true,"href":"http:\/\/ccnews.com.ar\/prensa\/wp-json\/wp\/v2\/comments?post=556"}],"version-history":[{"count":0,"href":"http:\/\/ccnews.com.ar\/prensa\/wp-json\/wp\/v2\/posts\/556\/revisions"}],"wp:featuredmedia":[{"embeddable":true,"href":"http:\/\/ccnews.com.ar\/prensa\/wp-json\/wp\/v2\/media\/697"}],"wp:attachment":[{"href":"http:\/\/ccnews.com.ar\/prensa\/wp-json\/wp\/v2\/media?parent=556"}],"wp:term":[{"taxonomy":"category","embeddable":true,"href":"http:\/\/ccnews.com.ar\/prensa\/wp-json\/wp\/v2\/categories?post=556"},{"taxonomy":"post_tag","embeddable":true,"href":"http:\/\/ccnews.com.ar\/prensa\/wp-json\/wp\/v2\/tags?post=556"}],"curies":[{"name":"wp","href":"https:\/\/api.w.org\/{rel}","templated":true}]}}