{"id":559,"date":"2016-05-05T08:14:41","date_gmt":"2016-05-05T11:14:41","guid":{"rendered":"http:\/\/clusterciar.com.ar\/wp\/?p=559"},"modified":"2016-06-01T13:38:32","modified_gmt":"2016-06-01T13:38:32","slug":"ypf-designa-nuevas-autoridades-y-busca-un-ceo","status":"publish","type":"post","link":"http:\/\/ccnews.com.ar\/prensa\/ypf-designa-nuevas-autoridades-y-busca-un-ceo\/","title":{"rendered":"YPF designa nuevas autoridades y busca un CEO"},"content":{"rendered":"<p>La Asamblea General Ordinaria y Extraordinaria de accionistas de la empresa YPF design\u00f3 a Miguel \u00c1ngel Guti\u00e9rrez como presidente de la compa\u00f1\u00eda, en reemplazo de Miguel Galuccio, en una reuni\u00f3n de poco m\u00e1s de cinco horas en la que tambi\u00e9n se renov\u00f3 parte del directorio.<\/p>\n<p>Adem\u00e1s, el nuevo directorio mantuvo tras la Asamblea su primera reuni\u00f3n, en la que designaron de manera interina a Daniel Gonz\u00e1lez con Gerente General (CEO) de la compa\u00f1\u00eda, hasta que se conozca el nombre del directivo que ocupar\u00e1 ese cargo de manera formal. Junto con el cargo interino de CEO, Gonz\u00e1lez seguir\u00e1 desempe\u00f1\u00e1ndose al frente del \u00e1rea financiera de la compa\u00f1\u00eda.<\/p>\n<p>Guti\u00e9rrez reemplaza a Galuccio en la presidencia de la petrolera aunque no como CEO de la misma, tal como se dispuso en la misma asamblea de accionistas que vot\u00f3 favorablemente la propuesta de modificaci\u00f3n del estatuto para escindir el control de los dos cargos por una misma persona, esquema vigente desde la nacionalizaci\u00f3n de la compa\u00f1\u00eda hace cuatro a\u00f1os.<\/p>\n<p>El encuentro que dio comienzo a las 11 y se extendi\u00f3 hasta pocos minutos despu\u00e9s de las 16, en la torre que posee la compa\u00f1\u00eda en el barrio porte\u00f1o de Puerto Madero, tambi\u00e9n se concret\u00f3 la integraci\u00f3n de siete nuevos directores titulares al directorio.<\/p>\n<p>Los nuevos directores -que reemplazan a otros siete que formaban parte de la anterior conducci\u00f3n- son Roberto Monti, Norberto Bruno, Armando Isasmendi, In\u00e9s Leopoldo, Daniel Kokogian, Octavio Frigerio y Luis Domenech, quienes se suman -adem\u00e1s del propio Guti\u00e9rrez- a N\u00e9stor Di Pierro, Juan Donnini, Enrique Vaqui\u00e9, Carlos Felices, Daniel Montamat y Fabi\u00e1n Rodr\u00edguez Sim\u00f3n.<\/p>\n<p>Tambi\u00e9n se mantendr\u00e1 la participaci\u00f3n del ex secretario de Energ\u00eda Emilio Apud como director titular de las acciones de clase A (de las cuales s\u00f3lo es titular el Estado nacional).<\/p>\n<p>Ahora la compa\u00f1\u00eda tiene por delante un proceso de selecci\u00f3n entre postulantes locales y del exterior para ocupar la Gerencia General (CEO) de YPF.<\/p>\n<p>Entre los antecedentes previos a su arribo a la compa\u00f1\u00eda, se destaca de Gonz\u00e1lez su paso como director Titular en Adecoagro S.A. Fondo de Inversi\u00f3n Multinacional en el Sector Agropecuario, su tarea en el banco de inversi\u00f3n Merrill Lynch &amp; Co en Buenos Aires y New York y luego como director en la cadena Farmacity.<\/p>\n<p>Entre las medidas aprobadas por los accionistas durante la Asamblea, se destac\u00f3 la ampliaci\u00f3n del programa global de obligaciones negociables, desde los 8.000 millones de d\u00f3lares vigentes hasta 10.000 millones, y la fusi\u00f3n por absorci\u00f3n de las compa\u00f1\u00edas YPF Inversora Energ\u00e9tica S.A. y Gas Argentino S.A.<\/p>\n<p>&nbsp;<\/p>\n<!-- AddThis Advanced Settings generic via filter on the_content -->","protected":false},"excerpt":{"rendered":"<p>La Asamblea General Ordinaria y Extraordinaria de accionistas de la empresa YPF design\u00f3 a Miguel \u00c1ngel Guti\u00e9rrez como presidente de<!-- AddThis Advanced Settings generic via filter on get_the_excerpt --><\/p>\n","protected":false},"author":2,"featured_media":689,"comment_status":"closed","ping_status":"open","sticky":false,"template":"","format":"standard","meta":{"colormag_page_container_layout":"default_layout","colormag_page_sidebar_layout":"default_layout","jetpack_post_was_ever_published":false,"_jetpack_newsletter_access":"","_jetpack_dont_email_post_to_subs":false,"_jetpack_newsletter_tier_id":0,"_jetpack_memberships_contains_paywalled_content":false,"_jetpack_memberships_contains_paid_content":false,"footnotes":"","jetpack_publicize_message":"","jetpack_publicize_feature_enabled":true,"jetpack_social_post_already_shared":false,"jetpack_social_options":{"image_generator_settings":{"template":"highway","default_image_id":0,"font":"","enabled":false},"version":2}},"categories":[7],"tags":[17],"class_list":["post-559","post","type-post","status-publish","format-standard","has-post-thumbnail","hentry","category-management","tag-otros-medios"],"jetpack_publicize_connections":[],"jetpack_featured_media_url":"https:\/\/i0.wp.com\/ccnews.com.ar\/prensa\/wp-content\/uploads\/2016\/05\/plantilla-1-1.jpg?fit=605%2C172","jetpack_shortlink":"https:\/\/wp.me\/p7L1gj-91","jetpack-related-posts":[{"id":517,"url":"http:\/\/ccnews.com.ar\/prensa\/ypf-ampliara-a-us-10-000-millones-su-programa-de-obligaciones-negociables\/","url_meta":{"origin":559,"position":0},"title":"YPF ampliar\u00e1 a U$S 10.000 millones su programa de obligaciones negociables","author":"CLUSTERciar","date":"27 abril, 2016","format":false,"excerpt":"LA PETROLERA ESTATAL YPF APROBAR\u00c1 LA AMPLIACI\u00d3N DE SU PROGRAMA GLOBAL DE OBLIGACIONES NEGOCIABLES, DESDE LOS U$S 8.000 MILLONES HOY VIGENTE HASTA U$S 10.000 MILLONES, DURANTE LA ASAMBLEA GENERAL ORDINARIA Y EXTRAORDINARIA DEL PR\u00d3XIMO VIERNES, EN LA QUE SE ELEGIR\u00c1 A MIGUEL GUTI\u00c9RREZ COMO PRESIDENTE DE LA COMPA\u00d1\u00cdA, EN REEMPLAZO\u2026","rel":"","context":"En \u00abManagement\u00bb","block_context":{"text":"Management","link":"http:\/\/ccnews.com.ar\/prensa\/category\/management\/"},"img":{"alt_text":"","src":"","width":0,"height":0},"classes":[]},{"id":7283,"url":"http:\/\/ccnews.com.ar\/prensa\/renuncio-kokogian-al-directorio-de-ypf\/","url_meta":{"origin":559,"position":1},"title":"Renunci\u00f3 kokogian al directorio de YPF","author":"admin","date":"25 marzo, 2018","format":false,"excerpt":"Uno de los directores de YPF con mayor formaci\u00f3n en el \u00e1rea de Upstream, comunic\u00f3 su salida de la empresa. Daniel Kokogian, uno de los directores de YPF propuesto en su momento por el ministro de Energ\u00eda, Juan Jos\u00e9 Aranguren, renunci\u00f3 el jueves 22 de marzo a su cargo en\u2026","rel":"","context":"En \u00abEnerg\u00eda y Producci\u00f3n\u00bb","block_context":{"text":"Energ\u00eda y Producci\u00f3n","link":"http:\/\/ccnews.com.ar\/prensa\/category\/energia-y-produccion\/"},"img":{"alt_text":"","src":"https:\/\/i0.wp.com\/ccnews.com.ar\/prensa\/wp-content\/uploads\/2018\/03\/YPF-bandera.jpg?fit=1200%2C670&resize=350%2C200","width":350,"height":200,"srcset":"https:\/\/i0.wp.com\/ccnews.com.ar\/prensa\/wp-content\/uploads\/2018\/03\/YPF-bandera.jpg?fit=1200%2C670&resize=350%2C200 1x, https:\/\/i0.wp.com\/ccnews.com.ar\/prensa\/wp-content\/uploads\/2018\/03\/YPF-bandera.jpg?fit=1200%2C670&resize=525%2C300 1,5x, https:\/\/i0.wp.com\/ccnews.com.ar\/prensa\/wp-content\/uploads\/2018\/03\/YPF-bandera.jpg?fit=1200%2C670&resize=700%2C400 2x, https:\/\/i0.wp.com\/ccnews.com.ar\/prensa\/wp-content\/uploads\/2018\/03\/YPF-bandera.jpg?fit=1200%2C670&resize=1050%2C600 3x"},"classes":[]},{"id":8319,"url":"http:\/\/ccnews.com.ar\/prensa\/el-ceo-de-ypf-confirmo-plan-de-inversiones-en-santa-cruz\/","url_meta":{"origin":559,"position":2},"title":"El CEO de YPF confirm\u00f3 plan de inversiones en Santa Cruz","author":"CLUSTERciar","date":"18 julio, 2018","format":false,"excerpt":"El gerente general y CEO de YPF, Daniel Gonz\u00e1lez, se encuentra recorriendo desde principios de esta semana varios yacimientos que explota la compa\u00f1\u00eda en la cuenca del Golfo San Jorge y ayer fue recibido por el presidente de la comisi\u00f3n de fomento de Ca\u00f1ad\u00f3n Seco, Jorge Soloaga, a quien le\u2026","rel":"","context":"En \u00abEnerg\u00eda y Producci\u00f3n\u00bb","block_context":{"text":"Energ\u00eda y Producci\u00f3n","link":"http:\/\/ccnews.com.ar\/prensa\/category\/energia-y-produccion\/"},"img":{"alt_text":"","src":"https:\/\/i0.wp.com\/ccnews.com.ar\/prensa\/wp-content\/uploads\/2018\/07\/ceo_ypf-750x375.jpg?fit=750%2C375&resize=350%2C200","width":350,"height":200,"srcset":"https:\/\/i0.wp.com\/ccnews.com.ar\/prensa\/wp-content\/uploads\/2018\/07\/ceo_ypf-750x375.jpg?fit=750%2C375&resize=350%2C200 1x, https:\/\/i0.wp.com\/ccnews.com.ar\/prensa\/wp-content\/uploads\/2018\/07\/ceo_ypf-750x375.jpg?fit=750%2C375&resize=525%2C300 1,5x, https:\/\/i0.wp.com\/ccnews.com.ar\/prensa\/wp-content\/uploads\/2018\/07\/ceo_ypf-750x375.jpg?fit=750%2C375&resize=700%2C400 2x"},"classes":[]},{"id":5247,"url":"http:\/\/ccnews.com.ar\/prensa\/exclusivo-ypf-crea-un-comite-ejecutivo-de-seis-miembros-que-manejara-la-compania\/","url_meta":{"origin":559,"position":3},"title":"YPF crea un comit\u00e9 ejecutivo de seis miembros que manejar\u00e1 la compa\u00f1\u00eda","author":"CLUSTERciar","date":"28 agosto, 2017","format":false,"excerpt":"Una serie de cambios profundos comenzaron hoy en YPF, la mayor empresa del pa\u00eds. Su CEO,\u00a0Ricardo Darr\u00e9,\u00a0present\u00f3 esta ma\u00f1ana su renuncia,\u00a0que fue aceptada por Miguel Guti\u00e9rrez, presidente de la empresa, confirmaron fuentes incuestionables a EconoJournal. En paralelo, YPF\u00a0cre\u00f3 un comit\u00e9 ejecutivo de seis miembros que manejar\u00e1 de ahora en m\u00e1s\u2026","rel":"","context":"En \u00abManagement\u00bb","block_context":{"text":"Management","link":"http:\/\/ccnews.com.ar\/prensa\/category\/management\/"},"img":{"alt_text":"","src":"https:\/\/i0.wp.com\/ccnews.com.ar\/prensa\/wp-content\/uploads\/2017\/08\/ccn-13.jpg?fit=600%2C339&resize=350%2C200","width":350,"height":200,"srcset":"https:\/\/i0.wp.com\/ccnews.com.ar\/prensa\/wp-content\/uploads\/2017\/08\/ccn-13.jpg?fit=600%2C339&resize=350%2C200 1x, https:\/\/i0.wp.com\/ccnews.com.ar\/prensa\/wp-content\/uploads\/2017\/08\/ccn-13.jpg?fit=600%2C339&resize=525%2C300 1,5x"},"classes":[]},{"id":606,"url":"http:\/\/ccnews.com.ar\/prensa\/exclusivo-uno-de-estos-tres-ejecutivos-sera-el-proximo-ceo-de-ypf\/","url_meta":{"origin":559,"position":4},"title":"Uno de estos tres ejecutivos ser\u00e1 el pr\u00f3ximo CEO de YPF","author":"CLUSTERciar","date":"31 mayo, 2016","format":false,"excerpt":"La b\u00fasqueda internacional para seleccionar al nuevo CEO de YPF est\u00e1 entrando en su recta final. La consultora Egon Zehnder, a cargo del proceso, configur\u00f3 una lista final de tres candidatos para ocupar el cargo. El corte cuenta, l\u00f3gicamente, con el respaldo del presidente de la mayor petrolera de la\u2026","rel":"","context":"En \u00abManagement\u00bb","block_context":{"text":"Management","link":"http:\/\/ccnews.com.ar\/prensa\/category\/management\/"},"img":{"alt_text":"Ricardo Darr\u00e9 cuenta con una extensa carrera internacional en la francesa Total","src":"http:\/\/i2.wp.com\/elinversoronline.com\/cntnt\/uploads\/2016\/05\/Ricardo-Darr%C3%A9-1.jpg?resize=350%2C200","width":350,"height":200},"classes":[]},{"id":6679,"url":"http:\/\/ccnews.com.ar\/prensa\/como-es-la-estrategia-de-galuccio-en-el-pais\/","url_meta":{"origin":559,"position":5},"title":"C\u00f3mo es la estrategia de Galuccio en el pa\u00eds","author":"CLUSTERciar","date":"4 febrero, 2018","format":false,"excerpt":"La petrolera que dirige compr\u00f3 la participaci\u00f3n de Pampa Energ\u00eda en Petrolera Entre Lomas y va por la porci\u00f3n de Pluspetrol. Desembarc\u00f3 en la Cuenca Neuquina donde inici\u00f3 su plan estrat\u00e9gico con YPF. El \u201cMago\u201d fue el sobrenombre con el que se present\u00f3 a Miguel Galuccio cuando lo convoc\u00f3 el\u2026","rel":"","context":"En \u00abManagement\u00bb","block_context":{"text":"Management","link":"http:\/\/ccnews.com.ar\/prensa\/category\/management\/"},"img":{"alt_text":"","src":"https:\/\/i0.wp.com\/ccnews.com.ar\/prensa\/wp-content\/uploads\/2018\/01\/image_content_9276327_20180117222422.jpg?fit=660%2C370&resize=350%2C200","width":350,"height":200,"srcset":"https:\/\/i0.wp.com\/ccnews.com.ar\/prensa\/wp-content\/uploads\/2018\/01\/image_content_9276327_20180117222422.jpg?fit=660%2C370&resize=350%2C200 1x, https:\/\/i0.wp.com\/ccnews.com.ar\/prensa\/wp-content\/uploads\/2018\/01\/image_content_9276327_20180117222422.jpg?fit=660%2C370&resize=525%2C300 1,5x"},"classes":[]}],"jetpack_sharing_enabled":true,"_links":{"self":[{"href":"http:\/\/ccnews.com.ar\/prensa\/wp-json\/wp\/v2\/posts\/559","targetHints":{"allow":["GET"]}}],"collection":[{"href":"http:\/\/ccnews.com.ar\/prensa\/wp-json\/wp\/v2\/posts"}],"about":[{"href":"http:\/\/ccnews.com.ar\/prensa\/wp-json\/wp\/v2\/types\/post"}],"author":[{"embeddable":true,"href":"http:\/\/ccnews.com.ar\/prensa\/wp-json\/wp\/v2\/users\/2"}],"replies":[{"embeddable":true,"href":"http:\/\/ccnews.com.ar\/prensa\/wp-json\/wp\/v2\/comments?post=559"}],"version-history":[{"count":2,"href":"http:\/\/ccnews.com.ar\/prensa\/wp-json\/wp\/v2\/posts\/559\/revisions"}],"predecessor-version":[{"id":691,"href":"http:\/\/ccnews.com.ar\/prensa\/wp-json\/wp\/v2\/posts\/559\/revisions\/691"}],"wp:featuredmedia":[{"embeddable":true,"href":"http:\/\/ccnews.com.ar\/prensa\/wp-json\/wp\/v2\/media\/689"}],"wp:attachment":[{"href":"http:\/\/ccnews.com.ar\/prensa\/wp-json\/wp\/v2\/media?parent=559"}],"wp:term":[{"taxonomy":"category","embeddable":true,"href":"http:\/\/ccnews.com.ar\/prensa\/wp-json\/wp\/v2\/categories?post=559"},{"taxonomy":"post_tag","embeddable":true,"href":"http:\/\/ccnews.com.ar\/prensa\/wp-json\/wp\/v2\/tags?post=559"}],"curies":[{"name":"wp","href":"https:\/\/api.w.org\/{rel}","templated":true}]}}