{"id":580,"date":"2016-05-12T09:31:23","date_gmt":"2016-05-12T12:31:23","guid":{"rendered":"http:\/\/clusterciar.com.ar\/wp\/?p=580"},"modified":"2016-06-01T13:38:30","modified_gmt":"2016-06-01T13:38:30","slug":"las-agresiones-en-el-futbol-base-senalan-a-los-padres-los-ninos-se-educan-desde-la-violencia","status":"publish","type":"post","link":"http:\/\/ccnews.com.ar\/prensa\/las-agresiones-en-el-futbol-base-senalan-a-los-padres-los-ninos-se-educan-desde-la-violencia\/","title":{"rendered":"Las agresiones en el f\u00fatbol base se\u00f1alan a los padres: &#8220;Los ni\u00f1os se educan desde la violencia&#8221;"},"content":{"rendered":"<p><strong>La violencia se ha instalado en el f\u00fatbol de formaci\u00f3n y los \u00faltimos episodios ponen en el punto de mira a los progenitores de los chavales. <\/strong><\/p>\n<p><strong>Entrenadores y \u00e1rbitros denuncian que &#8220;es un problema cultural y social: los ni\u00f1os se educan desde la violencia por culpa de los padres&#8221;. <\/strong><\/p>\n<p><strong>La creaci\u00f3n de proyectos que eduquen, la formaci\u00f3n de los chicos y sancionar y denunciar m\u00e1s, las claves para erradicar esta lacra.<\/strong><\/p>\n<p>Hace unos d\u00edas, dos padres acabaron a tortazos en un partido de cadetes en Tenerife; semanas atr\u00e1s, la madrastra de un jugador agredi\u00f3 f\u00edsicamente a una \u00e1rbitra en un encuentro de juveniles en Granada; en ese mismo partido, la joven de 18 a\u00f1os tuvo que soportar insultos por parte del presidente del club. Y, este fin de semana, tambi\u00e9n en Granada, un menor de edadagredi\u00f3 a un \u00e1rbitro que dirig\u00eda un partido de infantiles, lo que provoc\u00f3 la suspensi\u00f3n del choque. Son solo algunos ejemplos de una realidad a la que no se puede dar la espalda: la violencia que existe en el f\u00fatbol de base. Cada fin de semana, las im\u00e1genes de trifulcas en los grandes estadios de f\u00fatbol del mundo son el men\u00fa diario para los medios. Estos episodios no distan mucho de lo que realmente pasa en el f\u00fatbol de formaci\u00f3n, donde cada jornada los actos violentos hacen acto de presencia, instal\u00e1ndose en los campos con demasiada frecuencia y convirti\u00e9ndose en la ra\u00edz de lo que luego ocurre a gran escala en los recintos mayores.<\/p>\n<p>En este sentido, en el f\u00fatbol m\u00e1s modesto, y seg\u00fan denuncian \u00e1rbitros y entrenadores, aunque todos tienen su parte de responsabilidad en esta lacra, la realidad muestra que, en la pr\u00e1ctica totalidad de los \u00faltimos episodios violentos, hay un denominador com\u00fan: los padres de los chavales. Ellos pasan a ser protagonistas por encima de sus hijos, que muchas veces optan por tomar el camino que sus padres. Y es ah\u00ed donde lo que podr\u00eda ser una an\u00e9cdota se convierte en un problema grave. Y reiterativo.<\/p>\n<p>&#8220;Hay violencia en el f\u00fatbol base, pero no por los ni\u00f1os, sino por el comportamiento de los padres&#8221;, se\u00f1ala a 20minutos Jes\u00fas, entrenador de categor\u00edas inferiores en el f\u00fatbol regional madrile\u00f1o. Seg\u00fan su experiencia a lo largo de estos a\u00f1os, el problema radica en &#8220;la educaci\u00f3n&#8221; que les dan los padres. &#8220;Ellos se piensan que su hijo es el mejor jugador del mundo, pero la realidad es bien distinta&#8221;.<\/p>\n<p>Seg\u00fan el t\u00e9cnico, los chavales se educan desde la &#8220;falta del respeto al contrario y al \u00e1rbitro&#8221;, algo que luego se traduce en agresiones entre los propios jugadores o hacia el trencilla. Ante esto, \u00bfqu\u00e9 pueden hacer los t\u00e9cnicos que, como \u00e9l, entrenan diariamente con estos chicos? &#8220;Formarles. Se trata de competir, de divertirse, no de ganar, ganar y solo ganar. Por eso, habr\u00eda que premiar a aquellos jugadores que tengan un comportamiento ejemplar&#8221;. Y, en cuanto a los padres, &#8220;a los que tengan ese comportamiento delante de los chavales, habr\u00eda que prohibirles ir a los campos&#8221;, dice Jes\u00fas.<\/p>\n<p>Comportamientos que sufren, jornada tras jornada, tambi\u00e9n los \u00e1rbitros. Pilar (nombre ficticio), \u00e1rbitra de 18 a\u00f1os, denunci\u00f3 hace unas semanas en 20minutos la paliza que le propin\u00f3 la madrastra de un jugador.\u00a0<span style=\"line-height: 1.5;\">Lamentablemente, no fue un hecho aislado. &#8220;Llevo tres a\u00f1os arbitrando. Ya hab\u00eda tenido otros episodios de insultos, pero nunca una agresi\u00f3n f\u00edsica. Por eso yo no entro en este tipo de cosas&#8221;, se\u00f1ala. <\/span><\/p>\n<p><span style=\"line-height: 1.5;\">El Sindicato de \u00c1rbitros realiza desde hace dos a\u00f1os una labor de denuncia, para que todos estos casos no queden en el olvido. &#8220;Hay violencia en la pr\u00e1ctica totalidad de los partidos. Hay muy pocos equipos implicados en la lucha contra la violencia. Cuando hablamos de f\u00fatbol de formaci\u00f3n, el problema no son los jugadores, el problema est\u00e1 en la grada. En porcentaje, hablar\u00edamos de que ellos (los padres) son el 80% del problema&#8221;, denuncian desde el Sindicato. Los padres representan el 80% del problema de la violencia en el f\u00fatbol de base <\/span><\/p>\n<p><span style=\"line-height: 1.5;\">Sin embargo, es problema de todos. &#8220;Clubes y entrenadores podr\u00edan poner m\u00e1s de su parte, siempre hay que exigirles m\u00e1s&#8221;, creen los colegiados, &#8220;aunque es una realidad que el germen de la violencia a este nivel est\u00e1 en la grada. En esa competitividad que exigen los padres y el &#8216;todo vale&#8217; con tal de ganar&#8221;, aseguran. <\/span><\/p>\n<p><span style=\"line-height: 1.5;\">La violencia en el f\u00fatbol, sobre todo en los equipos amateurs, &#8220;es un problema cultural y social&#8221;. &#8220;Los ni\u00f1os se educan desde la violencia por culpa de los padres, que les hacen ver a los \u00e1rbitros como sus enemigos&#8221;. <\/span><\/p>\n<p><span style=\"line-height: 1.5;\">Y desde los organismos oficiales, \u00bfqu\u00e9 se puede hacer? &#8220;Hay que poner sanciones, por supuesto, pero no creemos que se solucione solo con eso. Creemos en la educaci\u00f3n. Habr\u00eda que crear proyectos desde el f\u00fatbol base que eduquen, como parar partidos si hay violencia en la grada, algo que se est\u00e1 empezando a aplicar en Catalu\u00f1a&#8221;. Los \u00e1rbitros, como grandes damnificados de esta lacra \u201450 agresiones f\u00edsicas cada fin de semana\u2014, deber\u00edan tambi\u00e9n aportar su granito de arena. &#8220;Este colectivo tiene mucho que cambiar tambi\u00e9n. Lamentablemente, hay muy pocas denuncias porque no est\u00e1 muy bien visto&#8221;. <\/span><\/p>\n<p><strong><span style=\"line-height: 1.5;\">No solo los padres&#8230; <\/span><\/strong><\/p>\n<p><span style=\"line-height: 1.5;\">Los padres se sit\u00faan en el punto de mira de este tipo de violencia en el f\u00fatbol de base, pero no hay que obviar que muchos episodios provienen de los propios jugadores o de los directivos de los equipos. La Liga persigue comportamientos violentos, pero a nivel de \u00e9lite<\/span><\/p>\n<p><span style=\"line-height: 1.5;\">Y, en la \u00e9lite, los aficionados de los equipos y los futbolistas tampoco obedecen muchas veces al fair play. &#8220;Nos consta que la Liga de F\u00fatbol profesional est\u00e1 persiguiendo estos comportamientos. Sin embargo, no podemos decir lo mismo de la Federaci\u00f3n Espa\u00f1ola de F\u00fatbol y sus federaciones territoriales o del Consejo Superior de Deportes&#8221;, aseguran los \u00e1rbitros. <\/span><\/p>\n<p><span style=\"line-height: 1.5;\">&#8220;<\/span><span style=\"line-height: 1.5;\">El problema es que el \u00e1mbito profesional de la Liga es el f\u00fatbol de \u00e9lite, no el de las categor\u00edas de formaci\u00f3n. Para conseguir un f\u00fatbol sin violencia en las categor\u00edas de \u00e9lite, hay que trabajar primero la base&#8221;, creen desde este sindicato.<\/span><br \/>\nFuente: Veinte Minutos<\/p>\n<!-- AddThis Advanced Settings generic via filter on the_content -->","protected":false},"excerpt":{"rendered":"<p>La violencia se ha instalado en el f\u00fatbol de formaci\u00f3n y los \u00faltimos episodios ponen en el punto de mira<!-- AddThis Advanced Settings generic via filter on get_the_excerpt --><\/p>\n","protected":false},"author":2,"featured_media":667,"comment_status":"closed","ping_status":"open","sticky":false,"template":"","format":"standard","meta":{"colormag_page_container_layout":"default_layout","colormag_page_sidebar_layout":"default_layout","jetpack_post_was_ever_published":false,"_jetpack_newsletter_access":"","_jetpack_dont_email_post_to_subs":false,"_jetpack_newsletter_tier_id":0,"_jetpack_memberships_contains_paywalled_content":false,"_jetpack_memberships_contains_paid_content":false,"footnotes":"","jetpack_publicize_message":"","jetpack_publicize_feature_enabled":true,"jetpack_social_post_already_shared":false,"jetpack_social_options":{"image_generator_settings":{"template":"highway","default_image_id":0,"font":"","enabled":false},"version":2}},"categories":[19],"tags":[17],"class_list":["post-580","post","type-post","status-publish","format-standard","has-post-thumbnail","hentry","category-educacion-sociedad","tag-otros-medios"],"jetpack_publicize_connections":[],"jetpack_featured_media_url":"https:\/\/i0.wp.com\/ccnews.com.ar\/prensa\/wp-content\/uploads\/2016\/05\/plantilla-3.jpg?fit=605%2C172","jetpack_shortlink":"https:\/\/wp.me\/p7L1gj-9m","jetpack-related-posts":[{"id":8343,"url":"http:\/\/ccnews.com.ar\/prensa\/experiencia-espiritual\/","url_meta":{"origin":580,"position":0},"title":"Experiencia Espiritual","author":"CLUSTERciar","date":"16 julio, 2018","format":false,"excerpt":"Estar consciente en el momento presente, y unir el cuerpo con la mente, que siempre corre hacia el futuro o quiere volver al pasado. O sea, vivir con intensidad, estar atentos y no perderse detalle de todo lo que pasa y nos pasa aqu\u00ed y ahora. El mindfulness no es\u2026","rel":"","context":"En \u00abEducaci\u00f3n\/Sociedad\u00bb","block_context":{"text":"Educaci\u00f3n\/Sociedad","link":"http:\/\/ccnews.com.ar\/prensa\/category\/educacion-sociedad\/"},"img":{"alt_text":"","src":"https:\/\/i0.wp.com\/ccnews.com.ar\/prensa\/wp-content\/uploads\/2018\/07\/nueva_1530280443_381071.png?fit=700%2C430&resize=350%2C200","width":350,"height":200,"srcset":"https:\/\/i0.wp.com\/ccnews.com.ar\/prensa\/wp-content\/uploads\/2018\/07\/nueva_1530280443_381071.png?fit=700%2C430&resize=350%2C200 1x, https:\/\/i0.wp.com\/ccnews.com.ar\/prensa\/wp-content\/uploads\/2018\/07\/nueva_1530280443_381071.png?fit=700%2C430&resize=525%2C300 1,5x, https:\/\/i0.wp.com\/ccnews.com.ar\/prensa\/wp-content\/uploads\/2018\/07\/nueva_1530280443_381071.png?fit=700%2C430&resize=700%2C400 2x"},"classes":[]},{"id":14522,"url":"http:\/\/ccnews.com.ar\/prensa\/dia-internacional-de-la-internet-segura-a-que-riesgos-se-exponen-ninos-ninas-y-adolescentes\/","url_meta":{"origin":580,"position":1},"title":"D\u00eda Internacional de la Internet Segura: \u00bfa qu\u00e9 riesgos se exponen ni\u00f1os, ni\u00f1as y adolescentes?","author":"Editor","date":"11 febrero, 2020","format":false,"excerpt":"Con el objetivo de generar conciencia sobre los riesgos en la web y compartir iniciativas para generar soluciones, el 11 de febrero se celebra el D\u00eda Internacional de la Internet Segura. CCNews convers\u00f3 con una de las directoras de la Asociaci\u00f3n Chicos.net, entidad que lidera el evento en la Argentina.\u2026","rel":"","context":"En \u00abEducaci\u00f3n\/Sociedad\u00bb","block_context":{"text":"Educaci\u00f3n\/Sociedad","link":"http:\/\/ccnews.com.ar\/prensa\/category\/educacion-sociedad\/"},"img":{"alt_text":"","src":"https:\/\/i0.wp.com\/ccnews.com.ar\/prensa\/wp-content\/uploads\/2020\/02\/nota.jpg?fit=816%2C426&resize=350%2C200","width":350,"height":200,"srcset":"https:\/\/i0.wp.com\/ccnews.com.ar\/prensa\/wp-content\/uploads\/2020\/02\/nota.jpg?fit=816%2C426&resize=350%2C200 1x, https:\/\/i0.wp.com\/ccnews.com.ar\/prensa\/wp-content\/uploads\/2020\/02\/nota.jpg?fit=816%2C426&resize=525%2C300 1,5x, https:\/\/i0.wp.com\/ccnews.com.ar\/prensa\/wp-content\/uploads\/2020\/02\/nota.jpg?fit=816%2C426&resize=700%2C400 2x"},"classes":[]},{"id":230,"url":"http:\/\/ccnews.com.ar\/prensa\/capacitacion-sobre-primeros-auxilios-y-rcp-en-clubes\/","url_meta":{"origin":580,"position":2},"title":"Capacitaci\u00f3n sobre primeros auxilios y RCP en Clubes","author":"CLUSTERciar","date":"11 octubre, 2015","format":false,"excerpt":"Dentro del marco de las actividades del PPV (Programa Potenciar Valores) Deportes de la\u00a0Fundaci\u00f3n Potenciar, se est\u00e1n dictando charlas tem\u00e1ticas en los\u00a0Clubes. Para iniciar el ciclo se brind\u00f3 una capacitaci\u00f3n sobre\u00a0primeros auxilios y RCP llevada a cabo por Roxana Castillo y Pedro\u00a0Gagey, colaboradores del sector de CSMS de las empresas\u2026","rel":"","context":"En \u00abEducaci\u00f3n\/Sociedad\u00bb","block_context":{"text":"Educaci\u00f3n\/Sociedad","link":"http:\/\/ccnews.com.ar\/prensa\/category\/educacion-sociedad\/"},"img":{"alt_text":"20150629_210120","src":"https:\/\/i0.wp.com\/clusterciar.com.ar\/wp\/wp-content\/uploads\/2016\/03\/20150629_210120-300x169.jpg?resize=350%2C200","width":350,"height":200},"classes":[]},{"id":9169,"url":"http:\/\/ccnews.com.ar\/prensa\/del-colegio-a-la-colonia-sin-descanso-las-numerosas-actividades-de-los-chicos-de-hoy\/","url_meta":{"origin":580,"position":3},"title":"Del colegio a la colonia, sin descanso: las numerosas actividades de los chicos de hoy","author":"CLUSTERciar","date":"24 octubre, 2018","format":false,"excerpt":"Tras finalizar el ciclo lectivo, muchos ni\u00f1os comienzan inmediatamente la colonia de vacaciones. Entrevistamos a\u00a0Esteban Rowensztein, secretario del Comit\u00e9 de Pediatr\u00eda Ambulatoria de la Sociedad Argentina de Pediatr\u00eda, para conocer c\u00f3mo impacta esto en los m\u00e1s chicos de la casa.\u00a0\u00a0 El jard\u00edn o el colegio, la colonia de vacaciones y\u2026","rel":"","context":"En \u00abEducaci\u00f3n\/Sociedad\u00bb","block_context":{"text":"Educaci\u00f3n\/Sociedad","link":"http:\/\/ccnews.com.ar\/prensa\/category\/educacion-sociedad\/"},"img":{"alt_text":"","src":"https:\/\/i0.wp.com\/ccnews.com.ar\/prensa\/wp-content\/uploads\/2018\/10\/vbGJNopkk_930x525__1.jpg?fit=930%2C525&resize=350%2C200","width":350,"height":200,"srcset":"https:\/\/i0.wp.com\/ccnews.com.ar\/prensa\/wp-content\/uploads\/2018\/10\/vbGJNopkk_930x525__1.jpg?fit=930%2C525&resize=350%2C200 1x, https:\/\/i0.wp.com\/ccnews.com.ar\/prensa\/wp-content\/uploads\/2018\/10\/vbGJNopkk_930x525__1.jpg?fit=930%2C525&resize=525%2C300 1,5x, https:\/\/i0.wp.com\/ccnews.com.ar\/prensa\/wp-content\/uploads\/2018\/10\/vbGJNopkk_930x525__1.jpg?fit=930%2C525&resize=700%2C400 2x"},"classes":[]},{"id":5561,"url":"http:\/\/ccnews.com.ar\/prensa\/como-son-como-seran\/","url_meta":{"origin":580,"position":4},"title":"C\u00f3mo son c\u00f3mo ser\u00e1n","author":"CLUSTERciar","date":"9 octubre, 2017","format":false,"excerpt":"La actualidad resignific\u00f3 los par\u00e1metros de la infancia. Dos especialistas debaten sobre el rol que juegan los padres, la escuela y las nuevas tecnolog\u00edas en los adultos del futuro. \u00bfQu\u00e9 chicos se cr\u00edan en estos tiempos de tecnolog\u00eda? \u00bfQu\u00e9 rol juegan los padres actuales, acusados de intentar ser eternos adolescentes?\u2026","rel":"","context":"En \u00abEducaci\u00f3n\/Sociedad\u00bb","block_context":{"text":"Educaci\u00f3n\/Sociedad","link":"http:\/\/ccnews.com.ar\/prensa\/category\/educacion-sociedad\/"},"img":{"alt_text":"","src":"https:\/\/i0.wp.com\/ccnews.com.ar\/prensa\/wp-content\/uploads\/2017\/09\/1.png?fit=842%2C344&resize=350%2C200","width":350,"height":200,"srcset":"https:\/\/i0.wp.com\/ccnews.com.ar\/prensa\/wp-content\/uploads\/2017\/09\/1.png?fit=842%2C344&resize=350%2C200 1x, https:\/\/i0.wp.com\/ccnews.com.ar\/prensa\/wp-content\/uploads\/2017\/09\/1.png?fit=842%2C344&resize=525%2C300 1,5x, https:\/\/i0.wp.com\/ccnews.com.ar\/prensa\/wp-content\/uploads\/2017\/09\/1.png?fit=842%2C344&resize=700%2C400 2x"},"classes":[]},{"id":6621,"url":"http:\/\/ccnews.com.ar\/prensa\/dos-consejos-para-padres-que-pueden-ayudar-a-combatir-la-miopia-en-sus-hijos\/","url_meta":{"origin":580,"position":5},"title":"Dos consejos para padres que pueden ayudar a combatir la miop\u00eda en sus hijos","author":"CLUSTERciar","date":"27 enero, 2018","format":false,"excerpt":"Reducir el tiempo que los ni\u00f1os pasan ante una pantalla es una batalla diaria dif\u00edcil de ganar a largo plazo, pero estas estrategias pueden ayudar a prevenir la aparici\u00f3n de la miop\u00eda en los m\u00e1s peque\u00f1os Reducir el tiempo que los ni\u00f1os pasan ante una pantalla es una batalla diaria\u2026","rel":"","context":"En \u00abEducaci\u00f3n\/Sociedad\u00bb","block_context":{"text":"Educaci\u00f3n\/Sociedad","link":"http:\/\/ccnews.com.ar\/prensa\/category\/educacion-sociedad\/"},"img":{"alt_text":"","src":"https:\/\/i0.wp.com\/ccnews.com.ar\/prensa\/wp-content\/uploads\/2018\/01\/2600797h765.jpg?fit=1200%2C675&resize=350%2C200","width":350,"height":200,"srcset":"https:\/\/i0.wp.com\/ccnews.com.ar\/prensa\/wp-content\/uploads\/2018\/01\/2600797h765.jpg?fit=1200%2C675&resize=350%2C200 1x, https:\/\/i0.wp.com\/ccnews.com.ar\/prensa\/wp-content\/uploads\/2018\/01\/2600797h765.jpg?fit=1200%2C675&resize=525%2C300 1,5x, https:\/\/i0.wp.com\/ccnews.com.ar\/prensa\/wp-content\/uploads\/2018\/01\/2600797h765.jpg?fit=1200%2C675&resize=700%2C400 2x, https:\/\/i0.wp.com\/ccnews.com.ar\/prensa\/wp-content\/uploads\/2018\/01\/2600797h765.jpg?fit=1200%2C675&resize=1050%2C600 3x"},"classes":[]}],"jetpack_sharing_enabled":true,"_links":{"self":[{"href":"http:\/\/ccnews.com.ar\/prensa\/wp-json\/wp\/v2\/posts\/580","targetHints":{"allow":["GET"]}}],"collection":[{"href":"http:\/\/ccnews.com.ar\/prensa\/wp-json\/wp\/v2\/posts"}],"about":[{"href":"http:\/\/ccnews.com.ar\/prensa\/wp-json\/wp\/v2\/types\/post"}],"author":[{"embeddable":true,"href":"http:\/\/ccnews.com.ar\/prensa\/wp-json\/wp\/v2\/users\/2"}],"replies":[{"embeddable":true,"href":"http:\/\/ccnews.com.ar\/prensa\/wp-json\/wp\/v2\/comments?post=580"}],"version-history":[{"count":1,"href":"http:\/\/ccnews.com.ar\/prensa\/wp-json\/wp\/v2\/posts\/580\/revisions"}],"predecessor-version":[{"id":623,"href":"http:\/\/ccnews.com.ar\/prensa\/wp-json\/wp\/v2\/posts\/580\/revisions\/623"}],"wp:featuredmedia":[{"embeddable":true,"href":"http:\/\/ccnews.com.ar\/prensa\/wp-json\/wp\/v2\/media\/667"}],"wp:attachment":[{"href":"http:\/\/ccnews.com.ar\/prensa\/wp-json\/wp\/v2\/media?parent=580"}],"wp:term":[{"taxonomy":"category","embeddable":true,"href":"http:\/\/ccnews.com.ar\/prensa\/wp-json\/wp\/v2\/categories?post=580"},{"taxonomy":"post_tag","embeddable":true,"href":"http:\/\/ccnews.com.ar\/prensa\/wp-json\/wp\/v2\/tags?post=580"}],"curies":[{"name":"wp","href":"https:\/\/api.w.org\/{rel}","templated":true}]}}