{"id":5871,"date":"2017-11-07T08:00:52","date_gmt":"2017-11-07T11:00:52","guid":{"rendered":"http:\/\/clusterciarnews.com.ar\/prensa\/?p=5871"},"modified":"2017-11-07T08:16:00","modified_gmt":"2017-11-07T11:16:00","slug":"amazon-en-la-argentina-como-comprar-en-la-tienda-on-line-mas-grande-del-mundo","status":"publish","type":"post","link":"http:\/\/ccnews.com.ar\/prensa\/amazon-en-la-argentina-como-comprar-en-la-tienda-on-line-mas-grande-del-mundo\/","title":{"rendered":"Amazon en la Argentina: c\u00f3mo comprar en la tienda on line m\u00e1s grande del mundo"},"content":{"rendered":"<p class=\"primero\">a apertura de la tienda on line\u00a0<a class=\"link\" href=\"http:\/\/www.lanacion.com.ar\/2073882-amazon-confirmo-que-planea-instalarse-en-el-pais-con-una-filial-de-servicios\" target=\"_blank\" rel=\"noopener\">Amazon a Brasil<\/a>\u00a0tuvo sus efectos m\u00e1s all\u00e1 de las fronteras del pa\u00eds vecino y se sintieron en la Argentina\u00a0<a class=\"link\" href=\"http:\/\/www.lanacion.com.ar\/2073681-la-llegada-de-amazon-a-la-argentina-su-expansion-en-brasil-y-el-impacto-en-mercado-libre\" target=\"_blank\" rel=\"noopener\">hasta llegar a Mercado Libre<\/a>, la plataforma de comercio electr\u00f3nico minorista referente de la regi\u00f3n\u00a0<a class=\"link\" href=\"http:\/\/www.lanacion.com.ar\/1722201-mercadolibre-cumplio-15-anos\" target=\"_blank\" rel=\"noopener\">desde hace 15 a\u00f1os<\/a>. Al margen de los fuertes rumores del desembarco de\u00a0<a class=\"tema topico amazon\" title=\"Ver todas las notas de Amazon\" href=\"http:\/\/www.lanacion.com.ar\/amazon-t48479\">Amazon.com<\/a>en el mercado local, lo concreto es que la compa\u00f1\u00eda liderada por Jeff Bezos buscar\u00e1 fortalecer su presencia\u00a0<a class=\"link\" href=\"http:\/\/www.lanacion.com.ar\/2073882-amazon-confirmo-que-planea-instalarse-en-el-pais-con-una-filial-de-servicios\" target=\"_blank\" rel=\"noopener\">mediante Amazon Web Services<\/a>, la divisi\u00f3n proveedora de almacenamiento y servicios on line de valor agregado, que tuvo su antecedente en el reciente acuerdo con el Ministerio de Modernizaci\u00f3n.<\/p>\n<p>Sin embargo, toda la expectativa y el inter\u00e9s del comprador on line argentino est\u00e1 puesta en Amazon.com, una plataforma referente dentro del mundo del comercio electr\u00f3nico, que comenz\u00f3 con la venta de libros por Internet y que termin\u00f3 por posicionarse como la tienda on line m\u00e1s grande del mundo.<\/p>\n<h2>C\u00f3mo funciona Amazon<\/h2>\n<aside id=\"videoContainerVideo-92103\" class=\"L video LN_include_inited\" data-video_id=\"92103\" data-multimediofile_id=\"106639\" data-jwkey=\"ph2ZVjZA\" data-multimediojwkey=\"\" data-destacado=\"0\" data-showads=\"0\" data-property=\"0\" data-videotag_home=\"\" data-arraytags=\"58478\" data-contenedor=\"nota\" data-duracion=\"160.11\">\n<div id=\"jwVideo106639\" class=\"jwplayer jw-reset jw-state-idle jw-skin-roundster jw-stretch-uniform jw-flag-aspect-mode jw-flag-user-inactive\" tabindex=\"0\"><\/div>\n<p>Por qu\u00e9 Jeff Bezos desafi\u00f3 los l\u00edmites<\/p>\n<\/aside>\n<p>Amazon.com es la versi\u00f3n estadounindense m\u00e1s reconocida, que tambi\u00e9n tienen sus ediciones tanto para Australia, el mercado europeo, India, Jap\u00f3n, M\u00e9xico y ahora Brasil, con el reciente despliegue de la tienda.\u00a0<a class=\"link\" href=\"http:\/\/www.lanacion.com.ar\/1973256-por-que-jeff-bezos-desafio-los-limites\" target=\"_blank\" rel=\"noopener\">Jeff Bezos<\/a>\u00a0comenz\u00f3 las operaciones de la compa\u00f1\u00eda en 1994, cuando una incipiente World Wide Web daba sus primeros pasos. En su momento la tienda se llamaba Cadabra y luego decidi\u00f3 adoptar el nombre actual un a\u00f1o m\u00e1s tarde.<\/p>\n<p>La tienda opera con sus dep\u00f3sitos propios distribuidos en todo Estados Unidos, con un control del proceso de venta que va desde el almacenamiento de los productos hasta la log\u00edstica y su posterior entrega. A su vez, su cat\u00e1logo tambi\u00e9n cuenta con tiendas , minoristas o marcas que utilizan sus dep\u00f3sitos y adem\u00e1s ofrece la plataforma para vendedores externos independientes. De esta forma, el dominio de esta cadena de comercializaci\u00f3n le permite a Amazon ofrecer el servicio de abono anual con entregas sin cargo, denominado Prime, que se destaca por el seguimiento detallado y la puntualidad en el proceso de entrega.<\/p>\n<p>En los \u00faltimos a\u00f1os, ante las diversas normativas implementadas en la compra de productos en tiendas del extranjero, Amazon.com dej\u00f3 de ofrecer gran parte de su cat\u00e1logo para los clientes argentinos. Por el momento, s\u00f3lo se pueden realizar compras en la tienda si se despacha el pedido a un domicilio en Estados Unidos o a algunos de los Amazon Lockers, el sistema basado en puntos de retiro ubicados en Nueva York, Chicago, San Francisco y diversos centros urbanos estadounidenses.<\/p>\n<h2>Compras por courier en Amazon Europa<\/h2>\n<figure class=\"L\">\n<div class=\"conModal f-imagenRelacionada\" data-notaid=\"2074015\" data-imagenid=\"2554405\" data-tipo=\"imagen\" data-extension=\"jpg\" data-esrelacionada=\"0\"><img data-recalc-dims=\"1\" decoding=\"async\" id=\"imagen_2554405\" class=\"f-sinGif\" src=\"https:\/\/i0.wp.com\/bucket3.glanacion.com\/anexos\/fotos\/05\/tecnologia-2554405w640.jpg?w=800\" alt=\"Las compras en Amazon se realizan por correo privado o courier, est\u00e1n limitadas a cinco pedidos y se pueden realizar desde las versiones europeas de la tienda on line de Jeff Bezos\" data-imagenid=\"2554405\" \/><\/div><figcaption id=\"epigrafe2554405\">Las compras en Amazon se realizan por correo privado o courier, est\u00e1n limitadas a cinco pedidos y se pueden realizar desde las versiones europeas de la tienda on line de Jeff Bezos.<\/figcaption><div class=\"herramientas floatFix\"><\/div>\n<\/figure>\n<p>Debido a la restricci\u00f3n que tiene Amazon.com para el mercado argentino, la alternativa que encontraron los usuarios locales estuvo en la versi\u00f3n europea de la tienda on line. De esta forma, Amazon de Espa\u00f1a, Reino Unido o Alemania se convirtieron en los nuevos destinos de compra.<\/p>\n<p>\u00bfC\u00f3mo se realiza una compra en Amazon.es, Amazon.co.uk o Amazon.de? Ante todo, vale recordar cu\u00e1les son las opciones de\u00a0<a class=\"link\" href=\"http:\/\/www.lanacion.com.ar\/2051851-por-encargue-o-puerta-a-puerta-como-comprar-en-el-exterior-por-internet\" target=\"_blank\" rel=\"noopener\">compra on line puerta a puerta que autoriza la AFIP<\/a>\u00a0en sitios extranjeros: mediante un correo estatal (sin l\u00edmite de pedidos pero con un tope de 200 d\u00f3lares por compra) o mediante un correo privado, conocido tambi\u00e9n como courier, que es la que se utiliza para comprar en las tiendas europeas de Amazon.<\/p>\n<p>La modalidad de compra on line por courier en Amazon cuenta con una serie de condiciones:<\/p>\n<p class=\"icon-bullet-grande\">Se pueden realizar cinco env\u00edos al a\u00f1o por persona.<\/p>\n<p class=\"icon-bullet-grande\">En las versiones europeas de Amazon el monto de los impuestos adicionales se calcula de forma autom\u00e1tica y aproximada, y se incluye en el precio final junto al costo de env\u00edo. De esta forma se facilita el proceso administrativo al momento de entrega.<\/p>\n<p class=\"icon-bullet-grande\">El monto m\u00e1ximo del producto debe ser de 1000 d\u00f3lares (sin contar con los gastos de env\u00edo e impuestos adicionales) y de hasta 50 kilos de peso. De forma puntual y por una cuesti\u00f3n administrativa de esta tienda, Amazon.es cuenta con un l\u00edmite de unos 650 euros, de acuerdo a lo reportado por\u00a0<a class=\"link\" href=\"https:\/\/www.facebook.com\/OportunidadesOnlineArgentina\/\" target=\"_blank\" rel=\"noopener\">Oportunidades Online Argentina<\/a>, una comunidad de usuarios que realiza un seguimiento de las compras realizadas en Amazon Europa para usuarios argentinos.<\/p>\n<p class=\"icon-bullet-grande\">Una vez que se recibe el pedido, se debe ingresar al sitio de la AFIP para confirmar la operaci\u00f3n, y de esta forma queda registro de la compra<\/p>\n<p>&nbsp;<\/p>\n<p>Fuente: La Naci\u00f3n<\/p>\n<!-- AddThis Advanced Settings generic via filter on the_content -->","protected":false},"excerpt":{"rendered":"<p>a apertura de la tienda on line\u00a0Amazon a Brasil\u00a0tuvo sus efectos m\u00e1s all\u00e1 de las fronteras del pa\u00eds vecino y<!-- AddThis Advanced Settings generic via filter on get_the_excerpt --><\/p>\n","protected":false},"author":2,"featured_media":5873,"comment_status":"closed","ping_status":"closed","sticky":false,"template":"","format":"standard","meta":{"colormag_page_container_layout":"default_layout","colormag_page_sidebar_layout":"default_layout","jetpack_post_was_ever_published":false,"_jetpack_newsletter_access":"","_jetpack_dont_email_post_to_subs":false,"_jetpack_newsletter_tier_id":0,"_jetpack_memberships_contains_paywalled_content":false,"_jetpack_memberships_contains_paid_content":false,"footnotes":"","jetpack_publicize_message":"","jetpack_publicize_feature_enabled":true,"jetpack_social_post_already_shared":true,"jetpack_social_options":{"image_generator_settings":{"template":"highway","default_image_id":0,"font":"","enabled":false},"version":2}},"categories":[5],"tags":[17],"class_list":["post-5871","post","type-post","status-publish","format-standard","has-post-thumbnail","hentry","category-transformacion-digital","tag-otros-medios"],"jetpack_publicize_connections":[],"jetpack_featured_media_url":"https:\/\/i0.wp.com\/ccnews.com.ar\/prensa\/wp-content\/uploads\/2017\/10\/tecnologia-2249261w620.jpg?fit=620%2C348","jetpack_shortlink":"https:\/\/wp.me\/p7L1gj-1wH","jetpack-related-posts":[{"id":16032,"url":"http:\/\/ccnews.com.ar\/prensa\/toda-crisis-es-una-oportunidad-cuales-son-los-nuevos-marketplace-que-nacieron-en-pandemia\/","url_meta":{"origin":5871,"position":0},"title":"Toda crisis es una oportunidad: cu\u00e1les son los nuevos marketplace que nacieron en pandemia","author":"Editor","date":"11 septiembre, 2020","format":false,"excerpt":"El comercio electr\u00f3nico explot\u00f3 y creci\u00f3 durante los meses de aislamiento. Los marketplace tem\u00e1ticos encontraron all\u00ed una oportunidad","rel":"","context":"En \u00abManagement\u00bb","block_context":{"text":"Management","link":"http:\/\/ccnews.com.ar\/prensa\/category\/management\/"},"img":{"alt_text":"","src":"https:\/\/i0.wp.com\/ccnews.com.ar\/prensa\/wp-content\/uploads\/2020\/09\/500436.jpg?fit=880%2C495&resize=350%2C200","width":350,"height":200,"srcset":"https:\/\/i0.wp.com\/ccnews.com.ar\/prensa\/wp-content\/uploads\/2020\/09\/500436.jpg?fit=880%2C495&resize=350%2C200 1x, https:\/\/i0.wp.com\/ccnews.com.ar\/prensa\/wp-content\/uploads\/2020\/09\/500436.jpg?fit=880%2C495&resize=525%2C300 1,5x, https:\/\/i0.wp.com\/ccnews.com.ar\/prensa\/wp-content\/uploads\/2020\/09\/500436.jpg?fit=880%2C495&resize=700%2C400 2x"},"classes":[]},{"id":5447,"url":"http:\/\/ccnews.com.ar\/prensa\/bp-y-bridas-fusionarian-sus-activos-petroleros-en-la-argentina\/","url_meta":{"origin":5871,"position":1},"title":"BP y Bridas fusionar\u00edan sus activos petroleros en la Argentina","author":"CLUSTERciar","date":"12 septiembre, 2017","format":false,"excerpt":"La petrolera brit\u00e1nica BP y Bridas, propiedad de la china CNOOC y la familia argentina Bulgheroni, estar\u00edan cerca de oficializar la integraci\u00f3n de sus activos petroleros en la regi\u00f3n. El acuerdo podr\u00eda anunciarse en breve. As\u00ed lo aseguraron a EconoJournal fuentes internacionales del mercado energ\u00e9tico que siguen de cerca la\u2026","rel":"","context":"En \u00abEnerg\u00eda y Producci\u00f3n\u00bb","block_context":{"text":"Energ\u00eda y Producci\u00f3n","link":"http:\/\/ccnews.com.ar\/prensa\/category\/energia-y-produccion\/"},"img":{"alt_text":"","src":"https:\/\/i0.wp.com\/ccnews.com.ar\/prensa\/wp-content\/uploads\/2017\/09\/exclusivo110917.jpg?fit=250%2C250&resize=350%2C200","width":350,"height":200},"classes":[]},{"id":16538,"url":"http:\/\/ccnews.com.ar\/prensa\/billeteras-digitales-en-argentina-que-desafios-podrian-cortar-su-despliegue\/","url_meta":{"origin":5871,"position":2},"title":"Billeteras digitales en Argentina: \u00bfQu\u00e9 desaf\u00edos podr\u00edan cortar su despliegue?","author":"Editor","date":"17 febrero, 2021","format":false,"excerpt":"Las billeteras digitales en Argentina est\u00e1n experimentando un boom que ayuda a dinamizar los pagos, pero tambi\u00e9n deben superar retos de inserci\u00f3n e innovaci\u00f3n.","rel":"","context":"En \u00abTransformaci\u00f3n digital\u00bb","block_context":{"text":"Transformaci\u00f3n digital","link":"http:\/\/ccnews.com.ar\/prensa\/category\/transformacion-digital\/"},"img":{"alt_text":"","src":"","width":0,"height":0},"classes":[]},{"id":12668,"url":"http:\/\/ccnews.com.ar\/prensa\/la-argentina-sube-al-noveno-lugar-del-ranking-de-paises-atractivos-para-invertir-en-energias-renovables\/","url_meta":{"origin":5871,"position":3},"title":"La Argentina sube al noveno lugar del ranking de pa\u00edses atractivos para invertir en energ\u00edas renovables","author":"admin","date":"29 agosto, 2019","format":false,"excerpt":"La Argentina avanz\u00f3 un escal\u00f3n al subir del d\u00e9cimo al noveno lugar en el ranking de pa\u00edses m\u00e1s atractivos para la inversi\u00f3n y el desarrollo de energ\u00edas renovables, de acuerdo al reporte anual que difundi\u00f3 hoy la consultora Ernst & Young. La evaluaci\u00f3n sobre los atractivos de mercado, explic\u00f3 la\u2026","rel":"","context":"En \u00abSustentabilidad\u00bb","block_context":{"text":"Sustentabilidad","link":"http:\/\/ccnews.com.ar\/prensa\/category\/sustentabilidad\/"},"img":{"alt_text":"","src":"https:\/\/i0.wp.com\/ccnews.com.ar\/prensa\/wp-content\/uploads\/2019\/08\/3087634w1033.jpg?fit=1033%2C688&resize=350%2C200","width":350,"height":200,"srcset":"https:\/\/i0.wp.com\/ccnews.com.ar\/prensa\/wp-content\/uploads\/2019\/08\/3087634w1033.jpg?fit=1033%2C688&resize=350%2C200 1x, https:\/\/i0.wp.com\/ccnews.com.ar\/prensa\/wp-content\/uploads\/2019\/08\/3087634w1033.jpg?fit=1033%2C688&resize=525%2C300 1,5x, https:\/\/i0.wp.com\/ccnews.com.ar\/prensa\/wp-content\/uploads\/2019\/08\/3087634w1033.jpg?fit=1033%2C688&resize=700%2C400 2x"},"classes":[]},{"id":9109,"url":"http:\/\/ccnews.com.ar\/prensa\/ganan-presencia-en-el-mercado-los-calefones-solares-termicos-de-origen-nacionales\/","url_meta":{"origin":5871,"position":4},"title":"Ganan presencia en el mercado los calefones solares t\u00e9rmicos de origen nacionales","author":"CLUSTERciar","date":"18 octubre, 2018","format":false,"excerpt":"Dardo Allarague, Director de la C\u00e1mara Argentina de Fabricantes de Equipos de Energ\u00eda Solar T\u00e9rmica (CAFEEST) confirm\u00f3 un aumento de las consultas para adquirir calefones solares. Fabricantes esperan cerrar m\u00e1s operaciones de venta tras el lanzamiento de cr\u00e9ditos nacionales que estimulan la compra en cuotas sin intereses. Con el aumento\u2026","rel":"","context":"En \u00abSustentabilidad\u00bb","block_context":{"text":"Sustentabilidad","link":"http:\/\/ccnews.com.ar\/prensa\/category\/sustentabilidad\/"},"img":{"alt_text":"","src":"https:\/\/i0.wp.com\/ccnews.com.ar\/prensa\/wp-content\/uploads\/2018\/10\/nota-61.jpg?fit=800%2C400&resize=350%2C200","width":350,"height":200,"srcset":"https:\/\/i0.wp.com\/ccnews.com.ar\/prensa\/wp-content\/uploads\/2018\/10\/nota-61.jpg?fit=800%2C400&resize=350%2C200 1x, https:\/\/i0.wp.com\/ccnews.com.ar\/prensa\/wp-content\/uploads\/2018\/10\/nota-61.jpg?fit=800%2C400&resize=525%2C300 1,5x, https:\/\/i0.wp.com\/ccnews.com.ar\/prensa\/wp-content\/uploads\/2018\/10\/nota-61.jpg?fit=800%2C400&resize=700%2C400 2x"},"classes":[]},{"id":8331,"url":"http:\/\/ccnews.com.ar\/prensa\/cuales-son-las-vacantes-laborales-mas-dificiles-de-cubrir-en-la-argentina\/","url_meta":{"origin":5871,"position":5},"title":"\u00bfCu\u00e1les son las vacantes laborales m\u00e1s dif\u00edciles de cubrir en la Argentina?","author":"CLUSTERciar","date":"19 julio, 2018","format":false,"excerpt":"La escasez de talento decreci\u00f3 en el pa\u00eds en los \u00faltimos dos a\u00f1os, pero sigue siendo la m\u00e1s alta de la regi\u00f3n y una de las mayores a nivel global. En todos los pa\u00edses hay\u00a0\"figuritas dif\u00edciles\"\u00a0de encontrar en el mercado laboral. Y\u00a0no son solo\u00a0los\u00a0programadores\u00a0y otros talentos digitales. Meses atr\u00e1s, una\u2026","rel":"","context":"En \u00abManagement\u00bb","block_context":{"text":"Management","link":"http:\/\/ccnews.com.ar\/prensa\/category\/management\/"},"img":{"alt_text":"","src":"https:\/\/i0.wp.com\/ccnews.com.ar\/prensa\/wp-content\/uploads\/2018\/07\/422036.jpg?fit=630%2C460&resize=350%2C200","width":350,"height":200,"srcset":"https:\/\/i0.wp.com\/ccnews.com.ar\/prensa\/wp-content\/uploads\/2018\/07\/422036.jpg?fit=630%2C460&resize=350%2C200 1x, https:\/\/i0.wp.com\/ccnews.com.ar\/prensa\/wp-content\/uploads\/2018\/07\/422036.jpg?fit=630%2C460&resize=525%2C300 1,5x"},"classes":[]}],"jetpack_sharing_enabled":true,"_links":{"self":[{"href":"http:\/\/ccnews.com.ar\/prensa\/wp-json\/wp\/v2\/posts\/5871","targetHints":{"allow":["GET"]}}],"collection":[{"href":"http:\/\/ccnews.com.ar\/prensa\/wp-json\/wp\/v2\/posts"}],"about":[{"href":"http:\/\/ccnews.com.ar\/prensa\/wp-json\/wp\/v2\/types\/post"}],"author":[{"embeddable":true,"href":"http:\/\/ccnews.com.ar\/prensa\/wp-json\/wp\/v2\/users\/2"}],"replies":[{"embeddable":true,"href":"http:\/\/ccnews.com.ar\/prensa\/wp-json\/wp\/v2\/comments?post=5871"}],"version-history":[{"count":1,"href":"http:\/\/ccnews.com.ar\/prensa\/wp-json\/wp\/v2\/posts\/5871\/revisions"}],"predecessor-version":[{"id":5875,"href":"http:\/\/ccnews.com.ar\/prensa\/wp-json\/wp\/v2\/posts\/5871\/revisions\/5875"}],"wp:featuredmedia":[{"embeddable":true,"href":"http:\/\/ccnews.com.ar\/prensa\/wp-json\/wp\/v2\/media\/5873"}],"wp:attachment":[{"href":"http:\/\/ccnews.com.ar\/prensa\/wp-json\/wp\/v2\/media?parent=5871"}],"wp:term":[{"taxonomy":"category","embeddable":true,"href":"http:\/\/ccnews.com.ar\/prensa\/wp-json\/wp\/v2\/categories?post=5871"},{"taxonomy":"post_tag","embeddable":true,"href":"http:\/\/ccnews.com.ar\/prensa\/wp-json\/wp\/v2\/tags?post=5871"}],"curies":[{"name":"wp","href":"https:\/\/api.w.org\/{rel}","templated":true}]}}