{"id":5997,"date":"2017-11-09T08:00:48","date_gmt":"2017-11-09T11:00:48","guid":{"rendered":"http:\/\/clusterciarnews.com.ar\/prensa\/?p=5997"},"modified":"2017-11-09T08:14:27","modified_gmt":"2017-11-09T11:14:27","slug":"energia-adjudico-nueve-proyectos-para-aumentar-el-parque-generador-en-1-304-megavatios-en-2020","status":"publish","type":"post","link":"http:\/\/ccnews.com.ar\/prensa\/energia-adjudico-nueve-proyectos-para-aumentar-el-parque-generador-en-1-304-megavatios-en-2020\/","title":{"rendered":"Energia Adjudic\u00f3 nueve proyectos para aumentar el parque generador en 1.304 megavatios en 2020"},"content":{"rendered":"<p>El Ministerio de Energ\u00eda adjudic\u00f3 hoy 9 proyectos por un total de 1.304 megavatios que incrementar\u00e1n el parque generador de energ\u00eda el\u00e9ctrica mediante el cierre de Ciclos Abiertos y Cogeneraci\u00f3n, licitados este a\u00f1o en el marco de la Resoluci\u00f3n 287\/2017.<\/p>\n<p>La inversi\u00f3n privada comprendida por estos proyectos se estima en no menos de 1.600 millones de d\u00f3lares y su repago se realizar\u00e1 mediante contratos a 15 a\u00f1os con la demanda y se prev\u00e9 que la totalidad de los proyectos adjudicados estar\u00e1n en servicio en el primer semestre del 2020, indic\u00f3 el MINEM.<\/p>\n<p>Las adjudicaciones se dispusieron mediante la Resoluci\u00f3n de la Secretar\u00eda de Energ\u00eda 926\/2017 y los proyectos, se indic\u00f3, \u201ccumplen el criterio de mostrar beneficios econ\u00f3micos superiores a los costos para el sistema el\u00e9ctrico en todos los escenarios de disponibilidad de combustibles, en especial respecto a las restricciones del gas natural en los meses del invierno\u201d.<\/p>\n<p>Un detalle comunicado por el Ministerio indica que dos de los proyectos adjudicados corresponden a Generaci\u00f3n Mediterr\u00e1nea SA (cierres de ciclo en Ezeiza en la provincia de Buenos Aires por 138 Megavatios y en R\u00edo Cuarto, provincia de C\u00f3rdoba, por 113 MW).<\/p>\n<p>Un otro proyecto fue adjudicado al grupo Pampa Energ\u00eda, por 370 MW y corresponde al cierre de un ciclo en Marcos Paz, provincia de Buenos Aires, en tanto que otros dos le fueron aprobados a YPF (cogeneraci\u00f3n en La Plata por 72 Megavatios y cierre de ciclo en El Bracho, provincia de Tucum\u00e1n, por 198 Megavatios.<\/p>\n<p>Otros tres proyectos de generaci\u00f3n corresponden al grupo MSU (dos cierres de ciclo en la provincia de Buenos Aires, por 209 MW y un tercero en Villa Mar\u00eda, provincia de C\u00f3rdoba, por 99 Megavatios).<\/p>\n<p>Un \u00faltimo cierre de ciclo fue adjudicado al grupo Araucaria Generation, por 105 Megavatios en San Pedro, provincia de Buenos Aires.<\/p>\n<!-- AddThis Advanced Settings generic via filter on the_content -->","protected":false},"excerpt":{"rendered":"<p>El Ministerio de Energ\u00eda adjudic\u00f3 hoy 9 proyectos por un total de 1.304 megavatios que incrementar\u00e1n el parque generador de<!-- AddThis Advanced Settings generic via filter on get_the_excerpt --><\/p>\n","protected":false},"author":2,"featured_media":5999,"comment_status":"closed","ping_status":"closed","sticky":false,"template":"","format":"standard","meta":{"colormag_page_container_layout":"default_layout","colormag_page_sidebar_layout":"default_layout","jetpack_post_was_ever_published":false,"_jetpack_newsletter_access":"","_jetpack_dont_email_post_to_subs":false,"_jetpack_newsletter_tier_id":0,"_jetpack_memberships_contains_paywalled_content":false,"_jetpack_memberships_contains_paid_content":false,"footnotes":"","jetpack_publicize_message":"","jetpack_publicize_feature_enabled":true,"jetpack_social_post_already_shared":true,"jetpack_social_options":{"image_generator_settings":{"template":"highway","default_image_id":0,"font":"","enabled":false},"version":2}},"categories":[3],"tags":[17],"class_list":["post-5997","post","type-post","status-publish","format-standard","has-post-thumbnail","hentry","category-sustentabilidad","tag-otros-medios"],"jetpack_publicize_connections":[],"jetpack_featured_media_url":"https:\/\/i0.wp.com\/ccnews.com.ar\/prensa\/wp-content\/uploads\/2017\/10\/Monterrey_150.jpg?fit=920%2C616","jetpack_shortlink":"https:\/\/wp.me\/p7L1gj-1yJ","jetpack-related-posts":[{"id":8741,"url":"http:\/\/ccnews.com.ar\/prensa\/el-desarrollo-de-las-renovables-demandara-17-000-empleos-en-tres-anos\/","url_meta":{"origin":5997,"position":0},"title":"El desarrollo de las renovables demandar\u00e1 17.000 empleos en tres a\u00f1os","author":"CLUSTERciar","date":"29 agosto, 2018","format":false,"excerpt":"El desarrollo de la totalidad de los proyectos de generaci\u00f3n de energ\u00edas renovables ya adjudicados implicar\u00e1 la creaci\u00f3n de 17.446 empleos hasta 2020, de los cuales 15.391 corresponden a la etapa de construcci\u00f3n y montaje de plantas, y 2.055 a los empleos para la operaci\u00f3n y mantenimiento de las generadoras,\u2026","rel":"","context":"En \u00abManagement\u00bb","block_context":{"text":"Management","link":"http:\/\/ccnews.com.ar\/prensa\/category\/management\/"},"img":{"alt_text":"","src":"https:\/\/i0.wp.com\/ccnews.com.ar\/prensa\/wp-content\/uploads\/2018\/08\/Infograf%C3%ADa-Renovables-Empleo-768x543.jpg?fit=768%2C543&resize=350%2C200","width":350,"height":200,"srcset":"https:\/\/i0.wp.com\/ccnews.com.ar\/prensa\/wp-content\/uploads\/2018\/08\/Infograf%C3%ADa-Renovables-Empleo-768x543.jpg?fit=768%2C543&resize=350%2C200 1x, https:\/\/i0.wp.com\/ccnews.com.ar\/prensa\/wp-content\/uploads\/2018\/08\/Infograf%C3%ADa-Renovables-Empleo-768x543.jpg?fit=768%2C543&resize=525%2C300 1,5x, https:\/\/i0.wp.com\/ccnews.com.ar\/prensa\/wp-content\/uploads\/2018\/08\/Infograf%C3%ADa-Renovables-Empleo-768x543.jpg?fit=768%2C543&resize=700%2C400 2x"},"classes":[]},{"id":7863,"url":"http:\/\/ccnews.com.ar\/prensa\/ypf-invierte-mas-en-energias-renovables-en-argentina\/","url_meta":{"origin":5997,"position":1},"title":"YPF invierte m\u00e1s en energ\u00edas renovables en Argentina","author":"admin","date":"21 mayo, 2018","format":false,"excerpt":"Las\u00a0energ\u00edas renovables en Argentina\u00a0tendr\u00e1s m\u00e1s inversi\u00f3n. La empresa energ\u00e9tica de ese pa\u00eds YPF se est\u00e1 involucrando mas en el sector. Recientemente present\u00f3 un proyecto donde propone la instalaci\u00f3n de\u00a0\u00a030 aerogeneradores en un parque e\u00f3lico en Ca\u00f1ad\u00f3n Le\u00f3n. Dicho proyecto se har\u00e1 a trav\u00e9s de un parque e\u00f3lico en Santa Cruz\u2026","rel":"","context":"En \u00abSustentabilidad\u00bb","block_context":{"text":"Sustentabilidad","link":"http:\/\/ccnews.com.ar\/prensa\/category\/sustentabilidad\/"},"img":{"alt_text":"","src":"https:\/\/i0.wp.com\/ccnews.com.ar\/prensa\/wp-content\/uploads\/2018\/05\/Acciona_PE-Eurus_Mexico-850x491.jpg?fit=850%2C491&resize=350%2C200","width":350,"height":200,"srcset":"https:\/\/i0.wp.com\/ccnews.com.ar\/prensa\/wp-content\/uploads\/2018\/05\/Acciona_PE-Eurus_Mexico-850x491.jpg?fit=850%2C491&resize=350%2C200 1x, https:\/\/i0.wp.com\/ccnews.com.ar\/prensa\/wp-content\/uploads\/2018\/05\/Acciona_PE-Eurus_Mexico-850x491.jpg?fit=850%2C491&resize=525%2C300 1,5x, https:\/\/i0.wp.com\/ccnews.com.ar\/prensa\/wp-content\/uploads\/2018\/05\/Acciona_PE-Eurus_Mexico-850x491.jpg?fit=850%2C491&resize=700%2C400 2x"},"classes":[]},{"id":7825,"url":"http:\/\/ccnews.com.ar\/prensa\/ypf-suma-megavatios\/","url_meta":{"origin":5997,"position":2},"title":"YPF suma megavatios","author":"admin","date":"16 mayo, 2018","format":false,"excerpt":"YPF va camino a ser un de los m\u00e1s destacados generadores de energ\u00eda el\u00e9ctrica del pa\u00eds, sumando los recientes 270 Mw instalados en la central t\u00e9rmica de El\u00a0Bracho,\u00a0Tucum\u00e1n. La Central construida conjuntamente con General Electric (GE), cuenta con una turbina de gas en operaci\u00f3n desde el 27 de enero, que\u2026","rel":"","context":"En \u00abSustentabilidad\u00bb","block_context":{"text":"Sustentabilidad","link":"http:\/\/ccnews.com.ar\/prensa\/category\/sustentabilidad\/"},"img":{"alt_text":"","src":"https:\/\/i0.wp.com\/ccnews.com.ar\/prensa\/wp-content\/uploads\/2018\/05\/0000005579.gif?fit=600%2C400&resize=350%2C200","width":350,"height":200,"srcset":"https:\/\/i0.wp.com\/ccnews.com.ar\/prensa\/wp-content\/uploads\/2018\/05\/0000005579.gif?fit=600%2C400&resize=350%2C200 1x, https:\/\/i0.wp.com\/ccnews.com.ar\/prensa\/wp-content\/uploads\/2018\/05\/0000005579.gif?fit=600%2C400&resize=525%2C300 1,5x"},"classes":[]},{"id":1571,"url":"http:\/\/ccnews.com.ar\/prensa\/neuquen-presento-a-nacion-siete-proyectos-de-energia-renovable\/","url_meta":{"origin":5997,"position":3},"title":"Neuqu\u00e9n present\u00f3 a Naci\u00f3n siete proyectos de energ\u00eda renovable","author":"CLUSTERciar","date":"14 septiembre, 2016","format":false,"excerpt":"Se recibieron 123 ofertas de todo el pa\u00eds. En total, las propuestas prev\u00e9n inversiones de hasta 2000 millones de d\u00f3lares y la generaci\u00f3n de entre 5000 y 8000 empleos. Ni el m\u00e1s entusiasta defensor de las energ\u00edas renovables en Argentina se hubiera imaginado que en la primera licitaci\u00f3n p\u00fablica realizada\u2026","rel":"","context":"En \u00abEnerg\u00eda y Producci\u00f3n\u00bb","block_context":{"text":"Energ\u00eda y Producci\u00f3n","link":"http:\/\/ccnews.com.ar\/prensa\/category\/energia-y-produccion\/"},"img":{"alt_text":"","src":"","width":0,"height":0},"classes":[]},{"id":4709,"url":"http:\/\/ccnews.com.ar\/prensa\/el-estado-de-la-industria-de-energias-renovables-en-argentina\/","url_meta":{"origin":5997,"position":4},"title":"El estado de la industria de energ\u00edas renovables en Argentina","author":"CLUSTERciar","date":"23 julio, 2017","format":false,"excerpt":"El mercado est\u00e1 en marcha y seguir\u00e1 creciendo en forma sostenida en los pr\u00f3ximos a\u00f1os. Un an\u00e1lisis y retrospectiva de un mercado que revirti\u00f3 su situaci\u00f3n\u00a0y \u00a0perspectivas desde la aprobaci\u00f3n de la Ley 27.191 y su posterior reglamentaci\u00f3n y el lanzamiento del\u00a0Programa\u00a0RenovAr. Por Mauro G.\u00a0Soares\u00a0* En el \u00e1mbito de la\u2026","rel":"","context":"En \u00abEnerg\u00eda y Producci\u00f3n\u00bb","block_context":{"text":"Energ\u00eda y Producci\u00f3n","link":"http:\/\/ccnews.com.ar\/prensa\/category\/energia-y-produccion\/"},"img":{"alt_text":"","src":"https:\/\/i0.wp.com\/ccnews.com.ar\/prensa\/wp-content\/uploads\/2017\/07\/noticia-9.jpg?fit=600%2C400&resize=350%2C200","width":350,"height":200,"srcset":"https:\/\/i0.wp.com\/ccnews.com.ar\/prensa\/wp-content\/uploads\/2017\/07\/noticia-9.jpg?fit=600%2C400&resize=350%2C200 1x, https:\/\/i0.wp.com\/ccnews.com.ar\/prensa\/wp-content\/uploads\/2017\/07\/noticia-9.jpg?fit=600%2C400&resize=525%2C300 1,5x"},"classes":[]},{"id":13722,"url":"http:\/\/ccnews.com.ar\/prensa\/cada-vez-mas-empresas-producen-su-propia-electricidad\/","url_meta":{"origin":5997,"position":5},"title":"Cada vez m\u00e1s empresas producen su propia electricidad","author":"admin","date":"27 noviembre, 2019","format":false,"excerpt":"Seg\u00fan los registros oficiales de octubre pasado, en el pa\u00eds hay 48 usuarios-generadores (entre residenciales y empresas) con una potencia instalada de 430 kilovatios (kW). Esto significa el triple respecto del mes anterior, y para fines de noviembre se espera que se sumen otros 33 usuarios con 400 kW adicionales\u2026","rel":"","context":"En \u00abSustentabilidad\u00bb","block_context":{"text":"Sustentabilidad","link":"http:\/\/ccnews.com.ar\/prensa\/category\/sustentabilidad\/"},"img":{"alt_text":"","src":"https:\/\/i0.wp.com\/ccnews.com.ar\/prensa\/wp-content\/uploads\/2019\/11\/paneles-solares.jpg?fit=740%2C416&resize=350%2C200","width":350,"height":200,"srcset":"https:\/\/i0.wp.com\/ccnews.com.ar\/prensa\/wp-content\/uploads\/2019\/11\/paneles-solares.jpg?fit=740%2C416&resize=350%2C200 1x, https:\/\/i0.wp.com\/ccnews.com.ar\/prensa\/wp-content\/uploads\/2019\/11\/paneles-solares.jpg?fit=740%2C416&resize=525%2C300 1,5x, https:\/\/i0.wp.com\/ccnews.com.ar\/prensa\/wp-content\/uploads\/2019\/11\/paneles-solares.jpg?fit=740%2C416&resize=700%2C400 2x"},"classes":[]}],"jetpack_sharing_enabled":true,"_links":{"self":[{"href":"http:\/\/ccnews.com.ar\/prensa\/wp-json\/wp\/v2\/posts\/5997","targetHints":{"allow":["GET"]}}],"collection":[{"href":"http:\/\/ccnews.com.ar\/prensa\/wp-json\/wp\/v2\/posts"}],"about":[{"href":"http:\/\/ccnews.com.ar\/prensa\/wp-json\/wp\/v2\/types\/post"}],"author":[{"embeddable":true,"href":"http:\/\/ccnews.com.ar\/prensa\/wp-json\/wp\/v2\/users\/2"}],"replies":[{"embeddable":true,"href":"http:\/\/ccnews.com.ar\/prensa\/wp-json\/wp\/v2\/comments?post=5997"}],"version-history":[{"count":1,"href":"http:\/\/ccnews.com.ar\/prensa\/wp-json\/wp\/v2\/posts\/5997\/revisions"}],"predecessor-version":[{"id":6001,"href":"http:\/\/ccnews.com.ar\/prensa\/wp-json\/wp\/v2\/posts\/5997\/revisions\/6001"}],"wp:featuredmedia":[{"embeddable":true,"href":"http:\/\/ccnews.com.ar\/prensa\/wp-json\/wp\/v2\/media\/5999"}],"wp:attachment":[{"href":"http:\/\/ccnews.com.ar\/prensa\/wp-json\/wp\/v2\/media?parent=5997"}],"wp:term":[{"taxonomy":"category","embeddable":true,"href":"http:\/\/ccnews.com.ar\/prensa\/wp-json\/wp\/v2\/categories?post=5997"},{"taxonomy":"post_tag","embeddable":true,"href":"http:\/\/ccnews.com.ar\/prensa\/wp-json\/wp\/v2\/tags?post=5997"}],"curies":[{"name":"wp","href":"https:\/\/api.w.org\/{rel}","templated":true}]}}